{"id":10125,"date":"2014-04-08T13:06:24","date_gmt":"2014-04-08T16:06:24","guid":{"rendered":"http:\/\/blogdafeira.com.br\/home\/?p=10125"},"modified":"2014-04-08T13:06:24","modified_gmt":"2014-04-08T16:06:24","slug":"senadora-baiana-esta-na-colombia-participando-do-forum-mundial-urbano","status":"publish","type":"post","link":"https:\/\/blogdafeira.com.br\/home\/2014\/04\/08\/senadora-baiana-esta-na-colombia-participando-do-forum-mundial-urbano\/","title":{"rendered":"Senadora baiana est\u00e1 na Col\u00f4mbia participando do F\u00f3rum Mundial Urbano"},"content":{"rendered":"<div id=\"blogd-3065677561\" class=\"blogd-fim-do-post-mobile blogd-entity-placement\" style=\"margin-left: auto;margin-right: auto;text-align: center;\"><a href=\"https:\/\/www.sefaz.feiradesantana.ba.gov.br\/\" target=\"_blank\" aria-label=\"728&#215;90 (6)\"><img loading=\"lazy\" decoding=\"async\" src=\"https:\/\/blogdafeira.com.br\/home\/wp-content\/uploads\/2026\/03\/728x90-6.gif\" alt=\"\"  class=\"no-lazyload\" width=\"728\" height=\"90\"  style=\"display: inline-block;\" \/><\/a><\/div><p>Os senadores L\u00eddice da Mata (PSB-BA e In\u00e1cio Arruda (PCdoB\/CE) est\u00e3o em <img loading=\"lazy\" decoding=\"async\" class=\"alignright size-thumbnail wp-image-9938\" alt=\"DSC01082\" src=\"http:\/\/blogdafeira.com.br\/home\/wp-content\/uploads\/2014\/03\/DSC01082-170x127.jpg\" width=\"170\" height=\"127\" srcset=\"https:\/\/blogdafeira.com.br\/home\/wp-content\/uploads\/2014\/03\/DSC01082-170x127.jpg 170w, https:\/\/blogdafeira.com.br\/home\/wp-content\/uploads\/2014\/03\/DSC01082-346x259.jpg 346w, https:\/\/blogdafeira.com.br\/home\/wp-content\/uploads\/2014\/03\/DSC01082.jpg 640w\" sizes=\"auto, (max-width: 170px) 100vw, 170px\" \/>Medel\u00edn, na Col\u00f4mbia, para participar de parte das atividades do VII F\u00f3rum Mundial Urbano.<\/p><div id=\"blogd-1093623373\" class=\"blogd-conteudo-2-mobile blogd-entity-placement\"><a href=\"https:\/\/feirenses.com.br\/\" target=\"_blank\" aria-label=\"feirenses\"><img loading=\"lazy\" decoding=\"async\" src=\"https:\/\/blogdafeira.com.br\/home\/wp-content\/uploads\/2026\/04\/feirenses.png\" alt=\"\"  srcset=\"https:\/\/blogdafeira.com.br\/home\/wp-content\/uploads\/2026\/04\/feirenses.png 300w, https:\/\/blogdafeira.com.br\/home\/wp-content\/uploads\/2026\/04\/feirenses-170x45.png 170w, https:\/\/blogdafeira.com.br\/home\/wp-content\/uploads\/2026\/04\/feirenses-280x74.png 280w\" sizes=\"(max-width: 300px) 100vw, 300px\" class=\"no-lazyload\" width=\"300\" height=\"79\"  style=\"display: inline-block;\" \/><\/a><\/div>\n<p>O evento sobre pol\u00edticas urbanas \u00e9 organizado pela UN \u2013 Habitat (Programa das Na\u00e7\u00f5es Unidas para os Assentamentos Humanos).<\/p>\n<div id=\"blogd-1810937300\" class=\"blogd-final-post blogd-entity-placement\"><a href=\"https:\/\/www.feiradesantana.ba.leg.br\/\" target=\"_blank\" aria-label=\"BANNER-SITE-ENTREGADECHEQUE-CAMARADEFEIRA\"><img loading=\"lazy\" decoding=\"async\" src=\"https:\/\/blogdafeira.com.br\/home\/wp-content\/uploads\/2026\/03\/BANNER-SITE-ENTREGADECHEQUE-CAMARADEFEIRA.gif\" alt=\"\"  class=\"no-lazyload\" width=\"728\" height=\"90\"   \/><\/a><\/div><p>Eles integram uma delega\u00e7\u00e3o brasileira formada por parlamentares e especialistas em desenvolvimento urbano.<\/p>\n","protected":false},"excerpt":{"rendered":"<p>Os senadores L\u00eddice da Mata (PSB-BA e In\u00e1cio Arruda (PCdoB\/CE) est\u00e3o em Medel\u00edn, na Col\u00f4mbia, para participar de parte das atividades do VII F\u00f3rum Mundial Urbano. O evento sobre pol\u00edticas urbanas \u00e9 organizado pela UN \u2013 Habitat (Programa das Na\u00e7\u00f5es Unidas para os Assentamentos Humanos). Eles integram uma delega\u00e7\u00e3o brasileira formada por parlamentares e especialistas<\/p>\n","protected":false},"author":1,"featured_media":0,"comment_status":"closed","ping_status":"closed","sticky":false,"template":"","format":"standard","meta":{"jetpack_post_was_ever_published":false,"cybocfi_hide_featured_image":"","_jetpack_newsletter_access":"","_jetpack_dont_email_post_to_subs":false,"_jetpack_newsletter_tier_id":0,"_jetpack_memberships_contains_paywalled_content":false,"_jetpack_memberships_contains_paid_content":false,"footnotes":"","jetpack_publicize_message":"","jetpack_publicize_feature_enabled":true,"jetpack_social_post_already_shared":true,"jetpack_social_options":{"image_generator_settings":{"template":"highway","default_image_id":0,"font":"","enabled":false},"version":2}},"categories":[1],"tags":[],"class_list":["post-10125","post","type-post","status-publish","format-standard","hentry","category-raiz"],"jetpack_publicize_connections":[],"jetpack_featured_media_url":"","jetpack_shortlink":"https:\/\/wp.me\/p3niVf-2Dj","jetpack_sharing_enabled":true,"jetpack-related-posts":[{"id":23826,"url":"https:\/\/blogdafeira.com.br\/home\/2016\/10\/10\/luciano-ribeiro-assume-prefeitura-de-feira-com-viagem-de-ronaldo-a-colombia\/","url_meta":{"origin":10125,"position":0},"title":"Luciano Ribeiro assume Prefeitura de Feira com viagem de Ronaldo \u00e0 Col\u00f4mbia","author":"Blog da Feira","date":"10\/10\/2016","format":false,"excerpt":"Em virtude de viagem do Prefeito Jos\u00e9 Ronaldo a Bogot\u00e1, capital da Col\u00f4mbia, para participar do 5\u00ba Congresso de CGLU - Cumbre Mundial de L\u00edderes Locales e Regionales, no per\u00edodo de 12 a 15 de outubro, assume o cargo o vice-prefeito Luciano Ribeiro, em solenidade nesta ter\u00e7a-feira, 11, \u00e0s 7h,\u2026","rel":"","context":"Em &quot;Home&quot;","block_context":{"text":"Home","link":"https:\/\/blogdafeira.com.br\/home\/categoria\/raiz\/"},"img":{"alt_text":"vice colbert","src":"https:\/\/i0.wp.com\/blogdafeira.com.br\/home\/wp-content\/uploads\/2016\/07\/vice-colbert.jpg?resize=350%2C200","width":350,"height":200,"srcset":"https:\/\/i0.wp.com\/blogdafeira.com.br\/home\/wp-content\/uploads\/2016\/07\/vice-colbert.jpg?resize=350%2C200 1x, https:\/\/i0.wp.com\/blogdafeira.com.br\/home\/wp-content\/uploads\/2016\/07\/vice-colbert.jpg?resize=525%2C300 1.5x, https:\/\/i0.wp.com\/blogdafeira.com.br\/home\/wp-content\/uploads\/2016\/07\/vice-colbert.jpg?resize=700%2C400 2x"},"classes":[]},{"id":6065,"url":"https:\/\/blogdafeira.com.br\/home\/2013\/11\/13\/ronaldo-participa-em-barcelona-de-seminario-sobre-urbanismo-e-tecnologia\/","url_meta":{"origin":10125,"position":1},"title":"Ronaldo participa em Barcelona de semin\u00e1rio sobre urbanismo e tecnologia","author":"Blog da Feira","date":"13\/11\/2013","format":false,"excerpt":"O prefeito de Feira de Santana, Jos\u00e9 Ronaldo, viaja neste domingo para a Espanha e participa em Barcelona de um semin\u00e1rio voltado ao urbanismo e tecnologia. Barcelona \u00e9 um dos expoentes do urbanismo mundial. J\u00e1 no s\u00e9culo 19 a cidade implementou um grande plano urban\u00edstico, salvando o patrim\u00f4nio p\u00fablico-cultural at\u00e9\u2026","rel":"","context":"Em &quot;Home&quot;","block_context":{"text":"Home","link":"https:\/\/blogdafeira.com.br\/home\/categoria\/raiz\/"},"img":{"alt_text":"Assinatura de Ordem de Servi_o - Robelio Junior - 11-11-2013 (3)","src":"https:\/\/i0.wp.com\/blogdafeira.com.br\/home\/wp-content\/uploads\/2013\/11\/Assinatura-de-Ordem-de-Servi_o-Robelio-Junior-11-11-2013-3.jpg?resize=350%2C200","width":350,"height":200},"classes":[]},{"id":29194,"url":"https:\/\/blogdafeira.com.br\/home\/2018\/03\/08\/uefs-participa-do-forum-social-mundial-com-a-experiencia-do-curso-direito-para-assentados-da-reforma-agraria\/","url_meta":{"origin":10125,"position":2},"title":"UEFS participa do F\u00f3rum Social Mundial com a experi\u00eancia do curso de Direito para Assentados da Reforma Agr\u00e1ria","author":"Blog da Feira","date":"08\/03\/2018","format":false,"excerpt":"A Roda de Conversa \u201cUniversidade e Sociedade: um debate sobre Educa\u00e7\u00e3o Jur\u00eddica a partir da experi\u00eancia da Turma de Direito Elizabeth Teixeira\u201d \u00e9 a atividade que ser\u00e1 promovida pela Universidade Estadual de Feira de Santana (Uefs), durante o F\u00f3rum Social Mundial (FSM) que ocorre no campus de Ondina (Salvador) da\u2026","rel":"","context":"Em &quot;Home&quot;","block_context":{"text":"Home","link":"https:\/\/blogdafeira.com.br\/home\/categoria\/raiz\/"},"img":{"alt_text":"","src":"https:\/\/i0.wp.com\/blogdafeira.com.br\/home\/wp-content\/uploads\/2018\/03\/images-8.jpeg?resize=350%2C200","width":350,"height":200},"classes":[]},{"id":29253,"url":"https:\/\/blogdafeira.com.br\/home\/2018\/03\/15\/participantes-do-forum-social-mundial-em-salvador-protestam-pelo-assassinato-da-vereadora-do-psol\/","url_meta":{"origin":10125,"position":3},"title":"Participantes do F\u00f3rum Social Mundial em Salvador protestam pelo assassinato da vereadora do PSOL","author":"Blog da Feira","date":"15\/03\/2018","format":false,"excerpt":"Uma marcha de protesto pelo assassinato da vereadora do PSOL do Rio de Janeiro, Mirelle Franco, saiu do campus da UFBA onde acontece o F\u00f3rum Social Mundial e foi at\u00e9 o largo de Ondina,hoje pela manh\u00e3, interrompendo as atividades que aconteciam a ''Tenda dos Povos Sem Medo', instalada no estacionamento\u2026","rel":"","context":"Em &quot;Home&quot;","block_context":{"text":"Home","link":"https:\/\/blogdafeira.com.br\/home\/categoria\/raiz\/"},"img":{"alt_text":"","src":"https:\/\/i0.wp.com\/blogdafeira.com.br\/home\/wp-content\/uploads\/2018\/03\/IMG_20180315_112215824-1024x576.jpg?resize=350%2C200","width":350,"height":200,"srcset":"https:\/\/i0.wp.com\/blogdafeira.com.br\/home\/wp-content\/uploads\/2018\/03\/IMG_20180315_112215824-1024x576.jpg?resize=350%2C200 1x, https:\/\/i0.wp.com\/blogdafeira.com.br\/home\/wp-content\/uploads\/2018\/03\/IMG_20180315_112215824-1024x576.jpg?resize=525%2C300 1.5x, https:\/\/i0.wp.com\/blogdafeira.com.br\/home\/wp-content\/uploads\/2018\/03\/IMG_20180315_112215824-1024x576.jpg?resize=700%2C400 2x"},"classes":[]},{"id":69200,"url":"https:\/\/blogdafeira.com.br\/home\/2025\/08\/26\/feira-sedia-forum-de-mobilidade-e-debate-onibus-eletricos-e-melhorias-no-transporte-publico\/","url_meta":{"origin":10125,"position":4},"title":"Feira sedia F\u00f3rum de Mobilidade e debate \u00f4nibus el\u00e9tricos e melhorias no transporte p\u00fablico","author":"Blog da Feira","date":"26\/08\/2025","format":false,"excerpt":"Na manh\u00e3 desta ter\u00e7a-feira (26), a Secretaria Municipal de Mobilidade Urbana (Semob) de Feira de Santana foi palco do lan\u00e7amento da Oficina de Eletromobilidade no Transporte P\u00fablico, promovida pelo F\u00f3rum Baiano de Secret\u00e1rios e Dirigentes de Mobilidade Urbana. O encontro reuniu representantes de diversas cidades baianas com o objetivo de\u2026","rel":"","context":"Em &quot;Cidade&quot;","block_context":{"text":"Cidade","link":"https:\/\/blogdafeira.com.br\/home\/categoria\/cidade\/"},"img":{"alt_text":"","src":"https:\/\/i0.wp.com\/blogdafeira.com.br\/home\/wp-content\/uploads\/2025\/08\/Onibus-eletrico-SEMOB-Foto-Apolo-Rocha-4.jpeg?resize=350%2C200&ssl=1","width":350,"height":200,"srcset":"https:\/\/i0.wp.com\/blogdafeira.com.br\/home\/wp-content\/uploads\/2025\/08\/Onibus-eletrico-SEMOB-Foto-Apolo-Rocha-4.jpeg?resize=350%2C200&ssl=1 1x, https:\/\/i0.wp.com\/blogdafeira.com.br\/home\/wp-content\/uploads\/2025\/08\/Onibus-eletrico-SEMOB-Foto-Apolo-Rocha-4.jpeg?resize=525%2C300&ssl=1 1.5x, https:\/\/i0.wp.com\/blogdafeira.com.br\/home\/wp-content\/uploads\/2025\/08\/Onibus-eletrico-SEMOB-Foto-Apolo-Rocha-4.jpeg?resize=700%2C400&ssl=1 2x, https:\/\/i0.wp.com\/blogdafeira.com.br\/home\/wp-content\/uploads\/2025\/08\/Onibus-eletrico-SEMOB-Foto-Apolo-Rocha-4.jpeg?resize=1050%2C600&ssl=1 3x"},"classes":[]},{"id":30064,"url":"https:\/\/blogdafeira.com.br\/home\/2018\/08\/14\/jhonatas-participa-de-evento-com-guilherme-boulos-em-sao-paulo\/","url_meta":{"origin":10125,"position":5},"title":"Jhonatas participa de evento com Guilherme Boulos em S\u00e3o Paulo","author":"J\u00e2nio R\u00eago","date":"14\/08\/2018","format":false,"excerpt":"\"Estamos aqui no espa\u00e7o do Outras Palavras participando do debate: Os Desafios das Novas Esquerdas na Am\u00e9rica Latina Com Guilherme Boulos presidenci\u00e1vel pelo PSOL, Alberto Castilla - PDA\/ Senador da Col\u00f4mbia pelo Polo Democr\u00e1tico, Doriz Gonzal\u00e9z (UKAMAU \/ Frente Amplio), Esteban marcioni (FPDS\/Pueblo en Marcha) lideran\u00e7as latinas. #Jhonatas2018 #BoulosESonia #Psol50\u2026","rel":"","context":"Em &quot;Home&quot;","block_context":{"text":"Home","link":"https:\/\/blogdafeira.com.br\/home\/categoria\/raiz\/"},"img":{"alt_text":"","src":"https:\/\/i0.wp.com\/blogdafeira.com.br\/home\/wp-content\/uploads\/2018\/08\/FB_IMG_1534246882137.jpg?resize=350%2C200","width":350,"height":200,"srcset":"https:\/\/i0.wp.com\/blogdafeira.com.br\/home\/wp-content\/uploads\/2018\/08\/FB_IMG_1534246882137.jpg?resize=350%2C200 1x, https:\/\/i0.wp.com\/blogdafeira.com.br\/home\/wp-content\/uploads\/2018\/08\/FB_IMG_1534246882137.jpg?resize=525%2C300 1.5x, https:\/\/i0.wp.com\/blogdafeira.com.br\/home\/wp-content\/uploads\/2018\/08\/FB_IMG_1534246882137.jpg?resize=700%2C400 2x"},"classes":[]}],"_links":{"self":[{"href":"https:\/\/blogdafeira.com.br\/home\/wp-json\/wp\/v2\/posts\/10125","targetHints":{"allow":["GET"]}}],"collection":[{"href":"https:\/\/blogdafeira.com.br\/home\/wp-json\/wp\/v2\/posts"}],"about":[{"href":"https:\/\/blogdafeira.com.br\/home\/wp-json\/wp\/v2\/types\/post"}],"author":[{"embeddable":true,"href":"https:\/\/blogdafeira.com.br\/home\/wp-json\/wp\/v2\/users\/1"}],"replies":[{"embeddable":true,"href":"https:\/\/blogdafeira.com.br\/home\/wp-json\/wp\/v2\/comments?post=10125"}],"version-history":[{"count":1,"href":"https:\/\/blogdafeira.com.br\/home\/wp-json\/wp\/v2\/posts\/10125\/revisions"}],"predecessor-version":[{"id":10126,"href":"https:\/\/blogdafeira.com.br\/home\/wp-json\/wp\/v2\/posts\/10125\/revisions\/10126"}],"wp:attachment":[{"href":"https:\/\/blogdafeira.com.br\/home\/wp-json\/wp\/v2\/media?parent=10125"}],"wp:term":[{"taxonomy":"category","embeddable":true,"href":"https:\/\/blogdafeira.com.br\/home\/wp-json\/wp\/v2\/categories?post=10125"},{"taxonomy":"post_tag","embeddable":true,"href":"https:\/\/blogdafeira.com.br\/home\/wp-json\/wp\/v2\/tags?post=10125"}],"curies":[{"name":"wp","href":"https:\/\/api.w.org\/{rel}","templated":true}]}}