{"id":10833,"date":"2014-06-06T18:00:35","date_gmt":"2014-06-06T21:00:35","guid":{"rendered":"http:\/\/blogdafeira.com.br\/home\/?p=10833"},"modified":"2014-06-06T18:00:35","modified_gmt":"2014-06-06T21:00:35","slug":"prefeito-do-pmdb-adere-ao-candidato-de-wagner-na-bahia","status":"publish","type":"post","link":"https:\/\/blogdafeira.com.br\/home\/2014\/06\/06\/prefeito-do-pmdb-adere-ao-candidato-de-wagner-na-bahia\/","title":{"rendered":"Prefeito do PMDB adere ao candidato de Wagner na Bahia"},"content":{"rendered":"<div id=\"blogd-1228799344\" class=\"blogd-fim-do-post-mobile blogd-entity-placement\" style=\"margin-left: auto;margin-right: auto;text-align: center;\"><a href=\"https:\/\/www.sefaz.feiradesantana.ba.gov.br\/\" target=\"_blank\" aria-label=\"728&#215;90 (6)\"><img loading=\"lazy\" decoding=\"async\" src=\"https:\/\/blogdafeira.com.br\/home\/wp-content\/uploads\/2026\/03\/728x90-6.gif\" alt=\"\"  class=\"no-lazyload\" width=\"728\" height=\"90\"  style=\"display: inline-block;\" \/><\/a><\/div><p><img loading=\"lazy\" decoding=\"async\" class=\"aligncenter size-full wp-image-10834\" alt=\"rui prefeito jo\u00e3o careca\" src=\"http:\/\/blogdafeira.com.br\/home\/wp-content\/uploads\/2014\/06\/rui-prefeito-jo\u00e3o-careca.jpg\" width=\"640\" height=\"427\" srcset=\"https:\/\/blogdafeira.com.br\/home\/wp-content\/uploads\/2014\/06\/rui-prefeito-jo\u00e3o-careca.jpg 640w, https:\/\/blogdafeira.com.br\/home\/wp-content\/uploads\/2014\/06\/rui-prefeito-jo\u00e3o-careca-170x113.jpg 170w, https:\/\/blogdafeira.com.br\/home\/wp-content\/uploads\/2014\/06\/rui-prefeito-jo\u00e3o-careca-346x230.jpg 346w\" sizes=\"auto, (max-width: 640px) 100vw, 640px\" \/>O prefeito de Dom Bas\u00edlio, Jo\u00e3o Dias Pereira, o Jo\u00e3o Careca (PMDB) oficializou, nesta sexta-feira, (dia 6) seu apoio ao nome de Rui Costa, pr\u00e9-candidato do PT ao governo da Bahia, argumentando ser esta uma forma de reconhecimento ao trabalho que o governo Jaques Wagner tem feito em favor da sua regi\u00e3o.<\/p><div id=\"blogd-694430867\" class=\"blogd-conteudo-2-mobile blogd-entity-placement\"><a href=\"https:\/\/feirenses.com.br\/\" target=\"_blank\" aria-label=\"feirenses\"><img loading=\"lazy\" decoding=\"async\" src=\"https:\/\/blogdafeira.com.br\/home\/wp-content\/uploads\/2026\/04\/feirenses.png\" alt=\"\"  srcset=\"https:\/\/blogdafeira.com.br\/home\/wp-content\/uploads\/2026\/04\/feirenses.png 300w, https:\/\/blogdafeira.com.br\/home\/wp-content\/uploads\/2026\/04\/feirenses-170x45.png 170w, https:\/\/blogdafeira.com.br\/home\/wp-content\/uploads\/2026\/04\/feirenses-280x74.png 280w\" sizes=\"(max-width: 300px) 100vw, 300px\" class=\"no-lazyload\" width=\"300\" height=\"79\"  style=\"display: inline-block;\" \/><\/a><\/div>\n<p>O Prefeito, que \u00e9 do mesmo partido do candidato oposicionista ao senado, Geddel Vieira Lima, visitou o candidato do PT em Salvador, onde declarou, para n\u00e3o deixar d\u00favidas:<\/p>\n<div id=\"blogd-2263060329\" class=\"blogd-final-post blogd-entity-placement\"><a href=\"https:\/\/www.feiradesantana.ba.leg.br\/\" target=\"_blank\" aria-label=\"BANNER-SITE-ENTREGADECHEQUE-CAMARADEFEIRA\"><img loading=\"lazy\" decoding=\"async\" src=\"https:\/\/blogdafeira.com.br\/home\/wp-content\/uploads\/2026\/03\/BANNER-SITE-ENTREGADECHEQUE-CAMARADEFEIRA.gif\" alt=\"\"  class=\"no-lazyload\" width=\"728\" height=\"90\"   \/><\/a><\/div><p>\u201c<i>O governador Jaques Wagner sempre olhou para nossa regi\u00e3o. As estradas aqui agora existem. Dom Bas\u00edlio avan\u00e7ou foi com este projeto pol\u00edtico e seguiremos com o melhor projeto para a Bahia. Sou do PMDB e vou apoiar Rui Costa e Otto Alencar. A minha palavra est\u00e1 dada\u201d.<\/i><\/p>\n","protected":false},"excerpt":{"rendered":"<p>O prefeito de Dom Bas\u00edlio, Jo\u00e3o Dias Pereira, o Jo\u00e3o Careca (PMDB) oficializou, nesta sexta-feira, (dia 6) seu apoio ao nome de Rui Costa, pr\u00e9-candidato do PT ao governo da Bahia, argumentando ser esta uma forma de reconhecimento ao trabalho que o governo Jaques Wagner tem feito em favor da sua regi\u00e3o. O Prefeito, que<\/p>\n","protected":false},"author":1,"featured_media":0,"comment_status":"closed","ping_status":"closed","sticky":false,"template":"","format":"standard","meta":{"jetpack_post_was_ever_published":false,"cybocfi_hide_featured_image":"","_jetpack_newsletter_access":"","_jetpack_dont_email_post_to_subs":false,"_jetpack_newsletter_tier_id":0,"_jetpack_memberships_contains_paywalled_content":false,"_jetpack_memberships_contains_paid_content":false,"footnotes":"","jetpack_publicize_message":"","jetpack_publicize_feature_enabled":true,"jetpack_social_post_already_shared":true,"jetpack_social_options":{"image_generator_settings":{"template":"highway","default_image_id":0,"font":"","enabled":false},"version":2}},"categories":[1],"tags":[],"class_list":["post-10833","post","type-post","status-publish","format-standard","hentry","category-raiz"],"jetpack_publicize_connections":[],"jetpack_featured_media_url":"","jetpack_shortlink":"https:\/\/wp.me\/p3niVf-2OJ","jetpack_sharing_enabled":true,"jetpack-related-posts":[{"id":11694,"url":"https:\/\/blogdafeira.com.br\/home\/2014\/08\/03\/rui-costa-recebe-adesao-de-prefeito-do-pmdb-no-sul-da-bahia\/","url_meta":{"origin":10833,"position":0},"title":"Rui Costa recebe ades\u00e3o de Prefeito do PMDB no Sul da Bahia","author":"Blog da Feira","date":"03\/08\/2014","format":false,"excerpt":"O candidato do PT ao Governo da Bahia, Rui Costa, teve a confirma\u00e7\u00e3o do apoio de mais um prefeito da base aliada da oposi\u00e7\u00e3o: L\u00e1zaro Andrade, de Teol\u00e2ndia, no Baixo Sul do estado, que, embora eleito pelo PMDB, fez quest\u00e3o de reafirmar nas ruas da cidade, que est\u00e1 com a\u2026","rel":"","context":"Em &quot;Home&quot;","block_context":{"text":"Home","link":"https:\/\/blogdafeira.com.br\/home\/categoria\/raiz\/"},"img":{"alt_text":"","src":"","width":0,"height":0},"classes":[]},{"id":661,"url":"https:\/\/blogdafeira.com.br\/home\/2013\/04\/19\/prefeito-de-conquista-e-mais-um-pre-candidato-do-pt-a-sucessao-de-wagner\/","url_meta":{"origin":10833,"position":1},"title":"Prefeito de Conquista \u00e9 mais um pr\u00e9-candidato do PT \u00e0 sucess\u00e3o de Wagner","author":"Blog da Feira","date":"19\/04\/2013","format":false,"excerpt":"Al\u00e9m dos secret\u00e1rios de Planejamento, Jos\u00e9 S\u00e9rgio Gabrielli, da Casa Civil, Rui Costa, do senador Walter Pinheiro e do ex-prefeito Luiz Caetano, nos bastidores surge mais uma aposta na discuss\u00e3o sobre as candidatura \u00e0s sucess\u00e3o de Jaques Wagner no governo da Bahia.. A tend\u00eancia Movimento PT vai aproveitar\u00a0a visita da\u2026","rel":"","context":"Em &quot;Home&quot;","block_context":{"text":"Home","link":"https:\/\/blogdafeira.com.br\/home\/categoria\/raiz\/"},"img":{"alt_text":"","src":"","width":0,"height":0},"classes":[]},{"id":43760,"url":"https:\/\/blogdafeira.com.br\/home\/2021\/03\/04\/wagner-da-um-chega-pra-la-em-ciro-e-cita-rui-como-pre-candidato-a-presidente\/","url_meta":{"origin":10833,"position":2},"title":"Wagner d\u00e1 um &#8216;chega pra l\u00e1&#8217; em Ciro e cita Rui como pr\u00e9-candidato a Presidente","author":"Blog da Feira","date":"04\/03\/2021","format":false,"excerpt":"Em longa entrevista publicada na edi\u00e7\u00e3o de hoje do jornal Folha de S\u00e3o Paulo (clique aqui) o ex-governador e senador Jaques Wagner (PT) devolveu na mesma moeda as provoca\u00e7\u00f5es do ex-governador do Cear\u00e1 Ciro Gomes que disse h\u00e1 alguns dias que o objetivo dele era impedir o PT de ir\u2026","rel":"","context":"Em &quot;Home&quot;","block_context":{"text":"Home","link":"https:\/\/blogdafeira.com.br\/home\/categoria\/raiz\/"},"img":{"alt_text":"","src":"https:\/\/i0.wp.com\/blogdafeira.com.br\/home\/wp-content\/uploads\/2021\/03\/jaques-wagner3.jpeg?resize=350%2C200&ssl=1","width":350,"height":200},"classes":[]},{"id":51580,"url":"https:\/\/blogdafeira.com.br\/home\/2022\/04\/03\/wagner-diz-em-feira-que-jeronimo-conhece-a-bahia-como-a-palma-da-mao\/","url_meta":{"origin":10833,"position":3},"title":"Wagner diz em Feira que Jer\u00f4nimo conhece a Bahia como a palma da m\u00e3o","author":"Blog da Feira","date":"03\/04\/2022","format":false,"excerpt":"A cidade de Feira de Santana recebeu o \"time de Lula\" neste domingo (3) para lan\u00e7amento do Programa de Governo Participativo (PGP) 2022. Os pr\u00e9-candidatos a governador, Jer\u00f4nimo Rodrigues (PT), vice-governador, Geraldo Junior (MDB), e senador, Otto Alencar (PSD), reuniram mais de 3 mil pessoas no evento, que teve a\u2026","rel":"","context":"Em &quot;Home&quot;","block_context":{"text":"Home","link":"https:\/\/blogdafeira.com.br\/home\/categoria\/raiz\/"},"img":{"alt_text":"","src":"https:\/\/i0.wp.com\/blogdafeira.com.br\/home\/wp-content\/uploads\/2022\/04\/Screenshot_20220403-1429224.png?resize=350%2C200&ssl=1","width":350,"height":200,"srcset":"https:\/\/i0.wp.com\/blogdafeira.com.br\/home\/wp-content\/uploads\/2022\/04\/Screenshot_20220403-1429224.png?resize=350%2C200&ssl=1 1x, https:\/\/i0.wp.com\/blogdafeira.com.br\/home\/wp-content\/uploads\/2022\/04\/Screenshot_20220403-1429224.png?resize=525%2C300&ssl=1 1.5x, https:\/\/i0.wp.com\/blogdafeira.com.br\/home\/wp-content\/uploads\/2022\/04\/Screenshot_20220403-1429224.png?resize=700%2C400&ssl=1 2x"},"classes":[]},{"id":52457,"url":"https:\/\/blogdafeira.com.br\/home\/2022\/05\/20\/ze-neto-lanca-pre-candidatura-a-reeleicao-neste-domingo\/","url_meta":{"origin":10833,"position":4},"title":"Z\u00e9 Neto lan\u00e7a pr\u00e9-candidatura \u00e0 reelei\u00e7\u00e3o neste domingo","author":"Blog da Feira","date":"20\/05\/2022","format":false,"excerpt":"O Partido dos Trabalhadores (PT) de Feira de Santana oficializa neste domingo (22) a pr\u00e9-candidatura \u00e0 reelei\u00e7\u00e3o do deputado federal Z\u00e9 Neto para C\u00e2mara dos Deputados. O evento acontece \u00e0s 9h, no Ville Convention (Ville Goumert), na Av. Jo\u00e3o Durval. O lan\u00e7amento contar\u00e1 a participa\u00e7\u00e3o dos pr\u00e9-candidatos do #TimeDeLula ao\u2026","rel":"","context":"Em &quot;Home&quot;","block_context":{"text":"Home","link":"https:\/\/blogdafeira.com.br\/home\/categoria\/raiz\/"},"img":{"alt_text":"","src":"https:\/\/i0.wp.com\/blogdafeira.com.br\/home\/wp-content\/uploads\/2022\/05\/IMG-20220520-WA0015.jpg?resize=350%2C200&ssl=1","width":350,"height":200,"srcset":"https:\/\/i0.wp.com\/blogdafeira.com.br\/home\/wp-content\/uploads\/2022\/05\/IMG-20220520-WA0015.jpg?resize=350%2C200&ssl=1 1x, https:\/\/i0.wp.com\/blogdafeira.com.br\/home\/wp-content\/uploads\/2022\/05\/IMG-20220520-WA0015.jpg?resize=525%2C300&ssl=1 1.5x, https:\/\/i0.wp.com\/blogdafeira.com.br\/home\/wp-content\/uploads\/2022\/05\/IMG-20220520-WA0015.jpg?resize=700%2C400&ssl=1 2x, https:\/\/i0.wp.com\/blogdafeira.com.br\/home\/wp-content\/uploads\/2022\/05\/IMG-20220520-WA0015.jpg?resize=1050%2C600&ssl=1 3x"},"classes":[]},{"id":10731,"url":"https:\/\/blogdafeira.com.br\/home\/2014\/06\/02\/rui-costa-diz-que-tem-apoio-de-mais-de-360-prefeitos-da-bahia\/","url_meta":{"origin":10833,"position":5},"title":"Rui Costa diz que tem apoio de mais de 360 prefeitos da Bahia","author":"Blog da Feira","date":"02\/06\/2014","format":false,"excerpt":"Em entrevista ao site Bahia 247, o candidato situacionista ao Governo do Estado, deputado Rui Costa (PT) minimizou \u00a0a for\u00e7a que os advers\u00e1rios da chapa DEM-PSDB-PMDB alegam ter no interior do estado: \"Mais de 360 prefeitos est\u00e3o nos apoiando. Voc\u00ea encontra aqui e ali um prefeito ou ex que apoie\u2026","rel":"","context":"Em &quot;Home&quot;","block_context":{"text":"Home","link":"https:\/\/blogdafeira.com.br\/home\/categoria\/raiz\/"},"img":{"alt_text":"","src":"","width":0,"height":0},"classes":[]}],"_links":{"self":[{"href":"https:\/\/blogdafeira.com.br\/home\/wp-json\/wp\/v2\/posts\/10833","targetHints":{"allow":["GET"]}}],"collection":[{"href":"https:\/\/blogdafeira.com.br\/home\/wp-json\/wp\/v2\/posts"}],"about":[{"href":"https:\/\/blogdafeira.com.br\/home\/wp-json\/wp\/v2\/types\/post"}],"author":[{"embeddable":true,"href":"https:\/\/blogdafeira.com.br\/home\/wp-json\/wp\/v2\/users\/1"}],"replies":[{"embeddable":true,"href":"https:\/\/blogdafeira.com.br\/home\/wp-json\/wp\/v2\/comments?post=10833"}],"version-history":[{"count":1,"href":"https:\/\/blogdafeira.com.br\/home\/wp-json\/wp\/v2\/posts\/10833\/revisions"}],"predecessor-version":[{"id":10835,"href":"https:\/\/blogdafeira.com.br\/home\/wp-json\/wp\/v2\/posts\/10833\/revisions\/10835"}],"wp:attachment":[{"href":"https:\/\/blogdafeira.com.br\/home\/wp-json\/wp\/v2\/media?parent=10833"}],"wp:term":[{"taxonomy":"category","embeddable":true,"href":"https:\/\/blogdafeira.com.br\/home\/wp-json\/wp\/v2\/categories?post=10833"},{"taxonomy":"post_tag","embeddable":true,"href":"https:\/\/blogdafeira.com.br\/home\/wp-json\/wp\/v2\/tags?post=10833"}],"curies":[{"name":"wp","href":"https:\/\/api.w.org\/{rel}","templated":true}]}}