{"id":11231,"date":"2014-07-03T10:24:25","date_gmt":"2014-07-03T13:24:25","guid":{"rendered":"http:\/\/blogdafeira.com.br\/home\/?p=11231"},"modified":"2014-07-03T10:24:25","modified_gmt":"2014-07-03T13:24:25","slug":"biologo-quer-parque-na-caatinga-para-preservar-o-fuleco","status":"publish","type":"post","link":"https:\/\/blogdafeira.com.br\/home\/2014\/07\/03\/biologo-quer-parque-na-caatinga-para-preservar-o-fuleco\/","title":{"rendered":"Bi\u00f3logo quer parque na caatinga para preservar o &#8216;Fuleco&#8217;"},"content":{"rendered":"<p>Um grupo de mais de 160 mil pessoas quer, como legado da Copa do Mundo no Brasil, um parque de conserva\u00e7\u00e3o na caatinga do Nordeste para o tatu-bola \u2013 animal que, na figura do Fuleco, virou s\u00edmbolo do Mundial, e est\u00e1 na lista de esp\u00e9cies brasileiras amea\u00e7adas de extin\u00e7\u00e3o.<\/p>\n<div id=\"blogd-1198405642\" class=\"blogd-final-post blogd-entity-placement\"><a href=\"https:\/\/www.feiradesantana.ba.leg.br\/\" target=\"_blank\" aria-label=\"BANNER-SITE-ENTREGADECHEQUE-CAMARADEFEIRA\"><img loading=\"lazy\" decoding=\"async\" src=\"https:\/\/blogdafeira.com.br\/home\/wp-content\/uploads\/2026\/03\/BANNER-SITE-ENTREGADECHEQUE-CAMARADEFEIRA.gif\" alt=\"\"  class=\"no-lazyload\" width=\"728\" height=\"90\"   \/><\/a><\/div><div class=\"entry-content\" style=\"font-weight: normal; color: #000000;\">\n<div id=\"blogd-3026979876\" class=\"blogd-fim-do-post-mobile blogd-entity-placement\" style=\"margin-left: auto;margin-right: auto;text-align: center;\"><a href=\"https:\/\/www.sefaz.feiradesantana.ba.gov.br\/\" target=\"_blank\" aria-label=\"728&#215;90 (6)\"><img loading=\"lazy\" decoding=\"async\" src=\"https:\/\/blogdafeira.com.br\/home\/wp-content\/uploads\/2026\/03\/728x90-6.gif\" alt=\"\"  class=\"no-lazyload\" width=\"728\" height=\"90\"  style=\"display: inline-block;\" \/><\/a><\/div><p style=\"color: #4d4d4d;\">O bi\u00f3logo Felipe Melo, professor da Universidade Federal de Pernambuco, abriu abaixo-assinado para receber apoio da popula\u00e7\u00e3o para o pedido de cria\u00e7\u00e3o de um parque nacional na Caatinga, dedicado \u00e0 preserva\u00e7\u00e3o do\u00a0<em style=\"font-style: italic;\">Tolypeutes tricinctus<\/em>, o tatu-bola.<\/p><div id=\"blogd-1636446206\" class=\"blogd-conteudo-2-mobile blogd-entity-placement\"><a href=\"https:\/\/feirenses.com.br\/\" target=\"_blank\" aria-label=\"feirenses\"><img loading=\"lazy\" decoding=\"async\" src=\"https:\/\/blogdafeira.com.br\/home\/wp-content\/uploads\/2026\/04\/feirenses.png\" alt=\"\"  srcset=\"https:\/\/blogdafeira.com.br\/home\/wp-content\/uploads\/2026\/04\/feirenses.png 300w, https:\/\/blogdafeira.com.br\/home\/wp-content\/uploads\/2026\/04\/feirenses-170x45.png 170w, https:\/\/blogdafeira.com.br\/home\/wp-content\/uploads\/2026\/04\/feirenses-280x74.png 280w\" sizes=\"(max-width: 300px) 100vw, 300px\" class=\"no-lazyload\" width=\"300\" height=\"79\"  style=\"display: inline-block;\" \/><\/a><\/div>\n<p style=\"color: #4d4d4d;\">Em menos de um m\u00eas, o movimento conseguiu mais de 160 mil assinaturas, entregues na quarta-feira (2) ao diretor do Instituto Chico Mendes de Conserva\u00e7\u00e3o da Biodiversidade (ICMBio), S\u00e9rgio Brant.<\/p>\n<p style=\"color: #4d4d4d;\">A Caatinga \u00e9 um ecossistema que s\u00f3 existe no Brasil, e \u00e9 o mais desprotegido de todo o pa\u00eds.<\/p>\n<\/div>\n","protected":false},"excerpt":{"rendered":"<p>Um grupo de mais de 160 mil pessoas quer, como legado da Copa do Mundo no Brasil, um parque de conserva\u00e7\u00e3o na caatinga do Nordeste para o tatu-bola \u2013 animal que, na figura do Fuleco, virou s\u00edmbolo do Mundial, e est\u00e1 na lista de esp\u00e9cies brasileiras amea\u00e7adas de extin\u00e7\u00e3o. O bi\u00f3logo Felipe Melo, professor da<\/p>\n","protected":false},"author":1,"featured_media":0,"comment_status":"closed","ping_status":"closed","sticky":false,"template":"","format":"standard","meta":{"jetpack_post_was_ever_published":false,"cybocfi_hide_featured_image":"","_jetpack_newsletter_access":"","_jetpack_dont_email_post_to_subs":false,"_jetpack_newsletter_tier_id":0,"_jetpack_memberships_contains_paywalled_content":false,"_jetpack_memberships_contains_paid_content":false,"footnotes":"","jetpack_publicize_message":"","jetpack_publicize_feature_enabled":true,"jetpack_social_post_already_shared":true,"jetpack_social_options":{"image_generator_settings":{"template":"highway","default_image_id":0,"font":"","enabled":false},"version":2}},"categories":[1],"tags":[],"class_list":["post-11231","post","type-post","status-publish","format-standard","hentry","category-raiz"],"jetpack_publicize_connections":[],"jetpack_featured_media_url":"","jetpack_shortlink":"https:\/\/wp.me\/p3niVf-2V9","jetpack_sharing_enabled":true,"jetpack-related-posts":[{"id":16524,"url":"https:\/\/blogdafeira.com.br\/home\/2015\/09\/04\/areas-de-caatinga-poderao-receber-recursos-do-fundo-do-meio-ambiente\/","url_meta":{"origin":11231,"position":0},"title":"\u00c1reas de caatinga poder\u00e3o receber recursos do Fundo do Meio Ambiente","author":"Blog da Feira","date":"04\/09\/2015","format":false,"excerpt":"A senadora L\u00eddice da Mata (PSB-BA) apresentou esta semana um projeto de lei (PLS 578\/2015) pedindo a inclus\u00e3o do bioma da\u00a0caatinga\u00a0na reparti\u00e7\u00e3o dos recursos financeiros oriundos do Fundo Nacional do Meio Ambiente (FNMA). O projeto altera artigo da Lei n\u00ba 7.797\/1989 que estabelece que seja dada prioridade na aplica\u00e7\u00e3o de\u2026","rel":"","context":"Em &quot;Home&quot;","block_context":{"text":"Home","link":"https:\/\/blogdafeira.com.br\/home\/categoria\/raiz\/"},"img":{"alt_text":"","src":"","width":0,"height":0},"classes":[]},{"id":37384,"url":"https:\/\/blogdafeira.com.br\/home\/2020\/04\/28\/dia-nacional-da-caatinga-o-unico-bioma-exclusivamente-brasileiro\/","url_meta":{"origin":11231,"position":1},"title":"Dia Nacional da Caatinga: o \u00fanico bioma exclusivamente brasileiro","author":"Blog da Feira","date":"28\/04\/2020","format":false,"excerpt":"Vinte e oito de abril \u00e9 o\u00a0Dia Nacional da Caatinga. A Caatinga \u00e9 um grande ecossistema de floresta seca que recobre cerca de 11% do territ\u00f3rio brasileiro. Botanicamente, \u00e9 considerado o \u00fanico bioma exclusivamente brasileiro. Foi o engenheiro agr\u00f4nomo e ecologista pernambucano Jo\u00e3o Vasconcelos Sobrinho (1908-1989) quem primeiro comprovou que\u2026","rel":"","context":"Em &quot;Home&quot;","block_context":{"text":"Home","link":"https:\/\/blogdafeira.com.br\/home\/categoria\/raiz\/"},"img":{"alt_text":"","src":"https:\/\/i0.wp.com\/blogdafeira.com.br\/home\/wp-content\/uploads\/2020\/04\/macambira.jpg?resize=350%2C200&ssl=1","width":350,"height":200,"srcset":"https:\/\/i0.wp.com\/blogdafeira.com.br\/home\/wp-content\/uploads\/2020\/04\/macambira.jpg?resize=350%2C200&ssl=1 1x, https:\/\/i0.wp.com\/blogdafeira.com.br\/home\/wp-content\/uploads\/2020\/04\/macambira.jpg?resize=525%2C300&ssl=1 1.5x"},"classes":[]},{"id":59954,"url":"https:\/\/blogdafeira.com.br\/home\/2023\/11\/09\/proposta-de-um-fundo-para-preservacao-da-caatinga-esta-nas-maos-de-marina\/","url_meta":{"origin":11231,"position":2},"title":"Proposta de um Fundo para Preserva\u00e7\u00e3o da Caatinga est\u00e1 nas m\u00e3os de Marina","author":"Blog da Feira","date":"09\/11\/2023","format":false,"excerpt":"A proposta de cria\u00e7\u00e3o de um fundo para financiar atividades de preserva\u00e7\u00e3o da Caatinga foi entregue ao governo federal. A minuta de decreto foi entregue \u00e0 ministra do Meio Ambiente e Mudan\u00e7a do Clima, Marina Silva, pelo governador da Bahia, Jer\u00f4nimo Rodrigues, representando os estados que fazem parte do Cons\u00f3rcio\u2026","rel":"","context":"Em &quot;Home&quot;","block_context":{"text":"Home","link":"https:\/\/blogdafeira.com.br\/home\/categoria\/raiz\/"},"img":{"alt_text":"","src":"https:\/\/i0.wp.com\/blogdafeira.com.br\/home\/wp-content\/uploads\/2023\/11\/IMG_20231027_094412526-scaled.jpg?resize=350%2C200&ssl=1","width":350,"height":200,"srcset":"https:\/\/i0.wp.com\/blogdafeira.com.br\/home\/wp-content\/uploads\/2023\/11\/IMG_20231027_094412526-scaled.jpg?resize=350%2C200&ssl=1 1x, https:\/\/i0.wp.com\/blogdafeira.com.br\/home\/wp-content\/uploads\/2023\/11\/IMG_20231027_094412526-scaled.jpg?resize=525%2C300&ssl=1 1.5x, https:\/\/i0.wp.com\/blogdafeira.com.br\/home\/wp-content\/uploads\/2023\/11\/IMG_20231027_094412526-scaled.jpg?resize=700%2C400&ssl=1 2x, https:\/\/i0.wp.com\/blogdafeira.com.br\/home\/wp-content\/uploads\/2023\/11\/IMG_20231027_094412526-scaled.jpg?resize=1050%2C600&ssl=1 3x, https:\/\/i0.wp.com\/blogdafeira.com.br\/home\/wp-content\/uploads\/2023\/11\/IMG_20231027_094412526-scaled.jpg?resize=1400%2C800&ssl=1 4x"},"classes":[]},{"id":66954,"url":"https:\/\/blogdafeira.com.br\/home\/2025\/04\/28\/dia-da-caatinga-recaatingamento-na-bahia-ja-recuperou-1000-hectares-desse-bioma-exclusivamente-brasileiro\/","url_meta":{"origin":11231,"position":3},"title":"Dia da Caatinga: recaatingamento na Bahia j\u00e1 recuperou 1000 hectares desse bioma","author":"Blog da Feira","date":"28\/04\/2025","format":false,"excerpt":"Celebrado nesta segunda-feira, 28 de abril, o Dia Nacional da Caatinga chama a aten\u00e7\u00e3o para a import\u00e2ncia de um dos biomas mais ricos e exclusivos do Brasil. Na Bahia, onde a Caatinga ocupa cerca de 54% do territ\u00f3rio e est\u00e1 presente em 225 dos 417 munic\u00edpios, o Governo do Estado\u2026","rel":"","context":"Em &quot;Geral&quot;","block_context":{"text":"Geral","link":"https:\/\/blogdafeira.com.br\/home\/categoria\/geral\/"},"img":{"alt_text":"","src":"https:\/\/i0.wp.com\/blogdafeira.com.br\/home\/wp-content\/uploads\/2025\/04\/Pro-semiarido_Buriti_by_Fabio_Barong-4-2-scaled.jpg?resize=350%2C200&ssl=1","width":350,"height":200,"srcset":"https:\/\/i0.wp.com\/blogdafeira.com.br\/home\/wp-content\/uploads\/2025\/04\/Pro-semiarido_Buriti_by_Fabio_Barong-4-2-scaled.jpg?resize=350%2C200&ssl=1 1x, https:\/\/i0.wp.com\/blogdafeira.com.br\/home\/wp-content\/uploads\/2025\/04\/Pro-semiarido_Buriti_by_Fabio_Barong-4-2-scaled.jpg?resize=525%2C300&ssl=1 1.5x, https:\/\/i0.wp.com\/blogdafeira.com.br\/home\/wp-content\/uploads\/2025\/04\/Pro-semiarido_Buriti_by_Fabio_Barong-4-2-scaled.jpg?resize=700%2C400&ssl=1 2x, https:\/\/i0.wp.com\/blogdafeira.com.br\/home\/wp-content\/uploads\/2025\/04\/Pro-semiarido_Buriti_by_Fabio_Barong-4-2-scaled.jpg?resize=1050%2C600&ssl=1 3x, https:\/\/i0.wp.com\/blogdafeira.com.br\/home\/wp-content\/uploads\/2025\/04\/Pro-semiarido_Buriti_by_Fabio_Barong-4-2-scaled.jpg?resize=1400%2C800&ssl=1 4x"},"classes":[]},{"id":45223,"url":"https:\/\/blogdafeira.com.br\/home\/2021\/04\/30\/algarobas-da-praca-dois-de-julho\/","url_meta":{"origin":11231,"position":4},"title":"Algarobas da pra\u00e7a Dois de Julho","author":"J\u00e2nio R\u00eago","date":"30\/04\/2021","format":false,"excerpt":"O espinho furava pneus de bicicleta e atravessava chinelos em busca dos p\u00e9s das crian\u00e7as que brincavam nas ruas.Na esquina da Alberto Maranh\u00e3o com a Francisco Ramalho, defronte \u00e0 capela de S\u00e3o Vicente haviam cinco algarobas. Cresci sob a sombra das algarobas quando elas ainda n\u00e3o haviam se tornado o\u2026","rel":"","context":"Em &quot;Cidade&quot;","block_context":{"text":"Cidade","link":"https:\/\/blogdafeira.com.br\/home\/categoria\/cidade\/"},"img":{"alt_text":"","src":"https:\/\/i0.wp.com\/blogdafeira.com.br\/home\/wp-content\/uploads\/2021\/04\/IMG_20210429_130851_486-scaled.jpg?resize=350%2C200&ssl=1","width":350,"height":200,"srcset":"https:\/\/i0.wp.com\/blogdafeira.com.br\/home\/wp-content\/uploads\/2021\/04\/IMG_20210429_130851_486-scaled.jpg?resize=350%2C200&ssl=1 1x, https:\/\/i0.wp.com\/blogdafeira.com.br\/home\/wp-content\/uploads\/2021\/04\/IMG_20210429_130851_486-scaled.jpg?resize=525%2C300&ssl=1 1.5x, https:\/\/i0.wp.com\/blogdafeira.com.br\/home\/wp-content\/uploads\/2021\/04\/IMG_20210429_130851_486-scaled.jpg?resize=700%2C400&ssl=1 2x, https:\/\/i0.wp.com\/blogdafeira.com.br\/home\/wp-content\/uploads\/2021\/04\/IMG_20210429_130851_486-scaled.jpg?resize=1050%2C600&ssl=1 3x, https:\/\/i0.wp.com\/blogdafeira.com.br\/home\/wp-content\/uploads\/2021\/04\/IMG_20210429_130851_486-scaled.jpg?resize=1400%2C800&ssl=1 4x"},"classes":[]},{"id":45413,"url":"https:\/\/blogdafeira.com.br\/home\/2021\/05\/14\/projeto-na-camara-dos-deputados-torna-o-bioma-caatinga-um-patrimonio-nacional\/","url_meta":{"origin":11231,"position":5},"title":"Projeto na C\u00e2mara dos Deputados torna o bioma Caatinga um patrim\u00f4nio nacional","author":"Blog da Feira","date":"14\/05\/2021","format":false,"excerpt":"A Comiss\u00e3o Externa da C\u00e2mara dos Deputados sobre Queimadas nos Biomas Brasileiros ouviu ontem (13),\u00a0 de cientistas e entidades socioambientais nordestinas um triste diagn\u00f3stico sobre o desmatamento e os inc\u00eandios florestais na Caatinga. O \u00fanico bioma exclusivamente brasileiro ocupa 11% do territ\u00f3rio nacional (850 mil km\u00b2), sobretudo no Nordeste do\u2026","rel":"","context":"Em &quot;Distritos&quot;","block_context":{"text":"Distritos","link":"https:\/\/blogdafeira.com.br\/home\/categoria\/distritos\/"},"img":{"alt_text":"","src":"https:\/\/i0.wp.com\/blogdafeira.com.br\/home\/wp-content\/uploads\/2021\/05\/IMG_20171028_164108737-scaled.jpg?resize=350%2C200&ssl=1","width":350,"height":200,"srcset":"https:\/\/i0.wp.com\/blogdafeira.com.br\/home\/wp-content\/uploads\/2021\/05\/IMG_20171028_164108737-scaled.jpg?resize=350%2C200&ssl=1 1x, https:\/\/i0.wp.com\/blogdafeira.com.br\/home\/wp-content\/uploads\/2021\/05\/IMG_20171028_164108737-scaled.jpg?resize=525%2C300&ssl=1 1.5x, https:\/\/i0.wp.com\/blogdafeira.com.br\/home\/wp-content\/uploads\/2021\/05\/IMG_20171028_164108737-scaled.jpg?resize=700%2C400&ssl=1 2x, https:\/\/i0.wp.com\/blogdafeira.com.br\/home\/wp-content\/uploads\/2021\/05\/IMG_20171028_164108737-scaled.jpg?resize=1050%2C600&ssl=1 3x, https:\/\/i0.wp.com\/blogdafeira.com.br\/home\/wp-content\/uploads\/2021\/05\/IMG_20171028_164108737-scaled.jpg?resize=1400%2C800&ssl=1 4x"},"classes":[]}],"_links":{"self":[{"href":"https:\/\/blogdafeira.com.br\/home\/wp-json\/wp\/v2\/posts\/11231","targetHints":{"allow":["GET"]}}],"collection":[{"href":"https:\/\/blogdafeira.com.br\/home\/wp-json\/wp\/v2\/posts"}],"about":[{"href":"https:\/\/blogdafeira.com.br\/home\/wp-json\/wp\/v2\/types\/post"}],"author":[{"embeddable":true,"href":"https:\/\/blogdafeira.com.br\/home\/wp-json\/wp\/v2\/users\/1"}],"replies":[{"embeddable":true,"href":"https:\/\/blogdafeira.com.br\/home\/wp-json\/wp\/v2\/comments?post=11231"}],"version-history":[{"count":1,"href":"https:\/\/blogdafeira.com.br\/home\/wp-json\/wp\/v2\/posts\/11231\/revisions"}],"predecessor-version":[{"id":11232,"href":"https:\/\/blogdafeira.com.br\/home\/wp-json\/wp\/v2\/posts\/11231\/revisions\/11232"}],"wp:attachment":[{"href":"https:\/\/blogdafeira.com.br\/home\/wp-json\/wp\/v2\/media?parent=11231"}],"wp:term":[{"taxonomy":"category","embeddable":true,"href":"https:\/\/blogdafeira.com.br\/home\/wp-json\/wp\/v2\/categories?post=11231"},{"taxonomy":"post_tag","embeddable":true,"href":"https:\/\/blogdafeira.com.br\/home\/wp-json\/wp\/v2\/tags?post=11231"}],"curies":[{"name":"wp","href":"https:\/\/api.w.org\/{rel}","templated":true}]}}