{"id":11261,"date":"2014-07-07T15:26:05","date_gmt":"2014-07-07T18:26:05","guid":{"rendered":"http:\/\/blogdafeira.com.br\/home\/?p=11261"},"modified":"2014-07-07T15:27:52","modified_gmt":"2014-07-07T18:27:52","slug":"terreno-desapropriado-para-brt-de-feira-vale-cerca-de-r15-milhao","status":"publish","type":"post","link":"https:\/\/blogdafeira.com.br\/home\/2014\/07\/07\/terreno-desapropriado-para-brt-de-feira-vale-cerca-de-r15-milhao\/","title":{"rendered":"Terreno desapropriado para BRT de Feira vale cerca de R$1,5 milh\u00e3o"},"content":{"rendered":"<div id=\"blogd-2092200181\" class=\"blogd-fim-do-post-mobile blogd-entity-placement\" style=\"margin-left: auto;margin-right: auto;text-align: center;\"><a href=\"https:\/\/www.sefaz.feiradesantana.ba.gov.br\/\" target=\"_blank\" aria-label=\"728&#215;90 (6)\"><img loading=\"lazy\" decoding=\"async\" src=\"https:\/\/blogdafeira.com.br\/home\/wp-content\/uploads\/2026\/03\/728x90-6.gif\" alt=\"\"  class=\"no-lazyload\" width=\"728\" height=\"90\"  style=\"display: inline-block;\" \/><\/a><\/div><p>A Prefeitura de Feira de Santana anunciou hoje que declarou de utilidade p\u00fablica, para fins de desapropria\u00e7\u00e3o, uma \u00e1rea de terra, localizada na esquina entre a avenida Noide Cerqueira e a rua Tobias Barreto, no bairro do SIM.<\/p><div id=\"blogd-2653976583\" class=\"blogd-conteudo-2-mobile blogd-entity-placement\"><a href=\"https:\/\/feirenses.com.br\/\" target=\"_blank\" aria-label=\"feirenses\"><img loading=\"lazy\" decoding=\"async\" src=\"https:\/\/blogdafeira.com.br\/home\/wp-content\/uploads\/2026\/04\/feirenses.png\" alt=\"\"  srcset=\"https:\/\/blogdafeira.com.br\/home\/wp-content\/uploads\/2026\/04\/feirenses.png 300w, https:\/\/blogdafeira.com.br\/home\/wp-content\/uploads\/2026\/04\/feirenses-170x45.png 170w, https:\/\/blogdafeira.com.br\/home\/wp-content\/uploads\/2026\/04\/feirenses-280x74.png 280w\" sizes=\"(max-width: 300px) 100vw, 300px\" class=\"no-lazyload\" width=\"300\" height=\"79\"  style=\"display: inline-block;\" \/><\/a><\/div>\n<p>No terreno, que mede 5,6 mil metros quadrados, vai ser constru\u00eddo um dos terminais de integra\u00e7\u00e3o do BRT (sigla em ingl\u00eas para Transporte R\u00e1pido de \u00d4nibus).<\/p>\n<p>De acordo com informa\u00e7\u00f5es de corretores imobili\u00e1rios credenciados na cidade, o valor do metro quadrado naquela \u00e1rea \u00a0est\u00e1\u00a0entre 300 e 500 reais.<\/p>\n<div id=\"blogd-498299596\" class=\"blogd-final-post blogd-entity-placement\"><a href=\"https:\/\/www.feiradesantana.ba.leg.br\/\" target=\"_blank\" aria-label=\"BANNER-SITE-ENTREGADECHEQUE-CAMARADEFEIRA\"><img loading=\"lazy\" decoding=\"async\" src=\"https:\/\/blogdafeira.com.br\/home\/wp-content\/uploads\/2026\/03\/BANNER-SITE-ENTREGADECHEQUE-CAMARADEFEIRA.gif\" alt=\"\"  class=\"no-lazyload\" width=\"728\" height=\"90\"   \/><\/a><\/div><p>O investimento total do BRT \u00e9 de 95 milh\u00f5es de reais, sendo mais de 90 por centro financiado pelo Governo Federal.<\/p>\n","protected":false},"excerpt":{"rendered":"<p>A Prefeitura de Feira de Santana anunciou hoje que declarou de utilidade p\u00fablica, para fins de desapropria\u00e7\u00e3o, uma \u00e1rea de terra, localizada na esquina entre a avenida Noide Cerqueira e a rua Tobias Barreto, no bairro do SIM. No terreno, que mede 5,6 mil metros quadrados, vai ser constru\u00eddo um dos terminais de integra\u00e7\u00e3o do<\/p>\n","protected":false},"author":1,"featured_media":0,"comment_status":"closed","ping_status":"closed","sticky":false,"template":"","format":"standard","meta":{"jetpack_post_was_ever_published":false,"cybocfi_hide_featured_image":"","_jetpack_newsletter_access":"","_jetpack_dont_email_post_to_subs":false,"_jetpack_newsletter_tier_id":0,"_jetpack_memberships_contains_paywalled_content":false,"_jetpack_memberships_contains_paid_content":false,"footnotes":"","jetpack_publicize_message":"","jetpack_publicize_feature_enabled":true,"jetpack_social_post_already_shared":true,"jetpack_social_options":{"image_generator_settings":{"template":"highway","default_image_id":0,"font":"","enabled":false},"version":2}},"categories":[1],"tags":[],"class_list":["post-11261","post","type-post","status-publish","format-standard","hentry","category-raiz"],"jetpack_publicize_connections":[],"jetpack_featured_media_url":"","jetpack_shortlink":"https:\/\/wp.me\/p3niVf-2VD","jetpack_sharing_enabled":true,"jetpack-related-posts":[{"id":31040,"url":"https:\/\/blogdafeira.com.br\/home\/2019\/03\/28\/donos-do-feira-tenis-clube-querem-r10-milhoes-do-municipio-pela-desapropriacao-do-imovel\/","url_meta":{"origin":11261,"position":0},"title":"Donos do Feira T\u00eanis Clube querem R$10 milh\u00f5es do Munic\u00edpio pela desapropria\u00e7\u00e3o do im\u00f3vel","author":"J\u00e2nio R\u00eago","date":"28\/03\/2019","format":false,"excerpt":"Um coment\u00e1rio do radialista Dilton Coutinho no programa 'Acorda Cidade', hoje pela manh\u00e3, revelou o valor que os atuais donos do im\u00f3vel do ex Feira T\u00eanis Clube querem pela desapropria\u00e7\u00e3o do im\u00f3vel anunciada pela Prefeitura de Feira de Santana que pretende implantar no local uma unidade educacional. Atribuindo o coment\u00e1rio\u2026","rel":"","context":"Em &quot;Home&quot;","block_context":{"text":"Home","link":"https:\/\/blogdafeira.com.br\/home\/categoria\/raiz\/"},"img":{"alt_text":"","src":"https:\/\/i0.wp.com\/blogdafeira.com.br\/home\/wp-content\/uploads\/2019\/03\/FTC-1.jpg?resize=350%2C200&ssl=1","width":350,"height":200,"srcset":"https:\/\/i0.wp.com\/blogdafeira.com.br\/home\/wp-content\/uploads\/2019\/03\/FTC-1.jpg?resize=350%2C200&ssl=1 1x, https:\/\/i0.wp.com\/blogdafeira.com.br\/home\/wp-content\/uploads\/2019\/03\/FTC-1.jpg?resize=525%2C300&ssl=1 1.5x, https:\/\/i0.wp.com\/blogdafeira.com.br\/home\/wp-content\/uploads\/2019\/03\/FTC-1.jpg?resize=700%2C400&ssl=1 2x, https:\/\/i0.wp.com\/blogdafeira.com.br\/home\/wp-content\/uploads\/2019\/03\/FTC-1.jpg?resize=1050%2C600&ssl=1 3x, https:\/\/i0.wp.com\/blogdafeira.com.br\/home\/wp-content\/uploads\/2019\/03\/FTC-1.jpg?resize=1400%2C800&ssl=1 4x"},"classes":[]},{"id":61002,"url":"https:\/\/blogdafeira.com.br\/home\/2024\/02\/02\/candomble-abre-os-caminhos-para-a-expansao-do-aeroporto-da-feira\/","url_meta":{"origin":11261,"position":1},"title":"Candombl\u00e9 abre os caminhos para a expans\u00e3o do Aeroporto da Feira","author":"Blog da Feira","date":"02\/02\/2024","format":false,"excerpt":"Se depender do Candombl\u00e9, Yans\u00e3 e outros Orix\u00e1, a expans\u00e3o do Aeroporto de Feira j\u00e1 pode come\u00e7ar. O Terreiro de M\u00e3e Vera, na Estrada do Ros\u00e1rio, distrito de Ja\u00edba,\u00a0 j\u00e1 n\u00e3o existe mais no meio do caminho da expans\u00e3o. M\u00e3e Vera desfez os santu\u00e1rios, barrac\u00e3o e outras constru\u00e7\u00f5es, e partiu\u2026","rel":"","context":"Em &quot;Cidade&quot;","block_context":{"text":"Cidade","link":"https:\/\/blogdafeira.com.br\/home\/categoria\/cidade\/"},"img":{"alt_text":"","src":"https:\/\/i0.wp.com\/blogdafeira.com.br\/home\/wp-content\/uploads\/2024\/02\/Screenshot_20240202-092358.png?resize=350%2C200&ssl=1","width":350,"height":200,"srcset":"https:\/\/i0.wp.com\/blogdafeira.com.br\/home\/wp-content\/uploads\/2024\/02\/Screenshot_20240202-092358.png?resize=350%2C200&ssl=1 1x, https:\/\/i0.wp.com\/blogdafeira.com.br\/home\/wp-content\/uploads\/2024\/02\/Screenshot_20240202-092358.png?resize=525%2C300&ssl=1 1.5x, https:\/\/i0.wp.com\/blogdafeira.com.br\/home\/wp-content\/uploads\/2024\/02\/Screenshot_20240202-092358.png?resize=700%2C400&ssl=1 2x, https:\/\/i0.wp.com\/blogdafeira.com.br\/home\/wp-content\/uploads\/2024\/02\/Screenshot_20240202-092358.png?resize=1050%2C600&ssl=1 3x"},"classes":[]},{"id":9734,"url":"https:\/\/blogdafeira.com.br\/home\/2014\/03\/19\/geilson-diz-na-assembleia-preco-do-m%c2%b2-na-av-getulio-vargas-em-feira-custa-2-mil-reais\/","url_meta":{"origin":11261,"position":2},"title":"Geilson diz na Assembleia: pre\u00e7o do m\u00b2 na av. Get\u00falio Vargas  em Feira custa 2 mil reais","author":"Blog da Feira","date":"19\/03\/2014","format":false,"excerpt":"O deputado estadual Carlos Geilson fez hoje um discurso na Assembleia Legislativa onde levantou suspeitas sobre um leil\u00e3o da Ebal, \u00a0'feito na surdina' no qual foi arrematada por uma grande construtora um terreno na orla de Salvador por cerca de 1.400 reais o metro quadrado, valor abaixo do mercado imobili\u00e1rio\u2026","rel":"","context":"Em &quot;Home&quot;","block_context":{"text":"Home","link":"https:\/\/blogdafeira.com.br\/home\/categoria\/raiz\/"},"img":{"alt_text":"","src":"","width":0,"height":0},"classes":[]},{"id":1039,"url":"https:\/\/blogdafeira.com.br\/home\/2013\/04\/29\/prefeitura-de-feira-aluga-galpao-por-r20-mil-para-fazer-um-camelodromo\/","url_meta":{"origin":11261,"position":3},"title":"Prefeitura de Feira aluga galp\u00e3o por R$20 mil para fazer \u2018camel\u00f3dromo\u2019","author":"Blog da Feira","date":"29\/04\/2013","format":false,"excerpt":"A Prefeitura de Feira de Santana alugou uma \u00e1rea de 1.600 metros quadrados na avenida Senhor dos Passos,\u00a0 para fazer um \u2018camel\u00f3dromo\u2019 para onde ir\u00e3o os vendedores ambulantes que est\u00e3o sendo retirados de algumas \u00e1reas do centro da cidade. A \u00e1rea tem um galp\u00e3o que ocupa metade do terreno e\u2026","rel":"","context":"Em &quot;Home&quot;","block_context":{"text":"Home","link":"https:\/\/blogdafeira.com.br\/home\/categoria\/raiz\/"},"img":{"alt_text":"galpao","src":"https:\/\/i0.wp.com\/blogdafeira.com.br\/home\/wp-content\/uploads\/2013\/04\/galpao.jpg?resize=350%2C200","width":350,"height":200,"srcset":"https:\/\/i0.wp.com\/blogdafeira.com.br\/home\/wp-content\/uploads\/2013\/04\/galpao.jpg?resize=350%2C200 1x, https:\/\/i0.wp.com\/blogdafeira.com.br\/home\/wp-content\/uploads\/2013\/04\/galpao.jpg?resize=525%2C300 1.5x"},"classes":[]},{"id":29662,"url":"https:\/\/blogdafeira.com.br\/home\/2018\/05\/15\/operarios-trabalham-a-12-metros-de-profundidade-cavando-tunnel-liner-do-brt-de-feira\/","url_meta":{"origin":11261,"position":4},"title":"Oper\u00e1rios trabalham a 12 metros de profundidade cavando &#8216;tunnel liner&#8217; do BRT de Feira","author":"Blog da Feira","date":"15\/05\/2018","format":false,"excerpt":"A constru\u00e7\u00e3o do t\u00fanel subterr\u00e2neo de drenagem \u00e9 a obra mais cara e trabalhosa do projeto de implanta\u00e7\u00e3o do BRT de Feira de Santana que envolve cerca de 100 milh\u00f5es de reais. Chamado tecnicamente de\u00a0 'tunnel liner' , ele ter\u00e1 mais de 2 quil\u00f4metros de extens\u00e3o e est\u00e1 sendo escavado\u2026","rel":"","context":"Em &quot;Home&quot;","block_context":{"text":"Home","link":"https:\/\/blogdafeira.com.br\/home\/categoria\/raiz\/"},"img":{"alt_text":"","src":"https:\/\/i0.wp.com\/blogdafeira.com.br\/home\/wp-content\/uploads\/2018\/05\/IMG_20180515_1110311942-1024x1012.jpg?resize=350%2C200","width":350,"height":200,"srcset":"https:\/\/i0.wp.com\/blogdafeira.com.br\/home\/wp-content\/uploads\/2018\/05\/IMG_20180515_1110311942-1024x1012.jpg?resize=350%2C200 1x, https:\/\/i0.wp.com\/blogdafeira.com.br\/home\/wp-content\/uploads\/2018\/05\/IMG_20180515_1110311942-1024x1012.jpg?resize=525%2C300 1.5x, https:\/\/i0.wp.com\/blogdafeira.com.br\/home\/wp-content\/uploads\/2018\/05\/IMG_20180515_1110311942-1024x1012.jpg?resize=700%2C400 2x"},"classes":[]},{"id":8261,"url":"https:\/\/blogdafeira.com.br\/home\/2014\/01\/13\/imovel-industrial-no-cis-de-feira-esta-a-venda-por-r11-milhoes\/","url_meta":{"origin":11261,"position":5},"title":"Im\u00f3vel industrial no CIS de Feira est\u00e1 \u00e0 venda por  R$11 milh\u00f5es","author":"Blog da Feira","date":"13\/01\/2014","format":false,"excerpt":"Uma corretora de im\u00f3veis com sede em S\u00e3o Paulo, a Herzog, \u00e9 a respons\u00e1vel pela venda do pr\u00e9dio de uma antiga ind\u00fastria que fechou as portas no Centro Industrial do Suba\u00e9 (CIS), em Feira de Santana. Valor: 11 milh\u00f5es de reais.\u00a0O im\u00f3vel tem 75 mil metros quadrados de terreno sendo\u2026","rel":"","context":"Em &quot;Home&quot;","block_context":{"text":"Home","link":"https:\/\/blogdafeira.com.br\/home\/categoria\/raiz\/"},"img":{"alt_text":"CIS FEIRA","src":"https:\/\/i0.wp.com\/blogdafeira.com.br\/home\/wp-content\/uploads\/2014\/01\/CIS-FEIRA.jpg?resize=350%2C200","width":350,"height":200,"srcset":"https:\/\/i0.wp.com\/blogdafeira.com.br\/home\/wp-content\/uploads\/2014\/01\/CIS-FEIRA.jpg?resize=350%2C200 1x, https:\/\/i0.wp.com\/blogdafeira.com.br\/home\/wp-content\/uploads\/2014\/01\/CIS-FEIRA.jpg?resize=525%2C300 1.5x"},"classes":[]}],"_links":{"self":[{"href":"https:\/\/blogdafeira.com.br\/home\/wp-json\/wp\/v2\/posts\/11261","targetHints":{"allow":["GET"]}}],"collection":[{"href":"https:\/\/blogdafeira.com.br\/home\/wp-json\/wp\/v2\/posts"}],"about":[{"href":"https:\/\/blogdafeira.com.br\/home\/wp-json\/wp\/v2\/types\/post"}],"author":[{"embeddable":true,"href":"https:\/\/blogdafeira.com.br\/home\/wp-json\/wp\/v2\/users\/1"}],"replies":[{"embeddable":true,"href":"https:\/\/blogdafeira.com.br\/home\/wp-json\/wp\/v2\/comments?post=11261"}],"version-history":[{"count":5,"href":"https:\/\/blogdafeira.com.br\/home\/wp-json\/wp\/v2\/posts\/11261\/revisions"}],"predecessor-version":[{"id":11266,"href":"https:\/\/blogdafeira.com.br\/home\/wp-json\/wp\/v2\/posts\/11261\/revisions\/11266"}],"wp:attachment":[{"href":"https:\/\/blogdafeira.com.br\/home\/wp-json\/wp\/v2\/media?parent=11261"}],"wp:term":[{"taxonomy":"category","embeddable":true,"href":"https:\/\/blogdafeira.com.br\/home\/wp-json\/wp\/v2\/categories?post=11261"},{"taxonomy":"post_tag","embeddable":true,"href":"https:\/\/blogdafeira.com.br\/home\/wp-json\/wp\/v2\/tags?post=11261"}],"curies":[{"name":"wp","href":"https:\/\/api.w.org\/{rel}","templated":true}]}}