{"id":11562,"date":"2014-07-25T10:33:25","date_gmt":"2014-07-25T13:33:25","guid":{"rendered":"http:\/\/blogdafeira.com.br\/home\/?p=11562"},"modified":"2014-07-25T10:33:25","modified_gmt":"2014-07-25T13:33:25","slug":"recadastramento-no-planservba-continua-por-mais-60-dias","status":"publish","type":"post","link":"https:\/\/blogdafeira.com.br\/home\/2014\/07\/25\/recadastramento-no-planservba-continua-por-mais-60-dias\/","title":{"rendered":"Recadastramento no Planserv\/BA continua por mais 60 dias"},"content":{"rendered":"<div id=\"blogd-3290262294\" class=\"blogd-final-post blogd-entity-placement\"><a href=\"https:\/\/www.feiradesantana.ba.leg.br\/\" target=\"_blank\" aria-label=\"BANNER-SITE-ENTREGADECHEQUE-CAMARADEFEIRA\"><img loading=\"lazy\" decoding=\"async\" src=\"https:\/\/blogdafeira.com.br\/home\/wp-content\/uploads\/2026\/03\/BANNER-SITE-ENTREGADECHEQUE-CAMARADEFEIRA.gif\" alt=\"\"  class=\"no-lazyload\" width=\"728\" height=\"90\"   \/><\/a><\/div><div id=\"story_text\">\n<div align=\"justify\">Os benefici\u00e1rios do Planserv que ainda n\u00e3o se recadastraram na quarta etapa do processo t\u00eam mais 60 dias consecutivos para regularizar a situa\u00e7\u00e3o.<\/div>\n<div align=\"justify\"><\/div>\n<div align=\"justify\">O edital de notifica\u00e7\u00e3o foi publicado no Di\u00e1rio Oficial do Estado de quarta-feira (23). A rela\u00e7\u00e3o com os nomes dos benefici\u00e1rios que precisam fazer o procedimento est\u00e1 dispon\u00edvel no <strong><a href=\"http:\/\/www.planserv.ba.gov.br\" target=\"_blank\">site do Planserv.<br \/>\n<\/a><\/strong><br \/>\nA convoca\u00e7\u00e3o \u00e9 direcionada a benefici\u00e1rios que n\u00e3o cumpriram exig\u00eancias do recadastramento, seja o preenchimento do Formul\u00e1rio Eletr\u00f4nico de Recadastramento (FER), com acesso no site do \u00f3rg\u00e3o, ou a entrega da documenta\u00e7\u00e3o solicitada pela assist\u00eancia nos postos da Rede SAC.<\/div>\n<\/div>\n","protected":false},"excerpt":{"rendered":"<p>Os benefici\u00e1rios do Planserv que ainda n\u00e3o se recadastraram na quarta etapa do processo t\u00eam mais 60 dias consecutivos para regularizar a situa\u00e7\u00e3o. O edital de notifica\u00e7\u00e3o foi publicado no Di\u00e1rio Oficial do Estado de quarta-feira (23). A rela\u00e7\u00e3o com os nomes dos benefici\u00e1rios que precisam fazer o procedimento est\u00e1 dispon\u00edvel no site do Planserv.<\/p>\n","protected":false},"author":1,"featured_media":0,"comment_status":"closed","ping_status":"closed","sticky":false,"template":"","format":"standard","meta":{"jetpack_post_was_ever_published":false,"cybocfi_hide_featured_image":"","_jetpack_newsletter_access":"","_jetpack_dont_email_post_to_subs":false,"_jetpack_newsletter_tier_id":0,"_jetpack_memberships_contains_paywalled_content":false,"_jetpack_memberships_contains_paid_content":false,"footnotes":"","jetpack_publicize_message":"","jetpack_publicize_feature_enabled":true,"jetpack_social_post_already_shared":true,"jetpack_social_options":{"image_generator_settings":{"template":"highway","default_image_id":0,"font":"","enabled":false},"version":2}},"categories":[1],"tags":[],"class_list":["post-11562","post","type-post","status-publish","format-standard","hentry","category-raiz"],"jetpack_publicize_connections":[],"jetpack_featured_media_url":"","jetpack_shortlink":"https:\/\/wp.me\/p3niVf-30u","jetpack_sharing_enabled":true,"jetpack-related-posts":[{"id":5945,"url":"https:\/\/blogdafeira.com.br\/home\/2013\/11\/06\/carlos-geilson-diz-que-planserv-nao-e-ruim-mas-precisa-ser-aperfeicoado\/","url_meta":{"origin":11562,"position":0},"title":"Carlos Geilson diz que Planserv &#8216;n\u00e3o \u00e9 ruim&#8217; mas precisa ser &#8216;aperfei\u00e7oado&#8217;","author":"Blog da Feira","date":"06\/11\/2013","format":false,"excerpt":"\u201cSeria leviano afirmar que o Planserv \u00e9 um plano de sa\u00fade ruim, mas precisa ser aperfei\u00e7oado\u201d, disse o deputado Carlos Geilson ap\u00f3s aprova\u00e7\u00e3o, nesta quarta, 6,\u00a0na Assembleia Legislativa de projeto de reforma do Plano de Sa\u00fade dos servidores estaduais. Geilson est\u00e1 entre os parlamentares que criticartam o relator Jo\u00e3o Bonfim\u2026","rel":"","context":"Em &quot;Home&quot;","block_context":{"text":"Home","link":"https:\/\/blogdafeira.com.br\/home\/categoria\/raiz\/"},"img":{"alt_text":"","src":"","width":0,"height":0},"classes":[]},{"id":28593,"url":"https:\/\/blogdafeira.com.br\/home\/2017\/11\/16\/instituto-de-previdencia-de-feira-prorroga-prazo-de-recadastramento-dos-aposentados\/","url_meta":{"origin":11562,"position":1},"title":"Instituto de Previd\u00eancia de Feira prorroga prazo de recadastramento dos aposentados","author":"Blog da Feira","date":"16\/11\/2017","format":false,"excerpt":"O IPFS (Instituto de Previd\u00eancia de Feira de Santana) prorrogou o recadastramento de aposentados e pensionistas at\u00e9 o dia 27. A prova de vida estava prevista para ser encerrada no dia 10 deste m\u00eas. A prorroga\u00e7\u00e3o est\u00e1 relacionada \u00e0s condi\u00e7\u00f5es f\u00edsicas dos benefici\u00e1rios. Nem todos est\u00e3o em condi\u00e7\u00f5es de ir.\u2026","rel":"","context":"Em &quot;Home&quot;","block_context":{"text":"Home","link":"https:\/\/blogdafeira.com.br\/home\/categoria\/raiz\/"},"img":{"alt_text":"16112017090459","src":"https:\/\/i0.wp.com\/blogdafeira.com.br\/home\/wp-content\/uploads\/2017\/11\/16112017090459.jpg?resize=350%2C200","width":350,"height":200,"srcset":"https:\/\/i0.wp.com\/blogdafeira.com.br\/home\/wp-content\/uploads\/2017\/11\/16112017090459.jpg?resize=350%2C200 1x, https:\/\/i0.wp.com\/blogdafeira.com.br\/home\/wp-content\/uploads\/2017\/11\/16112017090459.jpg?resize=525%2C300 1.5x"},"classes":[]},{"id":25483,"url":"https:\/\/blogdafeira.com.br\/home\/2017\/01\/20\/internet-facilita-o-recadastramento-da-meia-passagem-em-feira-de-santana\/","url_meta":{"origin":11562,"position":2},"title":"Internet facilita o recadastramento da meia passagem em Feira de Santana","author":"Blog da Feira","date":"20\/01\/2017","format":false,"excerpt":"O recadastro da meia passagem estudantil 2017 em Feira de Santana que ocorre desde o dia 27 de dezembro do ano passado, j\u00e1 contabilizou mais de 2 mil alunos que j\u00e1 possu\u00edam o cart\u00e3o Via Feira. Em todo o ano de 2016, foram realizados 39 mil cadastros. O cart\u00e3o n\u00e3o\u2026","rel":"","context":"Em &quot;Home&quot;","block_context":{"text":"Home","link":"https:\/\/blogdafeira.com.br\/home\/categoria\/raiz\/"},"img":{"alt_text":"recadastro-estudantil","src":"https:\/\/i0.wp.com\/blogdafeira.com.br\/home\/wp-content\/uploads\/2017\/01\/RECADASTRO-ESTUDANTIL.jpg?resize=350%2C200","width":350,"height":200,"srcset":"https:\/\/i0.wp.com\/blogdafeira.com.br\/home\/wp-content\/uploads\/2017\/01\/RECADASTRO-ESTUDANTIL.jpg?resize=350%2C200 1x, https:\/\/i0.wp.com\/blogdafeira.com.br\/home\/wp-content\/uploads\/2017\/01\/RECADASTRO-ESTUDANTIL.jpg?resize=525%2C300 1.5x, https:\/\/i0.wp.com\/blogdafeira.com.br\/home\/wp-content\/uploads\/2017\/01\/RECADASTRO-ESTUDANTIL.jpg?resize=700%2C400 2x"},"classes":[]},{"id":8820,"url":"https:\/\/blogdafeira.com.br\/home\/2014\/01\/31\/recadastramento-do-passe-livre-em-feira-comeca-dia-10-na-smtt\/","url_meta":{"origin":11562,"position":3},"title":"Recadastramento do Passe Livre em Feira come\u00e7a dia 10 na SMTT","author":"Blog da Feira","date":"31\/01\/2014","format":false,"excerpt":"O recadastramento do cart\u00e3o \u201cPasse Livre\u201d em Feira de Santana, benef\u00edcio que garante a pessoas com defici\u00eancia e idosos acesso ao transporte p\u00fablico gratuitamente, ser\u00e1 iniciado no dia 10 de fevereiro, com encerramento previsto para o dia 10 de maio. Est\u00e1 obrigado a fazer o recadastramento quem n\u00e3o fez no\u2026","rel":"","context":"Em &quot;Home&quot;","block_context":{"text":"Home","link":"https:\/\/blogdafeira.com.br\/home\/categoria\/raiz\/"},"img":{"alt_text":"","src":"","width":0,"height":0},"classes":[]},{"id":6059,"url":"https:\/\/blogdafeira.com.br\/home\/2013\/11\/13\/ze-neto-diz-que-prefeitura-de-feira-deve-recadastrar-o-minha-casa-minha-vida\/","url_meta":{"origin":11562,"position":4},"title":"Z\u00e9 Neto diz que Prefeitura de Feira deve recadastrar o &#8216;Minha Casa Minha Vida\u00b4&#8217;","author":"Blog da Feira","date":"13\/11\/2013","format":false,"excerpt":"Com rela\u00e7\u00e3o \u00e0 den\u00fancia de fraude \u00a0envolvendo o Programa Minha Casa Minha Vida, divulgadas no jornal Folha do Estado, o deputado e l\u00edder do governo Wagner, Z\u00e9 Neto, disse que a Prefeitura de Feira \u2018precisa fazer um recadastramento\u2019. \u2018Um recadastramento urgente, um pente fino mesmo, para saber onde est\u00e3o estas\u2026","rel":"","context":"Em &quot;Home&quot;","block_context":{"text":"Home","link":"https:\/\/blogdafeira.com.br\/home\/categoria\/raiz\/"},"img":{"alt_text":"Z\u00e9 Neto entrega a chave simb\u00f3lica no Residencial Vida Nova Avi\u00e1rio III em maio deste ano","src":"https:\/\/i0.wp.com\/blogdafeira.com.br\/home\/wp-content\/uploads\/2013\/11\/Z%C3%A9-Neto-entrega-a-chave-simb%C3%B3lica-no-Residencial-Vida-Nova-Avi%C3%A1rio-III-em-maio-deste-ano-346x229.jpg?resize=350%2C200","width":350,"height":200},"classes":[]},{"id":62834,"url":"https:\/\/blogdafeira.com.br\/home\/2024\/07\/12\/servidores-estaduais-tem-condicoes-especiais-para-aquisicao-de-veiculos-da-byd\/","url_meta":{"origin":11562,"position":5},"title":"Servidores estaduais t\u00eam condi\u00e7\u00f5es especiais para aquisi\u00e7\u00e3o de ve\u00edculos da BYD","author":"Blog da Feira","date":"12\/07\/2024","format":false,"excerpt":"O Governo do Estado e a montadora chinesa Build Your Dreams (BYD) formalizaram, nesta quinta-feira (11), uma importante parceria para garantir que os servidores p\u00fablicos estaduais tenham condi\u00e7\u00f5es especiais na aquisi\u00e7\u00e3o de carros el\u00e9tricos e h\u00edbridos da greentech. O encontro entre o governador Jer\u00f4nimo Rodrigues e representantes da BYD foi\u2026","rel":"","context":"Em &quot;Economia&quot;","block_context":{"text":"Economia","link":"https:\/\/blogdafeira.com.br\/home\/categoria\/economia\/"},"img":{"alt_text":"","src":"https:\/\/i0.wp.com\/blogdafeira.com.br\/home\/wp-content\/uploads\/2024\/07\/BYD-Financiamento-para-servidor-publico-Fotos-Manu-Dias-GOVBA-73.jpeg?resize=350%2C200&ssl=1","width":350,"height":200,"srcset":"https:\/\/i0.wp.com\/blogdafeira.com.br\/home\/wp-content\/uploads\/2024\/07\/BYD-Financiamento-para-servidor-publico-Fotos-Manu-Dias-GOVBA-73.jpeg?resize=350%2C200&ssl=1 1x, https:\/\/i0.wp.com\/blogdafeira.com.br\/home\/wp-content\/uploads\/2024\/07\/BYD-Financiamento-para-servidor-publico-Fotos-Manu-Dias-GOVBA-73.jpeg?resize=525%2C300&ssl=1 1.5x, https:\/\/i0.wp.com\/blogdafeira.com.br\/home\/wp-content\/uploads\/2024\/07\/BYD-Financiamento-para-servidor-publico-Fotos-Manu-Dias-GOVBA-73.jpeg?resize=700%2C400&ssl=1 2x"},"classes":[]}],"_links":{"self":[{"href":"https:\/\/blogdafeira.com.br\/home\/wp-json\/wp\/v2\/posts\/11562","targetHints":{"allow":["GET"]}}],"collection":[{"href":"https:\/\/blogdafeira.com.br\/home\/wp-json\/wp\/v2\/posts"}],"about":[{"href":"https:\/\/blogdafeira.com.br\/home\/wp-json\/wp\/v2\/types\/post"}],"author":[{"embeddable":true,"href":"https:\/\/blogdafeira.com.br\/home\/wp-json\/wp\/v2\/users\/1"}],"replies":[{"embeddable":true,"href":"https:\/\/blogdafeira.com.br\/home\/wp-json\/wp\/v2\/comments?post=11562"}],"version-history":[{"count":1,"href":"https:\/\/blogdafeira.com.br\/home\/wp-json\/wp\/v2\/posts\/11562\/revisions"}],"predecessor-version":[{"id":11563,"href":"https:\/\/blogdafeira.com.br\/home\/wp-json\/wp\/v2\/posts\/11562\/revisions\/11563"}],"wp:attachment":[{"href":"https:\/\/blogdafeira.com.br\/home\/wp-json\/wp\/v2\/media?parent=11562"}],"wp:term":[{"taxonomy":"category","embeddable":true,"href":"https:\/\/blogdafeira.com.br\/home\/wp-json\/wp\/v2\/categories?post=11562"},{"taxonomy":"post_tag","embeddable":true,"href":"https:\/\/blogdafeira.com.br\/home\/wp-json\/wp\/v2\/tags?post=11562"}],"curies":[{"name":"wp","href":"https:\/\/api.w.org\/{rel}","templated":true}]}}