{"id":12323,"date":"2014-09-13T04:43:00","date_gmt":"2014-09-13T07:43:00","guid":{"rendered":"http:\/\/blogdafeira.com.br\/home\/?p=12323"},"modified":"2014-09-13T04:43:00","modified_gmt":"2014-09-13T07:43:00","slug":"dionorina-se-apresenta-com-40-anos-acustico-em-sao-paulo-no-dia-21","status":"publish","type":"post","link":"https:\/\/blogdafeira.com.br\/home\/2014\/09\/13\/dionorina-se-apresenta-com-40-anos-acustico-em-sao-paulo-no-dia-21\/","title":{"rendered":"Dionorina se apresenta com &#8217;40 Anos Ac\u00fastico&#8217; em S\u00e3o Paulo no dia 21"},"content":{"rendered":"<div id=\"blogd-1292091945\" class=\"blogd-fim-do-post-mobile blogd-entity-placement\" style=\"margin-left: auto;margin-right: auto;text-align: center;\"><a href=\"https:\/\/www.sefaz.feiradesantana.ba.gov.br\/\" target=\"_blank\" aria-label=\"728&#215;90 (6)\"><img loading=\"lazy\" decoding=\"async\" src=\"https:\/\/blogdafeira.com.br\/home\/wp-content\/uploads\/2026\/03\/728x90-6.gif\" alt=\"\"  class=\"no-lazyload\" width=\"728\" height=\"90\"  style=\"display: inline-block;\" \/><\/a><\/div><p><img loading=\"lazy\" decoding=\"async\" src=\"http:\/\/blogdafeira.com.br\/home\/wp-content\/uploads\/2014\/09\/DIONORIN-SAMPA.jpg\" alt=\"DIONORIN SAMPA\" width=\"518\" height=\"480\" class=\"aligncenter size-full wp-image-12324\" srcset=\"https:\/\/blogdafeira.com.br\/home\/wp-content\/uploads\/2014\/09\/DIONORIN-SAMPA.jpg 518w, https:\/\/blogdafeira.com.br\/home\/wp-content\/uploads\/2014\/09\/DIONORIN-SAMPA-161x150.jpg 161w, https:\/\/blogdafeira.com.br\/home\/wp-content\/uploads\/2014\/09\/DIONORIN-SAMPA-323x300.jpg 323w\" sizes=\"auto, (max-width: 518px) 100vw, 518px\" \/><br \/>\nO resultado de quatro d\u00e9cadas de uma trajet\u00f3ria consagrada pelo sucesso est\u00e1 contido no show Dionorina 40 Anos Ac\u00fastico, que ser\u00e1 realizado no dia 21 de setembro, \u00e0s 18 horas, na Sala Olido, na capital de S\u00e3o Paulo, com o patroc\u00ednio da Secretaria Municipal de Cultura.<\/p><div id=\"blogd-1567733678\" class=\"blogd-conteudo-2-mobile blogd-entity-placement\"><a href=\"https:\/\/feirenses.com.br\/\" target=\"_blank\" aria-label=\"feirenses\"><img loading=\"lazy\" decoding=\"async\" src=\"https:\/\/blogdafeira.com.br\/home\/wp-content\/uploads\/2026\/04\/feirenses.png\" alt=\"\"  srcset=\"https:\/\/blogdafeira.com.br\/home\/wp-content\/uploads\/2026\/04\/feirenses.png 300w, https:\/\/blogdafeira.com.br\/home\/wp-content\/uploads\/2026\/04\/feirenses-170x45.png 170w, https:\/\/blogdafeira.com.br\/home\/wp-content\/uploads\/2026\/04\/feirenses-280x74.png 280w\" sizes=\"(max-width: 300px) 100vw, 300px\" class=\"no-lazyload\" width=\"300\" height=\"79\"  style=\"display: inline-block;\" \/><\/a><\/div>\n<p>Na oportunidade, acontece o lan\u00e7amento de caixa contendo quatro CDs, al\u00e9m de DVD, registrando o resultado de um trabalho voltado para a valoriza\u00e7\u00e3o dos ritmos de matrizes afro-brasileiras, incluindo a m\u00fasica reggae.<\/p>\n<p> Antes de S\u00e3o Paulo, o show tamb\u00e9m ser\u00e1 apresentado em Feira de Santana, no dia 19 de setembro, \u00e0s 20:30h, no teatro de arena do Cuca, dentro da programa\u00e7\u00e3o do \u201cAberto do Cuca\u201d.<\/p>\n<div id=\"blogd-3582878068\" class=\"blogd-final-post blogd-entity-placement\"><a href=\"https:\/\/www.feiradesantana.ba.leg.br\/\" target=\"_blank\" aria-label=\"BANNER-SITE-ENTREGADECHEQUE-CAMARADEFEIRA\"><img loading=\"lazy\" decoding=\"async\" src=\"https:\/\/blogdafeira.com.br\/home\/wp-content\/uploads\/2026\/03\/BANNER-SITE-ENTREGADECHEQUE-CAMARADEFEIRA.gif\" alt=\"\"  class=\"no-lazyload\" width=\"728\" height=\"90\"   \/><\/a><\/div><p>Neste trabalho, Dionorina faz a releitura de uma parte do seu repert\u00f3rio, cantando e tocando viol\u00e3o ao lado dos m\u00fasicos S\u00e9rgio Magno (viol\u00e3o), Caroline Lopes (flauta), Wander Claudino (violoncelo) e Z\u00e9 das Congas (percuss\u00e3o).<\/p>\n","protected":false},"excerpt":{"rendered":"<p>O resultado de quatro d\u00e9cadas de uma trajet\u00f3ria consagrada pelo sucesso est\u00e1 contido no show Dionorina 40 Anos Ac\u00fastico, que ser\u00e1 realizado no dia 21 de setembro, \u00e0s 18 horas, na Sala Olido, na capital de S\u00e3o Paulo, com o patroc\u00ednio da Secretaria Municipal de Cultura. Na oportunidade, acontece o lan\u00e7amento de caixa contendo quatro<\/p>\n","protected":false},"author":1,"featured_media":0,"comment_status":"closed","ping_status":"closed","sticky":false,"template":"","format":"standard","meta":{"jetpack_post_was_ever_published":false,"cybocfi_hide_featured_image":"","_jetpack_newsletter_access":"","_jetpack_dont_email_post_to_subs":false,"_jetpack_newsletter_tier_id":0,"_jetpack_memberships_contains_paywalled_content":false,"_jetpack_memberships_contains_paid_content":false,"footnotes":"","jetpack_publicize_message":"","jetpack_publicize_feature_enabled":true,"jetpack_social_post_already_shared":true,"jetpack_social_options":{"image_generator_settings":{"template":"highway","default_image_id":0,"font":"","enabled":false},"version":2}},"categories":[1],"tags":[],"class_list":["post-12323","post","type-post","status-publish","format-standard","hentry","category-raiz"],"jetpack_publicize_connections":[],"jetpack_featured_media_url":"","jetpack_shortlink":"https:\/\/wp.me\/p3niVf-3cL","jetpack_sharing_enabled":true,"jetpack-related-posts":[{"id":7172,"url":"https:\/\/blogdafeira.com.br\/home\/2013\/12\/13\/dionorina-deixa-o-reggae-fora-do-repertorio-de-show-acustico-no-cuca\/","url_meta":{"origin":12323,"position":0},"title":"Dionorina deixa o &#8216;reggae&#8217; fora do repert\u00f3rio de show ac\u00fastico no CUCA","author":"Blog da Feira","date":"13\/12\/2013","format":false,"excerpt":"Pelo visto vai ser uma noite recheada de surpresas e outro modo de fazer m\u00fasica do cantor e compositor feirense Dionorina. No show \u201cDionorina Ac\u00fastico 40 Anos\u201d, que vai acontecer na pr\u00f3xima semana (19) no teatro de arena do Centro Universit\u00e1rio de Cultura e Arte (CUCA), o famoso 'reggae man'\u2026","rel":"","context":"Em &quot;Home&quot;","block_context":{"text":"Home","link":"https:\/\/blogdafeira.com.br\/home\/categoria\/raiz\/"},"img":{"alt_text":"dionorina acustico","src":"https:\/\/i0.wp.com\/blogdafeira.com.br\/home\/wp-content\/uploads\/2013\/12\/dionorina-acustico-346x230.jpg?resize=350%2C200","width":350,"height":200},"classes":[]},{"id":7204,"url":"https:\/\/blogdafeira.com.br\/home\/2021\/12\/18\/dionorina-corta-os-cabelos-dreads-que-cultivou-durante-35-anos\/","url_meta":{"origin":12323,"position":1},"title":"Tonho Dionorina cultivou cabelos &#8216;dreads&#8217; durante 35 anos","author":"Blog da Feira","date":"18\/12\/2021","format":false,"excerpt":"Quando completou 40 anos de carreira musical, em 2013,\u00a0 o cantor e compositor Dionorina, que se notabilizou como cantor de reggae resolveu mudar de visual e cortou os dreadlooks que cultivava h\u00e1 exatos 35 anos. Naquele ano\u00a0 Dionorina apresentou um show ac\u00fastico no teatro do Centro Universit\u00e1rio de Cultura e\u2026","rel":"","context":"Em &quot;Cultura&quot;","block_context":{"text":"Cultura","link":"https:\/\/blogdafeira.com.br\/home\/categoria\/cultura\/"},"img":{"alt_text":"DSC00126","src":"https:\/\/i0.wp.com\/blogdafeira.com.br\/home\/wp-content\/uploads\/2013\/12\/DSC00126.jpg?resize=350%2C200","width":350,"height":200,"srcset":"https:\/\/i0.wp.com\/blogdafeira.com.br\/home\/wp-content\/uploads\/2013\/12\/DSC00126.jpg?resize=350%2C200 1x, https:\/\/i0.wp.com\/blogdafeira.com.br\/home\/wp-content\/uploads\/2013\/12\/DSC00126.jpg?resize=525%2C300 1.5x"},"classes":[]},{"id":5661,"url":"https:\/\/blogdafeira.com.br\/home\/2013\/10\/21\/dionorina-faz-show-de-40-anos-de-carreira-com-reggae-e-musica-erudita\/","url_meta":{"origin":12323,"position":2},"title":"Dionorina faz show de 40 anos de carreira com reggae e m\u00fasica erudita","author":"Blog da Feira","date":"21\/10\/2013","format":false,"excerpt":"Um espet\u00e1culo suntuoso reunindo o reggae e o erudito dividido em duas partes. \u00c9 o que est\u00e1 sendo montado para o show \u201cDionorina in Concert 40 Anos\u201d, que acontece no dia 30 de outubro, \u00e0s 20h, no teatro de arena do Cuca, em Feira de Santana. O evento comemorativo dos\u2026","rel":"","context":"Em &quot;Home&quot;","block_context":{"text":"Home","link":"https:\/\/blogdafeira.com.br\/home\/categoria\/raiz\/"},"img":{"alt_text":"dionorina 40","src":"https:\/\/i0.wp.com\/blogdafeira.com.br\/home\/wp-content\/uploads\/2013\/10\/dionorina-40.jpg?resize=350%2C200","width":350,"height":200,"srcset":"https:\/\/i0.wp.com\/blogdafeira.com.br\/home\/wp-content\/uploads\/2013\/10\/dionorina-40.jpg?resize=350%2C200 1x, https:\/\/i0.wp.com\/blogdafeira.com.br\/home\/wp-content\/uploads\/2013\/10\/dionorina-40.jpg?resize=525%2C300 1.5x"},"classes":[]},{"id":3771,"url":"https:\/\/blogdafeira.com.br\/home\/2013\/07\/23\/vocalista-nelma-santos-adoece-e-dionorina-cancela-show-no-cuca\/","url_meta":{"origin":12323,"position":3},"title":"Vocalista Nelma Santos adoece e Dionorina cancela show no Cuca","author":"Blog da Feira","date":"23\/07\/2013","format":false,"excerpt":"Um problema de sa\u00fade na vocalista da Banda Cativeiro, Nelma Santos, provocou o \u00a0cancelamento do show que o cantor e compositor feirense Dionorina faria nesta quinta-feira, 25. Dionorina est\u00e1 comemorando 40 anos de carreira e iria mostrar no Cuca o repert\u00f3rio do show que encantou um p\u00fablico estimado em 30\u2026","rel":"","context":"Em &quot;Home&quot;","block_context":{"text":"Home","link":"https:\/\/blogdafeira.com.br\/home\/categoria\/raiz\/"},"img":{"alt_text":"Dionorian2 (1)","src":"https:\/\/i0.wp.com\/blogdafeira.com.br\/home\/wp-content\/uploads\/2013\/07\/Dionorian2-1.jpg?resize=350%2C200","width":350,"height":200,"srcset":"https:\/\/i0.wp.com\/blogdafeira.com.br\/home\/wp-content\/uploads\/2013\/07\/Dionorian2-1.jpg?resize=350%2C200 1x, https:\/\/i0.wp.com\/blogdafeira.com.br\/home\/wp-content\/uploads\/2013\/07\/Dionorian2-1.jpg?resize=525%2C300 1.5x"},"classes":[]},{"id":5810,"url":"https:\/\/blogdafeira.com.br\/home\/2013\/10\/30\/dionorina-in-concert-tem-participacao-de-convidados-e-parceiros\/","url_meta":{"origin":12323,"position":4},"title":"Dionorina in concert tem participa\u00e7\u00e3o de convidados e parceiros","author":"Blog da Feira","date":"30\/10\/2013","format":false,"excerpt":"O show 'Dionorina in concert', \u00a0acontece hoje, \u00e0s 20h, no Cuca, em Feira de Santana. O show \u00a0comemora os 40 anos de carreira deste reggae man. Diversos cantores e compositores convidados far\u00e3o parte do espet\u00e1culo. Dionorina vai cantar um mix de reggaes, mpb e m\u00fasica erudita. Dionorina vai apresentar um\u2026","rel":"","context":"Em &quot;Home&quot;","block_context":{"text":"Home","link":"https:\/\/blogdafeira.com.br\/home\/categoria\/raiz\/"},"img":{"alt_text":"1382920_563054017082277_1214271679_n","src":"https:\/\/i0.wp.com\/blogdafeira.com.br\/home\/wp-content\/uploads\/2013\/10\/1382920_563054017082277_1214271679_n.jpg?resize=350%2C200","width":350,"height":200,"srcset":"https:\/\/i0.wp.com\/blogdafeira.com.br\/home\/wp-content\/uploads\/2013\/10\/1382920_563054017082277_1214271679_n.jpg?resize=350%2C200 1x, https:\/\/i0.wp.com\/blogdafeira.com.br\/home\/wp-content\/uploads\/2013\/10\/1382920_563054017082277_1214271679_n.jpg?resize=525%2C300 1.5x, https:\/\/i0.wp.com\/blogdafeira.com.br\/home\/wp-content\/uploads\/2013\/10\/1382920_563054017082277_1214271679_n.jpg?resize=700%2C400 2x"},"classes":[]},{"id":5795,"url":"https:\/\/blogdafeira.com.br\/home\/2013\/10\/29\/dionorina-in-concert-cantor-tem-35-anos-que-nao-corta-os-dreadlocks\/","url_meta":{"origin":12323,"position":5},"title":"Dionorina in concert: cantor tem 35 anos que n\u00e3o corta os &#8216;dreadlocks&#8217;","author":"Blog da Feira","date":"29\/10\/2013","format":false,"excerpt":"O cantor e compositor Tonho Dionorina completa este ano 40 anos de carreira, com um show, nesta quarta-feira, no Cuca, que vai reunir o reggae, sua especialidade, e m\u00fasica erudita que aprendeu no conservat\u00f3rio de m\u00fasica em Feira de Santana. Considerado como um dos mais importantes reggae-man do Brasil, Dionorina\u2026","rel":"","context":"Em &quot;Home&quot;","block_context":{"text":"Home","link":"https:\/\/blogdafeira.com.br\/home\/categoria\/raiz\/"},"img":{"alt_text":"dionorina 40","src":"https:\/\/i0.wp.com\/blogdafeira.com.br\/home\/wp-content\/uploads\/2013\/10\/dionorina-40.jpg?resize=350%2C200","width":350,"height":200,"srcset":"https:\/\/i0.wp.com\/blogdafeira.com.br\/home\/wp-content\/uploads\/2013\/10\/dionorina-40.jpg?resize=350%2C200 1x, https:\/\/i0.wp.com\/blogdafeira.com.br\/home\/wp-content\/uploads\/2013\/10\/dionorina-40.jpg?resize=525%2C300 1.5x"},"classes":[]}],"_links":{"self":[{"href":"https:\/\/blogdafeira.com.br\/home\/wp-json\/wp\/v2\/posts\/12323","targetHints":{"allow":["GET"]}}],"collection":[{"href":"https:\/\/blogdafeira.com.br\/home\/wp-json\/wp\/v2\/posts"}],"about":[{"href":"https:\/\/blogdafeira.com.br\/home\/wp-json\/wp\/v2\/types\/post"}],"author":[{"embeddable":true,"href":"https:\/\/blogdafeira.com.br\/home\/wp-json\/wp\/v2\/users\/1"}],"replies":[{"embeddable":true,"href":"https:\/\/blogdafeira.com.br\/home\/wp-json\/wp\/v2\/comments?post=12323"}],"version-history":[{"count":1,"href":"https:\/\/blogdafeira.com.br\/home\/wp-json\/wp\/v2\/posts\/12323\/revisions"}],"predecessor-version":[{"id":12325,"href":"https:\/\/blogdafeira.com.br\/home\/wp-json\/wp\/v2\/posts\/12323\/revisions\/12325"}],"wp:attachment":[{"href":"https:\/\/blogdafeira.com.br\/home\/wp-json\/wp\/v2\/media?parent=12323"}],"wp:term":[{"taxonomy":"category","embeddable":true,"href":"https:\/\/blogdafeira.com.br\/home\/wp-json\/wp\/v2\/categories?post=12323"},{"taxonomy":"post_tag","embeddable":true,"href":"https:\/\/blogdafeira.com.br\/home\/wp-json\/wp\/v2\/tags?post=12323"}],"curies":[{"name":"wp","href":"https:\/\/api.w.org\/{rel}","templated":true}]}}