{"id":12540,"date":"2014-09-24T16:51:21","date_gmt":"2014-09-24T19:51:21","guid":{"rendered":"http:\/\/blogdafeira.com.br\/home\/?p=12540"},"modified":"2014-09-24T16:53:25","modified_gmt":"2014-09-24T19:53:25","slug":"editora-da-uefs-tem-18-novos-lancamentos-no-stand-da-feira-do-livro","status":"publish","type":"post","link":"https:\/\/blogdafeira.com.br\/home\/2014\/09\/24\/editora-da-uefs-tem-18-novos-lancamentos-no-stand-da-feira-do-livro\/","title":{"rendered":"Editora da UEFS tem 18 lan\u00e7amentos no stand da Feira do Livro"},"content":{"rendered":"<div id=\"blogd-551783203\" class=\"blogd-fim-do-post-mobile blogd-entity-placement\" style=\"margin-left: auto;margin-right: auto;text-align: center;\"><a href=\"https:\/\/www.sefaz.feiradesantana.ba.gov.br\/\" target=\"_blank\" aria-label=\"728&#215;90 (6)\"><img loading=\"lazy\" decoding=\"async\" src=\"https:\/\/blogdafeira.com.br\/home\/wp-content\/uploads\/2026\/03\/728x90-6.gif\" alt=\"\"  class=\"no-lazyload\" width=\"728\" height=\"90\"  style=\"display: inline-block;\" \/><\/a><\/div><p><img loading=\"lazy\" decoding=\"async\" class=\"aligncenter size-full wp-image-12541\" src=\"http:\/\/blogdafeira.com.br\/home\/wp-content\/uploads\/2014\/09\/DSC03340.jpg\" alt=\"DSC03340\" width=\"640\" height=\"480\" srcset=\"https:\/\/blogdafeira.com.br\/home\/wp-content\/uploads\/2014\/09\/DSC03340.jpg 640w, https:\/\/blogdafeira.com.br\/home\/wp-content\/uploads\/2014\/09\/DSC03340-170x127.jpg 170w, https:\/\/blogdafeira.com.br\/home\/wp-content\/uploads\/2014\/09\/DSC03340-346x259.jpg 346w\" sizes=\"auto, (max-width: 640px) 100vw, 640px\" \/>S\u00e3o 18 novos livros em &#8216;lan\u00e7amento&#8217; pela<a href=\"http:\/\/www.uefs.br\/portal\/publicacoes\/uefs-editora\/\" target=\"_blank\"> Editora da Universidade Estadual de Feira de Santana<\/a> durante a 7\u00aa Feira do Livro promovida pela UEFS em parceria com o Munic\u00edpio e o Estado, al\u00e9m de dezenas de outras editoras e institui\u00e7\u00f5es culturais.<\/p><div id=\"blogd-3751271854\" class=\"blogd-conteudo-2-mobile blogd-entity-placement\"><a href=\"https:\/\/feirenses.com.br\/\" target=\"_blank\" aria-label=\"feirenses\"><img loading=\"lazy\" decoding=\"async\" src=\"https:\/\/blogdafeira.com.br\/home\/wp-content\/uploads\/2026\/04\/feirenses.png\" alt=\"\"  srcset=\"https:\/\/blogdafeira.com.br\/home\/wp-content\/uploads\/2026\/04\/feirenses.png 300w, https:\/\/blogdafeira.com.br\/home\/wp-content\/uploads\/2026\/04\/feirenses-170x45.png 170w, https:\/\/blogdafeira.com.br\/home\/wp-content\/uploads\/2026\/04\/feirenses-280x74.png 280w\" sizes=\"(max-width: 300px) 100vw, 300px\" class=\"no-lazyload\" width=\"300\" height=\"79\"  style=\"display: inline-block;\" \/><\/a><\/div>\n<p>A Feira do Livro ocupa a pra\u00e7a do F\u00f3rum n\u00e3o apenas com vendas e exposi\u00e7\u00e3o de livros mas tamb\u00e9m com shows musicais, teatro, oficinas de arte, cordel e diversas outras manifesta\u00e7\u00f5es. \u00c9 tamb\u00e9m chamada de Festival Liter\u00e1rio e Cultural de Feira.<\/p>\n<p>O livro da foto acima &#8211; <a href=\"http:\/\/www.uefs.br\/portal\/publicacoes\/uefs-editora\/\" target=\"_blank\">Feira de Encantados, de \u00a0Ronaldo Senna<strong> (R$15,00)<\/strong><\/a> &#8211; \u00e9 um dos que comp\u00f5em a\u00a0cole\u00e7\u00e3o de &#8220;Lan\u00e7amentos&#8221; da Editora e \u00e9 resultado de pesquisa acad\u00eamica sobre candombl\u00e9 e umbanda em Feira de Santana.<\/p>\n<div id=\"blogd-1445587678\" class=\"blogd-final-post blogd-entity-placement\"><a href=\"https:\/\/www.feiradesantana.ba.leg.br\/\" target=\"_blank\" aria-label=\"BANNER-SITE-ENTREGADECHEQUE-CAMARADEFEIRA\"><img loading=\"lazy\" decoding=\"async\" src=\"https:\/\/blogdafeira.com.br\/home\/wp-content\/uploads\/2026\/03\/BANNER-SITE-ENTREGADECHEQUE-CAMARADEFEIRA.gif\" alt=\"\"  class=\"no-lazyload\" width=\"728\" height=\"90\"   \/><\/a><\/div><p>No pref\u00e1cio do livro, o professor de Hist\u00f3ria da UEFS, Eurelino Coelho diz que o livro de Ronaldo &#8220;<em>nos ensina que, se soubermos olhar, Feira de Santana e seus entroncamentos s\u00e3o como uma janela de onde podemos ver o Brasil sob um prisma novo&#8221;<\/em>.<\/p>\n","protected":false},"excerpt":{"rendered":"<p>S\u00e3o 18 novos livros em &#8216;lan\u00e7amento&#8217; pela Editora da Universidade Estadual de Feira de Santana durante a 7\u00aa Feira do Livro promovida pela UEFS em parceria com o Munic\u00edpio e o Estado, al\u00e9m de dezenas de outras editoras e institui\u00e7\u00f5es culturais. A Feira do Livro ocupa a pra\u00e7a do F\u00f3rum n\u00e3o apenas com vendas e<\/p>\n","protected":false},"author":1,"featured_media":0,"comment_status":"closed","ping_status":"closed","sticky":false,"template":"","format":"standard","meta":{"jetpack_post_was_ever_published":false,"cybocfi_hide_featured_image":"","_jetpack_newsletter_access":"","_jetpack_dont_email_post_to_subs":false,"_jetpack_newsletter_tier_id":0,"_jetpack_memberships_contains_paywalled_content":false,"_jetpack_memberships_contains_paid_content":false,"footnotes":"","jetpack_publicize_message":"","jetpack_publicize_feature_enabled":true,"jetpack_social_post_already_shared":true,"jetpack_social_options":{"image_generator_settings":{"template":"highway","default_image_id":0,"font":"","enabled":false},"version":2}},"categories":[1],"tags":[],"class_list":["post-12540","post","type-post","status-publish","format-standard","hentry","category-raiz"],"jetpack_publicize_connections":[],"jetpack_featured_media_url":"","jetpack_shortlink":"https:\/\/wp.me\/p3niVf-3gg","jetpack_sharing_enabled":true,"jetpack-related-posts":[{"id":18059,"url":"https:\/\/blogdafeira.com.br\/home\/2015\/12\/01\/editora-da-uefs-lanca-tres-livros-infantojuvenis-no-dia-8-de-dezembro\/","url_meta":{"origin":12540,"position":0},"title":"Editora da UEFS lan\u00e7a tr\u00eas livros infantojuvenis no dia 8 de dezembro","author":"Blog da Feira","date":"01\/12\/2015","format":false,"excerpt":"A Uefs Editora lan\u00e7a no dia 8 de dezembro tr\u00eas livros infantojuvenis. As publica\u00e7\u00f5es s\u00e3o as primeiras voltadas para crian\u00e7as e adolescentes da editora universit\u00e1ria que, at\u00e9 ent\u00e3o, s\u00f3 publicava livros resultantes de trabalhos de pesquisa, como disserta\u00e7\u00f5es e teses. A solenidade de lan\u00e7amento ser\u00e1 no hall do pr\u00e9dio da\u2026","rel":"","context":"Em &quot;Home&quot;","block_context":{"text":"Home","link":"https:\/\/blogdafeira.com.br\/home\/categoria\/raiz\/"},"img":{"alt_text":"z  uefs_editora_lancamentos_dia_8-12-15","src":"https:\/\/i0.wp.com\/blogdafeira.com.br\/home\/wp-content\/uploads\/2015\/12\/z-uefs_editora_lancamentos_dia_8-12-15.jpg?resize=350%2C200","width":350,"height":200,"srcset":"https:\/\/i0.wp.com\/blogdafeira.com.br\/home\/wp-content\/uploads\/2015\/12\/z-uefs_editora_lancamentos_dia_8-12-15.jpg?resize=350%2C200 1x, https:\/\/i0.wp.com\/blogdafeira.com.br\/home\/wp-content\/uploads\/2015\/12\/z-uefs_editora_lancamentos_dia_8-12-15.jpg?resize=525%2C300 1.5x"},"classes":[]},{"id":32815,"url":"https:\/\/blogdafeira.com.br\/home\/2019\/09\/10\/lancamentos-da-editora-zarte-na-feira-do-livro-de-feira-de-santana-serao-nos-dia-27-e-28\/","url_meta":{"origin":12540,"position":1},"title":"Lan\u00e7amentos da Editora Zarte na Feira do Livro de Feira de Santana ser\u00e3o nos dias 27 e 28","author":"J\u00e2nio R\u00eago","date":"10\/09\/2019","format":false,"excerpt":"Pelo menos seis t\u00edtulos novos da Editora Zarte ser\u00e3o lan\u00e7ados odicialmente durante a Feira do Livro de Feira de Santana (Flifs). A Zarte \u00e9 uma editora de Feira de Santana com centenas de t\u00edtulos j\u00e1 publicados e lan\u00e7ados na Bahia e outros estados. Abaixo, tr\u00eas lan\u00e7amentos na Feira do Livro\u2026","rel":"","context":"Em &quot;Home&quot;","block_context":{"text":"Home","link":"https:\/\/blogdafeira.com.br\/home\/categoria\/raiz\/"},"img":{"alt_text":"","src":"https:\/\/i0.wp.com\/blogdafeira.com.br\/home\/wp-content\/uploads\/2019\/09\/IMG_20190910_181219_055-181x300.jpg?resize=350%2C200","width":350,"height":200},"classes":[]},{"id":58688,"url":"https:\/\/blogdafeira.com.br\/home\/2023\/07\/19\/editora-zarte-tera-espaco-dedicado-a-literatura-nacional-na-flifs\/","url_meta":{"origin":12540,"position":2},"title":"Editora Zarte ter\u00e1 espa\u00e7o dedicado \u00e0 literatura nacional na FLIFS","author":"Blog da Feira","date":"19\/07\/2023","format":false,"excerpt":"A Editora Zarte, especializada em literatura brasileira contempor\u00e2nea, participar\u00e1 pela primeira vez com stand pr\u00f3prio do Festival Liter\u00e1rio e Cultural de Feira de Santana (FLIFS), que acontecer\u00e1 entre os dias 26 de setembro e 01 de outubro, na Pra\u00e7a Padre Ov\u00eddio. O evento \u00e9 organizado pela Universidade Estadual de Feira\u2026","rel":"","context":"Em &quot;Cultura&quot;","block_context":{"text":"Cultura","link":"https:\/\/blogdafeira.com.br\/home\/categoria\/cultura\/"},"img":{"alt_text":"","src":"https:\/\/i0.wp.com\/blogdafeira.com.br\/home\/wp-content\/uploads\/2023\/07\/R.jpeg?resize=350%2C200&ssl=1","width":350,"height":200,"srcset":"https:\/\/i0.wp.com\/blogdafeira.com.br\/home\/wp-content\/uploads\/2023\/07\/R.jpeg?resize=350%2C200&ssl=1 1x, https:\/\/i0.wp.com\/blogdafeira.com.br\/home\/wp-content\/uploads\/2023\/07\/R.jpeg?resize=525%2C300&ssl=1 1.5x, https:\/\/i0.wp.com\/blogdafeira.com.br\/home\/wp-content\/uploads\/2023\/07\/R.jpeg?resize=700%2C400&ssl=1 2x, https:\/\/i0.wp.com\/blogdafeira.com.br\/home\/wp-content\/uploads\/2023\/07\/R.jpeg?resize=1050%2C600&ssl=1 3x"},"classes":[]},{"id":16764,"url":"https:\/\/blogdafeira.com.br\/home\/2015\/09\/22\/editora-uefs-abre-inscricoes-para-publicar-livros-infanto-juvenis\/","url_meta":{"origin":12540,"position":3},"title":"Editora UEFS abre inscri\u00e7\u00f5es para publicar livros infanto-juvenis","author":"Blog da Feira","date":"22\/09\/2015","format":false,"excerpt":"Est\u00e3o \u00a0abertas as inscri\u00e7\u00f5es para a sele\u00e7\u00e3o de originais para a publica\u00e7\u00e3o de livros de natureza infanto-juvenil pela Editora da Universidade Estadual de Feira de Santana. Ser\u00e3o aceitos para an\u00e1lise do Conselho Editorial da UEFS Editora, com vistas \u00e0 publica\u00e7\u00e3o com recursos or\u00e7ament\u00e1rios da UEFS, originais de autoria de estudantes\u2026","rel":"","context":"Em &quot;Home&quot;","block_context":{"text":"Home","link":"https:\/\/blogdafeira.com.br\/home\/categoria\/raiz\/"},"img":{"alt_text":"","src":"","width":0,"height":0},"classes":[]},{"id":28780,"url":"https:\/\/blogdafeira.com.br\/home\/2017\/12\/11\/feirao-de-livros-da-editora-da-uefs-no-campus-proxima-quarta-feira\/","url_meta":{"origin":12540,"position":4},"title":"&#8216;Feir\u00e3o&#8217; de livros da Editora da UEFS no campus pr\u00f3xima quarta-feira","author":"Blog da Feira","date":"11\/12\/2017","format":false,"excerpt":"Setenta e nove livros, lan\u00e7ados pela UEFS Editora entre 2015 e 2017, estar\u00e3o \u00e0 venda, com a presen\u00e7a dos autores, em evento do final deste ano, no dia 13 de dezembro (quarta-feira), a partir das 16h, no hall da Reitoria da Universidade Estadual de Feira de Santana (Uefs). Resultantes de\u2026","rel":"","context":"Em &quot;Home&quot;","block_context":{"text":"Home","link":"https:\/\/blogdafeira.com.br\/home\/categoria\/raiz\/"},"img":{"alt_text":"convite-1","src":"https:\/\/i0.wp.com\/blogdafeira.com.br\/home\/wp-content\/uploads\/2017\/12\/CONVITE-1-1024x722.jpg?resize=350%2C200","width":350,"height":200,"srcset":"https:\/\/i0.wp.com\/blogdafeira.com.br\/home\/wp-content\/uploads\/2017\/12\/CONVITE-1-1024x722.jpg?resize=350%2C200 1x, https:\/\/i0.wp.com\/blogdafeira.com.br\/home\/wp-content\/uploads\/2017\/12\/CONVITE-1-1024x722.jpg?resize=525%2C300 1.5x, https:\/\/i0.wp.com\/blogdafeira.com.br\/home\/wp-content\/uploads\/2017\/12\/CONVITE-1-1024x722.jpg?resize=700%2C400 2x"},"classes":[]},{"id":22647,"url":"https:\/\/blogdafeira.com.br\/home\/2016\/07\/23\/livro-do-jornalista-jorge-magalhaes-foi-editado-em-portugal\/","url_meta":{"origin":12540,"position":5},"title":"Livro do jornalista Jorge Magalh\u00e3es foi editado em Portugal","author":"Blog da Feira","date":"23\/07\/2016","format":false,"excerpt":"A Editora Chiado, com sede na avenida Liberdade, em Lisboa, \u00a0tem seis escrit\u00f3rios internacionais com abrang\u00eancia em cerca de duas dezenas de pa\u00edses de todos os continentes.\u00a0Em Paris, por exemplo, o escrit\u00f3rio est\u00e1 na Avenue des Champs Elys\u00e9es e na Alemanha na Kurf\u00fcstendamm, em Berlim. O livro\u00a0\"A Rep\u00fablica do Mangue\"\u2026","rel":"","context":"Em &quot;Home&quot;","block_context":{"text":"Home","link":"https:\/\/blogdafeira.com.br\/home\/categoria\/raiz\/"},"img":{"alt_text":"IMG_20160723_082923","src":"https:\/\/i0.wp.com\/blogdafeira.com.br\/home\/wp-content\/uploads\/2016\/07\/IMG_20160723_082923-758x1024.jpg?resize=350%2C200","width":350,"height":200,"srcset":"https:\/\/i0.wp.com\/blogdafeira.com.br\/home\/wp-content\/uploads\/2016\/07\/IMG_20160723_082923-758x1024.jpg?resize=350%2C200 1x, https:\/\/i0.wp.com\/blogdafeira.com.br\/home\/wp-content\/uploads\/2016\/07\/IMG_20160723_082923-758x1024.jpg?resize=525%2C300 1.5x"},"classes":[]}],"_links":{"self":[{"href":"https:\/\/blogdafeira.com.br\/home\/wp-json\/wp\/v2\/posts\/12540","targetHints":{"allow":["GET"]}}],"collection":[{"href":"https:\/\/blogdafeira.com.br\/home\/wp-json\/wp\/v2\/posts"}],"about":[{"href":"https:\/\/blogdafeira.com.br\/home\/wp-json\/wp\/v2\/types\/post"}],"author":[{"embeddable":true,"href":"https:\/\/blogdafeira.com.br\/home\/wp-json\/wp\/v2\/users\/1"}],"replies":[{"embeddable":true,"href":"https:\/\/blogdafeira.com.br\/home\/wp-json\/wp\/v2\/comments?post=12540"}],"version-history":[{"count":3,"href":"https:\/\/blogdafeira.com.br\/home\/wp-json\/wp\/v2\/posts\/12540\/revisions"}],"predecessor-version":[{"id":12544,"href":"https:\/\/blogdafeira.com.br\/home\/wp-json\/wp\/v2\/posts\/12540\/revisions\/12544"}],"wp:attachment":[{"href":"https:\/\/blogdafeira.com.br\/home\/wp-json\/wp\/v2\/media?parent=12540"}],"wp:term":[{"taxonomy":"category","embeddable":true,"href":"https:\/\/blogdafeira.com.br\/home\/wp-json\/wp\/v2\/categories?post=12540"},{"taxonomy":"post_tag","embeddable":true,"href":"https:\/\/blogdafeira.com.br\/home\/wp-json\/wp\/v2\/tags?post=12540"}],"curies":[{"name":"wp","href":"https:\/\/api.w.org\/{rel}","templated":true}]}}