{"id":12777,"date":"2014-10-07T19:09:53","date_gmt":"2014-10-07T22:09:53","guid":{"rendered":"http:\/\/blogdafeira.com.br\/home\/?p=12777"},"modified":"2014-10-07T19:09:53","modified_gmt":"2014-10-07T22:09:53","slug":"wagner-pede-aos-baianos-uma-vitoria-ainda-mais-retumbante-para-dilma","status":"publish","type":"post","link":"https:\/\/blogdafeira.com.br\/home\/2014\/10\/07\/wagner-pede-aos-baianos-uma-vitoria-ainda-mais-retumbante-para-dilma\/","title":{"rendered":"Wagner pede aos baianos uma &#8216;vit\u00f3ria ainda mais retumbante&#8217; para Dilma"},"content":{"rendered":"<p><iframe loading=\"lazy\" width=\"560\" height=\"315\" src=\"\/\/www.youtube.com\/embed\/tSUNMTbqKQg?list=UUVWlrrybseFmPru4eb-QcLg\" frameborder=\"0\" allowfullscreen><\/iframe><\/p>\n","protected":false},"excerpt":{"rendered":"","protected":false},"author":1,"featured_media":0,"comment_status":"closed","ping_status":"closed","sticky":false,"template":"","format":"standard","meta":{"jetpack_post_was_ever_published":false,"cybocfi_hide_featured_image":"","_jetpack_newsletter_access":"","_jetpack_dont_email_post_to_subs":false,"_jetpack_newsletter_tier_id":0,"_jetpack_memberships_contains_paywalled_content":false,"_jetpack_memberships_contains_paid_content":false,"footnotes":"","jetpack_publicize_message":"","jetpack_publicize_feature_enabled":true,"jetpack_social_post_already_shared":true,"jetpack_social_options":{"image_generator_settings":{"template":"highway","default_image_id":0,"font":"","enabled":false},"version":2}},"categories":[1],"tags":[],"class_list":["post-12777","post","type-post","status-publish","format-standard","hentry","category-raiz"],"jetpack_publicize_connections":[],"jetpack_featured_media_url":"","jetpack_shortlink":"https:\/\/wp.me\/p3niVf-3k5","jetpack_sharing_enabled":true,"jetpack-related-posts":[{"id":13023,"url":"https:\/\/blogdafeira.com.br\/home\/2014\/10\/20\/com-dilma-eleita-wagner-vai-para-casa-civil-diz-colunista-da-revista-epoca\/","url_meta":{"origin":12777,"position":0},"title":"Com Dilma eleita Wagner vai para Casa Civil, diz colunista da revista \u00c9poca","author":"Blog da Feira","date":"20\/10\/2014","format":false,"excerpt":"O colunista Felipe Patury, da revista \u00c9poca, escreve que\u00a0\u00a0\"o entorno de Dilma cogita que Wagner deve ser acomodado na Casa Civil, caso Aloizio Mercadante se mude para a Fazenda\". O jornalista lembra que o nome do \u00a0governador da Bahia, Jacques Wagner, sempre foi lembrado para ocupar o primeiro escal\u00e3o num\u2026","rel":"","context":"Em &quot;Home&quot;","block_context":{"text":"Home","link":"https:\/\/blogdafeira.com.br\/home\/categoria\/raiz\/"},"img":{"alt_text":"","src":"","width":0,"height":0},"classes":[]},{"id":13789,"url":"https:\/\/blogdafeira.com.br\/home\/2014\/11\/30\/geddel-ironiza-wagner-no-ministerio-de-dilma-vai-chegar-fraquinho-fraquinho\/","url_meta":{"origin":12777,"position":1},"title":"Geddel ironiza Wagner no Minist\u00e9rio de Dilma: &#8216;vai chegar fraquinho, fraquinho&#8217;","author":"Blog da Feira","date":"30\/11\/2014","format":false,"excerpt":"O ex-ministro Geddel Vieira Lima (PMDB) disparou sua ironia\u00a0sobre as especula\u00e7\u00f5es acerca do governador Jacques Wagner ir para o Minist\u00e9rio do segundo mandato da Presidenta Dilma Roussef. Pelo\u00a0twitter,\u00a0l\u00edder do PMDB baiano escreveu: Pres Dilma,vou lhe fazer um apelo Anuncia logo o lugar do Wagner O q a senhora ta fazendo\u2026","rel":"","context":"Em &quot;Home&quot;","block_context":{"text":"Home","link":"https:\/\/blogdafeira.com.br\/home\/categoria\/raiz\/"},"img":{"alt_text":"","src":"","width":0,"height":0},"classes":[]},{"id":13259,"url":"https:\/\/blogdafeira.com.br\/home\/2014\/11\/03\/dilma-nao-recebeu-nenhum-politico-baiano-na-praia-de-inema\/","url_meta":{"origin":12777,"position":2},"title":"Dilma n\u00e3o recebeu nenhum pol\u00edtico baiano na praia de Inema","author":"Blog da Feira","date":"03\/11\/2014","format":false,"excerpt":"Da coluna Raio Laser, da Tribuna da Bahia: Com Jaques Wagner (PT) fora do pa\u00eds no per\u00edodo em que esteve hospedada em Inema, a presidente Dilma Rousseff n\u00e3o recebeu nenhum pol\u00edtico baiano na casa de praia da Presid\u00eancia, no Sub\u00farbio Uma prova de que n\u00e3o tem rela\u00e7\u00e3o com ningu\u00e9m na\u2026","rel":"","context":"Em &quot;Home&quot;","block_context":{"text":"Home","link":"https:\/\/blogdafeira.com.br\/home\/categoria\/raiz\/"},"img":{"alt_text":"","src":"","width":0,"height":0},"classes":[]},{"id":5804,"url":"https:\/\/blogdafeira.com.br\/home\/2013\/10\/30\/presidenta-dilma-vem-a-bahia-pela-segunda-vez-em-tres-semanas\/","url_meta":{"origin":12777,"position":3},"title":"Presidenta Dilma vem a Bahia pela segunda vez em tr\u00eas semanas","author":"Blog da Feira","date":"30\/10\/2013","format":false,"excerpt":"A presidenta Dilma Rousseff \u00a0entrega a Via Expressa Ba\u00eda de Todos-os-Santos, nesta sexta-feira (1\u00ba), \u00e0s 10 horas, em Salvador, com o governador Jacques Wagner, pol\u00edticos e autoridades baianas. Essa \u00e9 a segunda vez, \u00a0em apenas tr\u00eas semanas, que a Presidenta vem a Bahia. A Via Expressa \u00e9 considerado pelo governador\u2026","rel":"","context":"Em &quot;Home&quot;","block_context":{"text":"Home","link":"https:\/\/blogdafeira.com.br\/home\/categoria\/raiz\/"},"img":{"alt_text":"","src":"","width":0,"height":0},"classes":[]},{"id":21187,"url":"https:\/\/blogdafeira.com.br\/home\/2016\/05\/01\/wagner-volta-pra-bahia-e-assume-secretaria-no-governo-rui-diz-o-globo\/","url_meta":{"origin":12777,"position":4},"title":"Wagner volta pra Bahia e assume Secretaria no governo Rui, diz &#8216;O Globo&#8217;","author":"Blog da Feira","date":"01\/05\/2016","format":false,"excerpt":"\"O chefe de gabinete de Dilma deve voltar para a Bahia, onde fez o sucessor no governo do estado, o petista Rui Costa. Wagner poderia ocupar uma secretaria no governo baiano, mas tamb\u00e9m \u00e9 cotado para assumir posi\u00e7\u00f5es de dire\u00e7\u00e3o no PT para ajudar a reestruturar o partido.\" A nota\u2026","rel":"","context":"Em &quot;Home&quot;","block_context":{"text":"Home","link":"https:\/\/blogdafeira.com.br\/home\/categoria\/raiz\/"},"img":{"alt_text":"ZE NETO HELICOPTERO","src":"https:\/\/i0.wp.com\/blogdafeira.com.br\/home\/wp-content\/uploads\/2014\/11\/ZE-NETO-HELICOPTERO.jpg?resize=350%2C200","width":350,"height":200,"srcset":"https:\/\/i0.wp.com\/blogdafeira.com.br\/home\/wp-content\/uploads\/2014\/11\/ZE-NETO-HELICOPTERO.jpg?resize=350%2C200 1x, https:\/\/i0.wp.com\/blogdafeira.com.br\/home\/wp-content\/uploads\/2014\/11\/ZE-NETO-HELICOPTERO.jpg?resize=525%2C300 1.5x, https:\/\/i0.wp.com\/blogdafeira.com.br\/home\/wp-content\/uploads\/2014\/11\/ZE-NETO-HELICOPTERO.jpg?resize=700%2C400 2x"},"classes":[]},{"id":12946,"url":"https:\/\/blogdafeira.com.br\/home\/2014\/10\/16\/governador-jacques-wagner-define-aecio-neves-pastel-de-vento\/","url_meta":{"origin":12777,"position":5},"title":"Governador Jacques Wagner define A\u00e9cio Neves: &#8220;pastel de vento&#8221;","author":"Blog da Feira","date":"16\/10\/2014","format":false,"excerpt":"\"Aquele rapaz \u00e9 pastel de vento. \u00c9 bonito por fora, mas quando voc\u00ea morde n\u00e3o tem conte\u00fado nenhum. Voc\u00eas viram o debate?\u00a0\u00a0N\u00e3o tem propostas\", disse o governador Jacques Wagner em evento de apoio \u00e0 candidatura de Dilma Rousseff (PT) em Salvador, na manh\u00e3 desta quinta-feira, 16. Wagner disse que A\u00e9cio\u2026","rel":"","context":"Em &quot;Home&quot;","block_context":{"text":"Home","link":"https:\/\/blogdafeira.com.br\/home\/categoria\/raiz\/"},"img":{"alt_text":"","src":"","width":0,"height":0},"classes":[]}],"_links":{"self":[{"href":"https:\/\/blogdafeira.com.br\/home\/wp-json\/wp\/v2\/posts\/12777","targetHints":{"allow":["GET"]}}],"collection":[{"href":"https:\/\/blogdafeira.com.br\/home\/wp-json\/wp\/v2\/posts"}],"about":[{"href":"https:\/\/blogdafeira.com.br\/home\/wp-json\/wp\/v2\/types\/post"}],"author":[{"embeddable":true,"href":"https:\/\/blogdafeira.com.br\/home\/wp-json\/wp\/v2\/users\/1"}],"replies":[{"embeddable":true,"href":"https:\/\/blogdafeira.com.br\/home\/wp-json\/wp\/v2\/comments?post=12777"}],"version-history":[{"count":1,"href":"https:\/\/blogdafeira.com.br\/home\/wp-json\/wp\/v2\/posts\/12777\/revisions"}],"predecessor-version":[{"id":12778,"href":"https:\/\/blogdafeira.com.br\/home\/wp-json\/wp\/v2\/posts\/12777\/revisions\/12778"}],"wp:attachment":[{"href":"https:\/\/blogdafeira.com.br\/home\/wp-json\/wp\/v2\/media?parent=12777"}],"wp:term":[{"taxonomy":"category","embeddable":true,"href":"https:\/\/blogdafeira.com.br\/home\/wp-json\/wp\/v2\/categories?post=12777"},{"taxonomy":"post_tag","embeddable":true,"href":"https:\/\/blogdafeira.com.br\/home\/wp-json\/wp\/v2\/tags?post=12777"}],"curies":[{"name":"wp","href":"https:\/\/api.w.org\/{rel}","templated":true}]}}