{"id":12937,"date":"2014-10-16T11:31:34","date_gmt":"2014-10-16T14:31:34","guid":{"rendered":"http:\/\/blogdafeira.com.br\/home\/?p=12937"},"modified":"2022-01-24T10:46:53","modified_gmt":"2022-01-24T13:46:53","slug":"relogio-da-torre-da-catedral-de-santanna-em-feira-tem-102-anos","status":"publish","type":"post","link":"https:\/\/blogdafeira.com.br\/home\/2014\/10\/16\/relogio-da-torre-da-catedral-de-santanna-em-feira-tem-102-anos\/","title":{"rendered":"O rel\u00f3gio alem\u00e3o da torre da Catedral de Sant&#8217;Anna em Feira"},"content":{"rendered":"<p><img loading=\"lazy\" decoding=\"async\" class=\"aligncenter size-full wp-image-12938\" src=\"http:\/\/blogdafeira.com.br\/home\/wp-content\/uploads\/2014\/10\/DSC03478.jpg\" alt=\"DSC03478\" width=\"3456\" height=\"2592\" srcset=\"https:\/\/blogdafeira.com.br\/home\/wp-content\/uploads\/2014\/10\/DSC03478.jpg 3456w, https:\/\/blogdafeira.com.br\/home\/wp-content\/uploads\/2014\/10\/DSC03478-170x127.jpg 170w, https:\/\/blogdafeira.com.br\/home\/wp-content\/uploads\/2014\/10\/DSC03478-346x259.jpg 346w, https:\/\/blogdafeira.com.br\/home\/wp-content\/uploads\/2014\/10\/DSC03478-1024x768.jpg 1024w\" sizes=\"auto, (max-width: 3456px) 100vw, 3456px\" \/><\/p>\n<div id=\"blogd-4112229346\" class=\"blogd-fim-do-post-mobile blogd-entity-placement\" style=\"margin-left: auto;margin-right: auto;text-align: center;\"><a href=\"https:\/\/www.sefaz.feiradesantana.ba.gov.br\/\" target=\"_blank\" aria-label=\"728&#215;90 (6)\"><img loading=\"lazy\" decoding=\"async\" src=\"https:\/\/blogdafeira.com.br\/home\/wp-content\/uploads\/2026\/03\/728x90-6.gif\" alt=\"\"  class=\"no-lazyload\" width=\"728\" height=\"90\"  style=\"display: inline-block;\" \/><\/a><\/div><p>O ano exato do s\u00e9culo passado em que esse rel\u00f3gio foi instalado na Catedral de Sant&#8217;Anna, em Feira, \u00a0somente uma pesquisa mais apurada no Livro do Tombo da Par\u00f3quia poder\u00e1 determinar, mas a data da fabrica\u00e7\u00e3o est\u00e1 gravada no ferro fundido da m\u00e1quina que est\u00e1 fixada no piso de uma das torres: <a href=\"http:\/\/de.wikipedia.org\/wiki\/J._F._Weule\" target=\"_blank\" rel=\"noopener noreferrer\"><strong>1912, \u00a0Bockenem, Alemanha.<\/strong><\/a><\/p><div id=\"blogd-2736564986\" class=\"blogd-conteudo-2-mobile blogd-entity-placement\"><a href=\"https:\/\/feirenses.com.br\/\" target=\"_blank\" aria-label=\"feirenses\"><img loading=\"lazy\" decoding=\"async\" src=\"https:\/\/blogdafeira.com.br\/home\/wp-content\/uploads\/2026\/04\/feirenses.png\" alt=\"\"  srcset=\"https:\/\/blogdafeira.com.br\/home\/wp-content\/uploads\/2026\/04\/feirenses.png 300w, https:\/\/blogdafeira.com.br\/home\/wp-content\/uploads\/2026\/04\/feirenses-170x45.png 170w, https:\/\/blogdafeira.com.br\/home\/wp-content\/uploads\/2026\/04\/feirenses-280x74.png 280w\" sizes=\"(max-width: 300px) 100vw, 300px\" class=\"no-lazyload\" width=\"300\" height=\"79\"  style=\"display: inline-block;\" \/><\/a><\/div>\n<p><img loading=\"lazy\" decoding=\"async\" class=\"aligncenter size-full wp-image-12940\" src=\"http:\/\/blogdafeira.com.br\/home\/wp-content\/uploads\/2014\/10\/DSC03488.jpg\" alt=\"DSC03488\" width=\"3456\" height=\"2592\" srcset=\"https:\/\/blogdafeira.com.br\/home\/wp-content\/uploads\/2014\/10\/DSC03488.jpg 3456w, https:\/\/blogdafeira.com.br\/home\/wp-content\/uploads\/2014\/10\/DSC03488-170x127.jpg 170w, https:\/\/blogdafeira.com.br\/home\/wp-content\/uploads\/2014\/10\/DSC03488-346x259.jpg 346w, https:\/\/blogdafeira.com.br\/home\/wp-content\/uploads\/2014\/10\/DSC03488-1024x768.jpg 1024w\" sizes=\"auto, (max-width: 3456px) 100vw, 3456px\" \/><\/p>\n<p>Fabricado pela tradicional f\u00e1brica de rel\u00f3gios alem\u00e3 <a href=\"http:\/\/de.wikipedia.org\/wiki\/J._F._Weule\" target=\"_blank\" rel=\"noopener noreferrer\"><strong>J.F.Weule,<\/strong> (fundada em 1836 e fechada em 1966) <\/a>ele funciona acoplado a um sino, com cabos de a\u00e7o e mecanismo para dar cordas.<\/p>\n<p>H\u00e1 alguns anos um raio atingiu o mostrador do rel\u00f3gio (que fica um pouco acima do piso da torre onde encontra-se o mecanismo) e ele\u00a0parou de funcionar mas foi logo restaurado por relojoeiro local.<\/p>\n<p>Mas um outro problema ocasionado por uma pintura na torre, h\u00e1 cerca de quatro anos atr\u00e1s, fez o rel\u00f3gio deixar de trabalhar, nos informa Raimundo Sacrist\u00e3o (Raimundo Carneiro) que administra o templo h\u00e1 mais de 20 anos.<\/p>\n<p><img loading=\"lazy\" decoding=\"async\" class=\"aligncenter size-full wp-image-12941\" src=\"http:\/\/blogdafeira.com.br\/home\/wp-content\/uploads\/2014\/10\/DSC03477.jpg\" alt=\"DSC03477\" width=\"3456\" height=\"2592\" srcset=\"https:\/\/blogdafeira.com.br\/home\/wp-content\/uploads\/2014\/10\/DSC03477.jpg 3456w, https:\/\/blogdafeira.com.br\/home\/wp-content\/uploads\/2014\/10\/DSC03477-170x127.jpg 170w, https:\/\/blogdafeira.com.br\/home\/wp-content\/uploads\/2014\/10\/DSC03477-346x259.jpg 346w, https:\/\/blogdafeira.com.br\/home\/wp-content\/uploads\/2014\/10\/DSC03477-1024x768.jpg 1024w\" sizes=\"auto, (max-width: 3456px) 100vw, 3456px\" \/><\/p>\n<p>Com os recursos obtidos na festa de Sant&#8217;Anna a Par\u00f3quia est\u00e1 fazendo uma reforma no telhado. A trepida\u00e7\u00e3o provocada pelo tr\u00e1fego nas cercanias do velho edif\u00edcio provoca o deslocamento de telhas e ripas.<\/p>\n<div id=\"blogd-1113823065\" class=\"blogd-final-post blogd-entity-placement\"><a href=\"https:\/\/www.feiradesantana.ba.leg.br\/\" target=\"_blank\" aria-label=\"BANNER-SITE-ENTREGADECHEQUE-CAMARADEFEIRA\"><img loading=\"lazy\" decoding=\"async\" src=\"https:\/\/blogdafeira.com.br\/home\/wp-content\/uploads\/2026\/03\/BANNER-SITE-ENTREGADECHEQUE-CAMARADEFEIRA.gif\" alt=\"\"  class=\"no-lazyload\" width=\"728\" height=\"90\"   \/><\/a><\/div><p>O conserto do rel\u00f3gio tamb\u00e9m est\u00e1 dentro das previs\u00f5es paroquianas, e dentro de alguns dias vamos ouvir novamente as badaladas das horas da Matriz.<\/p>\n","protected":false},"excerpt":{"rendered":"<p>O ano exato do s\u00e9culo passado em que esse rel\u00f3gio foi instalado na Catedral de Sant&#8217;Anna, em Feira, \u00a0somente uma pesquisa mais apurada no Livro do Tombo da Par\u00f3quia poder\u00e1 determinar, mas a data da fabrica\u00e7\u00e3o est\u00e1 gravada no ferro fundido da m\u00e1quina que est\u00e1 fixada no piso de uma das torres: 1912, \u00a0Bockenem, Alemanha.<\/p>\n","protected":false},"author":8,"featured_media":0,"comment_status":"closed","ping_status":"closed","sticky":false,"template":"","format":"standard","meta":{"jetpack_post_was_ever_published":false,"cybocfi_hide_featured_image":"","_jetpack_newsletter_access":"","_jetpack_dont_email_post_to_subs":false,"_jetpack_newsletter_tier_id":0,"_jetpack_memberships_contains_paywalled_content":false,"_jetpack_memberships_contains_paid_content":false,"footnotes":"","jetpack_publicize_message":"","jetpack_publicize_feature_enabled":true,"jetpack_social_post_already_shared":true,"jetpack_social_options":{"image_generator_settings":{"template":"highway","default_image_id":0,"font":"","enabled":false},"version":2}},"categories":[592,1],"tags":[],"class_list":["post-12937","post","type-post","status-publish","format-standard","hentry","category-colunistas","category-raiz"],"jetpack_publicize_connections":[],"jetpack_featured_media_url":"","jetpack_shortlink":"https:\/\/wp.me\/p3niVf-3mF","jetpack_sharing_enabled":true,"jetpack-related-posts":[{"id":61566,"url":"https:\/\/blogdafeira.com.br\/home\/2024\/03\/13\/postes-da-praca-do-nordestino-allan-poe-e-salles-barbosa\/","url_meta":{"origin":12937,"position":0},"title":"Postes da Pra\u00e7a do Nordestino: Allan Poe e Salles Barbosa","author":"J\u00e2nio R\u00eago","date":"13\/03\/2024","format":false,"excerpt":"Em 2013 registramos aqui os postes da\u00a0 Pra\u00e7a da Matriz,\u00a0 semelhantes a esses das fotos, na Pra\u00e7a do Nordestino. Nos deparamos com esses num meio-dia dessa semana depois de descer do \u00f4nibus da Matinha. Na Matriz s\u00e3o 15, de um lado e do outro no caminho para o port\u00e3o central\u2026","rel":"","context":"Em &quot;Colunistas&quot;","block_context":{"text":"Colunistas","link":"https:\/\/blogdafeira.com.br\/home\/categoria\/colunistas\/"},"img":{"alt_text":"","src":"https:\/\/i0.wp.com\/blogdafeira.com.br\/home\/wp-content\/uploads\/2024\/03\/IMG_20240312_113954600_HDR-scaled.jpg?resize=350%2C200&ssl=1","width":350,"height":200,"srcset":"https:\/\/i0.wp.com\/blogdafeira.com.br\/home\/wp-content\/uploads\/2024\/03\/IMG_20240312_113954600_HDR-scaled.jpg?resize=350%2C200&ssl=1 1x, https:\/\/i0.wp.com\/blogdafeira.com.br\/home\/wp-content\/uploads\/2024\/03\/IMG_20240312_113954600_HDR-scaled.jpg?resize=525%2C300&ssl=1 1.5x, https:\/\/i0.wp.com\/blogdafeira.com.br\/home\/wp-content\/uploads\/2024\/03\/IMG_20240312_113954600_HDR-scaled.jpg?resize=700%2C400&ssl=1 2x, https:\/\/i0.wp.com\/blogdafeira.com.br\/home\/wp-content\/uploads\/2024\/03\/IMG_20240312_113954600_HDR-scaled.jpg?resize=1050%2C600&ssl=1 3x, https:\/\/i0.wp.com\/blogdafeira.com.br\/home\/wp-content\/uploads\/2024\/03\/IMG_20240312_113954600_HDR-scaled.jpg?resize=1400%2C800&ssl=1 4x"},"classes":[]},{"id":11773,"url":"https:\/\/blogdafeira.com.br\/home\/2014\/08\/07\/coreto-da-catedral-de-santanna-em-feira\/","url_meta":{"origin":12937,"position":1},"title":"Coreto da Catedral de Sant&#8217;Anna em Feira","author":"Blog da Feira","date":"07\/08\/2014","format":false,"excerpt":"Ele \u00e9 o menor dos 3 coretos das 3 pra\u00e7as do centro da Cidade. Ao contr\u00e1rio dos outros dois, \u00e9 isolado, \u00e9 enfeite silencioso e cinza do adro da Catedral, e usado' de caju em caju', festa de Sant'Anna e afins. J\u00e2nio R\u00eago","rel":"","context":"Em &quot;Home&quot;","block_context":{"text":"Home","link":"https:\/\/blogdafeira.com.br\/home\/categoria\/raiz\/"},"img":{"alt_text":"DSC02366","src":"https:\/\/i0.wp.com\/blogdafeira.com.br\/home\/wp-content\/uploads\/2014\/08\/DSC02366.jpg?resize=350%2C200","width":350,"height":200,"srcset":"https:\/\/i0.wp.com\/blogdafeira.com.br\/home\/wp-content\/uploads\/2014\/08\/DSC02366.jpg?resize=350%2C200 1x, https:\/\/i0.wp.com\/blogdafeira.com.br\/home\/wp-content\/uploads\/2014\/08\/DSC02366.jpg?resize=525%2C300 1.5x"},"classes":[]},{"id":11200,"url":"https:\/\/blogdafeira.com.br\/home\/2014\/07\/01\/cajado-da-procissao-de-santanna-foi-encontrado-na-sacristia-da-catedral\/","url_meta":{"origin":12937,"position":2},"title":"Cajado da Prociss\u00e3o de Sant&#8217;Anna foi encontrado na Sacristia da Catedral","author":"Blog da Feira","date":"01\/07\/2014","format":false,"excerpt":"O Cajado da Prociss\u00e3o de Sant'Anna (que \u00e9 conduzido pela pessoa que preside a Comiss\u00e3o da Festa da Padroeira) foi encontrado embaixo de um m\u00f3vel da Sacristia da Catedral de Nossa Senhora Sant'Anna, em Feira de Santana, na Bahia. Ele \u00a0foi dado como roubado junto com o dinheiro arrecadado pela\u2026","rel":"","context":"Em &quot;Home&quot;","block_context":{"text":"Home","link":"https:\/\/blogdafeira.com.br\/home\/categoria\/raiz\/"},"img":{"alt_text":"DSC02171","src":"https:\/\/i0.wp.com\/blogdafeira.com.br\/home\/wp-content\/uploads\/2014\/07\/DSC02171.jpg?resize=350%2C200","width":350,"height":200},"classes":[]},{"id":25331,"url":"https:\/\/blogdafeira.com.br\/home\/2017\/01\/11\/detalhes-do-interior-da-historica-catedral-metropolitana-de-santanna\/","url_meta":{"origin":12937,"position":3},"title":"Detalhes do interior da hist\u00f3rica Catedral Metropolitana de Sant&#8217;Anna","author":"Blog da Feira","date":"11\/01\/2017","format":false,"excerpt":"Dom Zanoni Demettino ao assumir a Arquidiocese de Feira de Santana em substitui\u00e7\u00e3o a dom Itamar Vian, \u00a0foi buscar o lema dele nos textos do profeta Isaias: Ecce Mitte Me: 'Eis-me, envia-me'. Como no tempo do Profeta, vivemos tamb\u00e9m uma \u00e9poca de conturba\u00e7\u00e3o, talvez da\u00ed a escolha...Na foto, a frase\u2026","rel":"","context":"Em &quot;Home&quot;","block_context":{"text":"Home","link":"https:\/\/blogdafeira.com.br\/home\/categoria\/raiz\/"},"img":{"alt_text":"img_20170111_124451","src":"https:\/\/i0.wp.com\/blogdafeira.com.br\/home\/wp-content\/uploads\/2017\/01\/IMG_20170111_124451-634x1024.jpg?resize=350%2C200","width":350,"height":200,"srcset":"https:\/\/i0.wp.com\/blogdafeira.com.br\/home\/wp-content\/uploads\/2017\/01\/IMG_20170111_124451-634x1024.jpg?resize=350%2C200 1x, https:\/\/i0.wp.com\/blogdafeira.com.br\/home\/wp-content\/uploads\/2017\/01\/IMG_20170111_124451-634x1024.jpg?resize=525%2C300 1.5x"},"classes":[]},{"id":2014,"url":"https:\/\/blogdafeira.com.br\/home\/2013\/05\/28\/bispo-emerito-de-feira-e-velado-na-catedral-de-senhora-santanna\/","url_meta":{"origin":12937,"position":4},"title":"Bispo em\u00e9rito de Feira \u00e9 velado na Catedral de Senhora Sant&#8217;Anna","author":"Blog da Feira","date":"28\/05\/2013","format":false,"excerpt":"","rel":"","context":"Em &quot;Home&quot;","block_context":{"text":"Home","link":"https:\/\/blogdafeira.com.br\/home\/categoria\/raiz\/"},"img":{"alt_text":"silverio alg","src":"https:\/\/i0.wp.com\/blogdafeira.com.br\/home\/wp-content\/uploads\/2013\/05\/silverio-alg.jpg?resize=350%2C200","width":350,"height":200,"srcset":"https:\/\/i0.wp.com\/blogdafeira.com.br\/home\/wp-content\/uploads\/2013\/05\/silverio-alg.jpg?resize=350%2C200 1x, https:\/\/i0.wp.com\/blogdafeira.com.br\/home\/wp-content\/uploads\/2013\/05\/silverio-alg.jpg?resize=525%2C300 1.5x"},"classes":[]},{"id":19073,"url":"https:\/\/blogdafeira.com.br\/home\/2016\/01\/11\/dom-zanoni-nomeia-novo-paroco-para-a-catedral-de-feira-de-santanna\/","url_meta":{"origin":12937,"position":5},"title":"Dom Zanoni nomeia novo p\u00e1roco para a Catedral de Feira de Sant&#8217;Anna","author":"Blog da Feira","date":"11\/01\/2016","format":false,"excerpt":"O Arcebispo dom Zanoni Demettino Castro come\u00e7ou a fazer mudan\u00e7as no clero da Arquidiocese\u00a0Metropolitana de Feira de Santana, montando a 'equipe de governo'. Dom Zanoni j\u00e1 nomeou - e toma posse no pr\u00f3ximo dia 31 - um novo p\u00e1roco para a principal par\u00f3quia da Arquidiocese, a da Catedral de Senhora\u2026","rel":"","context":"Em &quot;Home&quot;","block_context":{"text":"Home","link":"https:\/\/blogdafeira.com.br\/home\/categoria\/raiz\/"},"img":{"alt_text":"zanoni","src":"https:\/\/i0.wp.com\/blogdafeira.com.br\/home\/wp-content\/uploads\/2015\/11\/zanoni-170x96.jpg?resize=350%2C200","width":350,"height":200},"classes":[]}],"_links":{"self":[{"href":"https:\/\/blogdafeira.com.br\/home\/wp-json\/wp\/v2\/posts\/12937","targetHints":{"allow":["GET"]}}],"collection":[{"href":"https:\/\/blogdafeira.com.br\/home\/wp-json\/wp\/v2\/posts"}],"about":[{"href":"https:\/\/blogdafeira.com.br\/home\/wp-json\/wp\/v2\/types\/post"}],"author":[{"embeddable":true,"href":"https:\/\/blogdafeira.com.br\/home\/wp-json\/wp\/v2\/users\/8"}],"replies":[{"embeddable":true,"href":"https:\/\/blogdafeira.com.br\/home\/wp-json\/wp\/v2\/comments?post=12937"}],"version-history":[{"count":5,"href":"https:\/\/blogdafeira.com.br\/home\/wp-json\/wp\/v2\/posts\/12937\/revisions"}],"predecessor-version":[{"id":50285,"href":"https:\/\/blogdafeira.com.br\/home\/wp-json\/wp\/v2\/posts\/12937\/revisions\/50285"}],"wp:attachment":[{"href":"https:\/\/blogdafeira.com.br\/home\/wp-json\/wp\/v2\/media?parent=12937"}],"wp:term":[{"taxonomy":"category","embeddable":true,"href":"https:\/\/blogdafeira.com.br\/home\/wp-json\/wp\/v2\/categories?post=12937"},{"taxonomy":"post_tag","embeddable":true,"href":"https:\/\/blogdafeira.com.br\/home\/wp-json\/wp\/v2\/tags?post=12937"}],"curies":[{"name":"wp","href":"https:\/\/api.w.org\/{rel}","templated":true}]}}