{"id":12946,"date":"2014-10-16T14:38:33","date_gmt":"2014-10-16T17:38:33","guid":{"rendered":"http:\/\/blogdafeira.com.br\/home\/?p=12946"},"modified":"2014-10-16T14:41:07","modified_gmt":"2014-10-16T17:41:07","slug":"governador-jacques-wagner-define-aecio-neves-pastel-de-vento","status":"publish","type":"post","link":"https:\/\/blogdafeira.com.br\/home\/2014\/10\/16\/governador-jacques-wagner-define-aecio-neves-pastel-de-vento\/","title":{"rendered":"Governador Jacques Wagner define A\u00e9cio Neves: &#8220;pastel de vento&#8221;"},"content":{"rendered":"<div id=\"blogd-113382312\" class=\"blogd-fim-do-post-mobile blogd-entity-placement\" style=\"margin-left: auto;margin-right: auto;text-align: center;\"><a href=\"https:\/\/www.sefaz.feiradesantana.ba.gov.br\/\" target=\"_blank\" aria-label=\"728&#215;90 (6)\"><img loading=\"lazy\" decoding=\"async\" src=\"https:\/\/blogdafeira.com.br\/home\/wp-content\/uploads\/2026\/03\/728x90-6.gif\" alt=\"\"  class=\"no-lazyload\" width=\"728\" height=\"90\"  style=\"display: inline-block;\" \/><\/a><\/div><p><span style=\"font-weight: normal;\"><em>&#8220;Aquele rapaz \u00e9 pastel de vento. \u00c9 bonito por fora, mas quando voc\u00ea morde n\u00e3o tem conte\u00fado nenhum. Voc\u00eas viram o debate?\u00a0\u00a0N\u00e3o tem propostas<\/em>&#8220;, disse o governador Jacques Wagner em evento de apoio \u00e0 candidatura de Dilma Rousseff (PT) em Salvador, na manh\u00e3 desta quinta-feira, 16.<\/span><\/p><div id=\"blogd-1694922460\" class=\"blogd-conteudo-2-mobile blogd-entity-placement\"><a href=\"https:\/\/feirenses.com.br\/\" target=\"_blank\" aria-label=\"feirenses\"><img loading=\"lazy\" decoding=\"async\" src=\"https:\/\/blogdafeira.com.br\/home\/wp-content\/uploads\/2026\/04\/feirenses.png\" alt=\"\"  srcset=\"https:\/\/blogdafeira.com.br\/home\/wp-content\/uploads\/2026\/04\/feirenses.png 300w, https:\/\/blogdafeira.com.br\/home\/wp-content\/uploads\/2026\/04\/feirenses-170x45.png 170w, https:\/\/blogdafeira.com.br\/home\/wp-content\/uploads\/2026\/04\/feirenses-280x74.png 280w\" sizes=\"(max-width: 300px) 100vw, 300px\" class=\"no-lazyload\" width=\"300\" height=\"79\"  style=\"display: inline-block;\" \/><\/a><\/div>\n<p><span style=\"font-weight: normal;\">Wagner disse que A\u00e9cio Neves gosta de &#8220;terceirizar governo&#8221; e que ele &#8220;vai querer terceirizar o governo federal na Bahia para o DEM&#8221;, partido do prefeito de Salvador, ACM Neto.<\/span><\/p>\n<div id=\"blogd-331068623\" class=\"blogd-final-post blogd-entity-placement\"><a href=\"https:\/\/www.feiradesantana.ba.leg.br\/\" target=\"_blank\" aria-label=\"BANNER-SITE-ENTREGADECHEQUE-CAMARADEFEIRA\"><img loading=\"lazy\" decoding=\"async\" src=\"https:\/\/blogdafeira.com.br\/home\/wp-content\/uploads\/2026\/03\/BANNER-SITE-ENTREGADECHEQUE-CAMARADEFEIRA.gif\" alt=\"\"  class=\"no-lazyload\" width=\"728\" height=\"90\"   \/><\/a><\/div><p><span style=\"font-weight: normal;\">O presidenci\u00e1vel tucano estar\u00e1 na capital baiana nesta sexta-feira, 17, quando far\u00e1 caminhada no centro hist\u00f3rico da cidade.<\/span><\/p>\n","protected":false},"excerpt":{"rendered":"<p>&#8220;Aquele rapaz \u00e9 pastel de vento. \u00c9 bonito por fora, mas quando voc\u00ea morde n\u00e3o tem conte\u00fado nenhum. Voc\u00eas viram o debate?\u00a0\u00a0N\u00e3o tem propostas&#8220;, disse o governador Jacques Wagner em evento de apoio \u00e0 candidatura de Dilma Rousseff (PT) em Salvador, na manh\u00e3 desta quinta-feira, 16. Wagner disse que A\u00e9cio Neves gosta de &#8220;terceirizar governo&#8221;<\/p>\n","protected":false},"author":1,"featured_media":0,"comment_status":"closed","ping_status":"closed","sticky":false,"template":"","format":"standard","meta":{"jetpack_post_was_ever_published":false,"cybocfi_hide_featured_image":"","_jetpack_newsletter_access":"","_jetpack_dont_email_post_to_subs":false,"_jetpack_newsletter_tier_id":0,"_jetpack_memberships_contains_paywalled_content":false,"_jetpack_memberships_contains_paid_content":false,"footnotes":"","jetpack_publicize_message":"","jetpack_publicize_feature_enabled":true,"jetpack_social_post_already_shared":true,"jetpack_social_options":{"image_generator_settings":{"template":"highway","default_image_id":0,"font":"","enabled":false},"version":2}},"categories":[1],"tags":[],"class_list":["post-12946","post","type-post","status-publish","format-standard","hentry","category-raiz"],"jetpack_publicize_connections":[],"jetpack_featured_media_url":"","jetpack_shortlink":"https:\/\/wp.me\/p3niVf-3mO","jetpack_sharing_enabled":true,"jetpack-related-posts":[{"id":1058,"url":"https:\/\/blogdafeira.com.br\/home\/2013\/04\/30\/wagner-anuncia-obra-de-17-milhoes-no-sistema-viario-de-salvador\/","url_meta":{"origin":12946,"position":0},"title":"Wagner anuncia obra de 17 milh\u00f5es no sistema vi\u00e1rio de Salvador","author":"Blog da Feira","date":"30\/04\/2013","format":false,"excerpt":"O governador Jacques Wagner, na presen\u00e7a do ministro dos Transportes, C\u00e9sar Borges, assina, nesta quinta-feira, ordem de servi\u00e7o para a implanta\u00e7\u00e3o de quatro passarelas da Via Expressa em Salvador. Duas passarelas na Avenida Heitor Dias, uma na Barros Reis e uma na Estrada da Rainha, todas com elevadores destinadas a\u2026","rel":"","context":"Em &quot;Cidade&quot;","block_context":{"text":"Cidade","link":"https:\/\/blogdafeira.com.br\/home\/categoria\/cidade\/"},"img":{"alt_text":"","src":"","width":0,"height":0},"classes":[]},{"id":8869,"url":"https:\/\/blogdafeira.com.br\/home\/2014\/02\/03\/pregador-wagner-fala-do-bezerro-de-ouro\/","url_meta":{"origin":12946,"position":1},"title":"\u2018Pregador Wagner\u2019 fala do \u2018bezerro de ouro\u2019","author":"Blog da Feira","date":"03\/02\/2014","format":false,"excerpt":"No discurso do Governador Jacques Wagner na Assembleia Legislativa, nesta segunda-feira, houve espa\u00e7o at\u00e9 para entrar em cena \u2018o pregador\u2019\u00a0 Jacques Wagner. \"Otto (vice governador Otto Alencar) diz que eu prego muito bem e se eu botasse uma igreja ele iria ser meu parceiro\", disse o governador em um dos\u2026","rel":"","context":"Em &quot;Home&quot;","block_context":{"text":"Home","link":"https:\/\/blogdafeira.com.br\/home\/categoria\/raiz\/"},"img":{"alt_text":"2642412816_9f2852f42a1","src":"https:\/\/i0.wp.com\/blogdafeira.com.br\/home\/wp-content\/uploads\/2014\/02\/2642412816_9f2852f42a1-346x269.jpg?resize=350%2C200","width":350,"height":200},"classes":[]},{"id":612,"url":"https:\/\/blogdafeira.com.br\/home\/2013\/04\/17\/vereador-de-feira-teve-audiencia-com-wagner-antes-do-prefeito\/","url_meta":{"origin":12946,"position":2},"title":"Vereador de Feira teve audi\u00eancia com Wagner antes do Prefeito","author":"Blog da Feira","date":"17\/04\/2013","format":false,"excerpt":"O vereador feirense Correia Zezito (PTB) usou a tribuna da Casa da Cidadania, hoje, \u00a0para relatar o como foi\u00a0 a audi\u00eancia que, segundo ele, e teve com o governador Jacques Wagner, ontem, na Governadoria, em Salvador. Correia afirmou que entregou \u2018alguns of\u00edcios\u2019 ao governador Jacques Wagner visando \u00e0 melhoria da\u2026","rel":"","context":"Em &quot;Home&quot;","block_context":{"text":"Home","link":"https:\/\/blogdafeira.com.br\/home\/categoria\/raiz\/"},"img":{"alt_text":"","src":"","width":0,"height":0},"classes":[]},{"id":6641,"url":"https:\/\/blogdafeira.com.br\/home\/2013\/11\/29\/eleicoes-pt-confirma-candidato-de-wagner-rui-costa-na-cabeca-da-chapa\/","url_meta":{"origin":12946,"position":3},"title":"Elei\u00e7\u00f5es: PT confirma &#8216;candidato de Wagner&#8217;, Rui Costa, na cabe\u00e7a da chapa","author":"Blog da Feira","date":"29\/11\/2013","format":false,"excerpt":"O diret\u00f3rio do \u00a0PT baiano oficializou hoje em Salvador o nome do secret\u00e1rio Rui Costa, da Casa Civil, para ser o candidato a governador no pr\u00f3ximo ano. Candidato preferido do governador Jacques Wagner, e 'preparado' pelo pr\u00f3prio para assumir essa tarefa, Rui Costa 'derrotou' os outros pr\u00e9-candidatos, S\u00e9rgio Gabrielli, ex-presidente\u2026","rel":"","context":"Em &quot;Home&quot;","block_context":{"text":"Home","link":"https:\/\/blogdafeira.com.br\/home\/categoria\/raiz\/"},"img":{"alt_text":"","src":"","width":0,"height":0},"classes":[]},{"id":7062,"url":"https:\/\/blogdafeira.com.br\/home\/2013\/12\/11\/joao-durval-diz-em-feira-que-rui-costa-e-um-garoto-e-que-nao-vota-nele\/","url_meta":{"origin":12946,"position":4},"title":"Jo\u00e3o Durval chama Rui Costa de \u2018garoto\u2019 e diz que n\u00e3o vota no candidato de Wagner","author":"Blog da Feira","date":"11\/12\/2013","format":false,"excerpt":"Em entrevista ao\u00a0site Bahia na Pol\u00edtica, em Feira de Santana, \u00a0o senador Jo\u00e3o Durval disse que n\u00e3o tem compromisso com o candidato de Jacques Wagner a governador da Bahia em 2014, o secret\u00e1rio Rui Costa e que n\u00e3o ir\u00e1 votar nele. O senador tamb\u00e9m chamou Rui de \u2018garoto que Wagner\u2026","rel":"","context":"Em &quot;Home&quot;","block_context":{"text":"Home","link":"https:\/\/blogdafeira.com.br\/home\/categoria\/raiz\/"},"img":{"alt_text":"","src":"","width":0,"height":0},"classes":[]},{"id":10877,"url":"https:\/\/blogdafeira.com.br\/home\/2014\/06\/10\/ze-neto-reforca-wagner-plano-do-dem-e-privatizar-a-embasa\/","url_meta":{"origin":12946,"position":5},"title":"Z\u00e9 Neto refor\u00e7a Wagner: plano do DEM \u00e9 privatizar a Embasa","author":"Blog da Feira","date":"10\/06\/2014","format":false,"excerpt":"O deputado Z\u00e9 Neto refor\u00e7ou a desonfian\u00e7a do governador Jacques Wagner que em entrevista \u00e0 imprensa em Salvador disse que o DEM pretende privatizar a Embasa. O plano \u00e9 dificultar a renova\u00e7\u00e3o dos contratos com Feira e Salvador e inviabilizar o funcionamento da Embasa para depois vender \u00e0 iniciativa privada.\u2026","rel":"","context":"Em &quot;Home&quot;","block_context":{"text":"Home","link":"https:\/\/blogdafeira.com.br\/home\/categoria\/raiz\/"},"img":{"alt_text":"","src":"","width":0,"height":0},"classes":[]}],"_links":{"self":[{"href":"https:\/\/blogdafeira.com.br\/home\/wp-json\/wp\/v2\/posts\/12946","targetHints":{"allow":["GET"]}}],"collection":[{"href":"https:\/\/blogdafeira.com.br\/home\/wp-json\/wp\/v2\/posts"}],"about":[{"href":"https:\/\/blogdafeira.com.br\/home\/wp-json\/wp\/v2\/types\/post"}],"author":[{"embeddable":true,"href":"https:\/\/blogdafeira.com.br\/home\/wp-json\/wp\/v2\/users\/1"}],"replies":[{"embeddable":true,"href":"https:\/\/blogdafeira.com.br\/home\/wp-json\/wp\/v2\/comments?post=12946"}],"version-history":[{"count":2,"href":"https:\/\/blogdafeira.com.br\/home\/wp-json\/wp\/v2\/posts\/12946\/revisions"}],"predecessor-version":[{"id":12948,"href":"https:\/\/blogdafeira.com.br\/home\/wp-json\/wp\/v2\/posts\/12946\/revisions\/12948"}],"wp:attachment":[{"href":"https:\/\/blogdafeira.com.br\/home\/wp-json\/wp\/v2\/media?parent=12946"}],"wp:term":[{"taxonomy":"category","embeddable":true,"href":"https:\/\/blogdafeira.com.br\/home\/wp-json\/wp\/v2\/categories?post=12946"},{"taxonomy":"post_tag","embeddable":true,"href":"https:\/\/blogdafeira.com.br\/home\/wp-json\/wp\/v2\/tags?post=12946"}],"curies":[{"name":"wp","href":"https:\/\/api.w.org\/{rel}","templated":true}]}}