{"id":12999,"date":"2014-10-19T11:54:09","date_gmt":"2014-10-19T14:54:09","guid":{"rendered":"http:\/\/blogdafeira.com.br\/home\/?p=12999"},"modified":"2014-10-19T12:06:28","modified_gmt":"2014-10-19T15:06:28","slug":"feira-som-jeg-forguder-dig-feira","status":"publish","type":"post","link":"https:\/\/blogdafeira.com.br\/home\/2014\/10\/19\/feira-som-jeg-forguder-dig-feira\/","title":{"rendered":"Feira som jeg forguder dig Feira"},"content":{"rendered":"<div id=\"blogd-4026320587\" class=\"blogd-fim-do-post-mobile blogd-entity-placement\" style=\"margin-left: auto;margin-right: auto;text-align: center;\"><a href=\"https:\/\/www.sefaz.feiradesantana.ba.gov.br\/\" target=\"_blank\" aria-label=\"728&#215;90 (6)\"><img loading=\"lazy\" decoding=\"async\" src=\"https:\/\/blogdafeira.com.br\/home\/wp-content\/uploads\/2026\/03\/728x90-6.gif\" alt=\"\"  class=\"no-lazyload\" width=\"728\" height=\"90\"  style=\"display: inline-block;\" \/><\/a><\/div><p>I en lille skole som l\u00e5 I Tanque da Nac\u00e3o \u2013 i n\u00e6rheden af Maraj\u00f3. Feira som jeg forguder dig Feira. Og l\u00e6nge leve b\u00f8rnenes dag.<\/p><div id=\"blogd-884404286\" class=\"blogd-conteudo-2-mobile blogd-entity-placement\"><a href=\"https:\/\/feirenses.com.br\/\" target=\"_blank\" aria-label=\"feirenses\"><img loading=\"lazy\" decoding=\"async\" src=\"https:\/\/blogdafeira.com.br\/home\/wp-content\/uploads\/2026\/04\/feirenses.png\" alt=\"\"  srcset=\"https:\/\/blogdafeira.com.br\/home\/wp-content\/uploads\/2026\/04\/feirenses.png 300w, https:\/\/blogdafeira.com.br\/home\/wp-content\/uploads\/2026\/04\/feirenses-170x45.png 170w, https:\/\/blogdafeira.com.br\/home\/wp-content\/uploads\/2026\/04\/feirenses-280x74.png 280w\" sizes=\"(max-width: 300px) 100vw, 300px\" class=\"no-lazyload\" width=\"300\" height=\"79\"  style=\"display: inline-block;\" \/><\/a><\/div>\n<p>Nu vil jeg fort\u00e6lle jer en ting: Ved I hvorfor jeg var n\u00e6sten ved at smile?<\/p>\n<p>Fordi det var forbudt at smile. Min far var g\u00e5et bort \u00e5ret f\u00f8r og min mor forbudte os at smile derhjemme.<\/p>\n<p>Fletningen I h\u00e5ret var falsk. Det var f\u00f8rste gang jeg blev klippet, for at s\u00e6lge h\u00e5ret, idet min familie gik igennem store \u00f8konomisk problemer. Parykker var p\u00e5 mode, kan i huske den tid? Charles Albert som var en ber\u00f8mt artist, s\u00e5 mit h\u00e5r og valgte at tilbyde min mor en god sum penge for det. Hun kunne ikke takke nej.<\/p>\n<p>Samme \u00e5r blev jeg valgt som Majs Dronningen. Den anden konkurrent var en pige fra middelklassen, som ikke kunne forst\u00e5 resultatet. Jeg var for fattig til at vinde\u2026<\/p>\n<p>P\u00e5 dette tidspunkt havde folkeskolen et godt undervisningsniveau, hvor b\u00f8rn fra alle samfundsklasser studerede sammen.<\/p>\n<p>Men nogle gange, dukkede der disse \u201cs\u00f8de piger\u201d med sine dyre kjoler, for at vise mig at jeg ikke var en af dem.<\/p>\n<p><strong><a href=\"https:\/\/www.facebook.com\/railda.matos.1?fref=ts\" target=\"_blank\">Railda Matos\u00a0<\/a><\/strong><\/p>\n<div id=\"blogd-4285308180\" class=\"blogd-final-post blogd-entity-placement\"><a href=\"https:\/\/www.feiradesantana.ba.leg.br\/\" target=\"_blank\" aria-label=\"BANNER-SITE-ENTREGADECHEQUE-CAMARADEFEIRA\"><img loading=\"lazy\" decoding=\"async\" src=\"https:\/\/blogdafeira.com.br\/home\/wp-content\/uploads\/2026\/03\/BANNER-SITE-ENTREGADECHEQUE-CAMARADEFEIRA.gif\" alt=\"\"  class=\"no-lazyload\" width=\"728\" height=\"90\"   \/><\/a><\/div><p><a href=\"http:\/\/blogdafeira.com.br\/home\/2014\/10\/08\/feira-que-te-quero-feira-e-viva-o-dia-das-criancas\/\" target=\"_blank\"><em>O texto acima est\u00e1 no idioma da Dinamarca (dinamarqu\u00eas), onde reside a autora. <strong>Clique aqui e leia em\u00a0portugu\u00eas.<\/strong><\/em><\/a><\/p>\n","protected":false},"excerpt":{"rendered":"<p>I en lille skole som l\u00e5 I Tanque da Nac\u00e3o \u2013 i n\u00e6rheden af Maraj\u00f3. Feira som jeg forguder dig Feira. Og l\u00e6nge leve b\u00f8rnenes dag. Nu vil jeg fort\u00e6lle jer en ting: Ved I hvorfor jeg var n\u00e6sten ved at smile? Fordi det var forbudt at smile. Min far var g\u00e5et bort \u00e5ret f\u00f8r<\/p>\n","protected":false},"author":1,"featured_media":0,"comment_status":"closed","ping_status":"closed","sticky":false,"template":"","format":"standard","meta":{"jetpack_post_was_ever_published":false,"cybocfi_hide_featured_image":"","_jetpack_newsletter_access":"","_jetpack_dont_email_post_to_subs":false,"_jetpack_newsletter_tier_id":0,"_jetpack_memberships_contains_paywalled_content":false,"_jetpack_memberships_contains_paid_content":false,"footnotes":"","jetpack_publicize_message":"","jetpack_publicize_feature_enabled":true,"jetpack_social_post_already_shared":true,"jetpack_social_options":{"image_generator_settings":{"template":"highway","default_image_id":0,"font":"","enabled":false},"version":2}},"categories":[1],"tags":[],"class_list":["post-12999","post","type-post","status-publish","format-standard","hentry","category-raiz"],"jetpack_publicize_connections":[],"jetpack_featured_media_url":"","jetpack_shortlink":"https:\/\/wp.me\/p3niVf-3nF","jetpack_sharing_enabled":true,"jetpack-related-posts":[{"id":29283,"url":"https:\/\/blogdafeira.com.br\/home\/2018\/03\/19\/embasa-monta-uma-mini-estacao-de-tratamento-de-agua-no-shopping-boulevard\/","url_meta":{"origin":12999,"position":0},"title":"Embasa monta uma mini esta\u00e7\u00e3o de tratamento de \u00e1gua no shopping Boulevard","author":"Blog da Feira","date":"19\/03\/2018","format":false,"excerpt":"Nestaquarta e quinta-feira\u00a0 a Empresa Baiana de \u00c1guas e Saneamento \u2013 Embasa vai promover uma exposi\u00e7\u00e3o em homenagem ao Dia Mundial da \u00c1gua no Shopping Boulevard. O estande da \u201cEsta\u00e7\u00e3o DMA Embasa\u201d ser\u00e1 aberto ao p\u00fablico em geral, especialmente estudantes, trazendo uma programa\u00e7\u00e3o especial para Feira de Santana. Com car\u00e1ter\u2026","rel":"","context":"Em &quot;Home&quot;","block_context":{"text":"Home","link":"https:\/\/blogdafeira.com.br\/home\/categoria\/raiz\/"},"img":{"alt_text":"","src":"https:\/\/i0.wp.com\/blogdafeira.com.br\/home\/wp-content\/uploads\/2018\/03\/images-15.jpeg?resize=350%2C200","width":350,"height":200},"classes":[]},{"id":68619,"url":"https:\/\/blogdafeira.com.br\/home\/2025\/07\/25\/chuvas-dao-tregua-e-prefeitura-de-feira-retoma-patrolamento-de-estradas\/","url_meta":{"origin":12999,"position":1},"title":"Chuvas d\u00e3o tr\u00e9gua e Prefeitura de Feira retoma patrolamento de estradas","author":"Blog da Feira","date":"25\/07\/2025","format":false,"excerpt":"A Superintend\u00eancia de Opera\u00e7\u00f5es e Manuten\u00e7\u00e3o (SOMA) da Prefeitura de Feira de Santana retomou as a\u00e7\u00f5es de manuten\u00e7\u00e3o de estradas de acesso \u00e0 zona rural. A opera\u00e7\u00e3o est\u00e1 sendo desenvolvida simultaneamente por 11 equipes utilizando m\u00e1quinas pesadas e contempla todos os oito distritos feirenses. No distrito de Jaguara, a equipe\u2026","rel":"","context":"Em &quot;Distritos&quot;","block_context":{"text":"Distritos","link":"https:\/\/blogdafeira.com.br\/home\/categoria\/distritos\/"},"img":{"alt_text":"","src":"https:\/\/i0.wp.com\/blogdafeira.com.br\/home\/wp-content\/uploads\/2025\/07\/25072025101125.jpg?resize=350%2C200&ssl=1","width":350,"height":200,"srcset":"https:\/\/i0.wp.com\/blogdafeira.com.br\/home\/wp-content\/uploads\/2025\/07\/25072025101125.jpg?resize=350%2C200&ssl=1 1x, https:\/\/i0.wp.com\/blogdafeira.com.br\/home\/wp-content\/uploads\/2025\/07\/25072025101125.jpg?resize=525%2C300&ssl=1 1.5x, https:\/\/i0.wp.com\/blogdafeira.com.br\/home\/wp-content\/uploads\/2025\/07\/25072025101125.jpg?resize=700%2C400&ssl=1 2x, https:\/\/i0.wp.com\/blogdafeira.com.br\/home\/wp-content\/uploads\/2025\/07\/25072025101125.jpg?resize=1050%2C600&ssl=1 3x"},"classes":[]},{"id":44971,"url":"https:\/\/blogdafeira.com.br\/home\/2021\/04\/19\/o-caso-da-fabrica-de-fogos-em-santo-antonio-de-jesus\/","url_meta":{"origin":12999,"position":2},"title":"O caso da f\u00e1brica de fogos em Santo Ant\u00f4nio de Jesus","author":"Blog da Feira","date":"19\/04\/2021","format":false,"excerpt":"A Corte Interamericana de Direitos Humanos (Corte IDH), em San Jos\u00e9 da Costa Rica, divulgou sua\u00a0nona condena\u00e7\u00e3o do Brasil. Na senten\u00e7a proferida em 15 de julho de 2020, no caso\u00a0Empregados da F\u00e1brica de Fogos em Santo Ant\u00f4nio de Jesus e seus Familiares vs. Brasil, a Corte Interamericana tratou da explos\u00e3o\u2026","rel":"","context":"Em &quot;Bahia&quot;","block_context":{"text":"Bahia","link":"https:\/\/blogdafeira.com.br\/home\/categoria\/bahia\/"},"img":{"alt_text":"","src":"https:\/\/i0.wp.com\/blogdafeira.com.br\/home\/wp-content\/uploads\/2021\/04\/FABRICA-DE-FOGOS-SAJ.jpg?resize=350%2C200&ssl=1","width":350,"height":200,"srcset":"https:\/\/i0.wp.com\/blogdafeira.com.br\/home\/wp-content\/uploads\/2021\/04\/FABRICA-DE-FOGOS-SAJ.jpg?resize=350%2C200&ssl=1 1x, https:\/\/i0.wp.com\/blogdafeira.com.br\/home\/wp-content\/uploads\/2021\/04\/FABRICA-DE-FOGOS-SAJ.jpg?resize=525%2C300&ssl=1 1.5x, https:\/\/i0.wp.com\/blogdafeira.com.br\/home\/wp-content\/uploads\/2021\/04\/FABRICA-DE-FOGOS-SAJ.jpg?resize=700%2C400&ssl=1 2x"},"classes":[]},{"id":18728,"url":"https:\/\/blogdafeira.com.br\/home\/2015\/12\/30\/obra-do-brt-em-feira-aguarda-coelba-mudar-rede-eletrica-na-avenida\/","url_meta":{"origin":12999,"position":3},"title":"Obra do BRT em Feira aguarda Coelba mudar rede el\u00e9trica na avenida","author":"Blog da Feira","date":"30\/12\/2015","format":false,"excerpt":"As obras da \u2018trincheira\u2019 \u00a0do BRT em Feira de Santana, na avenida Maria Quit\u00e9ria, n\u00e3o poder\u00e3o avan\u00e7ar muito enquanto n\u00e3o forem feitas as modifica\u00e7\u00f5es na rede el\u00e9trica que passa pelo local. Estas modifica\u00e7\u00f5es implicam na substitui\u00e7\u00e3o de trecho de rede a\u00e9rea por subterr\u00e2nea, que ainda n\u00e3o foi executada, mas deve\u2026","rel":"","context":"Em &quot;Home&quot;","block_context":{"text":"Home","link":"https:\/\/blogdafeira.com.br\/home\/categoria\/raiz\/"},"img":{"alt_text":"coelba","src":"https:\/\/i0.wp.com\/blogdafeira.com.br\/home\/wp-content\/uploads\/2015\/12\/coelba.jpg?resize=350%2C200","width":350,"height":200,"srcset":"https:\/\/i0.wp.com\/blogdafeira.com.br\/home\/wp-content\/uploads\/2015\/12\/coelba.jpg?resize=350%2C200 1x, https:\/\/i0.wp.com\/blogdafeira.com.br\/home\/wp-content\/uploads\/2015\/12\/coelba.jpg?resize=525%2C300 1.5x, https:\/\/i0.wp.com\/blogdafeira.com.br\/home\/wp-content\/uploads\/2015\/12\/coelba.jpg?resize=700%2C400 2x"},"classes":[]},{"id":60160,"url":"https:\/\/blogdafeira.com.br\/home\/2023\/11\/24\/ze-neto-comemora-as-2-mil-unidades-do-minha-casaminha-vida-para-feira\/","url_meta":{"origin":12999,"position":4},"title":"Z\u00e9 Neto comemora as 2 mil unidades do Minha Casa,Minha Vida para Feira","author":"Blog da Feira","date":"24\/11\/2023","format":false,"excerpt":"Z\u00e9 Neto comemora chegada de mais de 2 mil unidades do Minha Casa Minha Vida para Feira: \"\u00c9 uma grande not\u00edcia para Feira, que ganhar\u00e1 em aspectos sociais, mas tamb\u00e9m econ\u00f4micos, e n\u00e3o tem como deixar de agradecer ao Ministro das Cidades, Jader Filho, ao Ministro da Casa Civil, Rui\u2026","rel":"","context":"Em &quot;Home&quot;","block_context":{"text":"Home","link":"https:\/\/blogdafeira.com.br\/home\/categoria\/raiz\/"},"img":{"alt_text":"","src":"https:\/\/i0.wp.com\/blogdafeira.com.br\/home\/wp-content\/uploads\/2023\/11\/Screenshot_20231124-115812.png?resize=350%2C200&ssl=1","width":350,"height":200,"srcset":"https:\/\/i0.wp.com\/blogdafeira.com.br\/home\/wp-content\/uploads\/2023\/11\/Screenshot_20231124-115812.png?resize=350%2C200&ssl=1 1x, https:\/\/i0.wp.com\/blogdafeira.com.br\/home\/wp-content\/uploads\/2023\/11\/Screenshot_20231124-115812.png?resize=525%2C300&ssl=1 1.5x, https:\/\/i0.wp.com\/blogdafeira.com.br\/home\/wp-content\/uploads\/2023\/11\/Screenshot_20231124-115812.png?resize=700%2C400&ssl=1 2x, https:\/\/i0.wp.com\/blogdafeira.com.br\/home\/wp-content\/uploads\/2023\/11\/Screenshot_20231124-115812.png?resize=1050%2C600&ssl=1 3x"},"classes":[]},{"id":4401,"url":"https:\/\/blogdafeira.com.br\/home\/2013\/08\/18\/prefeitura-de-feira-aplica-multa-a-proprietarios-de-terrenos-baldios\/","url_meta":{"origin":12999,"position":5},"title":"Prefeitura de Feira aplica multa a propriet\u00e1rios de terrenos baldios","author":"Blog da Feira","date":"18\/08\/2013","format":false,"excerpt":"Setenta e cinco propriet\u00e1rios de terrenos abandonados pela cidade de Feira de Santana \u00a0foram notificados \u00a0pela Secretaria de Servi\u00e7os P\u00fablicos\u00a0para realizar os servi\u00e7os necess\u00e1rios. De acordo com Lei municipal, os terrenos devem ser mantidos limpos, murados e com cal\u00e7adas. A multa para os que n\u00e3o se adequarem varia de 1\u2026","rel":"","context":"Em &quot;Home&quot;","block_context":{"text":"Home","link":"https:\/\/blogdafeira.com.br\/home\/categoria\/raiz\/"},"img":{"alt_text":"","src":"","width":0,"height":0},"classes":[]}],"_links":{"self":[{"href":"https:\/\/blogdafeira.com.br\/home\/wp-json\/wp\/v2\/posts\/12999","targetHints":{"allow":["GET"]}}],"collection":[{"href":"https:\/\/blogdafeira.com.br\/home\/wp-json\/wp\/v2\/posts"}],"about":[{"href":"https:\/\/blogdafeira.com.br\/home\/wp-json\/wp\/v2\/types\/post"}],"author":[{"embeddable":true,"href":"https:\/\/blogdafeira.com.br\/home\/wp-json\/wp\/v2\/users\/1"}],"replies":[{"embeddable":true,"href":"https:\/\/blogdafeira.com.br\/home\/wp-json\/wp\/v2\/comments?post=12999"}],"version-history":[{"count":2,"href":"https:\/\/blogdafeira.com.br\/home\/wp-json\/wp\/v2\/posts\/12999\/revisions"}],"predecessor-version":[{"id":13002,"href":"https:\/\/blogdafeira.com.br\/home\/wp-json\/wp\/v2\/posts\/12999\/revisions\/13002"}],"wp:attachment":[{"href":"https:\/\/blogdafeira.com.br\/home\/wp-json\/wp\/v2\/media?parent=12999"}],"wp:term":[{"taxonomy":"category","embeddable":true,"href":"https:\/\/blogdafeira.com.br\/home\/wp-json\/wp\/v2\/categories?post=12999"},{"taxonomy":"post_tag","embeddable":true,"href":"https:\/\/blogdafeira.com.br\/home\/wp-json\/wp\/v2\/tags?post=12999"}],"curies":[{"name":"wp","href":"https:\/\/api.w.org\/{rel}","templated":true}]}}