{"id":13065,"date":"2014-10-22T18:57:26","date_gmt":"2014-10-22T21:57:26","guid":{"rendered":"http:\/\/blogdafeira.com.br\/home\/?p=13065"},"modified":"2014-10-22T19:01:36","modified_gmt":"2014-10-22T22:01:36","slug":"espaco-de-ze-neto-no-governo-de-rui-costa-ainda-e-uma-incognita","status":"publish","type":"post","link":"https:\/\/blogdafeira.com.br\/home\/2014\/10\/22\/espaco-de-ze-neto-no-governo-de-rui-costa-ainda-e-uma-incognita\/","title":{"rendered":"Espa\u00e7o de Z\u00e9 Neto no governo de Rui Costa ainda \u00e9 uma inc\u00f3gnita"},"content":{"rendered":"<div id=\"blogd-1457448768\" class=\"blogd-fim-do-post-mobile blogd-entity-placement\" style=\"margin-left: auto;margin-right: auto;text-align: center;\"><a href=\"https:\/\/www.sefaz.feiradesantana.ba.gov.br\/\" target=\"_blank\" aria-label=\"728&#215;90 (6)\"><img loading=\"lazy\" decoding=\"async\" src=\"https:\/\/blogdafeira.com.br\/home\/wp-content\/uploads\/2026\/03\/728x90-6.gif\" alt=\"\"  class=\"no-lazyload\" width=\"728\" height=\"90\"  style=\"display: inline-block;\" \/><\/a><\/div><p><img loading=\"lazy\" decoding=\"async\" class=\"aligncenter size-full wp-image-13067\" src=\"http:\/\/blogdafeira.com.br\/home\/wp-content\/uploads\/2014\/10\/ze-neto.jpg\" alt=\"ze neto\" width=\"960\" height=\"637\" srcset=\"https:\/\/blogdafeira.com.br\/home\/wp-content\/uploads\/2014\/10\/ze-neto.jpg 960w, https:\/\/blogdafeira.com.br\/home\/wp-content\/uploads\/2014\/10\/ze-neto-170x112.jpg 170w, https:\/\/blogdafeira.com.br\/home\/wp-content\/uploads\/2014\/10\/ze-neto-346x229.jpg 346w\" sizes=\"auto, (max-width: 960px) 100vw, 960px\" \/>Qual o espa\u00e7o pol\u00edtico que o deputado estadual \u00a0Z\u00e9 Neto vai ocupar no governo de Rui Costa?<\/p><div id=\"blogd-4078624478\" class=\"blogd-conteudo-2-mobile blogd-entity-placement\"><a href=\"https:\/\/feirenses.com.br\/\" target=\"_blank\" aria-label=\"feirenses\"><img loading=\"lazy\" decoding=\"async\" src=\"https:\/\/blogdafeira.com.br\/home\/wp-content\/uploads\/2026\/04\/feirenses.png\" alt=\"\"  srcset=\"https:\/\/blogdafeira.com.br\/home\/wp-content\/uploads\/2026\/04\/feirenses.png 300w, https:\/\/blogdafeira.com.br\/home\/wp-content\/uploads\/2026\/04\/feirenses-170x45.png 170w, https:\/\/blogdafeira.com.br\/home\/wp-content\/uploads\/2026\/04\/feirenses-280x74.png 280w\" sizes=\"(max-width: 300px) 100vw, 300px\" class=\"no-lazyload\" width=\"300\" height=\"79\"  style=\"display: inline-block;\" \/><\/a><\/div>\n<p>Deputado estadual do Partido dos Trabalhadores \u00a0mais votado no Estado (quase 90 mil votos), Z\u00e9 Neto deu tamb\u00e9m um &#8216;up grade&#8217; na vota\u00e7\u00e3o dele em Feira de Santana, atingiu a marca dos 42 mil votos, e se consolida como o candidato da base aliada do governo \u00e0 Prefeitura de Feira em 2016.<\/p>\n<p>Com essa desenvoltura, sem contar o trabalho de l\u00edder do Governo Wagner, \u00a0\u00e9 compreens\u00edvel que se espere \u00a0um apoio &#8216;substancial&#8217; ao deputado para que ele ganhe &#8216;musculatura&#8217; \u00a0at\u00e9 2016 para uma quarta candidatura a Prefeito de Feira.<\/p>\n<p>Mas como ser\u00e1 esse apoio? O deputado vai indicar secret\u00e1rios? Ou ele pr\u00f3prio ocupar\u00e1 uma Secretaria?<\/p>\n<p>\u00c9 bom lembrar que no primeiro governo Wagner, \u00a0Colbert Martins Filho, ent\u00e3o no PPS e aliado do PT, recebeu como &#8216;pr\u00eamio&#8217; a Secretaria de Ci\u00eancia e Tecnologia que foi ocupada pelo atual secret\u00e1rio municipal de Desenvolvimento Social de Feira, Ildes Ferreira.<\/p>\n<p>Hoje \u00e0 tarde em Feira, enquanto a passeata pr\u00f3 A\u00e9cio ainda estourava os \u00faltimos foguet\u00f5es, uma fonte ligada ao deputado me garantia:<em> &#8216;ele vai ocupar a Casa Civil, o mesmo lugar que Rui ocupava no Governo Wagner&#8217;.<\/em><\/p>\n<div id=\"blogd-1816852943\" class=\"blogd-final-post blogd-entity-placement\"><a href=\"https:\/\/www.feiradesantana.ba.leg.br\/\" target=\"_blank\" aria-label=\"BANNER-SITE-ENTREGADECHEQUE-CAMARADEFEIRA\"><img loading=\"lazy\" decoding=\"async\" src=\"https:\/\/blogdafeira.com.br\/home\/wp-content\/uploads\/2026\/03\/BANNER-SITE-ENTREGADECHEQUE-CAMARADEFEIRA.gif\" alt=\"\"  class=\"no-lazyload\" width=\"728\" height=\"90\"   \/><\/a><\/div><p>Achei demais, mas&#8230;<\/p>\n","protected":false},"excerpt":{"rendered":"<p>Qual o espa\u00e7o pol\u00edtico que o deputado estadual \u00a0Z\u00e9 Neto vai ocupar no governo de Rui Costa? Deputado estadual do Partido dos Trabalhadores \u00a0mais votado no Estado (quase 90 mil votos), Z\u00e9 Neto deu tamb\u00e9m um &#8216;up grade&#8217; na vota\u00e7\u00e3o dele em Feira de Santana, atingiu a marca dos 42 mil votos, e se consolida<\/p>\n","protected":false},"author":1,"featured_media":0,"comment_status":"closed","ping_status":"closed","sticky":false,"template":"","format":"standard","meta":{"jetpack_post_was_ever_published":false,"cybocfi_hide_featured_image":"","_jetpack_newsletter_access":"","_jetpack_dont_email_post_to_subs":false,"_jetpack_newsletter_tier_id":0,"_jetpack_memberships_contains_paywalled_content":false,"_jetpack_memberships_contains_paid_content":false,"footnotes":"","jetpack_publicize_message":"","jetpack_publicize_feature_enabled":true,"jetpack_social_post_already_shared":true,"jetpack_social_options":{"image_generator_settings":{"template":"highway","default_image_id":0,"font":"","enabled":false},"version":2}},"categories":[1],"tags":[],"class_list":["post-13065","post","type-post","status-publish","format-standard","hentry","category-raiz"],"jetpack_publicize_connections":[],"jetpack_featured_media_url":"","jetpack_shortlink":"https:\/\/wp.me\/p3niVf-3oJ","jetpack_sharing_enabled":true,"jetpack-related-posts":[{"id":18986,"url":"https:\/\/blogdafeira.com.br\/home\/2016\/01\/07\/ze-neto-deixa-lideranca-na-assembleia-para-disputar-prefeitura-de-feira\/","url_meta":{"origin":13065,"position":0},"title":"Z\u00e9 Neto deixa lideran\u00e7a na Assembleia para disputar Prefeitura de Feira","author":"Blog da Feira","date":"07\/01\/2016","format":false,"excerpt":"Este ano o deputado Z\u00e9 Neto (PT) deve deixar a lideran\u00e7a do governo Rui Costa nos primeiros dias ap\u00f3s o retorno dos trabalhos da Assembleia Legislativa da Bahia ou at\u00e9 mesmo antes. Neto vai ser candidato do Partido dos Trabalhadores, pela quarta vez, \u00a0a Prefeito de Feira de Sant'Anna. Sai\u2026","rel":"","context":"Em &quot;Home&quot;","block_context":{"text":"Home","link":"https:\/\/blogdafeira.com.br\/home\/categoria\/raiz\/"},"img":{"alt_text":"ze neto","src":"https:\/\/i0.wp.com\/blogdafeira.com.br\/home\/wp-content\/uploads\/2016\/01\/ze-neto.jpg?resize=350%2C200","width":350,"height":200,"srcset":"https:\/\/i0.wp.com\/blogdafeira.com.br\/home\/wp-content\/uploads\/2016\/01\/ze-neto.jpg?resize=350%2C200 1x, https:\/\/i0.wp.com\/blogdafeira.com.br\/home\/wp-content\/uploads\/2016\/01\/ze-neto.jpg?resize=525%2C300 1.5x, https:\/\/i0.wp.com\/blogdafeira.com.br\/home\/wp-content\/uploads\/2016\/01\/ze-neto.jpg?resize=700%2C400 2x"},"classes":[]},{"id":23498,"url":"https:\/\/blogdafeira.com.br\/home\/2016\/09\/09\/lula-esta-na-campanha-de-ze-neto-em-feira-em-comercial-de-30-segundos\/","url_meta":{"origin":13065,"position":1},"title":"Lula est\u00e1 na campanha de Z\u00e9 Neto em Feira em comercial de 30 segundos","author":"Blog da Feira","date":"09\/09\/2016","format":false,"excerpt":"Um comercial de 30 segundos mostra o ex-presidente Lula da Silva pedindo voto para o deputado Z\u00e9 Neto, candidato do PT a Prefeito de Feira de Santana, segunda maior cidade da Bahia, onde votam cerca de 400 mil eleitores. O candidato do PT j\u00e1 havia divulgado antes uma pe\u00e7a publicit\u00e1ria\u2026","rel":"","context":"Em &quot;Home&quot;","block_context":{"text":"Home","link":"https:\/\/blogdafeira.com.br\/home\/categoria\/raiz\/"},"img":{"alt_text":"A A A ZEN ETO","src":"https:\/\/i0.wp.com\/blogdafeira.com.br\/home\/wp-content\/uploads\/2016\/09\/A-A-A-ZEN-ETO.jpg?resize=350%2C200","width":350,"height":200},"classes":[]},{"id":33408,"url":"https:\/\/blogdafeira.com.br\/home\/2019\/10\/20\/rui-costa-ve-condicoes-reais-e-concretas-para-ze-neto-ser-eleito-prefeito-de-feira-de-santana\/","url_meta":{"origin":13065,"position":2},"title":"Rui Costa v\u00ea condi\u00e7\u00f5es &#8220;reais e concretas&#8221; para Z\u00e9 Neto ser eleito Prefeito de Feira de Santana","author":"J\u00e2nio R\u00eago","date":"20\/10\/2019","format":false,"excerpt":"O governador Rui Costa afirmou, no 7\u00b0 Congresso Estadual do Partido dos Trabalhadores, que come\u00e7ou ontem, em Salvador, que as condi\u00e7\u00f5es do PT eleger o deputado federal Z\u00e9 Neto prefeito de Feira de Santana, nas elei\u00e7\u00f5es do ano que vem, pela primeira vez na hist\u00f3ria, s\u00e3o \"reais e muito concretas\".\u2026","rel":"","context":"Em &quot;Home&quot;","block_context":{"text":"Home","link":"https:\/\/blogdafeira.com.br\/home\/categoria\/raiz\/"},"img":{"alt_text":"","src":"https:\/\/i0.wp.com\/blogdafeira.com.br\/home\/wp-content\/uploads\/2019\/10\/download-16-346x230.jpeg?resize=350%2C200","width":350,"height":200},"classes":[]},{"id":41970,"url":"https:\/\/blogdafeira.com.br\/home\/2020\/11\/20\/clima-de-adesao-favorece-candidatura-de-ze-neto\/","url_meta":{"origin":13065,"position":3},"title":"Clima de ades\u00e3o favorece candidatura de Z\u00e9 Neto","author":"Blog da Feira","date":"20\/11\/2020","format":false,"excerpt":"O 'gatilho' foi disparado naquela surpreendente visita dos dois vereadores reeleitos pela base do governo municipal - Z\u00e9 Curuca e Luiz da Feira -\u00a0 \u00a0ao diretor do HGCA, Carlos Pitangueiras com direito a foto e nota da pr\u00f3pria assessoria de imprensa do hospital onde eles agradeciam a 'ajuda' que receberam\u2026","rel":"","context":"Em &quot;Elei\u00e7\u00f5es 2020&quot;","block_context":{"text":"Elei\u00e7\u00f5es 2020","link":"https:\/\/blogdafeira.com.br\/home\/categoria\/eleicoes-2020\/"},"img":{"alt_text":"","src":"https:\/\/i0.wp.com\/blogdafeira.com.br\/home\/wp-content\/uploads\/2020\/11\/Screenshot_20201120-1658512.png?resize=350%2C200&ssl=1","width":350,"height":200,"srcset":"https:\/\/i0.wp.com\/blogdafeira.com.br\/home\/wp-content\/uploads\/2020\/11\/Screenshot_20201120-1658512.png?resize=350%2C200&ssl=1 1x, https:\/\/i0.wp.com\/blogdafeira.com.br\/home\/wp-content\/uploads\/2020\/11\/Screenshot_20201120-1658512.png?resize=525%2C300&ssl=1 1.5x, https:\/\/i0.wp.com\/blogdafeira.com.br\/home\/wp-content\/uploads\/2020\/11\/Screenshot_20201120-1658512.png?resize=700%2C400&ssl=1 2x"},"classes":[]},{"id":42755,"url":"https:\/\/blogdafeira.com.br\/home\/2020\/12\/28\/ze-neto-derrota-eleitoral-mas-vitoria-politica\/","url_meta":{"origin":13065,"position":4},"title":"Z\u00e9 Neto: derrota eleitoral mas vit\u00f3ria pol\u00edtica","author":"Blog da Feira","date":"28\/12\/2020","format":false,"excerpt":"O deputado federal Z\u00e9 Neto (PT) demonstrou muita tranquilidade em entrevista, hoje pela manh\u00e3, em uma r\u00e1dio em Feira de Santana. Z\u00e9 Neto discorreu sobre a campanha, falou de momentos ao lado do governador Rui Costa em Feira\u00a0 e repisou o tema dos fake news lan\u00e7ados contra ele al\u00e9m da\u2026","rel":"","context":"Em &quot;Home&quot;","block_context":{"text":"Home","link":"https:\/\/blogdafeira.com.br\/home\/categoria\/raiz\/"},"img":{"alt_text":"","src":"https:\/\/i0.wp.com\/blogdafeira.com.br\/home\/wp-content\/uploads\/2020\/12\/InShot_20201228_172731824-scaled.jpg?resize=350%2C200&ssl=1","width":350,"height":200,"srcset":"https:\/\/i0.wp.com\/blogdafeira.com.br\/home\/wp-content\/uploads\/2020\/12\/InShot_20201228_172731824-scaled.jpg?resize=350%2C200&ssl=1 1x, https:\/\/i0.wp.com\/blogdafeira.com.br\/home\/wp-content\/uploads\/2020\/12\/InShot_20201228_172731824-scaled.jpg?resize=525%2C300&ssl=1 1.5x, https:\/\/i0.wp.com\/blogdafeira.com.br\/home\/wp-content\/uploads\/2020\/12\/InShot_20201228_172731824-scaled.jpg?resize=700%2C400&ssl=1 2x, https:\/\/i0.wp.com\/blogdafeira.com.br\/home\/wp-content\/uploads\/2020\/12\/InShot_20201228_172731824-scaled.jpg?resize=1050%2C600&ssl=1 3x, https:\/\/i0.wp.com\/blogdafeira.com.br\/home\/wp-content\/uploads\/2020\/12\/InShot_20201228_172731824-scaled.jpg?resize=1400%2C800&ssl=1 4x"},"classes":[]},{"id":27931,"url":"https:\/\/blogdafeira.com.br\/home\/2017\/08\/24\/ze-neto-ja-admite-ser-candidato-a-deputado-federal-no-proximo-ano\/","url_meta":{"origin":13065,"position":5},"title":"Z\u00e9 Neto j\u00e1 admite ser candidato a deputado federal no pr\u00f3ximo ano","author":"Blog da Feira","date":"24\/08\/2017","format":false,"excerpt":"O deputado estadual Z\u00e9 Neto (PT) surpreendeu hoje o meio pol\u00edtico de Feira de Santana ao admitir ao site \u00a0Bahia na Pol\u00edtica\u00a0que poder\u00e1 ser candidato a deputado federal no pr\u00f3ximo ano. Segundo disse ao site at\u00e9 o governador Rui Costa o tem cobrado uma defini\u00e7\u00e3o e ele n\u00e3o poder\u00e1 mais\u2026","rel":"","context":"Em &quot;Home&quot;","block_context":{"text":"Home","link":"https:\/\/blogdafeira.com.br\/home\/categoria\/raiz\/"},"img":{"alt_text":"images-5","src":"https:\/\/i0.wp.com\/blogdafeira.com.br\/home\/wp-content\/uploads\/2017\/08\/images-5.jpg?resize=350%2C200","width":350,"height":200},"classes":[]}],"_links":{"self":[{"href":"https:\/\/blogdafeira.com.br\/home\/wp-json\/wp\/v2\/posts\/13065","targetHints":{"allow":["GET"]}}],"collection":[{"href":"https:\/\/blogdafeira.com.br\/home\/wp-json\/wp\/v2\/posts"}],"about":[{"href":"https:\/\/blogdafeira.com.br\/home\/wp-json\/wp\/v2\/types\/post"}],"author":[{"embeddable":true,"href":"https:\/\/blogdafeira.com.br\/home\/wp-json\/wp\/v2\/users\/1"}],"replies":[{"embeddable":true,"href":"https:\/\/blogdafeira.com.br\/home\/wp-json\/wp\/v2\/comments?post=13065"}],"version-history":[{"count":2,"href":"https:\/\/blogdafeira.com.br\/home\/wp-json\/wp\/v2\/posts\/13065\/revisions"}],"predecessor-version":[{"id":13069,"href":"https:\/\/blogdafeira.com.br\/home\/wp-json\/wp\/v2\/posts\/13065\/revisions\/13069"}],"wp:attachment":[{"href":"https:\/\/blogdafeira.com.br\/home\/wp-json\/wp\/v2\/media?parent=13065"}],"wp:term":[{"taxonomy":"category","embeddable":true,"href":"https:\/\/blogdafeira.com.br\/home\/wp-json\/wp\/v2\/categories?post=13065"},{"taxonomy":"post_tag","embeddable":true,"href":"https:\/\/blogdafeira.com.br\/home\/wp-json\/wp\/v2\/tags?post=13065"}],"curies":[{"name":"wp","href":"https:\/\/api.w.org\/{rel}","templated":true}]}}