{"id":13096,"date":"2014-10-24T13:22:15","date_gmt":"2014-10-24T16:22:15","guid":{"rendered":"http:\/\/blogdafeira.com.br\/home\/?p=13096"},"modified":"2014-10-24T13:29:26","modified_gmt":"2014-10-24T16:29:26","slug":"capa-antecipada-da-veja-vira-piada-nas-redes-sociais-da-internet","status":"publish","type":"post","link":"https:\/\/blogdafeira.com.br\/home\/2014\/10\/24\/capa-antecipada-da-veja-vira-piada-nas-redes-sociais-da-internet\/","title":{"rendered":"Capa antecipada da &#8216;Veja&#8217; vira piada nas redes sociais da internet"},"content":{"rendered":"<div id=\"blogd-732571486\" class=\"blogd-fim-do-post-mobile blogd-entity-placement\" style=\"margin-left: auto;margin-right: auto;text-align: center;\"><a href=\"https:\/\/www.sefaz.feiradesantana.ba.gov.br\/\" target=\"_blank\" aria-label=\"728&#215;90 (6)\"><img loading=\"lazy\" decoding=\"async\" src=\"https:\/\/blogdafeira.com.br\/home\/wp-content\/uploads\/2026\/03\/728x90-6.gif\" alt=\"\"  class=\"no-lazyload\" width=\"728\" height=\"90\"  style=\"display: inline-block;\" \/><\/a><\/div><p><img loading=\"lazy\" decoding=\"async\" class=\"aligncenter size-full wp-image-13097\" src=\"http:\/\/blogdafeira.com.br\/home\/wp-content\/uploads\/2014\/10\/veja.jpg\" alt=\"veja\" width=\"500\" height=\"665\" srcset=\"https:\/\/blogdafeira.com.br\/home\/wp-content\/uploads\/2014\/10\/veja.jpg 500w, https:\/\/blogdafeira.com.br\/home\/wp-content\/uploads\/2014\/10\/veja-112x150.jpg 112w, https:\/\/blogdafeira.com.br\/home\/wp-content\/uploads\/2014\/10\/veja-225x300.jpg 225w\" sizes=\"auto, (max-width: 500px) 100vw, 500px\" \/>A capa da revista Veja de domingo, antecipada pela revista na p\u00e1gina dela na internet onde acusa a presidenta Dilma Roussef e o ex-presidente Lula de saberem &#8216;previamente&#8217; sobre os &#8216;malfeitos&#8217; na Petrobr\u00e1s, \u00e9 motivo de piada nas redes sociais.<\/p><div id=\"blogd-1517109189\" class=\"blogd-conteudo-2-mobile blogd-entity-placement\"><a href=\"https:\/\/feirenses.com.br\/\" target=\"_blank\" aria-label=\"feirenses\"><img loading=\"lazy\" decoding=\"async\" src=\"https:\/\/blogdafeira.com.br\/home\/wp-content\/uploads\/2026\/04\/feirenses.png\" alt=\"\"  srcset=\"https:\/\/blogdafeira.com.br\/home\/wp-content\/uploads\/2026\/04\/feirenses.png 300w, https:\/\/blogdafeira.com.br\/home\/wp-content\/uploads\/2026\/04\/feirenses-170x45.png 170w, https:\/\/blogdafeira.com.br\/home\/wp-content\/uploads\/2026\/04\/feirenses-280x74.png 280w\" sizes=\"(max-width: 300px) 100vw, 300px\" class=\"no-lazyload\" width=\"300\" height=\"79\"  style=\"display: inline-block;\" \/><\/a><\/div>\n<p><a href=\"https:\/\/www.facebook.com\/video.php?v=785658981487695&amp;set=vb.351338968253034&amp;type=2&amp;theater\" target=\"_blank\">Hoje, no \u00faltimo programa eleitoral, a presidenta Dilma Roussef fez tamb\u00e9m um extenso pronunciamento contra o que qualificou de &#8216;terrorismo eleitoral&#8217; da revista e &#8216;seus c\u00famplices&#8217;<strong> (clique aqui)<\/strong><\/a> A Presidenta anunciou que vai processar a revista.<\/p>\n<div id=\"blogd-3427185386\" class=\"blogd-final-post blogd-entity-placement\"><a href=\"https:\/\/www.feiradesantana.ba.leg.br\/\" target=\"_blank\" aria-label=\"BANNER-SITE-ENTREGADECHEQUE-CAMARADEFEIRA\"><img loading=\"lazy\" decoding=\"async\" src=\"https:\/\/blogdafeira.com.br\/home\/wp-content\/uploads\/2026\/03\/BANNER-SITE-ENTREGADECHEQUE-CAMARADEFEIRA.gif\" alt=\"\"  class=\"no-lazyload\" width=\"728\" height=\"90\"   \/><\/a><\/div><p><a href=\"http:\/\/desesperodaveja.tumblr.com\/\" target=\"_blank\">Veja mais &#8216;capas&#8217; da Veja: <strong>clique aqui<\/strong><\/a><\/p>\n<p><img loading=\"lazy\" decoding=\"async\" class=\"aligncenter size-full wp-image-13098\" src=\"http:\/\/blogdafeira.com.br\/home\/wp-content\/uploads\/2014\/10\/veja3.jpg\" alt=\"veja3\" width=\"500\" height=\"665\" srcset=\"https:\/\/blogdafeira.com.br\/home\/wp-content\/uploads\/2014\/10\/veja3.jpg 500w, https:\/\/blogdafeira.com.br\/home\/wp-content\/uploads\/2014\/10\/veja3-112x150.jpg 112w, https:\/\/blogdafeira.com.br\/home\/wp-content\/uploads\/2014\/10\/veja3-225x300.jpg 225w\" sizes=\"auto, (max-width: 500px) 100vw, 500px\" \/><\/p>\n","protected":false},"excerpt":{"rendered":"<p>A capa da revista Veja de domingo, antecipada pela revista na p\u00e1gina dela na internet onde acusa a presidenta Dilma Roussef e o ex-presidente Lula de saberem &#8216;previamente&#8217; sobre os &#8216;malfeitos&#8217; na Petrobr\u00e1s, \u00e9 motivo de piada nas redes sociais. Hoje, no \u00faltimo programa eleitoral, a presidenta Dilma Roussef fez tamb\u00e9m um extenso pronunciamento contra<\/p>\n","protected":false},"author":1,"featured_media":0,"comment_status":"closed","ping_status":"closed","sticky":false,"template":"","format":"standard","meta":{"jetpack_post_was_ever_published":false,"cybocfi_hide_featured_image":"","_jetpack_newsletter_access":"","_jetpack_dont_email_post_to_subs":false,"_jetpack_newsletter_tier_id":0,"_jetpack_memberships_contains_paywalled_content":false,"_jetpack_memberships_contains_paid_content":false,"footnotes":"","jetpack_publicize_message":"","jetpack_publicize_feature_enabled":true,"jetpack_social_post_already_shared":true,"jetpack_social_options":{"image_generator_settings":{"template":"highway","default_image_id":0,"font":"","enabled":false},"version":2}},"categories":[1],"tags":[],"class_list":["post-13096","post","type-post","status-publish","format-standard","hentry","category-raiz"],"jetpack_publicize_connections":[],"jetpack_featured_media_url":"","jetpack_shortlink":"https:\/\/wp.me\/p3niVf-3pe","jetpack_sharing_enabled":true,"jetpack-related-posts":[{"id":23355,"url":"https:\/\/blogdafeira.com.br\/home\/2016\/08\/31\/ze-neto-o-povo-de-feira-tem-um-carinho-especial-por-voce-dilma\/","url_meta":{"origin":13096,"position":0},"title":"Z\u00e9 Neto: &#8220;o povo de Feira tem um carinho especial por voc\u00ea, Dilma!&#8221;","author":"Blog da Feira","date":"31\/08\/2016","format":false,"excerpt":"O deputado Z\u00e9 Neto, candidato a Prefeito de Feira de Santana dedicou hoje o programa eleitoral \u00e0 Dilma Roussef e disse que 'o povo de Feira tem um carinho especial\" por ela que foi a Presidente que mais visitou Feira de Santana. \"Dilma e Lula trouxeram \u00a0mais de 45 mil\u2026","rel":"","context":"Em &quot;Home&quot;","block_context":{"text":"Home","link":"https:\/\/blogdafeira.com.br\/home\/categoria\/raiz\/"},"img":{"alt_text":"DSC03385","src":"https:\/\/i0.wp.com\/blogdafeira.com.br\/home\/wp-content\/uploads\/2014\/09\/DSC03385.jpg?resize=350%2C200","width":350,"height":200,"srcset":"https:\/\/i0.wp.com\/blogdafeira.com.br\/home\/wp-content\/uploads\/2014\/09\/DSC03385.jpg?resize=350%2C200 1x, https:\/\/i0.wp.com\/blogdafeira.com.br\/home\/wp-content\/uploads\/2014\/09\/DSC03385.jpg?resize=525%2C300 1.5x"},"classes":[]},{"id":13676,"url":"https:\/\/blogdafeira.com.br\/home\/2014\/11\/25\/governo-de-feira-diz-que-dilma-quer-vir-dar-a-ordem-de-servico-do-brt-2\/","url_meta":{"origin":13096,"position":1},"title":"Governo de Feira diz que Dilma quer vir dar a &#8216;ordem de servi\u00e7o&#8217; do BRT","author":"Blog da Feira","date":"25\/11\/2014","format":false,"excerpt":"O Governo de Feira, atrav\u00e9s do secret\u00e1rio de Planejamento, Carlos Brito, disse que a Presidenta Dilma Roussef \u00a0externou o desejo de vir \u00e0 cidade assinar a 'ordem de servi\u00e7o' \u00a0para o come\u00e7o das obras. Segundo o Secret\u00e1rio disse ao site Acorda Cidade, o desejo da Presidenta foi externado atrav\u00e9s da\u2026","rel":"","context":"Em &quot;Home&quot;","block_context":{"text":"Home","link":"https:\/\/blogdafeira.com.br\/home\/categoria\/raiz\/"},"img":{"alt_text":"","src":"","width":0,"height":0},"classes":[]},{"id":12554,"url":"https:\/\/blogdafeira.com.br\/home\/2014\/09\/25\/dilma-em-feira-a-bahia-vai-fazer-a-diferenca-na-minha-eleicao\/","url_meta":{"origin":13096,"position":2},"title":"Dilma em Feira: &#8216;a Bahia vai fazer a diferen\u00e7a na minha elei\u00e7\u00e3o&#8217;","author":"Blog da Feira","date":"25\/09\/2014","format":false,"excerpt":"A presidenta do Brasil e candidata \u00e0 reelei\u00e7\u00e3o, Dilma Roussef, fez um discurso de pouco mais de 6 minutos no palanque armado para a visita dela em Feira de Santana. \"- Quando estou aqui falando em Feira de Santana eu estou falando tamb\u00e9m para todo o Brasil\" - disse. VEJA\u2026","rel":"","context":"Em &quot;Home&quot;","block_context":{"text":"Home","link":"https:\/\/blogdafeira.com.br\/home\/categoria\/raiz\/"},"img":{"alt_text":"","src":"","width":0,"height":0},"classes":[]},{"id":20125,"url":"https:\/\/blogdafeira.com.br\/home\/2016\/03\/18\/presidenta-dilma-roussef-entrega-moradias-hoje-em-feira-de-santana\/","url_meta":{"origin":13096,"position":3},"title":"Presidenta Dilma Roussef entrega moradias hoje em Feira de Santana","author":"Blog da Feira","date":"18\/03\/2016","format":false,"excerpt":"A presidenta Dilma Roussef entrega resid\u00eancias do 'Minha Casa, Minha Vida', nesta manh\u00e3 em Feira de Santana. A presidenta vem acompanhada do governador do Estado, Rui Costa. O ato acontecer\u00e1 \u00e0s 10h, na Rua Itatiaia, no bairro Concei\u00e7\u00e3o II, onde se localiza dois dos tr\u00eas conjuntos habitacionais que ser\u00e3o inaugurados\u2026","rel":"","context":"Em &quot;Home&quot;","block_context":{"text":"Home","link":"https:\/\/blogdafeira.com.br\/home\/categoria\/raiz\/"},"img":{"alt_text":"","src":"","width":0,"height":0},"classes":[]},{"id":3239,"url":"https:\/\/blogdafeira.com.br\/home\/2013\/07\/04\/dilma-roussef-lanca-plano-safra-em-salvador-em-clima-de-reeleicao\/","url_meta":{"origin":13096,"position":4},"title":"Dilma Roussef lan\u00e7a Plano Safra em Salvador em clima de reelei\u00e7\u00e3o","author":"Blog da Feira","date":"04\/07\/2013","format":false,"excerpt":"Nenhum prefeito, a n\u00e3o ser os que n\u00e3o subiram ao palco porque n\u00e3o quiseram, deixou de ser fotografado e recebeu um cumprimento caloroso da presidenta Dilma Roussef, durante a solenidade do lan\u00e7amento do Plano Safra do Semi\u00e1rido, hoje no Centro de Conven\u00e7\u00f5es, em Salvador. Quase 300 prefeitos e diversas associa\u00e7\u00f5es\u2026","rel":"","context":"Em &quot;Home&quot;","block_context":{"text":"Home","link":"https:\/\/blogdafeira.com.br\/home\/categoria\/raiz\/"},"img":{"alt_text":"DILMA","src":"https:\/\/i0.wp.com\/blogdafeira.com.br\/home\/wp-content\/uploads\/2013\/07\/DILMA.jpg?resize=350%2C200","width":350,"height":200,"srcset":"https:\/\/i0.wp.com\/blogdafeira.com.br\/home\/wp-content\/uploads\/2013\/07\/DILMA.jpg?resize=350%2C200 1x, https:\/\/i0.wp.com\/blogdafeira.com.br\/home\/wp-content\/uploads\/2013\/07\/DILMA.jpg?resize=525%2C300 1.5x"},"classes":[]},{"id":12580,"url":"https:\/\/blogdafeira.com.br\/home\/2014\/09\/26\/otto-foi-quem-sugeriu-a-presidenta-dilma-falar-no-brt-de-feira\/","url_meta":{"origin":13096,"position":5},"title":"Otto foi quem sugeriu a presidenta Dilma falar no BRT de Feira","author":"Blog da Feira","date":"26\/09\/2014","format":false,"excerpt":"O candidato ao Senado pela Bahia, o veterano Otto Alencar foi quem 'deu as coordenadas' para a\u00a0presidenta Dilma Roussef \u00a0'levantar a bola' \u00a0do BRT \u00a0em Feira de Sant'Anna, no discurso que fez no palanque armado para a chapa majorit\u00e1ria federal e estadual.(clique aqui) Quando Dilma titubeou na refer\u00eancia, durante a\u2026","rel":"","context":"Em &quot;Home&quot;","block_context":{"text":"Home","link":"https:\/\/blogdafeira.com.br\/home\/categoria\/raiz\/"},"img":{"alt_text":"otto alencar","src":"https:\/\/i0.wp.com\/blogdafeira.com.br\/home\/wp-content\/uploads\/2014\/09\/otto-alencar.jpg?resize=350%2C200","width":350,"height":200,"srcset":"https:\/\/i0.wp.com\/blogdafeira.com.br\/home\/wp-content\/uploads\/2014\/09\/otto-alencar.jpg?resize=350%2C200 1x, https:\/\/i0.wp.com\/blogdafeira.com.br\/home\/wp-content\/uploads\/2014\/09\/otto-alencar.jpg?resize=525%2C300 1.5x"},"classes":[]}],"_links":{"self":[{"href":"https:\/\/blogdafeira.com.br\/home\/wp-json\/wp\/v2\/posts\/13096","targetHints":{"allow":["GET"]}}],"collection":[{"href":"https:\/\/blogdafeira.com.br\/home\/wp-json\/wp\/v2\/posts"}],"about":[{"href":"https:\/\/blogdafeira.com.br\/home\/wp-json\/wp\/v2\/types\/post"}],"author":[{"embeddable":true,"href":"https:\/\/blogdafeira.com.br\/home\/wp-json\/wp\/v2\/users\/1"}],"replies":[{"embeddable":true,"href":"https:\/\/blogdafeira.com.br\/home\/wp-json\/wp\/v2\/comments?post=13096"}],"version-history":[{"count":3,"href":"https:\/\/blogdafeira.com.br\/home\/wp-json\/wp\/v2\/posts\/13096\/revisions"}],"predecessor-version":[{"id":13101,"href":"https:\/\/blogdafeira.com.br\/home\/wp-json\/wp\/v2\/posts\/13096\/revisions\/13101"}],"wp:attachment":[{"href":"https:\/\/blogdafeira.com.br\/home\/wp-json\/wp\/v2\/media?parent=13096"}],"wp:term":[{"taxonomy":"category","embeddable":true,"href":"https:\/\/blogdafeira.com.br\/home\/wp-json\/wp\/v2\/categories?post=13096"},{"taxonomy":"post_tag","embeddable":true,"href":"https:\/\/blogdafeira.com.br\/home\/wp-json\/wp\/v2\/tags?post=13096"}],"curies":[{"name":"wp","href":"https:\/\/api.w.org\/{rel}","templated":true}]}}