{"id":13300,"date":"2014-11-05T11:39:38","date_gmt":"2014-11-05T14:39:38","guid":{"rendered":"http:\/\/blogdafeira.com.br\/home\/?p=13300"},"modified":"2014-11-05T11:39:38","modified_gmt":"2014-11-05T14:39:38","slug":"pt-quer-disputar-presidencia-da-assembleia-da-bahia-diz-anunciacao","status":"publish","type":"post","link":"https:\/\/blogdafeira.com.br\/home\/2014\/11\/05\/pt-quer-disputar-presidencia-da-assembleia-da-bahia-diz-anunciacao\/","title":{"rendered":"PT quer disputar Presid\u00eancia da Assembleia da Bahia, diz Anuncia\u00e7\u00e3o"},"content":{"rendered":"<div id=\"blogd-3703431135\" class=\"blogd-fim-do-post-mobile blogd-entity-placement\" style=\"margin-left: auto;margin-right: auto;text-align: center;\"><a href=\"https:\/\/www.sefaz.feiradesantana.ba.gov.br\/\" target=\"_blank\" aria-label=\"728&#215;90 (6)\"><img loading=\"lazy\" decoding=\"async\" src=\"https:\/\/blogdafeira.com.br\/home\/wp-content\/uploads\/2026\/03\/728x90-6.gif\" alt=\"\"  class=\"no-lazyload\" width=\"728\" height=\"90\"  style=\"display: inline-block;\" \/><\/a><\/div><p style=\"font-weight: normal; color: #000000;\">Na coluna<a href=\"http:\/\/www.tribunadabahia.com.br\/lista\/20\/1\/raio-laser\/\" target=\"_blank\"> Raio Laser, edi\u00e7\u00e3o de hoje da Tribuna da Bahia:<\/a><\/p><div id=\"blogd-750441396\" class=\"blogd-conteudo-2-mobile blogd-entity-placement\"><a href=\"https:\/\/feirenses.com.br\/\" target=\"_blank\" aria-label=\"feirenses\"><img loading=\"lazy\" decoding=\"async\" src=\"https:\/\/blogdafeira.com.br\/home\/wp-content\/uploads\/2026\/04\/feirenses.png\" alt=\"\"  srcset=\"https:\/\/blogdafeira.com.br\/home\/wp-content\/uploads\/2026\/04\/feirenses.png 300w, https:\/\/blogdafeira.com.br\/home\/wp-content\/uploads\/2026\/04\/feirenses-170x45.png 170w, https:\/\/blogdafeira.com.br\/home\/wp-content\/uploads\/2026\/04\/feirenses-280x74.png 280w\" sizes=\"(max-width: 300px) 100vw, 300px\" class=\"no-lazyload\" width=\"300\" height=\"79\"  style=\"display: inline-block;\" \/><\/a><\/div>\n<p style=\"font-weight: normal; color: #000000;\"><em>N\u00e3o deve ser f\u00e1cil o trabalho pela reelei\u00e7\u00e3o do deputado estadual Marcelo Nilo (PDT) \u00e0 presid\u00eancia da Assembleia Legislativa.<\/em><\/p>\n<p style=\"font-weight: normal; color: #000000;\"><em>Al\u00e9m do surgimento de novas candidaturas, como as dos deputados Rosemberg Pinto e Lu\u00edza Maia, do PT, e de Alan Sanches, do PSD, ontem, o PT anunciou formalmente o interesse em lan\u00e7ar candidato \u00e0 sucess\u00e3o do pedetista.<\/em><\/p>\n<p style=\"font-weight: normal; color: #000000;\"><em>O an\u00fancio do interesse formal do PT na presid\u00eancia da Assembleia foi feito pelo presidente estadual do partido, Everaldo Anuncia\u00e7\u00e3o, depois de uma reuni\u00e3o com os deputados e dirigentes da agremia\u00e7\u00e3o.<\/em><\/p>\n<div id=\"blogd-1940302910\" class=\"blogd-final-post blogd-entity-placement\"><a href=\"https:\/\/www.feiradesantana.ba.leg.br\/\" target=\"_blank\" aria-label=\"BANNER-SITE-ENTREGADECHEQUE-CAMARADEFEIRA\"><img loading=\"lazy\" decoding=\"async\" src=\"https:\/\/blogdafeira.com.br\/home\/wp-content\/uploads\/2026\/03\/BANNER-SITE-ENTREGADECHEQUE-CAMARADEFEIRA.gif\" alt=\"\"  class=\"no-lazyload\" width=\"728\" height=\"90\"   \/><\/a><\/div><p style=\"font-weight: normal; color: #000000;\"><em>Ele teve o cuidado de n\u00e3o informar se o partido j\u00e1 pensa em algum nome para apresentar, dando a entender que a legenda vai discutir internamente o assunto.<\/em><\/p>\n","protected":false},"excerpt":{"rendered":"<p>Na coluna Raio Laser, edi\u00e7\u00e3o de hoje da Tribuna da Bahia: N\u00e3o deve ser f\u00e1cil o trabalho pela reelei\u00e7\u00e3o do deputado estadual Marcelo Nilo (PDT) \u00e0 presid\u00eancia da Assembleia Legislativa. Al\u00e9m do surgimento de novas candidaturas, como as dos deputados Rosemberg Pinto e Lu\u00edza Maia, do PT, e de Alan Sanches, do PSD, ontem, o<\/p>\n","protected":false},"author":1,"featured_media":0,"comment_status":"closed","ping_status":"closed","sticky":false,"template":"","format":"standard","meta":{"jetpack_post_was_ever_published":false,"cybocfi_hide_featured_image":"","_jetpack_newsletter_access":"","_jetpack_dont_email_post_to_subs":false,"_jetpack_newsletter_tier_id":0,"_jetpack_memberships_contains_paywalled_content":false,"_jetpack_memberships_contains_paid_content":false,"footnotes":"","jetpack_publicize_message":"","jetpack_publicize_feature_enabled":true,"jetpack_social_post_already_shared":true,"jetpack_social_options":{"image_generator_settings":{"template":"highway","default_image_id":0,"font":"","enabled":false},"version":2}},"categories":[1],"tags":[],"class_list":["post-13300","post","type-post","status-publish","format-standard","hentry","category-raiz"],"jetpack_publicize_connections":[],"jetpack_featured_media_url":"","jetpack_shortlink":"https:\/\/wp.me\/p3niVf-3sw","jetpack_sharing_enabled":true,"jetpack-related-posts":[{"id":55299,"url":"https:\/\/blogdafeira.com.br\/home\/2022\/11\/08\/federacao-de-partidos-da-apoio-a-reeleicao-de-adolfo-menezes-na-assembleia\/","url_meta":{"origin":13300,"position":0},"title":"Federa\u00e7\u00e3o de partidos d\u00e1 apoio \u00e0 reelei\u00e7\u00e3o de Adolfo Menezes na Assembleia","author":"Blog da Feira","date":"08\/11\/2022","format":false,"excerpt":"O presidente da Assembleia Legislativa da Bahia - ALBA, deputado Adolfo Menezes recebeu, hoje (8), o apoio formal \u2014 para a sua reelei\u00e7\u00e3o ao comando do Legislativo baiano \u2014 das bancadas estaduais do Partido dos Trabalhadores, do Partido Verde e do PCdoB na ALBA.\u00a0O presidente \u00c9den Valadares e a Executiva\u2026","rel":"","context":"Em &quot;Home&quot;","block_context":{"text":"Home","link":"https:\/\/blogdafeira.com.br\/home\/categoria\/raiz\/"},"img":{"alt_text":"","src":"https:\/\/i0.wp.com\/blogdafeira.com.br\/home\/wp-content\/uploads\/2022\/11\/IMG-20221108-WA0082.jpg?resize=350%2C200&ssl=1","width":350,"height":200,"srcset":"https:\/\/i0.wp.com\/blogdafeira.com.br\/home\/wp-content\/uploads\/2022\/11\/IMG-20221108-WA0082.jpg?resize=350%2C200&ssl=1 1x, https:\/\/i0.wp.com\/blogdafeira.com.br\/home\/wp-content\/uploads\/2022\/11\/IMG-20221108-WA0082.jpg?resize=525%2C300&ssl=1 1.5x, https:\/\/i0.wp.com\/blogdafeira.com.br\/home\/wp-content\/uploads\/2022\/11\/IMG-20221108-WA0082.jpg?resize=700%2C400&ssl=1 2x, https:\/\/i0.wp.com\/blogdafeira.com.br\/home\/wp-content\/uploads\/2022\/11\/IMG-20221108-WA0082.jpg?resize=1050%2C600&ssl=1 3x"},"classes":[]},{"id":13582,"url":"https:\/\/blogdafeira.com.br\/home\/2014\/11\/19\/rosemberg-e-o-nome-do-pt-para-impedir-reeleicao-de-nilo-na-assembleia\/","url_meta":{"origin":13300,"position":1},"title":"Rosemberg \u00e9 o nome do PT para impedir reelei\u00e7\u00e3o de Nilo na Assembleia","author":"Blog da Feira","date":"19\/11\/2014","format":false,"excerpt":"A Comiss\u00e3o Pol\u00edtica do Diret\u00f3rio Estadual do PT se reuniu e ratificou a decis\u00e3o tomada por unanimidade pela bancada estadual que lan\u00e7ou a candidatura do deputado estadual Rosemberg Pinto \u00e0 presid\u00eancia da Assembleia Legislativa da Bahia. A candidatura de Rosemberg \u00e9 para impedir a reelei\u00e7\u00e3o, pela 5\u00aa vez, do atual\u2026","rel":"","context":"Em &quot;Home&quot;","block_context":{"text":"Home","link":"https:\/\/blogdafeira.com.br\/home\/categoria\/raiz\/"},"img":{"alt_text":"","src":"","width":0,"height":0},"classes":[]},{"id":30802,"url":"https:\/\/blogdafeira.com.br\/home\/2019\/02\/20\/ze-neto-esta-forte-em-brasilia-e-ganha-a-vice-lideranca-do-pt-na-camara-dos-deputados\/","url_meta":{"origin":13300,"position":2},"title":"Z\u00e9 Neto est\u00e1 forte em Bras\u00edlia e ganha a vice-lideran\u00e7a do PT na C\u00e2mara dos Deputados","author":"J\u00e2nio R\u00eago","date":"20\/02\/2019","format":false,"excerpt":"O primeiro mandato de deputado federal de Z\u00e9 Neto come\u00e7a com 'o p\u00e9 direito'. O ex-lider dos governos petistas na Bahia ganhou a vice-lideran\u00e7a do partido na C\u00e2mara dos Deputados, em Bras\u00edlia. Na tarde de ontem o deputado Paulo Pimenta (PT-RS), l\u00edder da bancada, fez o an\u00fancio. Para a escolha\u2026","rel":"","context":"Em &quot;Home&quot;","block_context":{"text":"Home","link":"https:\/\/blogdafeira.com.br\/home\/categoria\/raiz\/"},"img":{"alt_text":"","src":"","width":0,"height":0},"classes":[]},{"id":4695,"url":"https:\/\/blogdafeira.com.br\/home\/2013\/09\/02\/eleicao-do-pt-em-feira-vai-medir-o-poder-de-fogo-de-ze-neto\/","url_meta":{"origin":13300,"position":3},"title":"Elei\u00e7\u00e3o do PT em Feira vai medir o &#8216;poder de fogo&#8217; de Z\u00e9 Neto","author":"Blog da Feira","date":"02\/09\/2013","format":false,"excerpt":"O Processo de Elei\u00e7\u00e3o Direta (PED) do PT em Feira de Santana, que acontece neste m\u00eas de setembro,vai revelar a quantas anda a for\u00e7a pol\u00edtica do deputado Z\u00e9 Neto no munic\u00edpio. Rec\u00e9m sa\u00eddo de uma 'arenga' com o vereador feirense Pablo Roberto, que chegou a conclamar os petistas contra o\u2026","rel":"","context":"Em &quot;Home&quot;","block_context":{"text":"Home","link":"https:\/\/blogdafeira.com.br\/home\/categoria\/raiz\/"},"img":{"alt_text":"","src":"","width":0,"height":0},"classes":[]},{"id":13490,"url":"https:\/\/blogdafeira.com.br\/home\/2014\/11\/13\/nilo-vai-ter-a-reeleicao-mais-dificil-para-presidencia-da-assembleia-baiana\/","url_meta":{"origin":13300,"position":4},"title":"Nilo vai ter a reelei\u00e7\u00e3o mais dif\u00edcil para Presid\u00eancia da Assembleia baiana","author":"Blog da Feira","date":"13\/11\/2014","format":false,"excerpt":"Nas entrelinhas, o deputado Marcelo Nilo (PDT), admite que seu advers\u00e1rio na disputa pela presid\u00eancia da Assembleia Legislativa ser\u00e1 mesmo o petista Rosemberg Pinto, l\u00edder deste partido na Casa.\u00a0 Sobre a prov\u00e1vel candidatura Alan Sanches (PSD) n\u00e3o v\u00ea espa\u00e7o. Nilo n\u00e3o fala isso abertamente, mas, sabe que se Rosemberg tem\u2026","rel":"","context":"Em &quot;Home&quot;","block_context":{"text":"Home","link":"https:\/\/blogdafeira.com.br\/home\/categoria\/raiz\/"},"img":{"alt_text":"","src":"","width":0,"height":0},"classes":[]},{"id":6022,"url":"https:\/\/blogdafeira.com.br\/home\/2013\/11\/12\/deputado-ze-neto-diz-que-nao-vai-ser-candidato-a-prefeito-de-feira-em-2016\/","url_meta":{"origin":13300,"position":5},"title":"Deputado Z\u00e9 Neto diz que n\u00e3o vai ser candidato a Prefeito de Feira em 2016","author":"Blog da Feira","date":"12\/11\/2013","format":false,"excerpt":"O deputado estadual Z\u00e9 Neto, l\u00edder do governo na Assembleia Legislativa, disse ao programa Acorda Cidade, na r\u00e1dio Sociedade de Feira de Santana, que n\u00e3o n\u00e3o pretende se candidatar ao cargo de prefeito do munic\u00edpio em 2016. Em 2012, Z\u00e9 Neto ficou na 2\u00ba coloca\u00e7\u00e3o na disputa com 18,65%, tendo\u2026","rel":"","context":"Em &quot;Home&quot;","block_context":{"text":"Home","link":"https:\/\/blogdafeira.com.br\/home\/categoria\/raiz\/"},"img":{"alt_text":"","src":"","width":0,"height":0},"classes":[]}],"_links":{"self":[{"href":"https:\/\/blogdafeira.com.br\/home\/wp-json\/wp\/v2\/posts\/13300","targetHints":{"allow":["GET"]}}],"collection":[{"href":"https:\/\/blogdafeira.com.br\/home\/wp-json\/wp\/v2\/posts"}],"about":[{"href":"https:\/\/blogdafeira.com.br\/home\/wp-json\/wp\/v2\/types\/post"}],"author":[{"embeddable":true,"href":"https:\/\/blogdafeira.com.br\/home\/wp-json\/wp\/v2\/users\/1"}],"replies":[{"embeddable":true,"href":"https:\/\/blogdafeira.com.br\/home\/wp-json\/wp\/v2\/comments?post=13300"}],"version-history":[{"count":1,"href":"https:\/\/blogdafeira.com.br\/home\/wp-json\/wp\/v2\/posts\/13300\/revisions"}],"predecessor-version":[{"id":13301,"href":"https:\/\/blogdafeira.com.br\/home\/wp-json\/wp\/v2\/posts\/13300\/revisions\/13301"}],"wp:attachment":[{"href":"https:\/\/blogdafeira.com.br\/home\/wp-json\/wp\/v2\/media?parent=13300"}],"wp:term":[{"taxonomy":"category","embeddable":true,"href":"https:\/\/blogdafeira.com.br\/home\/wp-json\/wp\/v2\/categories?post=13300"},{"taxonomy":"post_tag","embeddable":true,"href":"https:\/\/blogdafeira.com.br\/home\/wp-json\/wp\/v2\/tags?post=13300"}],"curies":[{"name":"wp","href":"https:\/\/api.w.org\/{rel}","templated":true}]}}