{"id":13424,"date":"2014-11-10T11:48:36","date_gmt":"2014-11-10T14:48:36","guid":{"rendered":"http:\/\/blogdafeira.com.br\/home\/?p=13424"},"modified":"2014-11-10T11:48:36","modified_gmt":"2014-11-10T14:48:36","slug":"camara-de-feira-condecorou-cesce-com-medalha-defensor-do-subae","status":"publish","type":"post","link":"https:\/\/blogdafeira.com.br\/home\/2014\/11\/10\/camara-de-feira-condecorou-cesce-com-medalha-defensor-do-subae\/","title":{"rendered":"C\u00e2mara de Feira condecorou Cesc\u00e9 com &#8216;Medalha Defensor do Suba\u00e9&#8217;"},"content":{"rendered":"<div id=\"blogd-1189333785\" class=\"blogd-fim-do-post-mobile blogd-entity-placement\" style=\"margin-left: auto;margin-right: auto;text-align: center;\"><a href=\"https:\/\/www.sefaz.feiradesantana.ba.gov.br\/\" target=\"_blank\" aria-label=\"728&#215;90 (6)\"><img loading=\"lazy\" decoding=\"async\" src=\"https:\/\/blogdafeira.com.br\/home\/wp-content\/uploads\/2026\/03\/728x90-6.gif\" alt=\"\"  class=\"no-lazyload\" width=\"728\" height=\"90\"  style=\"display: inline-block;\" \/><\/a><\/div><p><img loading=\"lazy\" decoding=\"async\" class=\"aligncenter size-full wp-image-13425\" src=\"http:\/\/blogdafeira.com.br\/home\/wp-content\/uploads\/2014\/11\/cesce-1.jpg\" alt=\"cesce 1\" width=\"820\" height=\"547\" srcset=\"https:\/\/blogdafeira.com.br\/home\/wp-content\/uploads\/2014\/11\/cesce-1.jpg 820w, https:\/\/blogdafeira.com.br\/home\/wp-content\/uploads\/2014\/11\/cesce-1-170x113.jpg 170w, https:\/\/blogdafeira.com.br\/home\/wp-content\/uploads\/2014\/11\/cesce-1-346x230.jpg 346w\" sizes=\"auto, (max-width: 820px) 100vw, 820px\" \/>O cantor e compositor de Feira de Santana, Cesc\u00e9 Amorim, 60 anos, foi homenageado pela C\u00e2mara de Vereadores de Feira de Santana que lhe condecorou com a &#8216;Medalha Defensor do Suba\u00e9&#8217;, pelo seu trabalho art\u00edstico em defesa da ecologia nordestina e em especial das nascentes do Rio Suba\u00e9.<\/p><div id=\"blogd-742155560\" class=\"blogd-conteudo-2-mobile blogd-entity-placement\"><a href=\"https:\/\/feirenses.com.br\/\" target=\"_blank\" aria-label=\"feirenses\"><img loading=\"lazy\" decoding=\"async\" src=\"https:\/\/blogdafeira.com.br\/home\/wp-content\/uploads\/2026\/04\/feirenses.png\" alt=\"\"  srcset=\"https:\/\/blogdafeira.com.br\/home\/wp-content\/uploads\/2026\/04\/feirenses.png 300w, https:\/\/blogdafeira.com.br\/home\/wp-content\/uploads\/2026\/04\/feirenses-170x45.png 170w, https:\/\/blogdafeira.com.br\/home\/wp-content\/uploads\/2026\/04\/feirenses-280x74.png 280w\" sizes=\"(max-width: 300px) 100vw, 300px\" class=\"no-lazyload\" width=\"300\" height=\"79\"  style=\"display: inline-block;\" \/><\/a><\/div>\n<div id=\"blogd-1988719494\" class=\"blogd-final-post blogd-entity-placement\"><a href=\"https:\/\/www.feiradesantana.ba.leg.br\/\" target=\"_blank\" aria-label=\"BANNER-SITE-ENTREGADECHEQUE-CAMARADEFEIRA\"><img loading=\"lazy\" decoding=\"async\" src=\"https:\/\/blogdafeira.com.br\/home\/wp-content\/uploads\/2026\/03\/BANNER-SITE-ENTREGADECHEQUE-CAMARADEFEIRA.gif\" alt=\"\"  class=\"no-lazyload\" width=\"728\" height=\"90\"   \/><\/a><\/div><p><em>Foto de Reginaldo Tracaj\u00e1<\/em><\/p>\n","protected":false},"excerpt":{"rendered":"<p>O cantor e compositor de Feira de Santana, Cesc\u00e9 Amorim, 60 anos, foi homenageado pela C\u00e2mara de Vereadores de Feira de Santana que lhe condecorou com a &#8216;Medalha Defensor do Suba\u00e9&#8217;, pelo seu trabalho art\u00edstico em defesa da ecologia nordestina e em especial das nascentes do Rio Suba\u00e9. Foto de Reginaldo Tracaj\u00e1<\/p>\n","protected":false},"author":1,"featured_media":0,"comment_status":"closed","ping_status":"closed","sticky":false,"template":"","format":"standard","meta":{"jetpack_post_was_ever_published":false,"cybocfi_hide_featured_image":"","_jetpack_newsletter_access":"","_jetpack_dont_email_post_to_subs":false,"_jetpack_newsletter_tier_id":0,"_jetpack_memberships_contains_paywalled_content":false,"_jetpack_memberships_contains_paid_content":false,"footnotes":"","jetpack_publicize_message":"","jetpack_publicize_feature_enabled":true,"jetpack_social_post_already_shared":true,"jetpack_social_options":{"image_generator_settings":{"template":"highway","default_image_id":0,"font":"","enabled":false},"version":2}},"categories":[1],"tags":[],"class_list":["post-13424","post","type-post","status-publish","format-standard","hentry","category-raiz"],"jetpack_publicize_connections":[],"jetpack_featured_media_url":"","jetpack_shortlink":"https:\/\/wp.me\/p3niVf-3uw","jetpack_sharing_enabled":true,"jetpack-related-posts":[{"id":41717,"url":"https:\/\/blogdafeira.com.br\/home\/2020\/11\/13\/cesce-grava-musica-de-apoio-a-beto-tourinho-e-angelo-almeida\/","url_meta":{"origin":13424,"position":0},"title":"Cesc\u00e9 grava m\u00fasica de apoio a Beto Tourinho e \u00c2ngelo Almeida","author":"Blog da Feira","date":"13\/11\/2020","format":false,"excerpt":"Com uma letra de Carlos Pita, musicada por Cesc\u00e9, a campanha de Beto Tourinho e \u00c2ngelo Almeida para prefeito e vice de Feira de Santana lan\u00e7ou um clip agora no final da campanha com o claro objetivo de refor\u00e7ar a liga\u00e7\u00e3o dois dois candidatos do PSB com a arte em\u2026","rel":"","context":"Em &quot;Cultura&quot;","block_context":{"text":"Cultura","link":"https:\/\/blogdafeira.com.br\/home\/categoria\/cultura\/"},"img":{"alt_text":"","src":"https:\/\/i0.wp.com\/blogdafeira.com.br\/home\/wp-content\/uploads\/2020\/11\/Screenshot_20201113-0940073.png?resize=350%2C200&ssl=1","width":350,"height":200,"srcset":"https:\/\/i0.wp.com\/blogdafeira.com.br\/home\/wp-content\/uploads\/2020\/11\/Screenshot_20201113-0940073.png?resize=350%2C200&ssl=1 1x, https:\/\/i0.wp.com\/blogdafeira.com.br\/home\/wp-content\/uploads\/2020\/11\/Screenshot_20201113-0940073.png?resize=525%2C300&ssl=1 1.5x, https:\/\/i0.wp.com\/blogdafeira.com.br\/home\/wp-content\/uploads\/2020\/11\/Screenshot_20201113-0940073.png?resize=700%2C400&ssl=1 2x"},"classes":[]},{"id":62880,"url":"https:\/\/blogdafeira.com.br\/home\/2024\/07\/17\/jeronimo-entrega-medalha-a-naidison-de-quintela-um-dos-fundadores-do-moc\/","url_meta":{"origin":13424,"position":1},"title":"Jer\u00f4nimo entrega medalha a Naidison de Quintela, um dos fundadores do MOC","author":"Blog da Feira","date":"17\/07\/2024","format":false,"excerpt":"O te\u00f3logo Naidison de Quintella foi homenageado com a mais alta honraria do Estado da Bahia, a Medalha da Ordem 2 de Julho \u2013 Libertadores da Bahia, em reconhecimento \u00e0 sua not\u00e1vel contribui\u00e7\u00e3o na defesa pela conviv\u00eancia com o semi\u00e1rido. A cerim\u00f4nia de entrega da medalha ocorreu ontem, ter\u00e7a-feira (16),\u2026","rel":"","context":"Em &quot;Geral&quot;","block_context":{"text":"Geral","link":"https:\/\/blogdafeira.com.br\/home\/categoria\/geral\/"},"img":{"alt_text":"","src":"https:\/\/i0.wp.com\/blogdafeira.com.br\/home\/wp-content\/uploads\/2024\/07\/20240717_094013.jpg?resize=350%2C200&ssl=1","width":350,"height":200,"srcset":"https:\/\/i0.wp.com\/blogdafeira.com.br\/home\/wp-content\/uploads\/2024\/07\/20240717_094013.jpg?resize=350%2C200&ssl=1 1x, https:\/\/i0.wp.com\/blogdafeira.com.br\/home\/wp-content\/uploads\/2024\/07\/20240717_094013.jpg?resize=525%2C300&ssl=1 1.5x, https:\/\/i0.wp.com\/blogdafeira.com.br\/home\/wp-content\/uploads\/2024\/07\/20240717_094013.jpg?resize=700%2C400&ssl=1 2x"},"classes":[]},{"id":21951,"url":"https:\/\/blogdafeira.com.br\/home\/2016\/06\/07\/cesce-e-banda-pe-de-lajedo-animam-forro-da-aplb-no-sabado-em-feira\/","url_meta":{"origin":13424,"position":2},"title":"Cesc\u00e9 e Banda P\u00e9 de Lajedo animam forr\u00f3 da APLB no s\u00e1bado em Feira","author":"Blog da Feira","date":"07\/06\/2016","format":false,"excerpt":"A delegacia sindical sertaneja da APLB Sindicato em Feira de Santana realiza no pr\u00f3ximo s\u00e1bado, 11, a partir das 17h no Sp\u00e1zio Eventos no Centro da cidade o Forr\u00f3 da Democracia. A festa re\u00fane Trabalhadores e Trabalhadoras em Educa\u00e7\u00e3o das redes estadual e municipal de ensino de Feira de Santana\u2026","rel":"","context":"Em &quot;Home&quot;","block_context":{"text":"Home","link":"https:\/\/blogdafeira.com.br\/home\/categoria\/raiz\/"},"img":{"alt_text":"cesce 1","src":"https:\/\/i0.wp.com\/blogdafeira.com.br\/home\/wp-content\/uploads\/2014\/11\/cesce-1.jpg?resize=350%2C200","width":350,"height":200,"srcset":"https:\/\/i0.wp.com\/blogdafeira.com.br\/home\/wp-content\/uploads\/2014\/11\/cesce-1.jpg?resize=350%2C200 1x, https:\/\/i0.wp.com\/blogdafeira.com.br\/home\/wp-content\/uploads\/2014\/11\/cesce-1.jpg?resize=525%2C300 1.5x, https:\/\/i0.wp.com\/blogdafeira.com.br\/home\/wp-content\/uploads\/2014\/11\/cesce-1.jpg?resize=700%2C400 2x"},"classes":[]},{"id":64641,"url":"https:\/\/blogdafeira.com.br\/home\/2024\/11\/21\/homenagens-a-ativista-cultural-marcam-dia-nacional-da-consciencia-negra-na-camara\/","url_meta":{"origin":13424,"position":3},"title":"Homenagens a ativista cultural marcam Dia Nacional da Consci\u00eancia Negra na C\u00e2mara","author":"Blog da Feira","date":"21\/11\/2024","format":false,"excerpt":"Em comemora\u00e7\u00e3o ao Dia da Consci\u00eancia Negra, 20 de novembro, agora oficialmente feriado nacional, a C\u00e2mara Municipal realiza nesta quinta-feira (21), \u00e0s 19h, uma sess\u00e3o solene para registrar a data e condecorar uma das principais lideran\u00e7as do movimento negro em Feira de Santana, a presidente do N\u00facleo Cultural Educacional e\u2026","rel":"","context":"Em &quot;Geral&quot;","block_context":{"text":"Geral","link":"https:\/\/blogdafeira.com.br\/home\/categoria\/geral\/"},"img":{"alt_text":"","src":"https:\/\/i0.wp.com\/blogdafeira.com.br\/home\/wp-content\/uploads\/2024\/11\/IMG-20241119-WA0106.jpg?resize=350%2C200&ssl=1","width":350,"height":200,"srcset":"https:\/\/i0.wp.com\/blogdafeira.com.br\/home\/wp-content\/uploads\/2024\/11\/IMG-20241119-WA0106.jpg?resize=350%2C200&ssl=1 1x, https:\/\/i0.wp.com\/blogdafeira.com.br\/home\/wp-content\/uploads\/2024\/11\/IMG-20241119-WA0106.jpg?resize=525%2C300&ssl=1 1.5x, https:\/\/i0.wp.com\/blogdafeira.com.br\/home\/wp-content\/uploads\/2024\/11\/IMG-20241119-WA0106.jpg?resize=700%2C400&ssl=1 2x"},"classes":[]},{"id":62143,"url":"https:\/\/blogdafeira.com.br\/home\/2024\/05\/14\/dono-da-lagoa-empresa-de-jodilton-souza-invadiu-a-lagoa-subae-denuncia-o-vereador-fernando-torres\/","url_meta":{"origin":13424,"position":4},"title":"&#8220;Dono da Feira&#8221;: empresa de Jodilton Souza invadiu a Lagoa Suba\u00e9, denuncia o vereador Fernando Torres","author":"Blog da Feira","date":"14\/05\/2024","format":false,"excerpt":"A voracidade empresarial de Jodilton Souza em Feira de Santana dessa vez passou dos limites, caso seja comprovada a den\u00fancia feita pelo vereador Fernando Torres: a UNEF, empreendimento educacional de Jodilton, \"fechou a Lagoa Suba\u00e9 e diz que \u00e9 a dona\". Fernando indicou que h\u00e1 crime ambiental em curso e\u2026","rel":"","context":"Em &quot;Cidade&quot;","block_context":{"text":"Cidade","link":"https:\/\/blogdafeira.com.br\/home\/categoria\/cidade\/"},"img":{"alt_text":"","src":"https:\/\/i0.wp.com\/blogdafeira.com.br\/home\/wp-content\/uploads\/2024\/05\/images-6.jpeg?resize=350%2C200&ssl=1","width":350,"height":200,"srcset":"https:\/\/i0.wp.com\/blogdafeira.com.br\/home\/wp-content\/uploads\/2024\/05\/images-6.jpeg?resize=350%2C200&ssl=1 1x, https:\/\/i0.wp.com\/blogdafeira.com.br\/home\/wp-content\/uploads\/2024\/05\/images-6.jpeg?resize=525%2C300&ssl=1 1.5x"},"classes":[]},{"id":19910,"url":"https:\/\/blogdafeira.com.br\/home\/2016\/03\/04\/aplb-de-feira-faz-homenagem-a-mulher-com-show-de-cesce-amorim\/","url_meta":{"origin":13424,"position":5},"title":"APLB de Feira faz homenagem \u00e0 mulher com show de Cesc\u00e9 Amorim","author":"Blog da Feira","date":"04\/03\/2016","format":false,"excerpt":"A APLB Sindicato - Feira realizar\u00e1 na pr\u00f3xima ter\u00e7a, 8, homenagens ao Dia Internacional da Mulher, com um evento \u00a0na \u00a0Pra\u00e7a Jo\u00e3o Pedreiro (em frente ao Mercado de Arte Popular, o MAP) \u00e0s 17 horas, com um show dan\u00e7ante de Cesc\u00e9 Amorim Banda Forr\u00f3 P\u00e9 de Lajedo al\u00e9m de artistas\u2026","rel":"","context":"Em &quot;Home&quot;","block_context":{"text":"Home","link":"https:\/\/blogdafeira.com.br\/home\/categoria\/raiz\/"},"img":{"alt_text":"marlede oliveira","src":"https:\/\/i0.wp.com\/blogdafeira.com.br\/home\/wp-content\/uploads\/2016\/02\/marlede-oliveira.jpg?resize=350%2C200","width":350,"height":200,"srcset":"https:\/\/i0.wp.com\/blogdafeira.com.br\/home\/wp-content\/uploads\/2016\/02\/marlede-oliveira.jpg?resize=350%2C200 1x, https:\/\/i0.wp.com\/blogdafeira.com.br\/home\/wp-content\/uploads\/2016\/02\/marlede-oliveira.jpg?resize=525%2C300 1.5x"},"classes":[]}],"_links":{"self":[{"href":"https:\/\/blogdafeira.com.br\/home\/wp-json\/wp\/v2\/posts\/13424","targetHints":{"allow":["GET"]}}],"collection":[{"href":"https:\/\/blogdafeira.com.br\/home\/wp-json\/wp\/v2\/posts"}],"about":[{"href":"https:\/\/blogdafeira.com.br\/home\/wp-json\/wp\/v2\/types\/post"}],"author":[{"embeddable":true,"href":"https:\/\/blogdafeira.com.br\/home\/wp-json\/wp\/v2\/users\/1"}],"replies":[{"embeddable":true,"href":"https:\/\/blogdafeira.com.br\/home\/wp-json\/wp\/v2\/comments?post=13424"}],"version-history":[{"count":1,"href":"https:\/\/blogdafeira.com.br\/home\/wp-json\/wp\/v2\/posts\/13424\/revisions"}],"predecessor-version":[{"id":13426,"href":"https:\/\/blogdafeira.com.br\/home\/wp-json\/wp\/v2\/posts\/13424\/revisions\/13426"}],"wp:attachment":[{"href":"https:\/\/blogdafeira.com.br\/home\/wp-json\/wp\/v2\/media?parent=13424"}],"wp:term":[{"taxonomy":"category","embeddable":true,"href":"https:\/\/blogdafeira.com.br\/home\/wp-json\/wp\/v2\/categories?post=13424"},{"taxonomy":"post_tag","embeddable":true,"href":"https:\/\/blogdafeira.com.br\/home\/wp-json\/wp\/v2\/tags?post=13424"}],"curies":[{"name":"wp","href":"https:\/\/api.w.org\/{rel}","templated":true}]}}