{"id":13462,"date":"2014-11-11T13:59:35","date_gmt":"2014-11-11T16:59:35","guid":{"rendered":"http:\/\/blogdafeira.com.br\/home\/?p=13462"},"modified":"2014-11-11T13:59:35","modified_gmt":"2014-11-11T16:59:35","slug":"campus-da-ufrb-e-um-fracasso-que-deve-levar-a-criacao-da-federal-de-feira","status":"publish","type":"post","link":"https:\/\/blogdafeira.com.br\/home\/2014\/11\/11\/campus-da-ufrb-e-um-fracasso-que-deve-levar-a-criacao-da-federal-de-feira\/","title":{"rendered":"Campus da UFRB \u00e9 um fracasso que deve levar \u00e0 cria\u00e7\u00e3o da &#8216;Federal de Feira&#8217;"},"content":{"rendered":"<div id=\"blogd-2060158000\" class=\"blogd-fim-do-post-mobile blogd-entity-placement\" style=\"margin-left: auto;margin-right: auto;text-align: center;\"><a href=\"https:\/\/www.sefaz.feiradesantana.ba.gov.br\/\" target=\"_blank\" aria-label=\"728&#215;90 (6)\"><img loading=\"lazy\" decoding=\"async\" src=\"https:\/\/blogdafeira.com.br\/home\/wp-content\/uploads\/2026\/03\/728x90-6.gif\" alt=\"\"  class=\"no-lazyload\" width=\"728\" height=\"90\"  style=\"display: inline-block;\" \/><\/a><\/div><p>A Universidade Federal do Rec\u00f4ncavo da Bahia (UFRB) n\u00e3o conseguiu at\u00e9 agora qualificar o campus que obteve licen\u00e7a do Minist\u00e9rio da Educa\u00e7\u00e3o para implantar em Feira de Santana.<\/p><div id=\"blogd-561213915\" class=\"blogd-conteudo-2-mobile blogd-entity-placement\"><a href=\"https:\/\/feirenses.com.br\/\" target=\"_blank\" aria-label=\"feirenses\"><img loading=\"lazy\" decoding=\"async\" src=\"https:\/\/blogdafeira.com.br\/home\/wp-content\/uploads\/2026\/04\/feirenses.png\" alt=\"\"  srcset=\"https:\/\/blogdafeira.com.br\/home\/wp-content\/uploads\/2026\/04\/feirenses.png 300w, https:\/\/blogdafeira.com.br\/home\/wp-content\/uploads\/2026\/04\/feirenses-170x45.png 170w, https:\/\/blogdafeira.com.br\/home\/wp-content\/uploads\/2026\/04\/feirenses-280x74.png 280w\" sizes=\"(max-width: 300px) 100vw, 300px\" class=\"no-lazyload\" width=\"300\" height=\"79\"  style=\"display: inline-block;\" \/><\/a><\/div>\n<p>O campus funciona (?) com cursos &#8216;tamp\u00f5es&#8217; e distantes do prop\u00f3sito energ\u00e9tico e tecnol\u00f3gico que seriam o lastro da forma\u00e7\u00e3o universit\u00e1ria do bra\u00e7o da UFRB em Feira de Santana.<\/p>\n<p>Nada deu certo do jeito do planejado, desde \u00a0quando da escolha do terreno para implanta\u00e7\u00e3o do dito campus e\u00a0por causa disso at\u00e9 hoje est\u00e1 em sede &#8216;provis\u00f3ria&#8217; em um bairro da cidade, pagando aluguel e sem nenhum v\u00ednculo com a comunidade metropolitana.<\/p>\n<div id=\"blogd-2929993909\" class=\"blogd-final-post blogd-entity-placement\"><a href=\"https:\/\/www.feiradesantana.ba.leg.br\/\" target=\"_blank\" aria-label=\"BANNER-SITE-ENTREGADECHEQUE-CAMARADEFEIRA\"><img loading=\"lazy\" decoding=\"async\" src=\"https:\/\/blogdafeira.com.br\/home\/wp-content\/uploads\/2026\/03\/BANNER-SITE-ENTREGADECHEQUE-CAMARADEFEIRA.gif\" alt=\"\"  class=\"no-lazyload\" width=\"728\" height=\"90\"   \/><\/a><\/div><p>Por que n\u00e3o sair desse fracasso para a cria\u00e7\u00e3o de uma Universidade Federal Metropolitana de Feira de Santana?<\/p>\n<p>&nbsp;<\/p>\n","protected":false},"excerpt":{"rendered":"<p>A Universidade Federal do Rec\u00f4ncavo da Bahia (UFRB) n\u00e3o conseguiu at\u00e9 agora qualificar o campus que obteve licen\u00e7a do Minist\u00e9rio da Educa\u00e7\u00e3o para implantar em Feira de Santana. O campus funciona (?) com cursos &#8216;tamp\u00f5es&#8217; e distantes do prop\u00f3sito energ\u00e9tico e tecnol\u00f3gico que seriam o lastro da forma\u00e7\u00e3o universit\u00e1ria do bra\u00e7o da UFRB em Feira<\/p>\n","protected":false},"author":1,"featured_media":0,"comment_status":"closed","ping_status":"closed","sticky":false,"template":"","format":"standard","meta":{"jetpack_post_was_ever_published":false,"cybocfi_hide_featured_image":"","_jetpack_newsletter_access":"","_jetpack_dont_email_post_to_subs":false,"_jetpack_newsletter_tier_id":0,"_jetpack_memberships_contains_paywalled_content":false,"_jetpack_memberships_contains_paid_content":false,"footnotes":"","jetpack_publicize_message":"","jetpack_publicize_feature_enabled":true,"jetpack_social_post_already_shared":true,"jetpack_social_options":{"image_generator_settings":{"template":"highway","default_image_id":0,"font":"","enabled":false},"version":2}},"categories":[1],"tags":[],"class_list":["post-13462","post","type-post","status-publish","format-standard","hentry","category-raiz"],"jetpack_publicize_connections":[],"jetpack_featured_media_url":"","jetpack_shortlink":"https:\/\/wp.me\/p3niVf-3v8","jetpack_sharing_enabled":true,"jetpack-related-posts":[{"id":38321,"url":"https:\/\/blogdafeira.com.br\/home\/2020\/06\/07\/projeto-de-um-novo-campus-da-ufrb-em-feira-foi-por-agua-abaixo\/","url_meta":{"origin":13462,"position":0},"title":"Projeto de um novo campus da UFRB em Feira &#8216;foi por \u00e1gua abaixo&#8217;","author":"Blog da Feira","date":"07\/06\/2020","format":false,"excerpt":"O sonho de um campus pr\u00f3prio e estruturado para a Universidade Federal do Rec\u00f4ncavo da Bahia (UFRB) em Feira de Santana 'foi por \u00e1gua abaixo', est\u00e1 muito distante de se concretizar. A 'bolsonariza\u00e7\u00e3o' da educa\u00e7\u00e3o, al\u00e9m de problemas com a \u00e1rea adquirida por doa\u00e7\u00e3o para a sua implanta\u00e7\u00e3o, s\u00e3o os\u2026","rel":"","context":"Em &quot;Cidade&quot;","block_context":{"text":"Cidade","link":"https:\/\/blogdafeira.com.br\/home\/categoria\/cidade\/"},"img":{"alt_text":"","src":"https:\/\/i0.wp.com\/blogdafeira.com.br\/home\/wp-content\/uploads\/2020\/06\/ufrb-d.jpg?resize=350%2C200&ssl=1","width":350,"height":200},"classes":[]},{"id":9227,"url":"https:\/\/blogdafeira.com.br\/home\/2014\/02\/21\/ufrb-em-feira-de-santana-e-uma-obra-inacabada\/","url_meta":{"origin":13462,"position":1},"title":"UFRB em Feira de Santana \u00e9 uma &#8216;obra inacabada&#8217;","author":"Blog da Feira","date":"21\/02\/2014","format":false,"excerpt":"A \u00a0Universidade Federal do Rec\u00f4ncavo da Bahia parece que vai continuar ainda por muito tempo instalada provisoriamente em Feira de Santana em um im\u00f3vel alugado no bairro do Sim e sem o curso da \u00e1rea bioenerg\u00e9tica que seria a estrela acad\u00eamica da institui\u00e7\u00e3o. A 'novela' para instalar um campus em\u2026","rel":"","context":"Em &quot;Home&quot;","block_context":{"text":"Home","link":"https:\/\/blogdafeira.com.br\/home\/categoria\/raiz\/"},"img":{"alt_text":"","src":"","width":0,"height":0},"classes":[]},{"id":21872,"url":"https:\/\/blogdafeira.com.br\/home\/2016\/06\/02\/area-para-o-campus-da-ufrb-em-feira-sera-doada-na-proxima-semana\/","url_meta":{"origin":13462,"position":2},"title":"\u00c1rea para o campus da UFRB em Feira ser\u00e1 doada na pr\u00f3xima semana","author":"Blog da Feira","date":"02\/06\/2016","format":false,"excerpt":"A Universidade Federal do Rec\u00f4ncavo da Bahia vai fazer no pr\u00f3ximo dia 10, uma solenidade para receber, oficialmente, \u00a0a doa\u00e7\u00e3o das terras onde ser\u00e1 implantado o campus desta universidade em Feira de Santana. A \u00e1rea est\u00e1 localizada \u00e0s margens da BR-116 Sul. A solenidade est\u00e1 marcada para as 10 horas\u2026","rel":"","context":"Em &quot;Home&quot;","block_context":{"text":"Home","link":"https:\/\/blogdafeira.com.br\/home\/categoria\/raiz\/"},"img":{"alt_text":"","src":"","width":0,"height":0},"classes":[]},{"id":18098,"url":"https:\/\/blogdafeira.com.br\/home\/2015\/12\/03\/ufrb-divulga-edital-para-doacao-de-terras-para-campus-de-feira-de-santana\/","url_meta":{"origin":13462,"position":3},"title":"UFRB divulga edital para doa\u00e7\u00e3o de terras para campus de Feira de Santana","author":"Blog da Feira","date":"03\/12\/2015","format":false,"excerpt":"\"Considerando o recebimento informal de diversas manifesta\u00e7\u00f5es de interesse em doar im\u00f3veis para a implanta\u00e7\u00e3o do campus\", a Universidade Federal do Rec\u00f4ncavo da Bahia, UFRB, divulgou hoje um edital estabelecendo os crit\u00e9rios e requisitos para a doa\u00e7\u00e3o de\u00a0terras para a implanta\u00e7\u00e3o do campus em Feira de Santana. O 'Edital de\u2026","rel":"","context":"Em &quot;Home&quot;","block_context":{"text":"Home","link":"https:\/\/blogdafeira.com.br\/home\/categoria\/raiz\/"},"img":{"alt_text":"","src":"","width":0,"height":0},"classes":[]},{"id":18351,"url":"https:\/\/blogdafeira.com.br\/home\/2015\/12\/15\/campus-da-ufrb-em-feira-vai-ser-em-area-de-terra-na-br-116-sul-2\/","url_meta":{"origin":13462,"position":4},"title":"Campus da UFRB em Feira vai ser em \u00e1rea de terra na BR-116 Sul","author":"Blog da Feira","date":"15\/12\/2015","format":false,"excerpt":"A \u00e1rea de terra onde ser\u00e1 implantado o campus da Universidade Federal do Rec\u00f4ncavo da Bahia (UFRB) j\u00e1 est\u00e1 escolhida. Ap\u00f3s diversas visitas de t\u00e9cnicos e autoridades pol\u00edticas e acad\u00eamicas a diversos locais de Feira de Santana, uma \u00e1rea de terra localizada entre a BR-116 Sul e a Estrada do\u2026","rel":"","context":"Em &quot;Home&quot;","block_context":{"text":"Home","link":"https:\/\/blogdafeira.com.br\/home\/categoria\/raiz\/"},"img":{"alt_text":"BR-116-BA-KM-495_Ponte_Rio_Paragua\u00e7u","src":"https:\/\/i0.wp.com\/blogdafeira.com.br\/home\/wp-content\/uploads\/2015\/12\/BR-116-BA-KM-495_Ponte_Rio_Paragua%C3%A7u.jpg?resize=350%2C200","width":350,"height":200,"srcset":"https:\/\/i0.wp.com\/blogdafeira.com.br\/home\/wp-content\/uploads\/2015\/12\/BR-116-BA-KM-495_Ponte_Rio_Paragua%C3%A7u.jpg?resize=350%2C200 1x, https:\/\/i0.wp.com\/blogdafeira.com.br\/home\/wp-content\/uploads\/2015\/12\/BR-116-BA-KM-495_Ponte_Rio_Paragua%C3%A7u.jpg?resize=525%2C300 1.5x"},"classes":[]},{"id":31321,"url":"https:\/\/blogdafeira.com.br\/home\/2019\/05\/05\/terreno-para-campus-da-ufrb-em-feira-de-santana-foi-doado-ha-tres-anos-corte-verba-vai-prejudicar-instalacao\/","url_meta":{"origin":13462,"position":5},"title":"Terreno para campus da UFRB em Feira de Santana foi doado h\u00e1 tres anos; corte de verba vai prejudicar instala\u00e7\u00e3o","author":"J\u00e2nio R\u00eago","date":"05\/05\/2019","format":false,"excerpt":"Em junho de 2016 foi oficializada a assinatura do termo de posse do terreno para instala\u00e7\u00e3o do Centro de Ci\u00eancia e Tecnologia em Energia e Sustentabilidade (CETENS), o campus\u00a0da Universidade Federal do Rec\u00f4ncavo da Bahia (UFRB) em Feira de Santana. O terreno localizado \u00e0s margens da BR 116 Sul e\u2026","rel":"","context":"Em &quot;Home&quot;","block_context":{"text":"Home","link":"https:\/\/blogdafeira.com.br\/home\/categoria\/raiz\/"},"img":{"alt_text":"","src":"https:\/\/i0.wp.com\/blogdafeira.com.br\/home\/wp-content\/uploads\/2019\/05\/DSC0210-1024x680.jpeg?resize=350%2C200","width":350,"height":200,"srcset":"https:\/\/i0.wp.com\/blogdafeira.com.br\/home\/wp-content\/uploads\/2019\/05\/DSC0210-1024x680.jpeg?resize=350%2C200 1x, https:\/\/i0.wp.com\/blogdafeira.com.br\/home\/wp-content\/uploads\/2019\/05\/DSC0210-1024x680.jpeg?resize=525%2C300 1.5x, https:\/\/i0.wp.com\/blogdafeira.com.br\/home\/wp-content\/uploads\/2019\/05\/DSC0210-1024x680.jpeg?resize=700%2C400 2x"},"classes":[]}],"_links":{"self":[{"href":"https:\/\/blogdafeira.com.br\/home\/wp-json\/wp\/v2\/posts\/13462","targetHints":{"allow":["GET"]}}],"collection":[{"href":"https:\/\/blogdafeira.com.br\/home\/wp-json\/wp\/v2\/posts"}],"about":[{"href":"https:\/\/blogdafeira.com.br\/home\/wp-json\/wp\/v2\/types\/post"}],"author":[{"embeddable":true,"href":"https:\/\/blogdafeira.com.br\/home\/wp-json\/wp\/v2\/users\/1"}],"replies":[{"embeddable":true,"href":"https:\/\/blogdafeira.com.br\/home\/wp-json\/wp\/v2\/comments?post=13462"}],"version-history":[{"count":1,"href":"https:\/\/blogdafeira.com.br\/home\/wp-json\/wp\/v2\/posts\/13462\/revisions"}],"predecessor-version":[{"id":13463,"href":"https:\/\/blogdafeira.com.br\/home\/wp-json\/wp\/v2\/posts\/13462\/revisions\/13463"}],"wp:attachment":[{"href":"https:\/\/blogdafeira.com.br\/home\/wp-json\/wp\/v2\/media?parent=13462"}],"wp:term":[{"taxonomy":"category","embeddable":true,"href":"https:\/\/blogdafeira.com.br\/home\/wp-json\/wp\/v2\/categories?post=13462"},{"taxonomy":"post_tag","embeddable":true,"href":"https:\/\/blogdafeira.com.br\/home\/wp-json\/wp\/v2\/tags?post=13462"}],"curies":[{"name":"wp","href":"https:\/\/api.w.org\/{rel}","templated":true}]}}