{"id":13467,"date":"2014-11-11T19:29:57","date_gmt":"2014-11-11T22:29:57","guid":{"rendered":"http:\/\/blogdafeira.com.br\/home\/?p=13467"},"modified":"2014-11-11T19:29:57","modified_gmt":"2014-11-11T22:29:57","slug":"deputados-aprovam-doacao-da-fazenda-do-menor-para-ufrb-em-feira","status":"publish","type":"post","link":"https:\/\/blogdafeira.com.br\/home\/2014\/11\/11\/deputados-aprovam-doacao-da-fazenda-do-menor-para-ufrb-em-feira\/","title":{"rendered":"Deputados aprovam doa\u00e7\u00e3o da Fazenda do Menor para UFRB em Feira"},"content":{"rendered":"<div id=\"blogd-2277823859\" class=\"blogd-fim-do-post-mobile blogd-entity-placement\" style=\"margin-left: auto;margin-right: auto;text-align: center;\"><a href=\"https:\/\/www.sefaz.feiradesantana.ba.gov.br\/\" target=\"_blank\" aria-label=\"728&#215;90 (6)\"><img loading=\"lazy\" decoding=\"async\" src=\"https:\/\/blogdafeira.com.br\/home\/wp-content\/uploads\/2026\/03\/728x90-6.gif\" alt=\"\"  class=\"no-lazyload\" width=\"728\" height=\"90\"  style=\"display: inline-block;\" \/><\/a><\/div><p>Nesta ter\u00e7a-feira (11) a Assembleia Legislativa da Bahia aprovou o Projeto de Lei que autoriza a Funda\u00e7\u00e3o da Crian\u00e7a e do Adolescente (FUNDAC) a doar \u00e0 Universidade Federal do Rec\u00f4ncavo da Bahia \u2013 UFRB o terreno para a constru\u00e7\u00e3o do seu campus em Feira de Santana.<\/p><div id=\"blogd-2049314129\" class=\"blogd-conteudo-2-mobile blogd-entity-placement\"><a href=\"https:\/\/feirenses.com.br\/\" target=\"_blank\" aria-label=\"feirenses\"><img loading=\"lazy\" decoding=\"async\" src=\"https:\/\/blogdafeira.com.br\/home\/wp-content\/uploads\/2026\/04\/feirenses.png\" alt=\"\"  srcset=\"https:\/\/blogdafeira.com.br\/home\/wp-content\/uploads\/2026\/04\/feirenses.png 300w, https:\/\/blogdafeira.com.br\/home\/wp-content\/uploads\/2026\/04\/feirenses-170x45.png 170w, https:\/\/blogdafeira.com.br\/home\/wp-content\/uploads\/2026\/04\/feirenses-280x74.png 280w\" sizes=\"(max-width: 300px) 100vw, 300px\" class=\"no-lazyload\" width=\"300\" height=\"79\"  style=\"display: inline-block;\" \/><\/a><\/div>\n<p>O terreno com \u00e1rea de 33,2855 hectares, denominado Fazenda do Menor, de propriedade do Estado, fica localizado no bairro do\u00a0Avi\u00e1rio, e atender\u00e1 ao processo de amplia\u00e7\u00e3o da oferta de cursos de Gradua\u00e7\u00e3o e acesso ao ensino superior no interior do estado.<\/p>\n<div id=\"blogd-1598330567\" class=\"blogd-final-post blogd-entity-placement\"><a href=\"https:\/\/www.feiradesantana.ba.leg.br\/\" target=\"_blank\" aria-label=\"BANNER-SITE-ENTREGADECHEQUE-CAMARADEFEIRA\"><img loading=\"lazy\" decoding=\"async\" src=\"https:\/\/blogdafeira.com.br\/home\/wp-content\/uploads\/2026\/03\/BANNER-SITE-ENTREGADECHEQUE-CAMARADEFEIRA.gif\" alt=\"\"  class=\"no-lazyload\" width=\"728\" height=\"90\"   \/><\/a><\/div><p>\u201c<em>N\u00e3o tenho d\u00favida que a UFRB trar\u00e1 o incremento necess\u00e1rio para avan\u00e7armos em tecnologia e no n\u00edvel intelectual e cultural, alavancando o desenvolvimento de nossa cidade. Damos um passo gigantesco para o futur<\/em>o&#8221;, relatou o l\u00edder do governo, deputado Z\u00e9 Neto.<\/p>\n","protected":false},"excerpt":{"rendered":"<p>Nesta ter\u00e7a-feira (11) a Assembleia Legislativa da Bahia aprovou o Projeto de Lei que autoriza a Funda\u00e7\u00e3o da Crian\u00e7a e do Adolescente (FUNDAC) a doar \u00e0 Universidade Federal do Rec\u00f4ncavo da Bahia \u2013 UFRB o terreno para a constru\u00e7\u00e3o do seu campus em Feira de Santana. O terreno com \u00e1rea de 33,2855 hectares, denominado Fazenda<\/p>\n","protected":false},"author":1,"featured_media":0,"comment_status":"closed","ping_status":"closed","sticky":false,"template":"","format":"standard","meta":{"jetpack_post_was_ever_published":false,"cybocfi_hide_featured_image":"","_jetpack_newsletter_access":"","_jetpack_dont_email_post_to_subs":false,"_jetpack_newsletter_tier_id":0,"_jetpack_memberships_contains_paywalled_content":false,"_jetpack_memberships_contains_paid_content":false,"footnotes":"","jetpack_publicize_message":"","jetpack_publicize_feature_enabled":true,"jetpack_social_post_already_shared":true,"jetpack_social_options":{"image_generator_settings":{"template":"highway","default_image_id":0,"font":"","enabled":false},"version":2}},"categories":[1],"tags":[],"class_list":["post-13467","post","type-post","status-publish","format-standard","hentry","category-raiz"],"jetpack_publicize_connections":[],"jetpack_featured_media_url":"","jetpack_shortlink":"https:\/\/wp.me\/p3niVf-3vd","jetpack_sharing_enabled":true,"jetpack-related-posts":[{"id":21872,"url":"https:\/\/blogdafeira.com.br\/home\/2016\/06\/02\/area-para-o-campus-da-ufrb-em-feira-sera-doada-na-proxima-semana\/","url_meta":{"origin":13467,"position":0},"title":"\u00c1rea para o campus da UFRB em Feira ser\u00e1 doada na pr\u00f3xima semana","author":"Blog da Feira","date":"02\/06\/2016","format":false,"excerpt":"A Universidade Federal do Rec\u00f4ncavo da Bahia vai fazer no pr\u00f3ximo dia 10, uma solenidade para receber, oficialmente, \u00a0a doa\u00e7\u00e3o das terras onde ser\u00e1 implantado o campus desta universidade em Feira de Santana. A \u00e1rea est\u00e1 localizada \u00e0s margens da BR-116 Sul. A solenidade est\u00e1 marcada para as 10 horas\u2026","rel":"","context":"Em &quot;Home&quot;","block_context":{"text":"Home","link":"https:\/\/blogdafeira.com.br\/home\/categoria\/raiz\/"},"img":{"alt_text":"","src":"","width":0,"height":0},"classes":[]},{"id":18351,"url":"https:\/\/blogdafeira.com.br\/home\/2015\/12\/15\/campus-da-ufrb-em-feira-vai-ser-em-area-de-terra-na-br-116-sul-2\/","url_meta":{"origin":13467,"position":1},"title":"Campus da UFRB em Feira vai ser em \u00e1rea de terra na BR-116 Sul","author":"Blog da Feira","date":"15\/12\/2015","format":false,"excerpt":"A \u00e1rea de terra onde ser\u00e1 implantado o campus da Universidade Federal do Rec\u00f4ncavo da Bahia (UFRB) j\u00e1 est\u00e1 escolhida. Ap\u00f3s diversas visitas de t\u00e9cnicos e autoridades pol\u00edticas e acad\u00eamicas a diversos locais de Feira de Santana, uma \u00e1rea de terra localizada entre a BR-116 Sul e a Estrada do\u2026","rel":"","context":"Em &quot;Home&quot;","block_context":{"text":"Home","link":"https:\/\/blogdafeira.com.br\/home\/categoria\/raiz\/"},"img":{"alt_text":"BR-116-BA-KM-495_Ponte_Rio_Paragua\u00e7u","src":"https:\/\/i0.wp.com\/blogdafeira.com.br\/home\/wp-content\/uploads\/2015\/12\/BR-116-BA-KM-495_Ponte_Rio_Paragua%C3%A7u.jpg?resize=350%2C200","width":350,"height":200,"srcset":"https:\/\/i0.wp.com\/blogdafeira.com.br\/home\/wp-content\/uploads\/2015\/12\/BR-116-BA-KM-495_Ponte_Rio_Paragua%C3%A7u.jpg?resize=350%2C200 1x, https:\/\/i0.wp.com\/blogdafeira.com.br\/home\/wp-content\/uploads\/2015\/12\/BR-116-BA-KM-495_Ponte_Rio_Paragua%C3%A7u.jpg?resize=525%2C300 1.5x"},"classes":[]},{"id":13961,"url":"https:\/\/blogdafeira.com.br\/home\/2014\/12\/12\/campus-da-ufrb-em-feira-continua-sendo-uma-ficcao\/","url_meta":{"origin":13467,"position":2},"title":"Campus da UFRB em Feira continua sendo uma &#8216;fic\u00e7\u00e3o&#8217;","author":"Blog da Feira","date":"12\/12\/2014","format":false,"excerpt":"A Universidade Federal do Rec\u00f4ncavo da Bahia (UFRB) vive um 'faz-de-conta' em rela\u00e7\u00e3o \u00e0 exist\u00eancia de um campus em Feira de Santana. Primeiro, est\u00e1 instalado em um local prec\u00e1rio e provis\u00f3rio com cursos distantes do objetivo central do campus que \u00e9 a gradua\u00e7\u00e3o e pesquisa no campo da bioenerg\u00e9tica. Recentemente\u2026","rel":"","context":"Em &quot;Home&quot;","block_context":{"text":"Home","link":"https:\/\/blogdafeira.com.br\/home\/categoria\/raiz\/"},"img":{"alt_text":"","src":"","width":0,"height":0},"classes":[]},{"id":17321,"url":"https:\/\/blogdafeira.com.br\/home\/2015\/10\/26\/por-que-tanta-gente-quer-doar-terras-para-o-campus-da-ufrb-em-feira\/","url_meta":{"origin":13467,"position":3},"title":"Por que tanta gente quer doar terras para o campus da UFRB em Feira?","author":"Blog da Feira","date":"26\/10\/2015","format":false,"excerpt":"A doa\u00e7\u00e3o de terras para a Universidade Federal do Rec\u00f4ncavo da Bahia (UFRB) implantar um campus universit\u00e1rio em Feira de Sant'Anna \u00a0virou uma corrida empresarial com expl\u00edcitas demonstra\u00e7\u00f5es de prest\u00edgio pol\u00edtico e poderio econ\u00f4mico e sem prazo para acabar. Pelo menos seis (6) \u00e1reas de terra, em diversos locais do\u2026","rel":"","context":"Em &quot;Distritos&quot;","block_context":{"text":"Distritos","link":"https:\/\/blogdafeira.com.br\/home\/categoria\/distritos\/"},"img":{"alt_text":"Logomarca-da-Universidade-Federal-do-Rec\u00f4ncavo-da-Bahia-UFRB","src":"https:\/\/i0.wp.com\/blogdafeira.com.br\/home\/wp-content\/uploads\/2015\/10\/Logomarca-da-Universidade-Federal-do-Rec%C3%B4ncavo-da-Bahia-UFRB-346x192.jpg?resize=350%2C200","width":350,"height":200},"classes":[]},{"id":17353,"url":"https:\/\/blogdafeira.com.br\/home\/2015\/10\/27\/por-que-a-fazenda-moco-nao-pode-ser-o-campus-da-ufrb-em-feira\/","url_meta":{"origin":13467,"position":4},"title":"Por que a Fazenda Moc\u00f3 n\u00e3o pode ser o campus da UFRB em Feira?","author":"Blog da Feira","date":"27\/10\/2015","format":false,"excerpt":"Com cerca de 1.400 tarefas, abrangendo todo tipo de solo, com\u00a0\u00e1reas ribeirinhas (Rio Jacuipe), de caatinga e agreste, a Fazenda Moc\u00f3 \u00e9\u00a0uma das \u00e1reas p\u00fablicas maiores da Bahia. A antiga Fazenda\u00a0j\u00e1 foi modelo de propriedade estatal a servi\u00e7o do desenvolvimento rural.Chamada de 'Experimental', foi l\u00e1, por exemplo, que se aprimorou\u2026","rel":"","context":"Em &quot;Bahia&quot;","block_context":{"text":"Bahia","link":"https:\/\/blogdafeira.com.br\/home\/categoria\/bahia\/"},"img":{"alt_text":"moc\u00f3","src":"https:\/\/i0.wp.com\/blogdafeira.com.br\/home\/wp-content\/uploads\/2015\/10\/moc%C3%B3.jpg?resize=350%2C200","width":350,"height":200,"srcset":"https:\/\/i0.wp.com\/blogdafeira.com.br\/home\/wp-content\/uploads\/2015\/10\/moc%C3%B3.jpg?resize=350%2C200 1x, https:\/\/i0.wp.com\/blogdafeira.com.br\/home\/wp-content\/uploads\/2015\/10\/moc%C3%B3.jpg?resize=525%2C300 1.5x"},"classes":[]},{"id":31321,"url":"https:\/\/blogdafeira.com.br\/home\/2019\/05\/05\/terreno-para-campus-da-ufrb-em-feira-de-santana-foi-doado-ha-tres-anos-corte-verba-vai-prejudicar-instalacao\/","url_meta":{"origin":13467,"position":5},"title":"Terreno para campus da UFRB em Feira de Santana foi doado h\u00e1 tres anos; corte de verba vai prejudicar instala\u00e7\u00e3o","author":"J\u00e2nio R\u00eago","date":"05\/05\/2019","format":false,"excerpt":"Em junho de 2016 foi oficializada a assinatura do termo de posse do terreno para instala\u00e7\u00e3o do Centro de Ci\u00eancia e Tecnologia em Energia e Sustentabilidade (CETENS), o campus\u00a0da Universidade Federal do Rec\u00f4ncavo da Bahia (UFRB) em Feira de Santana. O terreno localizado \u00e0s margens da BR 116 Sul e\u2026","rel":"","context":"Em &quot;Home&quot;","block_context":{"text":"Home","link":"https:\/\/blogdafeira.com.br\/home\/categoria\/raiz\/"},"img":{"alt_text":"","src":"https:\/\/i0.wp.com\/blogdafeira.com.br\/home\/wp-content\/uploads\/2019\/05\/DSC0210-1024x680.jpeg?resize=350%2C200","width":350,"height":200,"srcset":"https:\/\/i0.wp.com\/blogdafeira.com.br\/home\/wp-content\/uploads\/2019\/05\/DSC0210-1024x680.jpeg?resize=350%2C200 1x, https:\/\/i0.wp.com\/blogdafeira.com.br\/home\/wp-content\/uploads\/2019\/05\/DSC0210-1024x680.jpeg?resize=525%2C300 1.5x, https:\/\/i0.wp.com\/blogdafeira.com.br\/home\/wp-content\/uploads\/2019\/05\/DSC0210-1024x680.jpeg?resize=700%2C400 2x"},"classes":[]}],"_links":{"self":[{"href":"https:\/\/blogdafeira.com.br\/home\/wp-json\/wp\/v2\/posts\/13467","targetHints":{"allow":["GET"]}}],"collection":[{"href":"https:\/\/blogdafeira.com.br\/home\/wp-json\/wp\/v2\/posts"}],"about":[{"href":"https:\/\/blogdafeira.com.br\/home\/wp-json\/wp\/v2\/types\/post"}],"author":[{"embeddable":true,"href":"https:\/\/blogdafeira.com.br\/home\/wp-json\/wp\/v2\/users\/1"}],"replies":[{"embeddable":true,"href":"https:\/\/blogdafeira.com.br\/home\/wp-json\/wp\/v2\/comments?post=13467"}],"version-history":[{"count":1,"href":"https:\/\/blogdafeira.com.br\/home\/wp-json\/wp\/v2\/posts\/13467\/revisions"}],"predecessor-version":[{"id":13468,"href":"https:\/\/blogdafeira.com.br\/home\/wp-json\/wp\/v2\/posts\/13467\/revisions\/13468"}],"wp:attachment":[{"href":"https:\/\/blogdafeira.com.br\/home\/wp-json\/wp\/v2\/media?parent=13467"}],"wp:term":[{"taxonomy":"category","embeddable":true,"href":"https:\/\/blogdafeira.com.br\/home\/wp-json\/wp\/v2\/categories?post=13467"},{"taxonomy":"post_tag","embeddable":true,"href":"https:\/\/blogdafeira.com.br\/home\/wp-json\/wp\/v2\/tags?post=13467"}],"curies":[{"name":"wp","href":"https:\/\/api.w.org\/{rel}","templated":true}]}}