{"id":14169,"date":"2015-03-18T08:44:25","date_gmt":"2015-03-18T11:44:25","guid":{"rendered":"http:\/\/blogdafeira.com.br\/home\/?p=14169"},"modified":"2015-03-18T08:44:25","modified_gmt":"2015-03-18T11:44:25","slug":"evandro-e-normalucia-debatem-hoje-o-futuro-da-uefs","status":"publish","type":"post","link":"https:\/\/blogdafeira.com.br\/home\/2015\/03\/18\/evandro-e-normalucia-debatem-hoje-o-futuro-da-uefs\/","title":{"rendered":"Evandro e Normal\u00facia debatem hoje o futuro da UEFS"},"content":{"rendered":"<p><img loading=\"lazy\" decoding=\"async\" class=\"aligncenter size-full wp-image-14168\" src=\"http:\/\/blogdafeira.com.br\/home\/wp-content\/uploads\/2015\/03\/1_ELEI_ES.jpg\" alt=\"1_ELEI_ES\" width=\"400\" height=\"276\" srcset=\"https:\/\/blogdafeira.com.br\/home\/wp-content\/uploads\/2015\/03\/1_ELEI_ES.jpg 400w, https:\/\/blogdafeira.com.br\/home\/wp-content\/uploads\/2015\/03\/1_ELEI_ES-170x117.jpg 170w, https:\/\/blogdafeira.com.br\/home\/wp-content\/uploads\/2015\/03\/1_ELEI_ES-346x239.jpg 346w\" sizes=\"auto, (max-width: 400px) 100vw, 400px\" \/><\/p>\n<div id=\"blogd-3228957431\" class=\"blogd-fim-do-post-mobile blogd-entity-placement\" style=\"margin-left: auto;margin-right: auto;text-align: center;\"><a href=\"https:\/\/www.sefaz.feiradesantana.ba.gov.br\/\" target=\"_blank\" aria-label=\"728&#215;90 (6)\"><img loading=\"lazy\" decoding=\"async\" src=\"https:\/\/blogdafeira.com.br\/home\/wp-content\/uploads\/2026\/03\/728x90-6.gif\" alt=\"\"  class=\"no-lazyload\" width=\"728\" height=\"90\"  style=\"display: inline-block;\" \/><\/a><\/div><p>Os professores Evandro Nascimento e NormaLucia Almeida, candidatos \u00fanicos \u00e0 Reitor e Vice da UEFS, promovem um debate com a comunidade, hoje \u00e0s 18 horas, no campus em Feira de Santana.<\/p><div id=\"blogd-884427249\" class=\"blogd-conteudo-2-mobile blogd-entity-placement\"><a href=\"https:\/\/feirenses.com.br\/\" target=\"_blank\" aria-label=\"feirenses\"><img loading=\"lazy\" decoding=\"async\" src=\"https:\/\/blogdafeira.com.br\/home\/wp-content\/uploads\/2026\/04\/feirenses.png\" alt=\"\"  srcset=\"https:\/\/blogdafeira.com.br\/home\/wp-content\/uploads\/2026\/04\/feirenses.png 300w, https:\/\/blogdafeira.com.br\/home\/wp-content\/uploads\/2026\/04\/feirenses-170x45.png 170w, https:\/\/blogdafeira.com.br\/home\/wp-content\/uploads\/2026\/04\/feirenses-280x74.png 280w\" sizes=\"(max-width: 300px) 100vw, 300px\" class=\"no-lazyload\" width=\"300\" height=\"79\"  style=\"display: inline-block;\" \/><\/a><\/div>\n<div id=\"blogd-1093594366\" class=\"blogd-final-post blogd-entity-placement\"><a href=\"https:\/\/www.feiradesantana.ba.leg.br\/\" target=\"_blank\" aria-label=\"BANNER-SITE-ENTREGADECHEQUE-CAMARADEFEIRA\"><img loading=\"lazy\" decoding=\"async\" src=\"https:\/\/blogdafeira.com.br\/home\/wp-content\/uploads\/2026\/03\/BANNER-SITE-ENTREGADECHEQUE-CAMARADEFEIRA.gif\" alt=\"\"  class=\"no-lazyload\" width=\"728\" height=\"90\"   \/><\/a><\/div><p>A elei\u00e7\u00e3o acontecer\u00e1 no final deste m\u00eas.<\/p>\n","protected":false},"excerpt":{"rendered":"<p>Os professores Evandro Nascimento e NormaLucia Almeida, candidatos \u00fanicos \u00e0 Reitor e Vice da UEFS, promovem um debate com a comunidade, hoje \u00e0s 18 horas, no campus em Feira de Santana. A elei\u00e7\u00e3o acontecer\u00e1 no final deste m\u00eas.<\/p>\n","protected":false},"author":1,"featured_media":0,"comment_status":"closed","ping_status":"closed","sticky":false,"template":"","format":"standard","meta":{"jetpack_post_was_ever_published":false,"cybocfi_hide_featured_image":"","_jetpack_newsletter_access":"","_jetpack_dont_email_post_to_subs":false,"_jetpack_newsletter_tier_id":0,"_jetpack_memberships_contains_paywalled_content":false,"_jetpack_memberships_contains_paid_content":false,"footnotes":"","jetpack_publicize_message":"","jetpack_publicize_feature_enabled":true,"jetpack_social_post_already_shared":true,"jetpack_social_options":{"image_generator_settings":{"template":"highway","default_image_id":0,"font":"","enabled":false},"version":2}},"categories":[1],"tags":[],"class_list":["post-14169","post","type-post","status-publish","format-standard","hentry","category-raiz"],"jetpack_publicize_connections":[],"jetpack_featured_media_url":"","jetpack_shortlink":"https:\/\/wp.me\/p3niVf-3Gx","jetpack_sharing_enabled":true,"jetpack-related-posts":[{"id":14200,"url":"https:\/\/blogdafeira.com.br\/home\/2015\/03\/19\/futuro-reitor-da-uefs-propoe-orcamento-especifico-para-assistencia-estudantil\/","url_meta":{"origin":14169,"position":0},"title":"Futuro Reitor da Uefs prop\u00f5e or\u00e7amento  espec\u00edfico para assist\u00eancia estudantil","author":"Blog da Feira","date":"19\/03\/2015","format":false,"excerpt":"As pol\u00edticas de perman\u00eancia e assist\u00eancia estudantil estiveram entre os temas do debate realizado na noite dessa quarta-feira (18), com a presen\u00e7a dos candidatos \u00e0 Reitoria da Universidade Estadual de Feira de Santana (Uefs). Os professores doutores Evandro do Nascimento Silva e Norma L\u00facia de Almeida, candidatos reitor e vice\u2026","rel":"","context":"Em &quot;Home&quot;","block_context":{"text":"Home","link":"https:\/\/blogdafeira.com.br\/home\/categoria\/raiz\/"},"img":{"alt_text":"IMG_20150319_130057","src":"https:\/\/i0.wp.com\/blogdafeira.com.br\/home\/wp-content\/uploads\/2015\/03\/IMG_20150319_130057.jpg?resize=350%2C200","width":350,"height":200,"srcset":"https:\/\/i0.wp.com\/blogdafeira.com.br\/home\/wp-content\/uploads\/2015\/03\/IMG_20150319_130057.jpg?resize=350%2C200 1x, https:\/\/i0.wp.com\/blogdafeira.com.br\/home\/wp-content\/uploads\/2015\/03\/IMG_20150319_130057.jpg?resize=525%2C300 1.5x, https:\/\/i0.wp.com\/blogdafeira.com.br\/home\/wp-content\/uploads\/2015\/03\/IMG_20150319_130057.jpg?resize=700%2C400 2x, https:\/\/i0.wp.com\/blogdafeira.com.br\/home\/wp-content\/uploads\/2015\/03\/IMG_20150319_130057.jpg?resize=1050%2C600 3x, https:\/\/i0.wp.com\/blogdafeira.com.br\/home\/wp-content\/uploads\/2015\/03\/IMG_20150319_130057.jpg?resize=1400%2C800 4x"},"classes":[]},{"id":18204,"url":"https:\/\/blogdafeira.com.br\/home\/2015\/12\/08\/uefs-tem-se-preocupado-muito-em-formar-leitores-por-evandro-silva-2\/","url_meta":{"origin":14169,"position":1},"title":"&#8220;UEFS tem se preocupado muito em formar leitores&#8221;, por Evandro Silva","author":"Blog da Feira","date":"08\/12\/2015","format":false,"excerpt":"Essa \u00e9 Anna Beatriz Novais Santana, de 9 anos de idade. Ela \u00e9 uma das autoras do livro As aventuras do jacar\u00e9 Astolfo, junto com a servidoraZenailda Oliveira Novais Santana.O livro est\u00e1 sendo lan\u00e7ado nesta ter\u00e7a-feira,8, \u00a0pela Uefs Editora no Hall da Reitoria da UEFS. A UEFS tem se preocupado\u2026","rel":"","context":"Em &quot;Home&quot;","block_context":{"text":"Home","link":"https:\/\/blogdafeira.com.br\/home\/categoria\/raiz\/"},"img":{"alt_text":"z ana beatriz UEFS","src":"https:\/\/i0.wp.com\/blogdafeira.com.br\/home\/wp-content\/uploads\/2015\/12\/z-ana-beatriz-UEFS.jpg?resize=350%2C200","width":350,"height":200,"srcset":"https:\/\/i0.wp.com\/blogdafeira.com.br\/home\/wp-content\/uploads\/2015\/12\/z-ana-beatriz-UEFS.jpg?resize=350%2C200 1x, https:\/\/i0.wp.com\/blogdafeira.com.br\/home\/wp-content\/uploads\/2015\/12\/z-ana-beatriz-UEFS.jpg?resize=525%2C300 1.5x, https:\/\/i0.wp.com\/blogdafeira.com.br\/home\/wp-content\/uploads\/2015\/12\/z-ana-beatriz-UEFS.jpg?resize=700%2C400 2x"},"classes":[]},{"id":31016,"url":"https:\/\/blogdafeira.com.br\/home\/2019\/03\/25\/debate-nesta-terca-entre-os-candidatos-a-reitor-da-universidade-estadual-de-feira-de-santana\/","url_meta":{"origin":14169,"position":2},"title":"Debate nesta ter\u00e7a entre os candidatos a Reitor da Universidade Estadual de Feira de Santana","author":"J\u00e2nio R\u00eago","date":"25\/03\/2019","format":false,"excerpt":"Mais dois debates com os candidatos \u00e0 reitoria e vice-reitoria da Universidade Estadual de Feira de Santana (Uefs) acontecem esta semana. O primeiro ser\u00e1 realizado nesta ter\u00e7a-feira, a partir das 14h30, no Audit\u00f3rio Central do campus universit\u00e1rio. O segundo, no dia 28 (quinta-feira), contempla o turno noturno e ter\u00e1 in\u00edcio\u2026","rel":"","context":"Em &quot;Home&quot;","block_context":{"text":"Home","link":"https:\/\/blogdafeira.com.br\/home\/categoria\/raiz\/"},"img":{"alt_text":"","src":"https:\/\/i0.wp.com\/blogdafeira.com.br\/home\/wp-content\/uploads\/2019\/03\/images-2-2.jpeg?resize=350%2C200&ssl=1","width":350,"height":200},"classes":[]},{"id":53722,"url":"https:\/\/blogdafeira.com.br\/home\/2022\/08\/09\/uefs-concede-titulo-de-doutora-honoris-causa-a-ivannide-santa-barbara\/","url_meta":{"origin":14169,"position":3},"title":"UEFS concede t\u00edtulo de Doutora Honoris Causa a Ivannide Santa Barbara","author":"Blog da Feira","date":"09\/08\/2022","format":false,"excerpt":"O Conselho Superior (Consu) da Universidade Estadual de Feira de Santana, aprovou a outorga do t\u00edtulo honor\u00edfico de Doutora Honoris Causa a Ivannide Santa B\u00e1rbara Rodrigues. Ivannide \u00e9 uma conhecida ativista social e dos movimentos negros na Bahia, como o MRU e a Frente Negra Feirense, foi fundador e presidente\u2026","rel":"","context":"Em &quot;Cultura&quot;","block_context":{"text":"Cultura","link":"https:\/\/blogdafeira.com.br\/home\/categoria\/cultura\/"},"img":{"alt_text":"","src":"https:\/\/i0.wp.com\/blogdafeira.com.br\/home\/wp-content\/uploads\/2021\/03\/images-3-1.jpeg?resize=350%2C200&ssl=1","width":350,"height":200,"srcset":"https:\/\/i0.wp.com\/blogdafeira.com.br\/home\/wp-content\/uploads\/2021\/03\/images-3-1.jpeg?resize=350%2C200&ssl=1 1x, https:\/\/i0.wp.com\/blogdafeira.com.br\/home\/wp-content\/uploads\/2021\/03\/images-3-1.jpeg?resize=525%2C300&ssl=1 1.5x"},"classes":[]},{"id":15344,"url":"https:\/\/blogdafeira.com.br\/home\/2015\/06\/10\/novo-reitor-da-uefs-quer-investir-mais-nos-estudantes\/","url_meta":{"origin":14169,"position":4},"title":"Novo Reitor da UEFS quer investir mais nos estudantes","author":"Blog da Feira","date":"10\/06\/2015","format":false,"excerpt":"Em entrevista \u00e0 Juliana Vital \/Tribuna Feirense, o Reitor da UEFS, Evandro Nascimento, disse que vai priorizar os investimentos na 'assist\u00eancia e perman\u00eancia' da comunidade estudantil. Para isso ele acenou com otimismo a possibilidade de aloca\u00e7\u00e3o de verba extra or\u00e7ament\u00e1ria. Diferente do Reitoranterior, o 'discurso' de Evandro \u00e9 menos passional\u2026","rel":"","context":"Em &quot;Home&quot;","block_context":{"text":"Home","link":"https:\/\/blogdafeira.com.br\/home\/categoria\/raiz\/"},"img":{"alt_text":"","src":"","width":0,"height":0},"classes":[]},{"id":14831,"url":"https:\/\/blogdafeira.com.br\/home\/2015\/05\/08\/novos-reitores-vao-tomar-posse-com-a-uefs-em-greve\/","url_meta":{"origin":14169,"position":5},"title":"Novos Reitores tomam posse dia 15 com a UEFS em greve","author":"Blog da Feira","date":"08\/05\/2015","format":false,"excerpt":"O Reitor e a vice-Reitora eleitos da Universidade Estadual de Feira de Santana v\u00e3o tomar posse no pr\u00f3ximo dia 15 com a Universidade,provavelmente, ainda em estado de greve. Evandro Nascimento e Norma L\u00facia assumem a Reitoria no 'olho do furac\u00e3o', uma crise que envolve as universidades estaduais do Estado da\u2026","rel":"","context":"Em &quot;Home&quot;","block_context":{"text":"Home","link":"https:\/\/blogdafeira.com.br\/home\/categoria\/raiz\/"},"img":{"alt_text":"1_ELEI_ES","src":"https:\/\/i0.wp.com\/blogdafeira.com.br\/home\/wp-content\/uploads\/2015\/03\/1_ELEI_ES.jpg?resize=350%2C200","width":350,"height":200},"classes":[]}],"_links":{"self":[{"href":"https:\/\/blogdafeira.com.br\/home\/wp-json\/wp\/v2\/posts\/14169","targetHints":{"allow":["GET"]}}],"collection":[{"href":"https:\/\/blogdafeira.com.br\/home\/wp-json\/wp\/v2\/posts"}],"about":[{"href":"https:\/\/blogdafeira.com.br\/home\/wp-json\/wp\/v2\/types\/post"}],"author":[{"embeddable":true,"href":"https:\/\/blogdafeira.com.br\/home\/wp-json\/wp\/v2\/users\/1"}],"replies":[{"embeddable":true,"href":"https:\/\/blogdafeira.com.br\/home\/wp-json\/wp\/v2\/comments?post=14169"}],"version-history":[{"count":1,"href":"https:\/\/blogdafeira.com.br\/home\/wp-json\/wp\/v2\/posts\/14169\/revisions"}],"predecessor-version":[{"id":14170,"href":"https:\/\/blogdafeira.com.br\/home\/wp-json\/wp\/v2\/posts\/14169\/revisions\/14170"}],"wp:attachment":[{"href":"https:\/\/blogdafeira.com.br\/home\/wp-json\/wp\/v2\/media?parent=14169"}],"wp:term":[{"taxonomy":"category","embeddable":true,"href":"https:\/\/blogdafeira.com.br\/home\/wp-json\/wp\/v2\/categories?post=14169"},{"taxonomy":"post_tag","embeddable":true,"href":"https:\/\/blogdafeira.com.br\/home\/wp-json\/wp\/v2\/tags?post=14169"}],"curies":[{"name":"wp","href":"https:\/\/api.w.org\/{rel}","templated":true}]}}