{"id":14250,"date":"2015-03-23T10:24:30","date_gmt":"2015-03-23T13:24:30","guid":{"rendered":"http:\/\/blogdafeira.com.br\/home\/?p=14250"},"modified":"2015-03-23T10:24:30","modified_gmt":"2015-03-23T13:24:30","slug":"micareta-de-feira-das-40-candidatas-10-irao-para-a-final-do-concurso-de-rainha","status":"publish","type":"post","link":"https:\/\/blogdafeira.com.br\/home\/2015\/03\/23\/micareta-de-feira-das-40-candidatas-10-irao-para-a-final-do-concurso-de-rainha\/","title":{"rendered":"MICARETA DE FEIRA: das 40 candidatas, 10 ir\u00e3o para a final do concurso de Rainha"},"content":{"rendered":"<div id=\"blogd-3625267978\" class=\"blogd-fim-do-post-mobile blogd-entity-placement\" style=\"margin-left: auto;margin-right: auto;text-align: center;\"><a href=\"https:\/\/www.sefaz.feiradesantana.ba.gov.br\/\" target=\"_blank\" aria-label=\"728&#215;90 (6)\"><img loading=\"lazy\" decoding=\"async\" src=\"https:\/\/blogdafeira.com.br\/home\/wp-content\/uploads\/2026\/03\/728x90-6.gif\" alt=\"\"  class=\"no-lazyload\" width=\"728\" height=\"90\"  style=\"display: inline-block;\" \/><\/a><\/div><p><img loading=\"lazy\" decoding=\"async\" class=\"aligncenter size-full wp-image-14251\" src=\"http:\/\/blogdafeira.com.br\/home\/wp-content\/uploads\/2015\/03\/mulhers.jpg\" alt=\"mulhers\" width=\"653\" height=\"435\" srcset=\"https:\/\/blogdafeira.com.br\/home\/wp-content\/uploads\/2015\/03\/mulhers.jpg 653w, https:\/\/blogdafeira.com.br\/home\/wp-content\/uploads\/2015\/03\/mulhers-170x113.jpg 170w, https:\/\/blogdafeira.com.br\/home\/wp-content\/uploads\/2015\/03\/mulhers-346x230.jpg 346w\" sizes=\"auto, (max-width: 653px) 100vw, 653px\" \/>O concurso para Rainha da Micareta, festa que acontece entre os dias 23 e 26 de abril, tem 40 candidatas inscritas.<\/p><div id=\"blogd-1070297177\" class=\"blogd-conteudo-2-mobile blogd-entity-placement\"><a href=\"https:\/\/feirenses.com.br\/\" target=\"_blank\" aria-label=\"feirenses\"><img loading=\"lazy\" decoding=\"async\" src=\"https:\/\/blogdafeira.com.br\/home\/wp-content\/uploads\/2026\/04\/feirenses.png\" alt=\"\"  srcset=\"https:\/\/blogdafeira.com.br\/home\/wp-content\/uploads\/2026\/04\/feirenses.png 300w, https:\/\/blogdafeira.com.br\/home\/wp-content\/uploads\/2026\/04\/feirenses-170x45.png 170w, https:\/\/blogdafeira.com.br\/home\/wp-content\/uploads\/2026\/04\/feirenses-280x74.png 280w\" sizes=\"(max-width: 300px) 100vw, 300px\" class=\"no-lazyload\" width=\"300\" height=\"79\"  style=\"display: inline-block;\" \/><\/a><\/div>\n<p>Nesta ter\u00e7a-feira, dia 24, \u00e0s 16h, no p\u00e1tio da Secretaria de Cultura, Esporte e Lazer (Secel), haver\u00e1 uma pr\u00e9-sele\u00e7\u00e3o quando ser\u00e3o escolhidas as 10 finalistas que disputar\u00e3o o t\u00edtulo em data a ser definida pela organiza\u00e7\u00e3o.<\/p>\n<div id=\"blogd-1087075676\" class=\"blogd-final-post blogd-entity-placement\"><a href=\"https:\/\/www.feiradesantana.ba.leg.br\/\" target=\"_blank\" aria-label=\"BANNER-SITE-ENTREGADECHEQUE-CAMARADEFEIRA\"><img loading=\"lazy\" decoding=\"async\" src=\"https:\/\/blogdafeira.com.br\/home\/wp-content\/uploads\/2026\/03\/BANNER-SITE-ENTREGADECHEQUE-CAMARADEFEIRA.gif\" alt=\"\"  class=\"no-lazyload\" width=\"728\" height=\"90\"   \/><\/a><\/div><p>Conforme o organizador do evento, Edson Batista, as candidatas ser\u00e3o avaliadas por um j\u00fari formado por jornalistas, pessoas ligadas \u00e0 moda, artistas e gente da sociedade.<\/p>\n","protected":false},"excerpt":{"rendered":"<p>O concurso para Rainha da Micareta, festa que acontece entre os dias 23 e 26 de abril, tem 40 candidatas inscritas. Nesta ter\u00e7a-feira, dia 24, \u00e0s 16h, no p\u00e1tio da Secretaria de Cultura, Esporte e Lazer (Secel), haver\u00e1 uma pr\u00e9-sele\u00e7\u00e3o quando ser\u00e3o escolhidas as 10 finalistas que disputar\u00e3o o t\u00edtulo em data a ser definida<\/p>\n","protected":false},"author":1,"featured_media":0,"comment_status":"closed","ping_status":"closed","sticky":false,"template":"","format":"standard","meta":{"jetpack_post_was_ever_published":false,"cybocfi_hide_featured_image":"","_jetpack_newsletter_access":"","_jetpack_dont_email_post_to_subs":false,"_jetpack_newsletter_tier_id":0,"_jetpack_memberships_contains_paywalled_content":false,"_jetpack_memberships_contains_paid_content":false,"footnotes":"","jetpack_publicize_message":"","jetpack_publicize_feature_enabled":true,"jetpack_social_post_already_shared":true,"jetpack_social_options":{"image_generator_settings":{"template":"highway","default_image_id":0,"font":"","enabled":false},"version":2}},"categories":[1],"tags":[],"class_list":["post-14250","post","type-post","status-publish","format-standard","hentry","category-raiz"],"jetpack_publicize_connections":[],"jetpack_featured_media_url":"","jetpack_shortlink":"https:\/\/wp.me\/p3niVf-3HQ","jetpack_sharing_enabled":true,"jetpack-related-posts":[{"id":9994,"url":"https:\/\/blogdafeira.com.br\/home\/2014\/04\/01\/vote-pela-internet-no-rei-e-na-rainha-da-micareta-de-feira-de-santana\/","url_meta":{"origin":14250,"position":0},"title":"Vote  pela internet no Rei e na Rainha da Micareta de Feira de Santana","author":"Blog da Feira","date":"01\/04\/2014","format":false,"excerpt":"A escolha da Rainha e do Rei Momo da Micareta 2014 acontecer\u00e1 nesta quarta-feira (2), \u00e0s 19h, no Centro Universit\u00e1rio de Cultura e Arte (Cuca). Est\u00e3o participando do concurso 10 candidatas. Mas o internauta pode votar pela internet at\u00e9 as 23h59 de hoje (1\u00ba): clique aqui e vote. A vota\u00e7\u00e3o\u2026","rel":"","context":"Em &quot;Home&quot;","block_context":{"text":"Home","link":"https:\/\/blogdafeira.com.br\/home\/categoria\/raiz\/"},"img":{"alt_text":"","src":"","width":0,"height":0},"classes":[]},{"id":20612,"url":"https:\/\/blogdafeira.com.br\/home\/2016\/04\/05\/rei-e-rainha-da-micareta-de-feira-serao-escolhidos-no-dia-do-esquenta\/","url_meta":{"origin":14250,"position":1},"title":"Rei e Rainha da Micareta de Feira ser\u00e3o escolhidos no dia do &#8216;Esquenta&#8217;","author":"Blog da Feira","date":"05\/04\/2016","format":false,"excerpt":"Principal evento p\u00fablico pr\u00e9-micaretesco, o Esquenta, que acontece h\u00e1\u00a0cinco\u00a0anos, vai ser realizado no dia 17, na rua S\u00e3o Domingos, nos Capuchinhos e nesse\u00a0\u00a0dia ser\u00e3o escolhidos o rei momo e a rainha e princesas da Micareta, que acontece de 28 de abril a 1\u00ba de maio. O evento, que vai ser\u2026","rel":"","context":"Em &quot;Home&quot;","block_context":{"text":"Home","link":"https:\/\/blogdafeira.com.br\/home\/categoria\/raiz\/"},"img":{"alt_text":"mica","src":"https:\/\/i0.wp.com\/blogdafeira.com.br\/home\/wp-content\/uploads\/2016\/04\/mica-323x300.jpg?resize=350%2C200","width":350,"height":200},"classes":[]},{"id":31599,"url":"https:\/\/blogdafeira.com.br\/home\/2019\/06\/06\/rainha-do-sao-joao-de-sao-jose-em-feira-sera-escolhida-neste-sabado\/","url_meta":{"origin":14250,"position":2},"title":"Rainha do S\u00e3o Jo\u00e3o de S\u00e3o Jos\u00e9, em Feira, ser\u00e1 escolhida neste s\u00e1bado","author":"J\u00e2nio R\u00eago","date":"06\/06\/2019","format":false,"excerpt":"Doze candidatas est\u00e3o na disputa para majestades do S\u00e3o Jo\u00e3o de S\u00e3o Jos\u00e9, no distrito de Maria Quit\u00e9ria. Elas j\u00e1 passaram pela pr\u00e9-sele\u00e7\u00e3o e no pr\u00f3ximo s\u00e1bado, 8, ser\u00e3o escolhidas a rainha e as princesas da festa. O concurso ser\u00e1 realizado no Espa\u00e7o Cultural de Eventos Ray e Lay, a\u2026","rel":"","context":"Em &quot;Distritos&quot;","block_context":{"text":"Distritos","link":"https:\/\/blogdafeira.com.br\/home\/categoria\/distritos\/"},"img":{"alt_text":"","src":"https:\/\/i0.wp.com\/blogdafeira.com.br\/home\/wp-content\/uploads\/2019\/06\/concurso-da-rainha-do-sao-joao-de-sao-jose-sera-dia-8-de-junho.jpg?resize=350%2C200","width":350,"height":200,"srcset":"https:\/\/i0.wp.com\/blogdafeira.com.br\/home\/wp-content\/uploads\/2019\/06\/concurso-da-rainha-do-sao-joao-de-sao-jose-sera-dia-8-de-junho.jpg?resize=350%2C200 1x, https:\/\/i0.wp.com\/blogdafeira.com.br\/home\/wp-content\/uploads\/2019\/06\/concurso-da-rainha-do-sao-joao-de-sao-jose-sera-dia-8-de-junho.jpg?resize=525%2C300 1.5x"},"classes":[]},{"id":26760,"url":"https:\/\/blogdafeira.com.br\/home\/2017\/05\/02\/vote-agora-no-rei-momo-e-rainha-da-micareta-de-feira-de-santana\/","url_meta":{"origin":14250,"position":3},"title":"Vote agora no Rei Momo e Rainha da Micareta de Feira de Santana","author":"Blog da Feira","date":"02\/05\/2017","format":false,"excerpt":"Vote aqui (clique aqui) na Rainha e Rei Momo da Micareta de Feira de Santana deste ano. \u00a0O site para a vota\u00e7\u00e3o \u00a0est\u00e1 no ar, desde as primeiras horas desta ter\u00e7a-feira, 2.\u00a0Na quinta-feira, 5, a vota\u00e7\u00e3o ser\u00e1 encerrada A vota\u00e7\u00e3o \u00e9 simples: o internauta vai escolher os seus candidatos preferidos\u2026","rel":"","context":"Em &quot;Home&quot;","block_context":{"text":"Home","link":"https:\/\/blogdafeira.com.br\/home\/categoria\/raiz\/"},"img":{"alt_text":"micarats","src":"https:\/\/i0.wp.com\/blogdafeira.com.br\/home\/wp-content\/uploads\/2017\/05\/MICARATS.jpg?resize=350%2C200","width":350,"height":200,"srcset":"https:\/\/i0.wp.com\/blogdafeira.com.br\/home\/wp-content\/uploads\/2017\/05\/MICARATS.jpg?resize=350%2C200 1x, https:\/\/i0.wp.com\/blogdafeira.com.br\/home\/wp-content\/uploads\/2017\/05\/MICARATS.jpg?resize=525%2C300 1.5x"},"classes":[]},{"id":61845,"url":"https:\/\/blogdafeira.com.br\/home\/2024\/04\/04\/transexual-concorre-ao-titulo-de-rainha-da-micareta-de-feira-2024\/","url_meta":{"origin":14250,"position":4},"title":"Transexual concorre ao t\u00edtulo de Rainha da Micareta de Feira 2024","author":"Blog da Feira","date":"04\/04\/2024","format":false,"excerpt":"Dez mulheres - sendo uma transexual - concorrem ao t\u00edtulo de rainha e princesas da Micareta de Feira 2024, que acontece entre os dias 18 e 21 deste m\u00eas. A escolha ocorrer\u00e1 nesta sexta-feira (5), \u00e0s 16h, no Teatro Municipal Margarida Ribeiro. Operadora de temarketing e bailarina, a transexual Ariele\u2026","rel":"","context":"Em &quot;Cultura&quot;","block_context":{"text":"Cultura","link":"https:\/\/blogdafeira.com.br\/home\/categoria\/cultura\/"},"img":{"alt_text":"","src":"https:\/\/i0.wp.com\/blogdafeira.com.br\/home\/wp-content\/uploads\/2024\/04\/DSC_41001-1-scaled.jpg?resize=350%2C200&ssl=1","width":350,"height":200,"srcset":"https:\/\/i0.wp.com\/blogdafeira.com.br\/home\/wp-content\/uploads\/2024\/04\/DSC_41001-1-scaled.jpg?resize=350%2C200&ssl=1 1x, https:\/\/i0.wp.com\/blogdafeira.com.br\/home\/wp-content\/uploads\/2024\/04\/DSC_41001-1-scaled.jpg?resize=525%2C300&ssl=1 1.5x, https:\/\/i0.wp.com\/blogdafeira.com.br\/home\/wp-content\/uploads\/2024\/04\/DSC_41001-1-scaled.jpg?resize=700%2C400&ssl=1 2x, https:\/\/i0.wp.com\/blogdafeira.com.br\/home\/wp-content\/uploads\/2024\/04\/DSC_41001-1-scaled.jpg?resize=1050%2C600&ssl=1 3x, https:\/\/i0.wp.com\/blogdafeira.com.br\/home\/wp-content\/uploads\/2024\/04\/DSC_41001-1-scaled.jpg?resize=1400%2C800&ssl=1 4x"},"classes":[]},{"id":31177,"url":"https:\/\/blogdafeira.com.br\/home\/2019\/04\/11\/micareta-de-feira-bloco-tracaja-escolhe-hoje-a-rainha-em-festa-no-marujos-bar\/","url_meta":{"origin":14250,"position":5},"title":"Micareta de Feira: bloco Tracaj\u00e1 escolhe hoje a Rainha em festa no Marujo&#8217;s Bar","author":"J\u00e2nio R\u00eago","date":"11\/04\/2019","format":false,"excerpt":"Nesta quinta-feira\u00a0 (11)no Marujo\u2019s Mar & Malte (antigo Bar Resenharia \u2013 Kalil\u00e2ndia) as portas ser\u00e3o abertas para a grande festa do Bloco Tracaj\u00e1 quando ser\u00e1 escolhida a rainha e o rei que ir\u00e1, ou n\u00e3o, desfilar ao lado do eterno e incans\u00e1vel rei Silv\u00e9rio Silva ( que h\u00e1 alguns anos\u2026","rel":"","context":"Em &quot;Home&quot;","block_context":{"text":"Home","link":"https:\/\/blogdafeira.com.br\/home\/categoria\/raiz\/"},"img":{"alt_text":"","src":"https:\/\/i0.wp.com\/blogdafeira.com.br\/home\/wp-content\/uploads\/2019\/04\/IMG-20190410-WA0026-1024x683.jpg?resize=350%2C200","width":350,"height":200,"srcset":"https:\/\/i0.wp.com\/blogdafeira.com.br\/home\/wp-content\/uploads\/2019\/04\/IMG-20190410-WA0026-1024x683.jpg?resize=350%2C200 1x, https:\/\/i0.wp.com\/blogdafeira.com.br\/home\/wp-content\/uploads\/2019\/04\/IMG-20190410-WA0026-1024x683.jpg?resize=525%2C300 1.5x, https:\/\/i0.wp.com\/blogdafeira.com.br\/home\/wp-content\/uploads\/2019\/04\/IMG-20190410-WA0026-1024x683.jpg?resize=700%2C400 2x"},"classes":[]}],"_links":{"self":[{"href":"https:\/\/blogdafeira.com.br\/home\/wp-json\/wp\/v2\/posts\/14250","targetHints":{"allow":["GET"]}}],"collection":[{"href":"https:\/\/blogdafeira.com.br\/home\/wp-json\/wp\/v2\/posts"}],"about":[{"href":"https:\/\/blogdafeira.com.br\/home\/wp-json\/wp\/v2\/types\/post"}],"author":[{"embeddable":true,"href":"https:\/\/blogdafeira.com.br\/home\/wp-json\/wp\/v2\/users\/1"}],"replies":[{"embeddable":true,"href":"https:\/\/blogdafeira.com.br\/home\/wp-json\/wp\/v2\/comments?post=14250"}],"version-history":[{"count":1,"href":"https:\/\/blogdafeira.com.br\/home\/wp-json\/wp\/v2\/posts\/14250\/revisions"}],"predecessor-version":[{"id":14252,"href":"https:\/\/blogdafeira.com.br\/home\/wp-json\/wp\/v2\/posts\/14250\/revisions\/14252"}],"wp:attachment":[{"href":"https:\/\/blogdafeira.com.br\/home\/wp-json\/wp\/v2\/media?parent=14250"}],"wp:term":[{"taxonomy":"category","embeddable":true,"href":"https:\/\/blogdafeira.com.br\/home\/wp-json\/wp\/v2\/categories?post=14250"},{"taxonomy":"post_tag","embeddable":true,"href":"https:\/\/blogdafeira.com.br\/home\/wp-json\/wp\/v2\/tags?post=14250"}],"curies":[{"name":"wp","href":"https:\/\/api.w.org\/{rel}","templated":true}]}}