{"id":14254,"date":"2015-03-24T00:41:33","date_gmt":"2015-03-24T03:41:33","guid":{"rendered":"http:\/\/blogdafeira.com.br\/home\/?p=14254"},"modified":"2015-03-24T08:50:58","modified_gmt":"2015-03-24T11:50:58","slug":"rui-costa-lanca-pacto-pela-educacao-na-bahia","status":"publish","type":"post","link":"https:\/\/blogdafeira.com.br\/home\/2015\/03\/24\/rui-costa-lanca-pacto-pela-educacao-na-bahia\/","title":{"rendered":"Rui Costa lan\u00e7a &#8216;Pacto pela Educa\u00e7\u00e3o&#8217; na Bahia"},"content":{"rendered":"<p class=\"MsoNormal\" style=\"color: #000000; font-family: sans-serif; font-size: 13.6753244400024px; font-style: normal; line-height: normal; widows: auto; text-align: justify; text-indent: 35.45pt; margin: 0px;\"><img loading=\"lazy\" decoding=\"async\" class=\"aligncenter size-full wp-image-14118\" src=\"http:\/\/blogdafeira.com.br\/home\/wp-content\/uploads\/2015\/03\/RUI-COSTA-1.jpg\" alt=\"RUI COSTA (1)\" width=\"3456\" height=\"2592\" srcset=\"https:\/\/blogdafeira.com.br\/home\/wp-content\/uploads\/2015\/03\/RUI-COSTA-1.jpg 3456w, https:\/\/blogdafeira.com.br\/home\/wp-content\/uploads\/2015\/03\/RUI-COSTA-1-170x128.jpg 170w, https:\/\/blogdafeira.com.br\/home\/wp-content\/uploads\/2015\/03\/RUI-COSTA-1-346x260.jpg 346w, https:\/\/blogdafeira.com.br\/home\/wp-content\/uploads\/2015\/03\/RUI-COSTA-1-1024x768.jpg 1024w\" sizes=\"auto, (max-width: 3456px) 100vw, 3456px\" \/><\/p>\n<div id=\"blogd-765810934\" class=\"blogd-fim-do-post-mobile blogd-entity-placement\" style=\"margin-left: auto;margin-right: auto;text-align: center;\"><a href=\"https:\/\/www.sefaz.feiradesantana.ba.gov.br\/\" target=\"_blank\" aria-label=\"728&#215;90 (6)\"><img loading=\"lazy\" decoding=\"async\" src=\"https:\/\/blogdafeira.com.br\/home\/wp-content\/uploads\/2026\/03\/728x90-6.gif\" alt=\"\"  class=\"no-lazyload\" width=\"728\" height=\"90\"  style=\"display: inline-block;\" \/><\/a><\/div><p>O Pacto pela Educa\u00e7\u00e3o vai ser lan\u00e7ado na pr\u00f3xima segunda-feira (30), em Salvador, pelo governador Rui Costa.<\/p><div id=\"blogd-1368316699\" class=\"blogd-conteudo-2-mobile blogd-entity-placement\"><a href=\"https:\/\/feirenses.com.br\/\" target=\"_blank\" aria-label=\"feirenses\"><img loading=\"lazy\" decoding=\"async\" src=\"https:\/\/blogdafeira.com.br\/home\/wp-content\/uploads\/2026\/04\/feirenses.png\" alt=\"\"  srcset=\"https:\/\/blogdafeira.com.br\/home\/wp-content\/uploads\/2026\/04\/feirenses.png 300w, https:\/\/blogdafeira.com.br\/home\/wp-content\/uploads\/2026\/04\/feirenses-170x45.png 170w, https:\/\/blogdafeira.com.br\/home\/wp-content\/uploads\/2026\/04\/feirenses-280x74.png 280w\" sizes=\"(max-width: 300px) 100vw, 300px\" class=\"no-lazyload\" width=\"300\" height=\"79\"  style=\"display: inline-block;\" \/><\/a><\/div>\n<div id=\"blogd-3885499306\" class=\"blogd-final-post blogd-entity-placement\"><a href=\"https:\/\/www.feiradesantana.ba.leg.br\/\" target=\"_blank\" aria-label=\"BANNER-SITE-ENTREGADECHEQUE-CAMARADEFEIRA\"><img loading=\"lazy\" decoding=\"async\" src=\"https:\/\/blogdafeira.com.br\/home\/wp-content\/uploads\/2026\/03\/BANNER-SITE-ENTREGADECHEQUE-CAMARADEFEIRA.gif\" alt=\"\"  class=\"no-lazyload\" width=\"728\" height=\"90\"   \/><\/a><\/div><p>\u201cN\u00f3s vamos apresentar v\u00e1rias a\u00e7\u00f5es que ser\u00e3o feitas, desde o material did\u00e1tico, capacita\u00e7\u00e3o de professores, infraestrutura das escolas [&#8230;] Teremos gestores respons\u00e1veis por cada regi\u00e3o e vamos monitorar os indicadores e as metas que n\u00f3s colocamos para serem alcan\u00e7adas\u201d, afirma o governador.<\/p>\n","protected":false},"excerpt":{"rendered":"<p>O Pacto pela Educa\u00e7\u00e3o vai ser lan\u00e7ado na pr\u00f3xima segunda-feira (30), em Salvador, pelo governador Rui Costa. \u201cN\u00f3s vamos apresentar v\u00e1rias a\u00e7\u00f5es que ser\u00e3o feitas, desde o material did\u00e1tico, capacita\u00e7\u00e3o de professores, infraestrutura das escolas [&#8230;] Teremos gestores respons\u00e1veis por cada regi\u00e3o e vamos monitorar os indicadores e as metas que n\u00f3s colocamos para serem<\/p>\n","protected":false},"author":1,"featured_media":0,"comment_status":"closed","ping_status":"closed","sticky":false,"template":"","format":"standard","meta":{"jetpack_post_was_ever_published":false,"cybocfi_hide_featured_image":"","_jetpack_newsletter_access":"","_jetpack_dont_email_post_to_subs":false,"_jetpack_newsletter_tier_id":0,"_jetpack_memberships_contains_paywalled_content":false,"_jetpack_memberships_contains_paid_content":false,"footnotes":"","jetpack_publicize_message":"","jetpack_publicize_feature_enabled":true,"jetpack_social_post_already_shared":true,"jetpack_social_options":{"image_generator_settings":{"template":"highway","default_image_id":0,"font":"","enabled":false},"version":2}},"categories":[1],"tags":[],"class_list":["post-14254","post","type-post","status-publish","format-standard","hentry","category-raiz"],"jetpack_publicize_connections":[],"jetpack_featured_media_url":"","jetpack_shortlink":"https:\/\/wp.me\/p3niVf-3HU","jetpack_sharing_enabled":true,"jetpack-related-posts":[{"id":17503,"url":"https:\/\/blogdafeira.com.br\/home\/2015\/11\/03\/rui-costa-lanca-acoes-do-pacto-pela-vida-nesta-quarta-feira-em-salvador\/","url_meta":{"origin":14254,"position":0},"title":"Rui Costa lan\u00e7a a\u00e7\u00f5es do &#8216;Pacto Pela Vida&#8217; nesta quarta-feira em Salvador","author":"Blog da Feira","date":"03\/11\/2015","format":false,"excerpt":"O Governo do Estado, por meio das C\u00e2maras Setoriais de Preven\u00e7\u00e3o Social e de Enfrentamento ao Crack e Outras Drogas, realiza o lan\u00e7amento do pacote de a\u00e7\u00f5es sociais do Programa Pacto pela Vida (PPV), \u00e0s 9h desta quarta-feira (4), na Arquidiocese de S\u00e3o Salvador, no bairro do Garcia, em Salvador.\u2026","rel":"","context":"Em &quot;Home&quot;","block_context":{"text":"Home","link":"https:\/\/blogdafeira.com.br\/home\/categoria\/raiz\/"},"img":{"alt_text":"RUI COSTA (1)","src":"https:\/\/i0.wp.com\/blogdafeira.com.br\/home\/wp-content\/uploads\/2015\/11\/RUI-COSTA-1-319x300.jpg?resize=350%2C200","width":350,"height":200},"classes":[]},{"id":17536,"url":"https:\/\/blogdafeira.com.br\/home\/2015\/11\/04\/governo-de-rui-costa-na-bahia-aposta-r-50-milhoes-na-area-social\/","url_meta":{"origin":14254,"position":1},"title":"Governo de Rui Costa na Bahia &#8216;aposta&#8217; R$ 50 milh\u00f5es na \u00e1rea social","author":"Blog da Feira","date":"04\/11\/2015","format":false,"excerpt":"Criado pelo Governo do Estado,\u00a0em 2011, para promover a paz social, o Programa Pacto pela Vida (PPV) acaba de receber um incremento nas a\u00e7\u00f5es, que se estendem a diversos munic\u00edpios baianos, al\u00e9m de Salvador. O governador Rui Costa lan\u00e7ou, na manh\u00e3 desta quarta-feira (4), na Arquidiocese de Salvador, um pacote\u2026","rel":"","context":"Em &quot;Home&quot;","block_context":{"text":"Home","link":"https:\/\/blogdafeira.com.br\/home\/categoria\/raiz\/"},"img":{"alt_text":"rui costa e","src":"https:\/\/i0.wp.com\/blogdafeira.com.br\/home\/wp-content\/uploads\/2015\/11\/rui-costa-e.jpg?resize=350%2C200","width":350,"height":200,"srcset":"https:\/\/i0.wp.com\/blogdafeira.com.br\/home\/wp-content\/uploads\/2015\/11\/rui-costa-e.jpg?resize=350%2C200 1x, https:\/\/i0.wp.com\/blogdafeira.com.br\/home\/wp-content\/uploads\/2015\/11\/rui-costa-e.jpg?resize=525%2C300 1.5x, https:\/\/i0.wp.com\/blogdafeira.com.br\/home\/wp-content\/uploads\/2015\/11\/rui-costa-e.jpg?resize=700%2C400 2x"},"classes":[]},{"id":14369,"url":"https:\/\/blogdafeira.com.br\/home\/2015\/03\/30\/lidice-anuncia-37-milhoes-para-a-educacao-na-bahia\/","url_meta":{"origin":14254,"position":2},"title":"L\u00eddice anuncia 37 milh\u00f5es para a educa\u00e7\u00e3o na Bahia","author":"Blog da Feira","date":"30\/03\/2015","format":false,"excerpt":"A senadora L\u00eddice da Mata (PSB) anunciou a aprova\u00e7\u00e3o de R$ 37 milh\u00f5es para investimentos na \u00e1rea da Educa\u00e7\u00e3o na Bahia. Os recursos, oriundos do or\u00e7amento da Uni\u00e3o, integram uma emenda parlamentar de bancada, de autoria da congressista baiana e beneficia, principalmente, o ensino em Tempo Integral no Estado e\u2026","rel":"","context":"Em &quot;Home&quot;","block_context":{"text":"Home","link":"https:\/\/blogdafeira.com.br\/home\/categoria\/raiz\/"},"img":{"alt_text":"","src":"","width":0,"height":0},"classes":[]},{"id":71418,"url":"https:\/\/blogdafeira.com.br\/home\/2026\/02\/19\/ministro-rui-costa-vem-a-feira-lancar-o-convive-com-ze-ronaldo\/","url_meta":{"origin":14254,"position":3},"title":"Ministro Rui Costa vem a Feira lan\u00e7ar o &#8220;Convive&#8221; com Z\u00e9 Ronaldo","author":"Blog da Feira","date":"19\/02\/2026","format":false,"excerpt":"O ministro da Casa Civil, ex-governador Rui Costa, participa com o prefeito Z\u00e9 Ronaldo, na segunda-feira, da solenidade de assinatura da ordem de servi\u00e7o para a constru\u00e7\u00e3o do Centro Comunit\u00e1rio pela Vida (Convive), em Feira de Santana. Rui vem representando o presidente Lula que est\u00e1 em viagem no exterior. Para\u2026","rel":"","context":"Em &quot;Cidade&quot;","block_context":{"text":"Cidade","link":"https:\/\/blogdafeira.com.br\/home\/categoria\/cidade\/"},"img":{"alt_text":"","src":"https:\/\/i0.wp.com\/blogdafeira.com.br\/home\/wp-content\/uploads\/2026\/02\/images-2.jpeg?resize=350%2C200&ssl=1","width":350,"height":200,"srcset":"https:\/\/i0.wp.com\/blogdafeira.com.br\/home\/wp-content\/uploads\/2026\/02\/images-2.jpeg?resize=350%2C200&ssl=1 1x, https:\/\/i0.wp.com\/blogdafeira.com.br\/home\/wp-content\/uploads\/2026\/02\/images-2.jpeg?resize=525%2C300&ssl=1 1.5x"},"classes":[]},{"id":11504,"url":"https:\/\/blogdafeira.com.br\/home\/2014\/07\/23\/rui-costa-promete-mais-delegacias-das-mulheres-na-bahia\/","url_meta":{"origin":14254,"position":4},"title":"Rui Costa promete mais Delegacias das Mulheres na Bahia","author":"Blog da Feira","date":"23\/07\/2014","format":false,"excerpt":"O candidato a governador da Bahia, deputado Rui Costa (PT), disse durante entrevista a uma r\u00e1dio do interior que \u201ca Delegacia da Mulher est\u00e1 no meu programa de governo para aumentar o n\u00famero existente e trabalhar para que toda mulher baiana tenha acesso \u00e0 defensoria p\u00fablica\u201d. Rui tamb\u00e9m defende a\u2026","rel":"","context":"Em &quot;Home&quot;","block_context":{"text":"Home","link":"https:\/\/blogdafeira.com.br\/home\/categoria\/raiz\/"},"img":{"alt_text":"","src":"","width":0,"height":0},"classes":[]},{"id":36951,"url":"https:\/\/blogdafeira.com.br\/home\/2020\/04\/07\/rui-costa-vamos-flexibilizar-em-algumas-cidades\/","url_meta":{"origin":14254,"position":5},"title":"Rui Costa: &#8220;vamos flexibilizar medidas em algumas cidades&#8221;","author":"Blog da Feira","date":"07\/04\/2020","format":false,"excerpt":"Em \u00e1udio divulgado nas redes sociais, o governador Rui Costa reafirma que o governo do estado pretende flexibilizar as medidas de isolamento social em cidades sem casos da Covid-19 nos \u00faltimos 15 dias a partir da pr\u00f3xima semana: \"Se vencermos at\u00e9 o pr\u00f3ximo domingo sem contamina\u00e7\u00e3o, vamos flexibilizar nesses cidades\u2026","rel":"","context":"Em &quot;Home&quot;","block_context":{"text":"Home","link":"https:\/\/blogdafeira.com.br\/home\/categoria\/raiz\/"},"img":{"alt_text":"","src":"https:\/\/i0.wp.com\/blogdafeira.com.br\/home\/wp-content\/uploads\/2020\/04\/rui_costa-scaled.jpg?resize=350%2C200&ssl=1","width":350,"height":200,"srcset":"https:\/\/i0.wp.com\/blogdafeira.com.br\/home\/wp-content\/uploads\/2020\/04\/rui_costa-scaled.jpg?resize=350%2C200&ssl=1 1x, https:\/\/i0.wp.com\/blogdafeira.com.br\/home\/wp-content\/uploads\/2020\/04\/rui_costa-scaled.jpg?resize=525%2C300&ssl=1 1.5x, https:\/\/i0.wp.com\/blogdafeira.com.br\/home\/wp-content\/uploads\/2020\/04\/rui_costa-scaled.jpg?resize=700%2C400&ssl=1 2x, https:\/\/i0.wp.com\/blogdafeira.com.br\/home\/wp-content\/uploads\/2020\/04\/rui_costa-scaled.jpg?resize=1050%2C600&ssl=1 3x, https:\/\/i0.wp.com\/blogdafeira.com.br\/home\/wp-content\/uploads\/2020\/04\/rui_costa-scaled.jpg?resize=1400%2C800&ssl=1 4x"},"classes":[]}],"_links":{"self":[{"href":"https:\/\/blogdafeira.com.br\/home\/wp-json\/wp\/v2\/posts\/14254","targetHints":{"allow":["GET"]}}],"collection":[{"href":"https:\/\/blogdafeira.com.br\/home\/wp-json\/wp\/v2\/posts"}],"about":[{"href":"https:\/\/blogdafeira.com.br\/home\/wp-json\/wp\/v2\/types\/post"}],"author":[{"embeddable":true,"href":"https:\/\/blogdafeira.com.br\/home\/wp-json\/wp\/v2\/users\/1"}],"replies":[{"embeddable":true,"href":"https:\/\/blogdafeira.com.br\/home\/wp-json\/wp\/v2\/comments?post=14254"}],"version-history":[{"count":3,"href":"https:\/\/blogdafeira.com.br\/home\/wp-json\/wp\/v2\/posts\/14254\/revisions"}],"predecessor-version":[{"id":14263,"href":"https:\/\/blogdafeira.com.br\/home\/wp-json\/wp\/v2\/posts\/14254\/revisions\/14263"}],"wp:attachment":[{"href":"https:\/\/blogdafeira.com.br\/home\/wp-json\/wp\/v2\/media?parent=14254"}],"wp:term":[{"taxonomy":"category","embeddable":true,"href":"https:\/\/blogdafeira.com.br\/home\/wp-json\/wp\/v2\/categories?post=14254"},{"taxonomy":"post_tag","embeddable":true,"href":"https:\/\/blogdafeira.com.br\/home\/wp-json\/wp\/v2\/tags?post=14254"}],"curies":[{"name":"wp","href":"https:\/\/api.w.org\/{rel}","templated":true}]}}