{"id":14264,"date":"2015-03-24T08:57:51","date_gmt":"2015-03-24T11:57:51","guid":{"rendered":"http:\/\/blogdafeira.com.br\/home\/?p=14264"},"modified":"2015-03-24T08:57:51","modified_gmt":"2015-03-24T11:57:51","slug":"plano-de-cultura-de-feira-de-santana-ainda-nao-foi-enviado-a-camara-de-vereadores","status":"publish","type":"post","link":"https:\/\/blogdafeira.com.br\/home\/2015\/03\/24\/plano-de-cultura-de-feira-de-santana-ainda-nao-foi-enviado-a-camara-de-vereadores\/","title":{"rendered":"Plano de Cultura de Feira de Santana ainda n\u00e3o foi enviado \u00e0 C\u00e2mara de Vereadores"},"content":{"rendered":"<div id=\"blogd-2276844789\" class=\"blogd-fim-do-post-mobile blogd-entity-placement\" style=\"margin-left: auto;margin-right: auto;text-align: center;\"><a href=\"https:\/\/www.sefaz.feiradesantana.ba.gov.br\/\" target=\"_blank\" aria-label=\"728&#215;90 (6)\"><img loading=\"lazy\" decoding=\"async\" src=\"https:\/\/blogdafeira.com.br\/home\/wp-content\/uploads\/2026\/03\/728x90-6.gif\" alt=\"\"  class=\"no-lazyload\" width=\"728\" height=\"90\"  style=\"display: inline-block;\" \/><\/a><\/div><p>Um membro do Conselho Municipal de Cultural, o jornalista <a href=\"https:\/\/twitter.com\/ElsimarPonde\" target=\"_blank\">Elsimar Pond\u00e9, postou hoje na p\u00e1gina dele no twitter u<\/a>m texto onde diz que o Conselho j\u00e1 &#8220;passou\u00a0da hora de encaminhar o Plano de Cultura para a C\u00e2mara Municipal de Vereadores&#8221;.<\/p><div id=\"blogd-1731050151\" class=\"blogd-conteudo-2-mobile blogd-entity-placement\"><a href=\"https:\/\/feirenses.com.br\/\" target=\"_blank\" aria-label=\"feirenses\"><img loading=\"lazy\" decoding=\"async\" src=\"https:\/\/blogdafeira.com.br\/home\/wp-content\/uploads\/2026\/04\/feirenses.png\" alt=\"\"  srcset=\"https:\/\/blogdafeira.com.br\/home\/wp-content\/uploads\/2026\/04\/feirenses.png 300w, https:\/\/blogdafeira.com.br\/home\/wp-content\/uploads\/2026\/04\/feirenses-170x45.png 170w, https:\/\/blogdafeira.com.br\/home\/wp-content\/uploads\/2026\/04\/feirenses-280x74.png 280w\" sizes=\"(max-width: 300px) 100vw, 300px\" class=\"no-lazyload\" width=\"300\" height=\"79\"  style=\"display: inline-block;\" \/><\/a><\/div>\n<div id=\"blogd-2465512190\" class=\"blogd-final-post blogd-entity-placement\"><a href=\"https:\/\/www.feiradesantana.ba.leg.br\/\" target=\"_blank\" aria-label=\"BANNER-SITE-ENTREGADECHEQUE-CAMARADEFEIRA\"><img loading=\"lazy\" decoding=\"async\" src=\"https:\/\/blogdafeira.com.br\/home\/wp-content\/uploads\/2026\/03\/BANNER-SITE-ENTREGADECHEQUE-CAMARADEFEIRA.gif\" alt=\"\"  class=\"no-lazyload\" width=\"728\" height=\"90\"   \/><\/a><\/div><p>O Plano de Cultura foi elaborado\u00a0sob a coordena\u00e7\u00e3o do\u00a0\u00a0ex-secret\u00e1rio da pasta, Jailton Batista. Amanh\u00e3, \u00e0s 18 horas, \u00a0o Conselho de Cultura tem a primeira reuni\u00e3o com o novo Secret\u00e1rio, o advogado Rafael Cordeiro.<\/p>\n","protected":false},"excerpt":{"rendered":"<p>Um membro do Conselho Municipal de Cultural, o jornalista Elsimar Pond\u00e9, postou hoje na p\u00e1gina dele no twitter um texto onde diz que o Conselho j\u00e1 &#8220;passou\u00a0da hora de encaminhar o Plano de Cultura para a C\u00e2mara Municipal de Vereadores&#8221;. O Plano de Cultura foi elaborado\u00a0sob a coordena\u00e7\u00e3o do\u00a0\u00a0ex-secret\u00e1rio da pasta, Jailton Batista. Amanh\u00e3, \u00e0s<\/p>\n","protected":false},"author":1,"featured_media":0,"comment_status":"closed","ping_status":"closed","sticky":false,"template":"","format":"standard","meta":{"jetpack_post_was_ever_published":false,"cybocfi_hide_featured_image":"","_jetpack_newsletter_access":"","_jetpack_dont_email_post_to_subs":false,"_jetpack_newsletter_tier_id":0,"_jetpack_memberships_contains_paywalled_content":false,"_jetpack_memberships_contains_paid_content":false,"footnotes":"","jetpack_publicize_message":"","jetpack_publicize_feature_enabled":true,"jetpack_social_post_already_shared":true,"jetpack_social_options":{"image_generator_settings":{"template":"highway","default_image_id":0,"font":"","enabled":false},"version":2}},"categories":[1],"tags":[],"class_list":["post-14264","post","type-post","status-publish","format-standard","hentry","category-raiz"],"jetpack_publicize_connections":[],"jetpack_featured_media_url":"","jetpack_shortlink":"https:\/\/wp.me\/p3niVf-3I4","jetpack_sharing_enabled":true,"jetpack-related-posts":[{"id":22177,"url":"https:\/\/blogdafeira.com.br\/home\/2016\/06\/28\/vereadores-desvalorizam-o-plano-e-desrespeitam-a-cultura-em-feira\/","url_meta":{"origin":14264,"position":0},"title":"Vereadores desvalorizam o Plano e desrespeitam a cultura em Feira","author":"Blog da Feira","date":"28\/06\/2016","format":false,"excerpt":"O surpreendente cancelamento de uma audi\u00eancia p\u00fablica na C\u00e2mara de Vereadores de Feira de Santana marcada para discutir o Plano Municipal de Cultura, indignou a classe art\u00edstica da cidade, em especial os membros do Conselho Municipal de Cultura. O cancelamento foi anunciado em uma nota publicada no site da C\u00e2mara\u2026","rel":"","context":"Em &quot;Home&quot;","block_context":{"text":"Home","link":"https:\/\/blogdafeira.com.br\/home\/categoria\/raiz\/"},"img":{"alt_text":"camara de feira de santanananana","src":"https:\/\/i0.wp.com\/blogdafeira.com.br\/home\/wp-content\/uploads\/2016\/05\/camara-de-feira-de-santanananana.jpg?resize=350%2C200","width":350,"height":200,"srcset":"https:\/\/i0.wp.com\/blogdafeira.com.br\/home\/wp-content\/uploads\/2016\/05\/camara-de-feira-de-santanananana.jpg?resize=350%2C200 1x, https:\/\/i0.wp.com\/blogdafeira.com.br\/home\/wp-content\/uploads\/2016\/05\/camara-de-feira-de-santanananana.jpg?resize=525%2C300 1.5x"},"classes":[]},{"id":14289,"url":"https:\/\/blogdafeira.com.br\/home\/2015\/03\/25\/conselho-de-cultura-se-reune-e-mais-uma-vez-a-pauta-e-o-plano-municipal\/","url_meta":{"origin":14264,"position":1},"title":"Conselho de Cultura de Feira se re\u00fane e, &#8216;mais uma vez&#8217;, a pauta \u00e9 o Plano Municipal","author":"Blog da Feira","date":"25\/03\/2015","format":false,"excerpt":"O Conselho Municipal de Cultura de Feira de Santana se re\u00fane nesta quarta-feira, dia 25 de mar\u00e7o, a partir das 18 horas, na sede da Secretaria Municipal de Cultura, Esporte e Lazer, na rua Estados Unidos, n\u00ba 37, no bairro da Kalil\u00e2ndia. Em pauta, mais uma vez, o Plano Municipal\u2026","rel":"","context":"Em &quot;Home&quot;","block_context":{"text":"Home","link":"https:\/\/blogdafeira.com.br\/home\/categoria\/raiz\/"},"img":{"alt_text":"conselho","src":"https:\/\/i0.wp.com\/blogdafeira.com.br\/home\/wp-content\/uploads\/2015\/03\/conselho.jpg?resize=350%2C200","width":350,"height":200,"srcset":"https:\/\/i0.wp.com\/blogdafeira.com.br\/home\/wp-content\/uploads\/2015\/03\/conselho.jpg?resize=350%2C200 1x, https:\/\/i0.wp.com\/blogdafeira.com.br\/home\/wp-content\/uploads\/2015\/03\/conselho.jpg?resize=525%2C300 1.5x, https:\/\/i0.wp.com\/blogdafeira.com.br\/home\/wp-content\/uploads\/2015\/03\/conselho.jpg?resize=700%2C400 2x"},"classes":[]},{"id":19740,"url":"https:\/\/blogdafeira.com.br\/home\/2016\/02\/25\/artistas-querem-eleicao-para-presidencia-do-conselho-de-cultura-de-feira\/","url_meta":{"origin":14264,"position":2},"title":"Artistas querem elei\u00e7\u00e3o para presid\u00eancia do Conselho de Cultura de Feira","author":"Blog da Feira","date":"25\/02\/2016","format":false,"excerpt":"Um movimento entre integrantes do Conselho Municipal de Cultura de Feira de Santana quer mudar o regimento interno do Conselho para permitir a elei\u00e7\u00e3o direta para a Presid\u00eancia hoje exercida pelo titular da Secretaria Municipal de Cultura. A proposta j\u00e1 foi levantada no ano passado mas n\u00e3o teve o acolhimento\u2026","rel":"","context":"Em &quot;Home&quot;","block_context":{"text":"Home","link":"https:\/\/blogdafeira.com.br\/home\/categoria\/raiz\/"},"img":{"alt_text":"","src":"","width":0,"height":0},"classes":[]},{"id":20751,"url":"https:\/\/blogdafeira.com.br\/home\/2016\/04\/13\/camara-de-feira-vai-fazer-audiencia-publica-antes-de-votar-plano-de-cultura\/","url_meta":{"origin":14264,"position":3},"title":"C\u00e2mara de Feira vai fazer audi\u00eancia p\u00fablica antes de votar Plano de Cultura","author":"Blog da Feira","date":"13\/04\/2016","format":false,"excerpt":"Mirem-se no exemplo do Conselho de Cultura e ativistas culturais em Feira de Santana que ontem obtiveram \u00a0mais uma vit\u00f3ria ao impedir a vota\u00e7\u00e3o do Plano Municipal de Cultura na C\u00e2mara de Vereadores para que antes seja realizada uma audi\u00eancia p\u00fablica. A Presid\u00eancia da C\u00e2mara recebeu os membros do Conselho\u2026","rel":"","context":"Em &quot;Home&quot;","block_context":{"text":"Home","link":"https:\/\/blogdafeira.com.br\/home\/categoria\/raiz\/"},"img":{"alt_text":"FEIRA CULTURA","src":"https:\/\/i0.wp.com\/blogdafeira.com.br\/home\/wp-content\/uploads\/2016\/04\/FEIRA-CULTURA.jpg?resize=350%2C200","width":350,"height":200,"srcset":"https:\/\/i0.wp.com\/blogdafeira.com.br\/home\/wp-content\/uploads\/2016\/04\/FEIRA-CULTURA.jpg?resize=350%2C200 1x, https:\/\/i0.wp.com\/blogdafeira.com.br\/home\/wp-content\/uploads\/2016\/04\/FEIRA-CULTURA.jpg?resize=525%2C300 1.5x"},"classes":[]},{"id":24812,"url":"https:\/\/blogdafeira.com.br\/home\/2016\/12\/08\/eleicao-em-fevereiro-para-um-novo-conselho-de-cultura-de-feira-de-santana\/","url_meta":{"origin":14264,"position":4},"title":"Elei\u00e7\u00e3o em fevereiro para um novo Conselho de Cultura de Feira de Santana","author":"Blog da Feira","date":"08\/12\/2016","format":false,"excerpt":"Uma reuni\u00e3o ontem do atual Conselho de Cultura de Feira de Santana, definiu a data para a realiza\u00e7\u00e3o das elei\u00e7\u00f5es para um novo mandato do \u00f3rg\u00e3o: fevereiro do pr\u00f3ximo ano. O pr\u00f3ximo Conselho\u00a0ser\u00e1 o respons\u00e1vel por acompanhar o processo de implanta\u00e7\u00e3o das diretrizes tra\u00e7adas pelo Plano Municipal de Cultura \u00a0aprovado\u2026","rel":"","context":"Em &quot;Home&quot;","block_context":{"text":"Home","link":"https:\/\/blogdafeira.com.br\/home\/categoria\/raiz\/"},"img":{"alt_text":"cultura","src":"https:\/\/i0.wp.com\/blogdafeira.com.br\/home\/wp-content\/uploads\/2016\/12\/cultura-346x181.jpg?resize=350%2C200","width":350,"height":200},"classes":[]},{"id":20730,"url":"https:\/\/blogdafeira.com.br\/home\/2016\/04\/11\/plano-municipal-de-cultura-vai-ser-votado-amanha-na-camara-de-feira\/","url_meta":{"origin":14264,"position":5},"title":"Plano Municipal de Cultura vai ser votado amanh\u00e3 na C\u00e2mara de Feira","author":"Blog da Feira","date":"11\/04\/2016","format":false,"excerpt":"Na pr\u00f3xima ter\u00e7a-feira, 12 de abril de 2016, deve entrar na pauta de vota\u00e7\u00f5es da C\u00e2mara Vereadores de Feira de Santana, o Plano Municipal de Cultura, fruto do trabalho do Conselho Municipal de Cultura e da colabora\u00e7\u00e3o de v\u00e1rias pessoas que atuam neste segmento em nossa cidade. No entanto, a\u2026","rel":"","context":"Em &quot;Home&quot;","block_context":{"text":"Home","link":"https:\/\/blogdafeira.com.br\/home\/categoria\/raiz\/"},"img":{"alt_text":"elsimar.2","src":"https:\/\/i0.wp.com\/blogdafeira.com.br\/home\/wp-content\/uploads\/2016\/04\/elsimar.2-300x300.jpg?resize=350%2C200","width":350,"height":200},"classes":[]}],"_links":{"self":[{"href":"https:\/\/blogdafeira.com.br\/home\/wp-json\/wp\/v2\/posts\/14264","targetHints":{"allow":["GET"]}}],"collection":[{"href":"https:\/\/blogdafeira.com.br\/home\/wp-json\/wp\/v2\/posts"}],"about":[{"href":"https:\/\/blogdafeira.com.br\/home\/wp-json\/wp\/v2\/types\/post"}],"author":[{"embeddable":true,"href":"https:\/\/blogdafeira.com.br\/home\/wp-json\/wp\/v2\/users\/1"}],"replies":[{"embeddable":true,"href":"https:\/\/blogdafeira.com.br\/home\/wp-json\/wp\/v2\/comments?post=14264"}],"version-history":[{"count":1,"href":"https:\/\/blogdafeira.com.br\/home\/wp-json\/wp\/v2\/posts\/14264\/revisions"}],"predecessor-version":[{"id":14265,"href":"https:\/\/blogdafeira.com.br\/home\/wp-json\/wp\/v2\/posts\/14264\/revisions\/14265"}],"wp:attachment":[{"href":"https:\/\/blogdafeira.com.br\/home\/wp-json\/wp\/v2\/media?parent=14264"}],"wp:term":[{"taxonomy":"category","embeddable":true,"href":"https:\/\/blogdafeira.com.br\/home\/wp-json\/wp\/v2\/categories?post=14264"},{"taxonomy":"post_tag","embeddable":true,"href":"https:\/\/blogdafeira.com.br\/home\/wp-json\/wp\/v2\/tags?post=14264"}],"curies":[{"name":"wp","href":"https:\/\/api.w.org\/{rel}","templated":true}]}}