{"id":14267,"date":"2015-03-24T17:03:04","date_gmt":"2015-03-24T20:03:04","guid":{"rendered":"http:\/\/blogdafeira.com.br\/home\/?p=14267"},"modified":"2015-03-24T17:05:30","modified_gmt":"2015-03-24T20:05:30","slug":"edson-borges-pergunta-o-brt-pode-ser-na-avenida-presidente-dutra","status":"publish","type":"post","link":"https:\/\/blogdafeira.com.br\/home\/2015\/03\/24\/edson-borges-pergunta-o-brt-pode-ser-na-avenida-presidente-dutra\/","title":{"rendered":"Edson Borges pergunta:  o BRT pode ser na avenida Presidente Dutra?"},"content":{"rendered":"<div id=\"blogd-1924020449\" class=\"blogd-fim-do-post-mobile blogd-entity-placement\" style=\"margin-left: auto;margin-right: auto;text-align: center;\"><a href=\"https:\/\/www.sefaz.feiradesantana.ba.gov.br\/\" target=\"_blank\" aria-label=\"728&#215;90 (6)\"><img loading=\"lazy\" decoding=\"async\" src=\"https:\/\/blogdafeira.com.br\/home\/wp-content\/uploads\/2026\/03\/728x90-6.gif\" alt=\"\"  class=\"no-lazyload\" width=\"728\" height=\"90\"  style=\"display: inline-block;\" \/><\/a><\/div><p><img loading=\"lazy\" decoding=\"async\" class=\"aligncenter size-full wp-image-14268\" src=\"http:\/\/blogdafeira.com.br\/home\/wp-content\/uploads\/2015\/03\/dutra.jpg\" alt=\"dutra\" width=\"900\" height=\"600\" srcset=\"https:\/\/blogdafeira.com.br\/home\/wp-content\/uploads\/2015\/03\/dutra.jpg 900w, https:\/\/blogdafeira.com.br\/home\/wp-content\/uploads\/2015\/03\/dutra-170x113.jpg 170w, https:\/\/blogdafeira.com.br\/home\/wp-content\/uploads\/2015\/03\/dutra-346x231.jpg 346w\" sizes=\"auto, (max-width: 900px) 100vw, 900px\" \/>Em uma postagem <a href=\"https:\/\/www.facebook.com\/photo.php?fbid=793496610739563&amp;set=a.110317099057521.20158.100002376936945&amp;type=1&amp;theater&amp;notif_t=photo_reply\" target=\"_blank\">no facebook, o jornalista Edson Borges <\/a>questionou se\u00a0o BRT de Feira pode ser na avenida Presidente Dutra (foto) e n\u00e3o na Get\u00falio Vargas, onde a possibilidade de devasta\u00e7\u00e3o do canteiro central \u00e9 iminente e est\u00e1 inquietando a popula\u00e7\u00e3o.<\/p><div id=\"blogd-3851362640\" class=\"blogd-conteudo-2-mobile blogd-entity-placement\"><a href=\"https:\/\/feirenses.com.br\/\" target=\"_blank\" aria-label=\"feirenses\"><img loading=\"lazy\" decoding=\"async\" src=\"https:\/\/blogdafeira.com.br\/home\/wp-content\/uploads\/2026\/04\/feirenses.png\" alt=\"\"  srcset=\"https:\/\/blogdafeira.com.br\/home\/wp-content\/uploads\/2026\/04\/feirenses.png 300w, https:\/\/blogdafeira.com.br\/home\/wp-content\/uploads\/2026\/04\/feirenses-170x45.png 170w, https:\/\/blogdafeira.com.br\/home\/wp-content\/uploads\/2026\/04\/feirenses-280x74.png 280w\" sizes=\"(max-width: 300px) 100vw, 300px\" class=\"no-lazyload\" width=\"300\" height=\"79\"  style=\"display: inline-block;\" \/><\/a><\/div>\n<p>A avenida Presidente Dutra \u00e9 uma paralela \u00e0 Get\u00falio Vargas, mais larga e praticamente ser arboriza\u00e7\u00e3o nem nas laterais nem no estreito canteiro central.<\/p>\n<div id=\"blogd-1825184978\" class=\"blogd-final-post blogd-entity-placement\"><a href=\"https:\/\/www.feiradesantana.ba.leg.br\/\" target=\"_blank\" aria-label=\"BANNER-SITE-ENTREGADECHEQUE-CAMARADEFEIRA\"><img loading=\"lazy\" decoding=\"async\" src=\"https:\/\/blogdafeira.com.br\/home\/wp-content\/uploads\/2026\/03\/BANNER-SITE-ENTREGADECHEQUE-CAMARADEFEIRA.gif\" alt=\"\"  class=\"no-lazyload\" width=\"728\" height=\"90\"   \/><\/a><\/div><p>Os coment\u00e1rios no post s\u00e3o favor\u00e1veis, \u00e0 exce\u00e7\u00e3o de alguns, como o<a href=\"https:\/\/www.facebook.com\/dimas.oliveira.94?fref=ufi\" target=\"_blank\"> jornalista Dimas Oliveira <\/a>que \u00e9 \u00a0um intransigente defensor da derrubada das \u00e1rvores da Get\u00falio.<\/p>\n","protected":false},"excerpt":{"rendered":"<p>Em uma postagem no facebook, o jornalista Edson Borges questionou se\u00a0o BRT de Feira pode ser na avenida Presidente Dutra (foto) e n\u00e3o na Get\u00falio Vargas, onde a possibilidade de devasta\u00e7\u00e3o do canteiro central \u00e9 iminente e est\u00e1 inquietando a popula\u00e7\u00e3o. A avenida Presidente Dutra \u00e9 uma paralela \u00e0 Get\u00falio Vargas, mais larga e praticamente<\/p>\n","protected":false},"author":1,"featured_media":0,"comment_status":"closed","ping_status":"closed","sticky":false,"template":"","format":"standard","meta":{"jetpack_post_was_ever_published":false,"cybocfi_hide_featured_image":"","_jetpack_newsletter_access":"","_jetpack_dont_email_post_to_subs":false,"_jetpack_newsletter_tier_id":0,"_jetpack_memberships_contains_paywalled_content":false,"_jetpack_memberships_contains_paid_content":false,"footnotes":"","jetpack_publicize_message":"","jetpack_publicize_feature_enabled":true,"jetpack_social_post_already_shared":true,"jetpack_social_options":{"image_generator_settings":{"template":"highway","default_image_id":0,"font":"","enabled":false},"version":2}},"categories":[1],"tags":[],"class_list":["post-14267","post","type-post","status-publish","format-standard","hentry","category-raiz"],"jetpack_publicize_connections":[],"jetpack_featured_media_url":"","jetpack_shortlink":"https:\/\/wp.me\/p3niVf-3I7","jetpack_sharing_enabled":true,"jetpack-related-posts":[{"id":15756,"url":"https:\/\/blogdafeira.com.br\/home\/2015\/07\/24\/ameacada-de-destruicao-getulio-torna-se-a-avenida-mais-fotografada-de-feira\/","url_meta":{"origin":14267,"position":0},"title":"Amea\u00e7ada de destrui\u00e7\u00e3o Get\u00falio torna-se a avenida mais fotografada de Feira","author":"Blog da Feira","date":"24\/07\/2015","format":false,"excerpt":"Desde o an\u00fancio do BRT de Feira de Santana e a revela\u00e7\u00e3o da Prefeitura Municipal de que seriam retiradas \u00e1rvores do canteiro central da avenida Get\u00falio Vargas, esta avenida que j\u00e1 era um 'cart\u00e3o postal' da cidade passou a ser muito mais fotografada e filmada em detalhes e por todos\u2026","rel":"","context":"Em &quot;Home&quot;","block_context":{"text":"Home","link":"https:\/\/blogdafeira.com.br\/home\/categoria\/raiz\/"},"img":{"alt_text":"getulio vargas","src":"https:\/\/i0.wp.com\/blogdafeira.com.br\/home\/wp-content\/uploads\/2015\/03\/getulio-vargas.jpg?resize=350%2C200","width":350,"height":200,"srcset":"https:\/\/i0.wp.com\/blogdafeira.com.br\/home\/wp-content\/uploads\/2015\/03\/getulio-vargas.jpg?resize=350%2C200 1x, https:\/\/i0.wp.com\/blogdafeira.com.br\/home\/wp-content\/uploads\/2015\/03\/getulio-vargas.jpg?resize=525%2C300 1.5x"},"classes":[]},{"id":17892,"url":"https:\/\/blogdafeira.com.br\/home\/2015\/11\/24\/obra-do-brt-de-feira-ja-retirou-mais-de-40-arvores-da-maria-quiteria\/","url_meta":{"origin":14267,"position":1},"title":"Obra do BRT de Feira j\u00e1 retirou &#8220;mais de 40 \u00e1rvores&#8221; da Maria Quit\u00e9ria","author":"Blog da Feira","date":"24\/11\/2015","format":false,"excerpt":"Segundo a Prefeitura de Feira de Santana mais de 40 \u00e1rvores j\u00e1 foram retiradas do canteiro central da Avenida Maria Quit\u00e9ria para a constru\u00e7\u00e3o da 'trincheira' que \u00e9 parte da obra do BRT que vai se estender tamb\u00e9m pela avenida Get\u00falio Vargas.\u00a0Ainda de acordo com informa\u00e7\u00f5es da Prefeitura, as \u00e1rvores\u2026","rel":"","context":"Em &quot;Home&quot;","block_context":{"text":"Home","link":"https:\/\/blogdafeira.com.br\/home\/categoria\/raiz\/"},"img":{"alt_text":"IMG_20150909_084257427","src":"https:\/\/i0.wp.com\/blogdafeira.com.br\/home\/wp-content\/uploads\/2015\/09\/IMG_20150909_084257427.jpg?resize=350%2C200","width":350,"height":200,"srcset":"https:\/\/i0.wp.com\/blogdafeira.com.br\/home\/wp-content\/uploads\/2015\/09\/IMG_20150909_084257427.jpg?resize=350%2C200 1x, https:\/\/i0.wp.com\/blogdafeira.com.br\/home\/wp-content\/uploads\/2015\/09\/IMG_20150909_084257427.jpg?resize=525%2C300 1.5x"},"classes":[]},{"id":14277,"url":"https:\/\/blogdafeira.com.br\/home\/2015\/03\/24\/brt-de-feira-na-av-getulio-ou-presidente-dutra\/","url_meta":{"origin":14267,"position":2},"title":"BRT de Feira na Av. Get\u00falio ou Presidente Dutra?","author":"Blog da Feira","date":"24\/03\/2015","format":false,"excerpt":"O engenheiro e advogado Jo\u00e3o Carlos Borja defende a implanta\u00e7\u00e3o do BRT de Feira na avenida Pres. Dutra e como argumento lembrou a a experi\u00eancia goiana que terminou com a \u00a0implanta\u00e7\u00e3o na av. Anhanguera, poupando a arborizada e 'charmosa' avenida 85. Leia abaixo o texto de Borja publicado originalmente no\u2026","rel":"","context":"Em &quot;Home&quot;","block_context":{"text":"Home","link":"https:\/\/blogdafeira.com.br\/home\/categoria\/raiz\/"},"img":{"alt_text":"","src":"","width":0,"height":0},"classes":[]},{"id":21655,"url":"https:\/\/blogdafeira.com.br\/home\/2016\/05\/19\/brt-de-feira-fechara-a-dutra-depois-que-a-getulio-for-liberada-diz-o-prefeito\/","url_meta":{"origin":14267,"position":3},"title":"BRT de Feira fechar\u00e1 a Dutra depois que a Get\u00falio for liberada, diz o Prefeito","author":"Blog da Feira","date":"19\/05\/2016","format":false,"excerpt":"A avenida Presidente Dutra s\u00f3 ser\u00e1 fechada para a constru\u00e7\u00e3o de um t\u00fanel, como est\u00e1 previsto no projeto de implanta\u00e7\u00e3o do BRT, quando o trecho tamb\u00e9m em obras na avenida Get\u00falio Vargas for liberado para o tr\u00e1fego de ve\u00edculos. Esta ser\u00e1 uma interven\u00e7\u00e3o diferente da que foi feita entre os\u2026","rel":"","context":"Em &quot;Home&quot;","block_context":{"text":"Home","link":"https:\/\/blogdafeira.com.br\/home\/categoria\/raiz\/"},"img":{"alt_text":"BRT- Obars na Av Jo_o Durval - foto-Vinicius Gomes (2)","src":"https:\/\/i0.wp.com\/blogdafeira.com.br\/home\/wp-content\/uploads\/2016\/05\/BRT-Obars-na-Av-Jo_o-Durval-foto-Vinicius-Gomes-2.jpg?resize=350%2C200","width":350,"height":200,"srcset":"https:\/\/i0.wp.com\/blogdafeira.com.br\/home\/wp-content\/uploads\/2016\/05\/BRT-Obars-na-Av-Jo_o-Durval-foto-Vinicius-Gomes-2.jpg?resize=350%2C200 1x, https:\/\/i0.wp.com\/blogdafeira.com.br\/home\/wp-content\/uploads\/2016\/05\/BRT-Obars-na-Av-Jo_o-Durval-foto-Vinicius-Gomes-2.jpg?resize=525%2C300 1.5x, https:\/\/i0.wp.com\/blogdafeira.com.br\/home\/wp-content\/uploads\/2016\/05\/BRT-Obars-na-Av-Jo_o-Durval-foto-Vinicius-Gomes-2.jpg?resize=700%2C400 2x"},"classes":[]},{"id":13218,"url":"https:\/\/blogdafeira.com.br\/home\/2014\/10\/31\/lavagem-do-toco-da-av-getulio-vargas-em-feira-vai-ser-neste-sabado-2\/","url_meta":{"origin":14267,"position":4},"title":"\u2018Lavagem do Toco\u2019 da Av. Get\u00falio Vargas em Feira vai ser neste s\u00e1bado","author":"Blog da Feira","date":"31\/10\/2014","format":false,"excerpt":"O que come\u00e7ou com essa foto acima \u00a0postada na p\u00e1gina no facebook pelo\u00a0advogado Andre \u00a0Lacerda\u00a0se transformou em \u2018brincadeira e festa\u2019 e neste s\u00e1bado, 1\u00ba, \u00a0\u00e0 tarde, o advogado, amigos e frequentadores do Bar Ponto do Zequinha ir\u00e3o fazer a \u2018Lavagem do Toco\u2019. O \u2018festejado\u2019 toco est\u00e1 no passeio do canteiro\u2026","rel":"","context":"Em &quot;Home&quot;","block_context":{"text":"Home","link":"https:\/\/blogdafeira.com.br\/home\/categoria\/raiz\/"},"img":{"alt_text":"toco na cal\u00e7ada","src":"https:\/\/i0.wp.com\/blogdafeira.com.br\/home\/wp-content\/uploads\/2014\/10\/toco-na-cal%C3%A7ada.jpg?resize=350%2C200","width":350,"height":200,"srcset":"https:\/\/i0.wp.com\/blogdafeira.com.br\/home\/wp-content\/uploads\/2014\/10\/toco-na-cal%C3%A7ada.jpg?resize=350%2C200 1x, https:\/\/i0.wp.com\/blogdafeira.com.br\/home\/wp-content\/uploads\/2014\/10\/toco-na-cal%C3%A7ada.jpg?resize=525%2C300 1.5x, https:\/\/i0.wp.com\/blogdafeira.com.br\/home\/wp-content\/uploads\/2014\/10\/toco-na-cal%C3%A7ada.jpg?resize=700%2C400 2x"},"classes":[]},{"id":14333,"url":"https:\/\/blogdafeira.com.br\/home\/2015\/03\/27\/deputado-ze-neto-fez-pronunciamento-na-al-sobre-brt-de-feira-e-indignacao-dos-artistas\/","url_meta":{"origin":14267,"position":5},"title":"Z\u00e9 Neto fez pronunciamento na Assembleia sobre BRT de Feira, citou o BF e a &#8216;indigna\u00e7\u00e3o dos artistas e intelectuais&#8217; com a obra","author":"Blog da Feira","date":"27\/03\/2015","format":false,"excerpt":"Em discurso na Assembleia, Z\u00e9 Neto dise que indigna\u00e7\u00e3o dos artistas contra a implanta\u00e7\u00e3o do BRT de Feira de Santana na avenida Get\u00falio Vargas deve ser ouvida. O deputado iniciou o discurso salientando que n\u00e3o \u00e9 contra o BRT, mas que \u00e9 necess\u00e1rio que o governo ou\u00e7a a popula\u00e7\u00e3o \u201cFeira\u2026","rel":"","context":"Em &quot;Home&quot;","block_context":{"text":"Home","link":"https:\/\/blogdafeira.com.br\/home\/categoria\/raiz\/"},"img":{"alt_text":"getulio vargas","src":"https:\/\/i0.wp.com\/blogdafeira.com.br\/home\/wp-content\/uploads\/2015\/03\/getulio-vargas.jpg?resize=350%2C200","width":350,"height":200,"srcset":"https:\/\/i0.wp.com\/blogdafeira.com.br\/home\/wp-content\/uploads\/2015\/03\/getulio-vargas.jpg?resize=350%2C200 1x, https:\/\/i0.wp.com\/blogdafeira.com.br\/home\/wp-content\/uploads\/2015\/03\/getulio-vargas.jpg?resize=525%2C300 1.5x"},"classes":[]}],"_links":{"self":[{"href":"https:\/\/blogdafeira.com.br\/home\/wp-json\/wp\/v2\/posts\/14267","targetHints":{"allow":["GET"]}}],"collection":[{"href":"https:\/\/blogdafeira.com.br\/home\/wp-json\/wp\/v2\/posts"}],"about":[{"href":"https:\/\/blogdafeira.com.br\/home\/wp-json\/wp\/v2\/types\/post"}],"author":[{"embeddable":true,"href":"https:\/\/blogdafeira.com.br\/home\/wp-json\/wp\/v2\/users\/1"}],"replies":[{"embeddable":true,"href":"https:\/\/blogdafeira.com.br\/home\/wp-json\/wp\/v2\/comments?post=14267"}],"version-history":[{"count":2,"href":"https:\/\/blogdafeira.com.br\/home\/wp-json\/wp\/v2\/posts\/14267\/revisions"}],"predecessor-version":[{"id":14271,"href":"https:\/\/blogdafeira.com.br\/home\/wp-json\/wp\/v2\/posts\/14267\/revisions\/14271"}],"wp:attachment":[{"href":"https:\/\/blogdafeira.com.br\/home\/wp-json\/wp\/v2\/media?parent=14267"}],"wp:term":[{"taxonomy":"category","embeddable":true,"href":"https:\/\/blogdafeira.com.br\/home\/wp-json\/wp\/v2\/categories?post=14267"},{"taxonomy":"post_tag","embeddable":true,"href":"https:\/\/blogdafeira.com.br\/home\/wp-json\/wp\/v2\/tags?post=14267"}],"curies":[{"name":"wp","href":"https:\/\/api.w.org\/{rel}","templated":true}]}}