{"id":14281,"date":"2015-03-25T08:32:14","date_gmt":"2015-03-25T11:32:14","guid":{"rendered":"http:\/\/blogdafeira.com.br\/home\/?p=14281"},"modified":"2015-03-25T08:32:14","modified_gmt":"2015-03-25T11:32:14","slug":"marilton-carvalho-feira-de-santana-a-cidade-que-ja-teve","status":"publish","type":"post","link":"https:\/\/blogdafeira.com.br\/home\/2015\/03\/25\/marilton-carvalho-feira-de-santana-a-cidade-que-ja-teve\/","title":{"rendered":"Marilton Carvalho: Feira de Santana, a cidade que j\u00e1 teve"},"content":{"rendered":"<div id=\"blogd-3653711112\" class=\"blogd-fim-do-post-mobile blogd-entity-placement\" style=\"margin-left: auto;margin-right: auto;text-align: center;\"><a href=\"https:\/\/www.sefaz.feiradesantana.ba.gov.br\/\" target=\"_blank\" aria-label=\"728&#215;90 (6)\"><img loading=\"lazy\" decoding=\"async\" src=\"https:\/\/blogdafeira.com.br\/home\/wp-content\/uploads\/2026\/03\/728x90-6.gif\" alt=\"\"  class=\"no-lazyload\" width=\"728\" height=\"90\"  style=\"display: inline-block;\" \/><\/a><\/div><p>A Princesa do Sert\u00e3o era refer\u00eancia na regi\u00e3o, com\u00e9rcio\u00a0 em geral, forte da pecu\u00e1ria, \u00e0s segundas-feiras do Campo do Gado saiam os pre\u00e7os das arrobas para comercializa\u00e7\u00e3o em todo Estado.<\/p><div id=\"blogd-3154685916\" class=\"blogd-conteudo-2-mobile blogd-entity-placement\"><a href=\"https:\/\/feirenses.com.br\/\" target=\"_blank\" aria-label=\"feirenses\"><img loading=\"lazy\" decoding=\"async\" src=\"https:\/\/blogdafeira.com.br\/home\/wp-content\/uploads\/2026\/04\/feirenses.png\" alt=\"\"  srcset=\"https:\/\/blogdafeira.com.br\/home\/wp-content\/uploads\/2026\/04\/feirenses.png 300w, https:\/\/blogdafeira.com.br\/home\/wp-content\/uploads\/2026\/04\/feirenses-170x45.png 170w, https:\/\/blogdafeira.com.br\/home\/wp-content\/uploads\/2026\/04\/feirenses-280x74.png 280w\" sizes=\"(max-width: 300px) 100vw, 300px\" class=\"no-lazyload\" width=\"300\" height=\"79\"  style=\"display: inline-block;\" \/><\/a><\/div>\n<p>A fazenda Moc\u00f3, era uma esta\u00e7\u00e3o experimental para pesquisas e ensaios com jumento pega, mulas, etc, foi desativada, a antiga propriedade do governo estadual atualmente abriga invas\u00f5es do MST.<\/p>\n<p>A feira livre que ocupava desordenadamente toda extens\u00e3o das pra\u00e7as da Bandeira, Jo\u00e3o Pedreira, Bernardino Bahia, ruas Sales Barbosa e Marechal e toda\u00a0 \u00a0Avenida Getulio Vargas, at\u00e9 o Emec, comprava-se e vendia-se de tudo, galinha, perus, porcos, bodes, p\u00e1ssaros, todo tipo de ca\u00e7as, frutas, verduras, farinha, feij\u00e3o, roupas, enfim uma infinidade de produtos que fazia com que de sexta-feiraa\u00a0 in\u00edcio da noite de segunda-feira a cidade tornava-se cosmopolita com gente de todos os cantos, at\u00e9 turistas de outros Estados.<\/p>\n<p>Em uma\u00a0 decis\u00e3o arrojada o ent\u00e3o prefeito Dr. Jos\u00e9 Falc\u00e3o da Silva\u00a0 constru\u00edu, em meados dos anos 70, o Centro de Abastecimento com o objetivo de ordenar a feira livre e transferir todos feirantes e toda aquela bagun\u00e7a para o novo empreendimento, decis\u00e3o digna de elogios.<\/p>\n<p>Atualmente a feira livre que era refer\u00eancia nacional perdeu todo o brilho com a desordem, hoje \u00e9 poss\u00edvel encontrar feirantes\u00a0 e camel\u00f4s em todos os cantos, emporcalhando\u00a0 a cidade sem nenhum crit\u00e9rio e fiscaliza\u00e7\u00e3o dos \u00f3rg\u00e3os p\u00fablicos.<\/p>\n<p>Feira de Santana at\u00e9 o final dos anos 80 possu\u00eda tr\u00eas filarm\u00f4nicas: Sociedade Filarm\u00f4nica 25 de mar\u00e7o, cujo o pr\u00e9dio sede est\u00e1 em ru\u00ednas, Filarm\u00f4nica Vit\u00f3ria,\u00a0 o edif\u00edcio sede chegou a cair uma parte, mas a tempo foi recuperado, a Euterpe Feirense desativou a sede do centro da cidade e atualmente \u00e9 o \u00fanico clube social em atividades nas instala\u00e7\u00f5es da Av. Contorno, infelizmente\u00a0 ficaram mudas, seus trombones, cornetas, pratos, etc., n\u00e3o fazem a alegria de crian\u00e7as, jovens e velhos corriam para ver a banda passar.<\/p>\n<p>O querido\u00a0 Fluminense de Feira, campe\u00e3o baiano por duas vezes, fazia os grandes clubes baianos da capital e do interior temer nas disputas com o &#8220;Touro do Sert\u00e3o&#8221;, nos cl\u00e1ssicos com o Bahia ou o Vit\u00f3ria movimentava a cidade, acabou, hoje o Flu est\u00e1 na segunda divis\u00e3o do campeonato baiano, lutando para n\u00e3o ir para terceira.<\/p>\n<p>No aristocr\u00e1tico Feira T\u00eanis Clube eram realizados os bailes de Micareta, Noite do Hava\u00ed, Broto do Ano, Reveillon, etc, e\u00a0 em seu gin\u00e1sio P\u00e9ricles Valadares aconteciam as competi\u00e7\u00f5es esportivas, jogos aberto do interior, proporcionando uma movimenta\u00e7\u00e3o na cidade com jovens de todos os cantos da Bahia. Deixaram de acontecer, o FTC acabou, com gest\u00f5es irrespons\u00e1veis deixando o clube endividado com a\u00e7\u00f5es trabalhistas sendo obrigado a penhorar parte do sede, indo \u00e0 pra\u00e7a, perdendo parte do patrim\u00f4nio e hoje est\u00e1 resumido a um estacionamento, e ningu\u00e9m conseguiu explicar a verdadeira situa\u00e7\u00e3o.<\/p>\n<p>J\u00e1 o nosso querido Clube de Campo Cajueiro a situa\u00e7\u00e3o foi muito pior. Palco do grande Baile\u00a0 Caju de Ouro que proporcionava aos associados e toda a sociedade baiana, ver ao vivo e a cores as fantasias e escolas de samba premiadas no carnaval carioca, quando a \u00e9poca a tv era em preto e branco, ali tamb\u00e9m todos os cantores que faziam sucesso nacional se apresentavam, Roberto Carlos, Caetano Veloso, Erasmo Carlos, Moraes Moreira, Nelson Gon\u00e7alves, Luiz Gonzaga, Gonzaguinha e muitos outros.<\/p>\n<p>Em sua sede lind\u00edssima projetada pelo arquiteto Amelio Amorim aconteceram v\u00e1rias festas de Debutantes idealizadas pelo colunista Eme Portugal, reveilons onde a sociedade feirense se reunia como fosse uma s\u00f3 fam\u00edlia, \u00e0 beira da piscina fizemos nosso amigos da adolesc\u00eancia, amizades sinceras que duram at\u00e9 os dias de hoje.<\/p>\n<p>Tamb\u00e9m nada disso existe mais, o clube foi loteado e vendido para quitar d\u00e9bitos contra\u00eddos por diretorias que se achavam\u00a0 \u00fanicas propriet\u00e1rias, oferecendo aos associados poucas satisfa\u00e7\u00f5es, por fim acabou.<\/p>\n<p>A festa de Santana que acontecia no m\u00eas de janeiro,\u00a0 inicialmente com o bloco\u00a0 anunciador lavagens, levagens, novenas e por quinze dias no largo da Matriz a festa que todas as noites era animada pelas filarm\u00f4nicas, no final era realizada a grande prociss\u00e3o de Santana prestigiada com v\u00e1rias imagens de santos de v\u00e1rias par\u00f3quias, acompanhada por milhares de fi\u00e9is, uma verdadeira festa religiosa, simplesmente deixou de existir uma tradi\u00e7\u00e3o de anos<\/p>\n<p>Hoje s\u00f3 nos resta a micareta, idealizada por Maneca Ferreira e amigos no ano de 1938, a primeira do Brasil, j\u00e1 foi considerada a segunda festa popular da Bahia depois do carnaval, estava no calend\u00e1rio baiano.<\/p>\n<p>Devido \u00e0 falta de planejamento, organiza\u00e7\u00e3o e outros fatores pontuais o brilho a cada ano vem se apagando, atualmente est\u00e1 viva porque os blocos privados contratam atra\u00e7\u00f5es de peso no carnaval de Salvador, mas infelizmente \u00e9 poss\u00edvel ver que os foli\u00f5es est\u00e3o optando pelos\u00a0 camarotes privados que al\u00e9m de atra\u00e7\u00f5es exclusiva, cantores e cantoras de sucesso comprovado animem a festa privada, al\u00e9m de ser poss\u00edvel\u00a0 comer e beber do melhor, receber tratamento vip e conviver com gente bonita\u00a0 e transadas, ali tudo acontece.<\/p>\n<p>Infelizmente ningu\u00e9m sabe dizer at\u00e9 quando isto vai durar e fica a pergunta: Quem vai trazer as atra\u00e7\u00f5es de rua para o povo quando estes blocos n\u00e3o tiverem mais p\u00fablico para financiar os trios el\u00e9trico de cantores de peso?<\/p>\n<p>J\u00e1 passou da hora da sociedade juntamente com os \u00f3rg\u00e3os p\u00fablicos, imprensa e a quem interessar fazer um f\u00f3rum para resgatar os grandes valores da nossa cidade e lutar para que os \u00fanicos que restam n\u00e3o acabar, criar outros para o lazer como um todo da popula\u00e7\u00e3o principalmente as mais carentes, antes que a cidade seja prestigiada apenas para atender interesses pol\u00edticos em v\u00e9spera de elei\u00e7\u00f5es.<\/p>\n<p>A cidade j\u00e1 est\u00e1 pobre de eventos, vejam que na passagem de ano n\u00e3o havia nenhuma organiza\u00e7\u00e3o privada ou p\u00fablica em nenhum canto da Princesa do Sert\u00e3o.<\/p>\n<p>No S\u00e3o Jo\u00e3o enquanto a maioria dos munic\u00edpios nordestinos brasileiro atraindo\u00a0 milhares de turistas, aqui \u00e9 realizado um mixuruca S\u00e3o Jo\u00e3o em S\u00e3o Jos\u00e9, sem propagar, atraindo muito pouco turistas.<\/p>\n<p>O nosso parque de exposi\u00e7\u00e3o agropecu\u00e1ria quando deveria ser uma refer\u00eancia nacional na realiza\u00e7\u00e3o de Expofeira \u00e9 apenas um evento que atrai interessados para assistir shows musicais de artistas famosos tirando todo o foco que \u00e9 a festa da pecu\u00e1ria.<\/p>\n<p>Fica o alerta para toda a sociedade e principalmente para governantes e pol\u00edticos.<\/p>\n<div id=\"blogd-1873404754\" class=\"blogd-final-post blogd-entity-placement\"><a href=\"https:\/\/www.feiradesantana.ba.leg.br\/\" target=\"_blank\" aria-label=\"BANNER-SITE-ENTREGADECHEQUE-CAMARADEFEIRA\"><img loading=\"lazy\" decoding=\"async\" src=\"https:\/\/blogdafeira.com.br\/home\/wp-content\/uploads\/2026\/03\/BANNER-SITE-ENTREGADECHEQUE-CAMARADEFEIRA.gif\" alt=\"\"  class=\"no-lazyload\" width=\"728\" height=\"90\"   \/><\/a><\/div><p><img loading=\"lazy\" decoding=\"async\" class=\"alignleft size-thumbnail wp-image-14282\" src=\"http:\/\/blogdafeira.com.br\/home\/wp-content\/uploads\/2015\/03\/marilton-carvalho.-104x150.jpg\" alt=\"marilton carvalho.\" width=\"104\" height=\"150\" srcset=\"https:\/\/blogdafeira.com.br\/home\/wp-content\/uploads\/2015\/03\/marilton-carvalho.-104x150.jpg 104w, https:\/\/blogdafeira.com.br\/home\/wp-content\/uploads\/2015\/03\/marilton-carvalho..jpg 146w\" sizes=\"auto, (max-width: 104px) 100vw, 104px\" \/>Marilton Carvalho &#8211;\u00a0<a href=\"mailto:marilton@alicrim.com.br\">marilton@alicrim.com.br<\/a><\/p>\n","protected":false},"excerpt":{"rendered":"<p>A Princesa do Sert\u00e3o era refer\u00eancia na regi\u00e3o, com\u00e9rcio\u00a0 em geral, forte da pecu\u00e1ria, \u00e0s segundas-feiras do Campo do Gado saiam os pre\u00e7os das arrobas para comercializa\u00e7\u00e3o em todo Estado. A fazenda Moc\u00f3, era uma esta\u00e7\u00e3o experimental para pesquisas e ensaios com jumento pega, mulas, etc, foi desativada, a antiga propriedade do governo estadual atualmente<\/p>\n","protected":false},"author":1,"featured_media":0,"comment_status":"closed","ping_status":"closed","sticky":false,"template":"","format":"standard","meta":{"jetpack_post_was_ever_published":false,"cybocfi_hide_featured_image":"","_jetpack_newsletter_access":"","_jetpack_dont_email_post_to_subs":false,"_jetpack_newsletter_tier_id":0,"_jetpack_memberships_contains_paywalled_content":false,"_jetpack_memberships_contains_paid_content":false,"footnotes":"","jetpack_publicize_message":"","jetpack_publicize_feature_enabled":true,"jetpack_social_post_already_shared":true,"jetpack_social_options":{"image_generator_settings":{"template":"highway","default_image_id":0,"font":"","enabled":false},"version":2}},"categories":[1],"tags":[],"class_list":["post-14281","post","type-post","status-publish","format-standard","hentry","category-raiz"],"jetpack_publicize_connections":[],"jetpack_featured_media_url":"","jetpack_shortlink":"https:\/\/wp.me\/p3niVf-3Il","jetpack_sharing_enabled":true,"jetpack-related-posts":[{"id":59491,"url":"https:\/\/blogdafeira.com.br\/home\/2023\/09\/25\/shaolim-guedes-no-samba-da-segunda-feira-na-praca-do-tropeiro\/","url_meta":{"origin":14281,"position":0},"title":"Shalom Guedes no Samba da Pra\u00e7a do Tropeiro: toda segunda-feira","author":"Blog da Feira","date":"25\/09\/2023","format":false,"excerpt":"Violeiro sambador e cantador, Shalom Guedes \u00e9 um artista em ascen\u00e7\u00e3o na Bahia. Ligado \u00e0 cultura popular, de onde tira inspira\u00e7\u00e3o e onde vive artisticamente, ele \u00e9 um dos artistas que vem dando visibilidade ao \"Samba da Pra\u00e7a do Tropeiro\", que acontece todas as segundas-feiras em Feira de Santana. O\u2026","rel":"","context":"Em &quot;Cidade&quot;","block_context":{"text":"Cidade","link":"https:\/\/blogdafeira.com.br\/home\/categoria\/cidade\/"},"img":{"alt_text":"","src":"https:\/\/i0.wp.com\/blogdafeira.com.br\/home\/wp-content\/uploads\/2023\/09\/Screenshot_20230924-1638373.png?resize=350%2C200&ssl=1","width":350,"height":200,"srcset":"https:\/\/i0.wp.com\/blogdafeira.com.br\/home\/wp-content\/uploads\/2023\/09\/Screenshot_20230924-1638373.png?resize=350%2C200&ssl=1 1x, https:\/\/i0.wp.com\/blogdafeira.com.br\/home\/wp-content\/uploads\/2023\/09\/Screenshot_20230924-1638373.png?resize=525%2C300&ssl=1 1.5x, https:\/\/i0.wp.com\/blogdafeira.com.br\/home\/wp-content\/uploads\/2023\/09\/Screenshot_20230924-1638373.png?resize=700%2C400&ssl=1 2x"},"classes":[]},{"id":14428,"url":"https:\/\/blogdafeira.com.br\/home\/2015\/04\/02\/holambra-e-aqui-3a-exposicao-de-flores-em-feira-de-santana\/","url_meta":{"origin":14281,"position":1},"title":"Holambra \u00e9 aqui: 3\u00aa exposi\u00e7\u00e3o de flores em Feira de Santana","author":"Blog da Feira","date":"02\/04\/2015","format":false,"excerpt":"Quem olha, pode at\u00e9 pensar que a primavera chegou mais cedo em Feira de Santana e deixou a avenida Get\u00falio Vargas mais colorida. Esse \u00e9 um dos efeitos da III Feira de Flores Holambra, iniciada nesta quinta-feira, 2, no estacionamento da Prefeitura. Com car\u00e1ter beneficente, a Feira de Flores re\u00fane\u2026","rel":"","context":"Em &quot;Home&quot;","block_context":{"text":"Home","link":"https:\/\/blogdafeira.com.br\/home\/categoria\/raiz\/"},"img":{"alt_text":"Feira de flores de Holambra - foto Silvio Tito (2)","src":"https:\/\/i0.wp.com\/blogdafeira.com.br\/home\/wp-content\/uploads\/2015\/04\/Feira-de-flores-de-Holambra-foto-Silvio-Tito-2.jpg?resize=350%2C200","width":350,"height":200,"srcset":"https:\/\/i0.wp.com\/blogdafeira.com.br\/home\/wp-content\/uploads\/2015\/04\/Feira-de-flores-de-Holambra-foto-Silvio-Tito-2.jpg?resize=350%2C200 1x, https:\/\/i0.wp.com\/blogdafeira.com.br\/home\/wp-content\/uploads\/2015\/04\/Feira-de-flores-de-Holambra-foto-Silvio-Tito-2.jpg?resize=525%2C300 1.5x"},"classes":[]},{"id":63695,"url":"https:\/\/blogdafeira.com.br\/home\/2024\/09\/09\/a-procissao-de-viajantes-que-a-feira-abriga\/","url_meta":{"origin":14281,"position":2},"title":"A prociss\u00e3o de viajantes que a Feira abriga","author":"Andr\u00e9 Pomponet","date":"09\/09\/2024","format":false,"excerpt":"Coisa de se admirar no centro da Feira de Santana \u00e9 a prociss\u00e3o de viajantes que visita a cidade \u00e0s segundas-feiras. Durante toda a semana o afluxo \u00e9 grande, \u00e9 verdade, mas a segunda-feira \u00e9 especial. N\u00e3o apenas pelo movimento mais intenso no Centro de Abastecimento e no entorno, mas\u2026","rel":"","context":"Em &quot;Colunistas&quot;","block_context":{"text":"Colunistas","link":"https:\/\/blogdafeira.com.br\/home\/categoria\/colunistas\/"},"img":{"alt_text":"","src":"https:\/\/i0.wp.com\/blogdafeira.com.br\/home\/wp-content\/uploads\/2024\/09\/images-59.jpeg?resize=350%2C200&ssl=1","width":350,"height":200,"srcset":"https:\/\/i0.wp.com\/blogdafeira.com.br\/home\/wp-content\/uploads\/2024\/09\/images-59.jpeg?resize=350%2C200&ssl=1 1x, https:\/\/i0.wp.com\/blogdafeira.com.br\/home\/wp-content\/uploads\/2024\/09\/images-59.jpeg?resize=525%2C300&ssl=1 1.5x"},"classes":[]},{"id":45576,"url":"https:\/\/blogdafeira.com.br\/home\/2021\/05\/24\/recordacoes-das-vibrantes-manhas-de-segunda-na-feira\/","url_meta":{"origin":14281,"position":3},"title":"Recorda\u00e7\u00f5es das vibrantes manh\u00e3s de segunda na Feira","author":"Andr\u00e9 Pomponet","date":"24\/05\/2021","format":false,"excerpt":"Como todo mundo sabe, as restri\u00e7\u00f5es impostas pela pandemia da Covid-19 limitaram muito a vida. O isolamento social e as restri\u00e7\u00f5es aos deslocamentos, os cuidados indispens\u00e1veis em ambientes coletivos e o permanente receio de contamina\u00e7\u00e3o mudaram drasticamente a rotina. O pior \u00e9 que, em fun\u00e7\u00e3o da neglig\u00eancia e da omiss\u00e3o\u2026","rel":"","context":"Em &quot;Colunistas&quot;","block_context":{"text":"Colunistas","link":"https:\/\/blogdafeira.com.br\/home\/categoria\/colunistas\/"},"img":{"alt_text":"","src":"https:\/\/i0.wp.com\/blogdafeira.com.br\/home\/wp-content\/uploads\/2020\/03\/89620coronavirus-prefeito-de-feira-de-santana-define-nesta-sexta-se-comercio-local-continuara-fechado-3.jpg?resize=350%2C200&ssl=1","width":350,"height":200,"srcset":"https:\/\/i0.wp.com\/blogdafeira.com.br\/home\/wp-content\/uploads\/2020\/03\/89620coronavirus-prefeito-de-feira-de-santana-define-nesta-sexta-se-comercio-local-continuara-fechado-3.jpg?resize=350%2C200&ssl=1 1x, https:\/\/i0.wp.com\/blogdafeira.com.br\/home\/wp-content\/uploads\/2020\/03\/89620coronavirus-prefeito-de-feira-de-santana-define-nesta-sexta-se-comercio-local-continuara-fechado-3.jpg?resize=525%2C300&ssl=1 1.5x, https:\/\/i0.wp.com\/blogdafeira.com.br\/home\/wp-content\/uploads\/2020\/03\/89620coronavirus-prefeito-de-feira-de-santana-define-nesta-sexta-se-comercio-local-continuara-fechado-3.jpg?resize=700%2C400&ssl=1 2x, https:\/\/i0.wp.com\/blogdafeira.com.br\/home\/wp-content\/uploads\/2020\/03\/89620coronavirus-prefeito-de-feira-de-santana-define-nesta-sexta-se-comercio-local-continuara-fechado-3.jpg?resize=1050%2C600&ssl=1 3x, https:\/\/i0.wp.com\/blogdafeira.com.br\/home\/wp-content\/uploads\/2020\/03\/89620coronavirus-prefeito-de-feira-de-santana-define-nesta-sexta-se-comercio-local-continuara-fechado-3.jpg?resize=1400%2C800&ssl=1 4x"},"classes":[]},{"id":65435,"url":"https:\/\/blogdafeira.com.br\/home\/2025\/01\/30\/nova-adutora-da-embasa-incrementa-100-litros-dagua-segundo-no-abastecimento-de-feira-e-regiao\/","url_meta":{"origin":14281,"position":4},"title":"Nova adutora da Embasa incrementa 100 litros d&#8217;\u00e1gua\/segundo no abastecimento de Feira e regi\u00e3o","author":"Blog da Feira","date":"30\/01\/2025","format":false,"excerpt":"A nova adutora conclu\u00edda este ano d\u00e1 um incremento de 100 litros de \u00e1gua por segundo no sistema de abastecimento da regi\u00e3o. O investimento foi de cerca de 400 milh\u00f5es de reais. Esta semana o deputado Z\u00e9 Neto visitou as obras da adutora na Caixa D'\u00e1gua do Tomba, acompanhando do\u2026","rel":"","context":"Em &quot;Cidade&quot;","block_context":{"text":"Cidade","link":"https:\/\/blogdafeira.com.br\/home\/categoria\/cidade\/"},"img":{"alt_text":"","src":"https:\/\/i0.wp.com\/blogdafeira.com.br\/home\/wp-content\/uploads\/2025\/01\/20250116_UNF_NovaAdutora_TrechoAereo_FabrizioD.RMorais.jpeg?resize=350%2C200&ssl=1","width":350,"height":200,"srcset":"https:\/\/i0.wp.com\/blogdafeira.com.br\/home\/wp-content\/uploads\/2025\/01\/20250116_UNF_NovaAdutora_TrechoAereo_FabrizioD.RMorais.jpeg?resize=350%2C200&ssl=1 1x, https:\/\/i0.wp.com\/blogdafeira.com.br\/home\/wp-content\/uploads\/2025\/01\/20250116_UNF_NovaAdutora_TrechoAereo_FabrizioD.RMorais.jpeg?resize=525%2C300&ssl=1 1.5x"},"classes":[]},{"id":38820,"url":"https:\/\/blogdafeira.com.br\/home\/2020\/07\/05\/colbert-volta-a-restringir-funcionamento-do-comercio-em-feira\/","url_meta":{"origin":14281,"position":5},"title":"Colbert volta a restringir funcionamento do com\u00e9rcio em Feira","author":"J\u00e2nio R\u00eago","date":"05\/07\/2020","format":false,"excerpt":"O agravamento do quadro da pandemia em Feira de Santana fez o prefeito do munic\u00edpio, Colbert Filho (MDB) decretar mais uma vez o fechamento do com\u00e9rcio, deixando apenas os servi\u00e7os essenciais em funcionamento, a partir de ter\u00e7a-feira pr\u00f3xima (7). \"A nossa terra sempre foi reconhecida pela for\u00e7a do com\u00e9rcio e\u2026","rel":"","context":"Em &quot;Cidade&quot;","block_context":{"text":"Cidade","link":"https:\/\/blogdafeira.com.br\/home\/categoria\/cidade\/"},"img":{"alt_text":"","src":"https:\/\/i0.wp.com\/blogdafeira.com.br\/home\/wp-content\/uploads\/2020\/07\/colbert-restringe-comercio.png?resize=350%2C200&ssl=1","width":350,"height":200,"srcset":"https:\/\/i0.wp.com\/blogdafeira.com.br\/home\/wp-content\/uploads\/2020\/07\/colbert-restringe-comercio.png?resize=350%2C200&ssl=1 1x, https:\/\/i0.wp.com\/blogdafeira.com.br\/home\/wp-content\/uploads\/2020\/07\/colbert-restringe-comercio.png?resize=525%2C300&ssl=1 1.5x, https:\/\/i0.wp.com\/blogdafeira.com.br\/home\/wp-content\/uploads\/2020\/07\/colbert-restringe-comercio.png?resize=700%2C400&ssl=1 2x"},"classes":[]}],"_links":{"self":[{"href":"https:\/\/blogdafeira.com.br\/home\/wp-json\/wp\/v2\/posts\/14281","targetHints":{"allow":["GET"]}}],"collection":[{"href":"https:\/\/blogdafeira.com.br\/home\/wp-json\/wp\/v2\/posts"}],"about":[{"href":"https:\/\/blogdafeira.com.br\/home\/wp-json\/wp\/v2\/types\/post"}],"author":[{"embeddable":true,"href":"https:\/\/blogdafeira.com.br\/home\/wp-json\/wp\/v2\/users\/1"}],"replies":[{"embeddable":true,"href":"https:\/\/blogdafeira.com.br\/home\/wp-json\/wp\/v2\/comments?post=14281"}],"version-history":[{"count":1,"href":"https:\/\/blogdafeira.com.br\/home\/wp-json\/wp\/v2\/posts\/14281\/revisions"}],"predecessor-version":[{"id":14283,"href":"https:\/\/blogdafeira.com.br\/home\/wp-json\/wp\/v2\/posts\/14281\/revisions\/14283"}],"wp:attachment":[{"href":"https:\/\/blogdafeira.com.br\/home\/wp-json\/wp\/v2\/media?parent=14281"}],"wp:term":[{"taxonomy":"category","embeddable":true,"href":"https:\/\/blogdafeira.com.br\/home\/wp-json\/wp\/v2\/categories?post=14281"},{"taxonomy":"post_tag","embeddable":true,"href":"https:\/\/blogdafeira.com.br\/home\/wp-json\/wp\/v2\/tags?post=14281"}],"curies":[{"name":"wp","href":"https:\/\/api.w.org\/{rel}","templated":true}]}}