{"id":14285,"date":"2015-03-25T08:37:53","date_gmt":"2015-03-25T11:37:53","guid":{"rendered":"http:\/\/blogdafeira.com.br\/home\/?p=14285"},"modified":"2015-03-25T08:37:53","modified_gmt":"2015-03-25T11:37:53","slug":"adilson-simas-lanca-hoje-2a-edicao-do-livro-a-historia-do-fluminense-de-feira","status":"publish","type":"post","link":"https:\/\/blogdafeira.com.br\/home\/2015\/03\/25\/adilson-simas-lanca-hoje-2a-edicao-do-livro-a-historia-do-fluminense-de-feira\/","title":{"rendered":"Adilson Simas lan\u00e7a, hoje, 2\u00aa edi\u00e7\u00e3o do livro &#8216;A Hist\u00f3ria do Fluminense de Feira&#8217;"},"content":{"rendered":"<div id=\"blogd-4020627376\" class=\"blogd-fim-do-post-mobile blogd-entity-placement\" style=\"margin-left: auto;margin-right: auto;text-align: center;\"><a href=\"https:\/\/www.sefaz.feiradesantana.ba.gov.br\/\" target=\"_blank\" aria-label=\"728&#215;90 (6)\"><img loading=\"lazy\" decoding=\"async\" src=\"https:\/\/blogdafeira.com.br\/home\/wp-content\/uploads\/2026\/03\/728x90-6.gif\" alt=\"\"  class=\"no-lazyload\" width=\"728\" height=\"90\"  style=\"display: inline-block;\" \/><\/a><\/div><p>Na noite desta quarta-feira, 25, \u00e0s 19h30, no Centro Comunit\u00e1rio Ederval Fernandes Falc\u00e3o (no bairro das Bara\u00fanas\\), o lan\u00e7amento da segunda edi\u00e7\u00e3o do livro \u201cA Hist\u00f3ria do Fluminense de Feira\u201d, de Adilson Simas \u00a0que cont\u00e9m epis\u00f3dios marcantes do clube feirense no futebol profissional.<\/p><div id=\"blogd-651394720\" class=\"blogd-conteudo-2-mobile blogd-entity-placement\"><a href=\"https:\/\/feirenses.com.br\/\" target=\"_blank\" aria-label=\"feirenses\"><img loading=\"lazy\" decoding=\"async\" src=\"https:\/\/blogdafeira.com.br\/home\/wp-content\/uploads\/2026\/04\/feirenses.png\" alt=\"\"  srcset=\"https:\/\/blogdafeira.com.br\/home\/wp-content\/uploads\/2026\/04\/feirenses.png 300w, https:\/\/blogdafeira.com.br\/home\/wp-content\/uploads\/2026\/04\/feirenses-170x45.png 170w, https:\/\/blogdafeira.com.br\/home\/wp-content\/uploads\/2026\/04\/feirenses-280x74.png 280w\" sizes=\"(max-width: 300px) 100vw, 300px\" class=\"no-lazyload\" width=\"300\" height=\"79\"  style=\"display: inline-block;\" \/><\/a><\/div>\n<p>Trata-se de nova edi\u00e7\u00e3o da publica\u00e7\u00e3o com patroc\u00ednio da Funda\u00e7\u00e3o Senhor dos Passos, atrav\u00e9s do N<span class=\"text_exposed_show\">\u00facleo de Preserva\u00e7\u00e3o da Mem\u00f3ria de Feira.<\/span><\/p>\n<div id=\"blogd-2144541670\" class=\"blogd-final-post blogd-entity-placement\"><a href=\"https:\/\/www.feiradesantana.ba.leg.br\/\" target=\"_blank\" aria-label=\"BANNER-SITE-ENTREGADECHEQUE-CAMARADEFEIRA\"><img loading=\"lazy\" decoding=\"async\" src=\"https:\/\/blogdafeira.com.br\/home\/wp-content\/uploads\/2026\/03\/BANNER-SITE-ENTREGADECHEQUE-CAMARADEFEIRA.gif\" alt=\"\"  class=\"no-lazyload\" width=\"728\" height=\"90\"   \/><\/a><\/div><p><span class=\"text_exposed_show\">O livro tem capa de Juraci D\u00f3rea, apresenta\u00e7\u00e3o de Marc\u00edlio Costa e pref\u00e1cio de Hugo Navarro da Silva. A primeira edi\u00e7\u00e3o\u00a0foi lan\u00e7ado em 1973, na inaugura\u00e7\u00e3o da Galeria Carmac, durante as comemora\u00e7\u00f5es dos 100 anos \u00a0de Feira de Santana.<\/span><\/p>\n","protected":false},"excerpt":{"rendered":"<p>Na noite desta quarta-feira, 25, \u00e0s 19h30, no Centro Comunit\u00e1rio Ederval Fernandes Falc\u00e3o (no bairro das Bara\u00fanas\\), o lan\u00e7amento da segunda edi\u00e7\u00e3o do livro \u201cA Hist\u00f3ria do Fluminense de Feira\u201d, de Adilson Simas \u00a0que cont\u00e9m epis\u00f3dios marcantes do clube feirense no futebol profissional. Trata-se de nova edi\u00e7\u00e3o da publica\u00e7\u00e3o com patroc\u00ednio da Funda\u00e7\u00e3o Senhor dos<\/p>\n","protected":false},"author":1,"featured_media":0,"comment_status":"closed","ping_status":"closed","sticky":false,"template":"","format":"standard","meta":{"jetpack_post_was_ever_published":false,"cybocfi_hide_featured_image":"","_jetpack_newsletter_access":"","_jetpack_dont_email_post_to_subs":false,"_jetpack_newsletter_tier_id":0,"_jetpack_memberships_contains_paywalled_content":false,"_jetpack_memberships_contains_paid_content":false,"footnotes":"","jetpack_publicize_message":"","jetpack_publicize_feature_enabled":true,"jetpack_social_post_already_shared":true,"jetpack_social_options":{"image_generator_settings":{"template":"highway","default_image_id":0,"font":"","enabled":false},"version":2}},"categories":[1],"tags":[],"class_list":["post-14285","post","type-post","status-publish","format-standard","hentry","category-raiz"],"jetpack_publicize_connections":[],"jetpack_featured_media_url":"","jetpack_shortlink":"https:\/\/wp.me\/p3niVf-3Ip","jetpack_sharing_enabled":true,"jetpack-related-posts":[{"id":10750,"url":"https:\/\/blogdafeira.com.br\/home\/2014\/06\/03\/adilson-aconselha-gerinaldo-a-esquecer-as-panelas-do-flu-de-feira\/","url_meta":{"origin":14285,"position":0},"title":"Adilson aconselha Gerinaldo a esquecer as &#8216;panelas&#8217; do Flu de Feira","author":"Blog da Feira","date":"03\/06\/2014","format":false,"excerpt":"O jornalista Adilson Simas, autor do livro \"Hist\u00f3ria do Fluminense de Feira\", em texto publicado no blog Por Simas, aconselhou o novo presidente do 'Touros do Sert\u00e3o', professor Gerinaldo Costa (foto) a \"esquecer\u00a0\" as duas panelas (ou seria apenas uma enorme panela?)\" do time feirense. Simas elogiou Gerinaldo: \"Competente e\u2026","rel":"","context":"Em &quot;Home&quot;","block_context":{"text":"Home","link":"https:\/\/blogdafeira.com.br\/home\/categoria\/raiz\/"},"img":{"alt_text":"gerinaldo","src":"https:\/\/i0.wp.com\/blogdafeira.com.br\/home\/wp-content\/uploads\/2014\/06\/gerinaldo.jpg?resize=350%2C200","width":350,"height":200},"classes":[]},{"id":18023,"url":"https:\/\/blogdafeira.com.br\/home\/2015\/11\/30\/estadio-joia-da-princesa-completa-50-anos-em-2016-por-adilson-simas\/","url_meta":{"origin":14285,"position":1},"title":"Fluminense fez gol contra na inaugura\u00e7\u00e3o do &#8216;Est\u00e1dio Joia da Princesa&#8217;","author":"Blog da Feira","date":"30\/11\/2015","format":false,"excerpt":"At\u00e9 a metade dos anos sessenta, o Fluminense j\u00e1 como clube profissional e a Liga Feirense com seus filiados amadores, desenvolviam suas programa\u00e7\u00f5es esportivas no est\u00e1dio que o prefeito Alm\u00e1chio Boaventura construiu no inicio dos anos cinq\u00fcenta e que a C\u00e2mara Municipal batizou com seu nome. No Est\u00e1dio Almachio Boaventura\u2026","rel":"","context":"Em &quot;Home&quot;","block_context":{"text":"Home","link":"https:\/\/blogdafeira.com.br\/home\/categoria\/raiz\/"},"img":{"alt_text":"joia","src":"https:\/\/i0.wp.com\/blogdafeira.com.br\/home\/wp-content\/uploads\/2015\/11\/joia.jpg?resize=350%2C200","width":350,"height":200,"srcset":"https:\/\/i0.wp.com\/blogdafeira.com.br\/home\/wp-content\/uploads\/2015\/11\/joia.jpg?resize=350%2C200 1x, https:\/\/i0.wp.com\/blogdafeira.com.br\/home\/wp-content\/uploads\/2015\/11\/joia.jpg?resize=525%2C300 1.5x"},"classes":[]},{"id":53331,"url":"https:\/\/blogdafeira.com.br\/home\/2022\/07\/15\/o-flu-de-feira-em-6o-lugar-na-taca-brasil\/","url_meta":{"origin":14285,"position":2},"title":"O Flu de Feira em 6\u00ba lugar na Ta\u00e7a Brasil","author":"Andr\u00e9 Pomponet","date":"15\/07\/2022","format":false,"excerpt":"Nem todo mundo sabe, mas o Fluminense de Feira j\u00e1 figurou entre os dez primeiros colocados numa competi\u00e7\u00e3o nacional. Foi em 1964, quando a equipe \u2013 campe\u00e3 baiana no ano anterior \u2013 ficou em sexto lugar na extinta Ta\u00e7a Brasil. Tudo bem que o Touro do Sert\u00e3o disputou s\u00f3 tr\u00eas\u2026","rel":"","context":"Em &quot;Colunistas&quot;","block_context":{"text":"Colunistas","link":"https:\/\/blogdafeira.com.br\/home\/categoria\/colunistas\/"},"img":{"alt_text":"","src":"https:\/\/i0.wp.com\/blogdafeira.com.br\/home\/wp-content\/uploads\/2017\/07\/FB_IMG_1500070998337-e1500076993110.jpg?resize=350%2C200&ssl=1","width":350,"height":200},"classes":[]},{"id":65156,"url":"https:\/\/blogdafeira.com.br\/home\/2025\/01\/12\/adeus-a-adilson-simas-guardiao-da-memoria-da-feira\/","url_meta":{"origin":14285,"position":3},"title":"Adeus a Adilson Simas, guardi\u00e3o da mem\u00f3ria da Feira","author":"Blog da Feira","date":"12\/01\/2025","format":false,"excerpt":"\u00c9 com profundo pesar que comunicamos o falecimento de Adilson Simas, renomado jornalista e memorialista de Feira de Santana, ocorrido na tarde deste domingo, 12 de janeiro de 2025, aos 77 anos. Simas estava internado na Unidade de Tratamento Intensivo do Hospital Mater Dei Emec, onde veio a \u00f3bito devido\u2026","rel":"","context":"Em &quot;Cidade&quot;","block_context":{"text":"Cidade","link":"https:\/\/blogdafeira.com.br\/home\/categoria\/cidade\/"},"img":{"alt_text":"","src":"https:\/\/i0.wp.com\/blogdafeira.com.br\/home\/wp-content\/uploads\/2025\/01\/WhatsApp-Image-2025-01-12-at-21.08.44.jpeg?resize=350%2C200&ssl=1","width":350,"height":200,"srcset":"https:\/\/i0.wp.com\/blogdafeira.com.br\/home\/wp-content\/uploads\/2025\/01\/WhatsApp-Image-2025-01-12-at-21.08.44.jpeg?resize=350%2C200&ssl=1 1x, https:\/\/i0.wp.com\/blogdafeira.com.br\/home\/wp-content\/uploads\/2025\/01\/WhatsApp-Image-2025-01-12-at-21.08.44.jpeg?resize=525%2C300&ssl=1 1.5x, https:\/\/i0.wp.com\/blogdafeira.com.br\/home\/wp-content\/uploads\/2025\/01\/WhatsApp-Image-2025-01-12-at-21.08.44.jpeg?resize=700%2C400&ssl=1 2x, https:\/\/i0.wp.com\/blogdafeira.com.br\/home\/wp-content\/uploads\/2025\/01\/WhatsApp-Image-2025-01-12-at-21.08.44.jpeg?resize=1050%2C600&ssl=1 3x"},"classes":[]},{"id":68373,"url":"https:\/\/blogdafeira.com.br\/home\/2025\/07\/16\/livro-de-josue-sera-doado-como-presente-de-90-anos-do-autor-a-quem-for-ao-lancamento\/","url_meta":{"origin":14285,"position":4},"title":"Josu\u00e9 Mello, aos 90 anos, lan\u00e7a primeiro volume do livro &#8220;A Vida Merece um SIM&#8221;","author":"Blog da Feira","date":"16\/07\/2025","format":false,"excerpt":"Nesta sexta-feira (18), a partir das 19h, no campus de Feira de Santana, da\u00a0 Universidade Federal do Rec\u00f4ncavo Baiano (UFRB), o\u00a0 professor Josu\u00e9 Mello lan\u00e7ar\u00e1 um livro de sua autoria intitulado \u201cA vida merece um SIM\u201d. O livro, diz o autor, \u201c\u00e9 uma interpreta\u00e7\u00e3o da hist\u00f3ria, da f\u00e9, do que\u2026","rel":"","context":"Em &quot;Cidade&quot;","block_context":{"text":"Cidade","link":"https:\/\/blogdafeira.com.br\/home\/categoria\/cidade\/"},"img":{"alt_text":"","src":"https:\/\/i0.wp.com\/blogdafeira.com.br\/home\/wp-content\/uploads\/2025\/07\/68bc203f-5f62-42e4-98c2-58b845155f68-683x10242-1.jpeg?resize=350%2C200&ssl=1","width":350,"height":200,"srcset":"https:\/\/i0.wp.com\/blogdafeira.com.br\/home\/wp-content\/uploads\/2025\/07\/68bc203f-5f62-42e4-98c2-58b845155f68-683x10242-1.jpeg?resize=350%2C200&ssl=1 1x, https:\/\/i0.wp.com\/blogdafeira.com.br\/home\/wp-content\/uploads\/2025\/07\/68bc203f-5f62-42e4-98c2-58b845155f68-683x10242-1.jpeg?resize=525%2C300&ssl=1 1.5x"},"classes":[]},{"id":27527,"url":"https:\/\/blogdafeira.com.br\/home\/2017\/07\/18\/prefeito-jose-falcao-quero-saber-e-quando-eu-vou-fazer-o-gol-por-adilson-simas\/","url_meta":{"origin":14285,"position":5},"title":"&#8216;Prefeito Jos\u00e9 Falc\u00e3o, quero saber \u00e9 quando eu vou fazer o gol&#8217;, por Adilson Simas","author":"Blog da Feira","date":"18\/07\/2017","format":false,"excerpt":"Rec\u00e9m-empossado, no come\u00e7o de 1973, antes mesmo de entrar no Gabinete para mais um dia de trabalho, o prefeito Jos\u00e9 Falc\u00e3o \u00e9 interrompido por um eleitor que diz estar precisando de uma ajuda da Prefeitura de Feira de Santana. Falc\u00e3o explica que qualquer ajuda passa pelo processo burocr\u00e1tico, dentro da\u2026","rel":"","context":"Em &quot;Home&quot;","block_context":{"text":"Home","link":"https:\/\/blogdafeira.com.br\/home\/categoria\/raiz\/"},"img":{"alt_text":"prefeito-jose-falcao-v","src":"https:\/\/i0.wp.com\/blogdafeira.com.br\/home\/wp-content\/uploads\/2017\/07\/PREFEITO-JOS%C3%89-FALC%C3%83O-V.jpg?resize=350%2C200","width":350,"height":200},"classes":[]}],"_links":{"self":[{"href":"https:\/\/blogdafeira.com.br\/home\/wp-json\/wp\/v2\/posts\/14285","targetHints":{"allow":["GET"]}}],"collection":[{"href":"https:\/\/blogdafeira.com.br\/home\/wp-json\/wp\/v2\/posts"}],"about":[{"href":"https:\/\/blogdafeira.com.br\/home\/wp-json\/wp\/v2\/types\/post"}],"author":[{"embeddable":true,"href":"https:\/\/blogdafeira.com.br\/home\/wp-json\/wp\/v2\/users\/1"}],"replies":[{"embeddable":true,"href":"https:\/\/blogdafeira.com.br\/home\/wp-json\/wp\/v2\/comments?post=14285"}],"version-history":[{"count":1,"href":"https:\/\/blogdafeira.com.br\/home\/wp-json\/wp\/v2\/posts\/14285\/revisions"}],"predecessor-version":[{"id":14286,"href":"https:\/\/blogdafeira.com.br\/home\/wp-json\/wp\/v2\/posts\/14285\/revisions\/14286"}],"wp:attachment":[{"href":"https:\/\/blogdafeira.com.br\/home\/wp-json\/wp\/v2\/media?parent=14285"}],"wp:term":[{"taxonomy":"category","embeddable":true,"href":"https:\/\/blogdafeira.com.br\/home\/wp-json\/wp\/v2\/categories?post=14285"},{"taxonomy":"post_tag","embeddable":true,"href":"https:\/\/blogdafeira.com.br\/home\/wp-json\/wp\/v2\/tags?post=14285"}],"curies":[{"name":"wp","href":"https:\/\/api.w.org\/{rel}","templated":true}]}}