{"id":14305,"date":"2015-03-26T10:43:07","date_gmt":"2015-03-26T13:43:07","guid":{"rendered":"http:\/\/blogdafeira.com.br\/home\/?p=14305"},"modified":"2015-03-26T10:43:07","modified_gmt":"2015-03-26T13:43:07","slug":"sindicato-dos-bancarios-de-feira-esta-colhendo-assinaturas-para-reforma-politica","status":"publish","type":"post","link":"https:\/\/blogdafeira.com.br\/home\/2015\/03\/26\/sindicato-dos-bancarios-de-feira-esta-colhendo-assinaturas-para-reforma-politica\/","title":{"rendered":"Sindicato dos Banc\u00e1rios de Feira est\u00e1 colhendo assinaturas para Reforma Pol\u00edtica"},"content":{"rendered":"<p><img loading=\"lazy\" decoding=\"async\" class=\"aligncenter size-full wp-image-14306\" src=\"http:\/\/blogdafeira.com.br\/home\/wp-content\/uploads\/2015\/03\/sindicato.jpg\" alt=\"sindicato\" width=\"720\" height=\"960\" srcset=\"https:\/\/blogdafeira.com.br\/home\/wp-content\/uploads\/2015\/03\/sindicato.jpg 720w, https:\/\/blogdafeira.com.br\/home\/wp-content\/uploads\/2015\/03\/sindicato-113x150.jpg 113w, https:\/\/blogdafeira.com.br\/home\/wp-content\/uploads\/2015\/03\/sindicato-225x300.jpg 225w\" sizes=\"auto, (max-width: 720px) 100vw, 720px\" \/><\/p>\n<div id=\"blogd-3074610367\" class=\"blogd-final-post blogd-entity-placement\"><a href=\"https:\/\/www.feiradesantana.ba.leg.br\/\" target=\"_blank\" aria-label=\"BANNER-SITE-ENTREGADECHEQUE-CAMARADEFEIRA\"><img loading=\"lazy\" decoding=\"async\" src=\"https:\/\/blogdafeira.com.br\/home\/wp-content\/uploads\/2026\/03\/BANNER-SITE-ENTREGADECHEQUE-CAMARADEFEIRA.gif\" alt=\"\"  class=\"no-lazyload\" width=\"728\" height=\"90\"   \/><\/a><\/div><div id=\"blogd-2373574611\" class=\"blogd-fim-do-post-mobile blogd-entity-placement\" style=\"margin-left: auto;margin-right: auto;text-align: center;\"><a href=\"https:\/\/www.sefaz.feiradesantana.ba.gov.br\/\" target=\"_blank\" aria-label=\"728&#215;90 (6)\"><img loading=\"lazy\" decoding=\"async\" src=\"https:\/\/blogdafeira.com.br\/home\/wp-content\/uploads\/2026\/03\/728x90-6.gif\" alt=\"\"  class=\"no-lazyload\" width=\"728\" height=\"90\"  style=\"display: inline-block;\" \/><\/a><\/div><p>O Sindicato dos Banc\u00e1rios de Feira de Santana est\u00e1 nas ruas da cidade colhendo assinaturas pelo projeto de Reforma Pol\u00edtica no pa\u00eds. A inten\u00e7\u00e3o \u00e9 colher mais de 1 milh\u00e3o de assinaturas em todo o Brasil. Diversas pessoas pararam na rua Conselheiro Franco para apoiar o movimento.<\/p><div id=\"blogd-140669009\" class=\"blogd-conteudo-2-mobile blogd-entity-placement\"><a href=\"https:\/\/feirenses.com.br\/\" target=\"_blank\" aria-label=\"feirenses\"><img loading=\"lazy\" decoding=\"async\" src=\"https:\/\/blogdafeira.com.br\/home\/wp-content\/uploads\/2026\/04\/feirenses.png\" alt=\"\"  srcset=\"https:\/\/blogdafeira.com.br\/home\/wp-content\/uploads\/2026\/04\/feirenses.png 300w, https:\/\/blogdafeira.com.br\/home\/wp-content\/uploads\/2026\/04\/feirenses-170x45.png 170w, https:\/\/blogdafeira.com.br\/home\/wp-content\/uploads\/2026\/04\/feirenses-280x74.png 280w\" sizes=\"(max-width: 300px) 100vw, 300px\" class=\"no-lazyload\" width=\"300\" height=\"79\"  style=\"display: inline-block;\" \/><\/a><\/div>\n","protected":false},"excerpt":{"rendered":"<p>O Sindicato dos Banc\u00e1rios de Feira de Santana est\u00e1 nas ruas da cidade colhendo assinaturas pelo projeto de Reforma Pol\u00edtica no pa\u00eds. A inten\u00e7\u00e3o \u00e9 colher mais de 1 milh\u00e3o de assinaturas em todo o Brasil. Diversas pessoas pararam na rua Conselheiro Franco para apoiar o movimento.<\/p>\n","protected":false},"author":1,"featured_media":0,"comment_status":"closed","ping_status":"closed","sticky":false,"template":"","format":"standard","meta":{"jetpack_post_was_ever_published":false,"cybocfi_hide_featured_image":"","_jetpack_newsletter_access":"","_jetpack_dont_email_post_to_subs":false,"_jetpack_newsletter_tier_id":0,"_jetpack_memberships_contains_paywalled_content":false,"_jetpack_memberships_contains_paid_content":false,"footnotes":"","jetpack_publicize_message":"","jetpack_publicize_feature_enabled":true,"jetpack_social_post_already_shared":true,"jetpack_social_options":{"image_generator_settings":{"template":"highway","default_image_id":0,"font":"","enabled":false},"version":2}},"categories":[1],"tags":[],"class_list":["post-14305","post","type-post","status-publish","format-standard","hentry","category-raiz"],"jetpack_publicize_connections":[],"jetpack_featured_media_url":"","jetpack_shortlink":"https:\/\/wp.me\/p3niVf-3IJ","jetpack_sharing_enabled":true,"jetpack-related-posts":[{"id":1861,"url":"https:\/\/blogdafeira.com.br\/home\/2013\/05\/23\/sindicato-dos-bancarios-de-feira-vai-ter-uma-mulher-na-presidencia\/","url_meta":{"origin":14305,"position":0},"title":"Sindicato dos Banc\u00e1rios de Feira vai ter uma mulher na presid\u00eancia","author":"Blog da Feira","date":"23\/05\/2013","format":false,"excerpt":"Quase 40 anos depois de realizar a primeira elei\u00e7\u00e3o para a Diretoria, em 1974, ap\u00f3s um ciclo de interventores colocados pela ditadura militar, o Sindicato dos Banc\u00e1rios de Feira de Santana vai ser presidido, pela segunda vez, \u00a0por uma banc\u00e1ria. Sandra Freitas, do banco Santander encabe\u00e7a a chapa \u00fanica \u00e0\u2026","rel":"","context":"Em &quot;Home&quot;","block_context":{"text":"Home","link":"https:\/\/blogdafeira.com.br\/home\/categoria\/raiz\/"},"img":{"alt_text":"sindicato dos banc\u00e1rios","src":"https:\/\/i0.wp.com\/blogdafeira.com.br\/home\/wp-content\/uploads\/2013\/05\/sindicato-dos-banc%C3%A1rios.jpg?resize=350%2C200","width":350,"height":200,"srcset":"https:\/\/i0.wp.com\/blogdafeira.com.br\/home\/wp-content\/uploads\/2013\/05\/sindicato-dos-banc%C3%A1rios.jpg?resize=350%2C200 1x, https:\/\/i0.wp.com\/blogdafeira.com.br\/home\/wp-content\/uploads\/2013\/05\/sindicato-dos-banc%C3%A1rios.jpg?resize=525%2C300 1.5x"},"classes":[]},{"id":1362,"url":"https:\/\/blogdafeira.com.br\/home\/2013\/05\/08\/ex-senador-marina-vem-a-feira-divulgar-criacao-do-partido-rede\/","url_meta":{"origin":14305,"position":1},"title":"Ex-senadora Marina vem a Feira divulgar cria\u00e7\u00e3o do partido Rede","author":"Blog da Feira","date":"08\/05\/2013","format":false,"excerpt":"A ex-senadora Marina\u00a0da Silva estar\u00e1 em Feira de Santana nesta sexta-feira, a convite da igreja Assembleia de Deus. Pela manh\u00e3 ela participa de atividade na igreja e \u00e0 tarde faz visitas institucionais e pol\u00edticas. Marina est\u00e1 colhendo assinaturas para a cria\u00e7\u00e3o oficial do partido da Rede Sustent\u00e1vel.","rel":"","context":"Em &quot;Home&quot;","block_context":{"text":"Home","link":"https:\/\/blogdafeira.com.br\/home\/categoria\/raiz\/"},"img":{"alt_text":"","src":"","width":0,"height":0},"classes":[]},{"id":1859,"url":"https:\/\/blogdafeira.com.br\/home\/2013\/05\/23\/continuismo-e-chapa-unica-tradicao-do-sindicalismo-bancario-em-feira\/","url_meta":{"origin":14305,"position":2},"title":"Continuismo e chapa \u00fanica: tradi\u00e7\u00e3o do sindicalismo banc\u00e1rio em Feira","author":"Blog da Feira","date":"23\/05\/2013","format":false,"excerpt":"Chapa \u00fanica e continu\u00edsmo \u00e9 um tradi\u00e7\u00e3o no sindicalismo banc\u00e1rio em Feira. De 1974 para c\u00e1 o Sindicato teve apenas 4 presidentes. Um deles, Eliezer Ferreira, presidiu o Sindicato por quase 30 anos, 16 deles ininterruptos. Tamb\u00e9m presidiram a entidade: Nei Rios (foto), Osvaldo Ventura e Edmilson Cerqueira.","rel":"","context":"Em &quot;Home&quot;","block_context":{"text":"Home","link":"https:\/\/blogdafeira.com.br\/home\/categoria\/raiz\/"},"img":{"alt_text":"nei","src":"https:\/\/i0.wp.com\/blogdafeira.com.br\/home\/wp-content\/uploads\/2013\/05\/nei.jpg?resize=350%2C200","width":350,"height":200},"classes":[]},{"id":17414,"url":"https:\/\/blogdafeira.com.br\/home\/2015\/10\/30\/reforma-no-judiciario-da-bahia-vai-tirar-penduricalhos-do-contra-cheque\/","url_meta":{"origin":14305,"position":3},"title":"Reforma no Judici\u00e1rio da Bahia vai tirar &#8216;penduricalhos&#8217; do contra-cheque","author":"Blog da Feira","date":"30\/10\/2015","format":false,"excerpt":"O presidente do Tribunal de Justi\u00e7a, desembargador Eserval Rocha, encaminhou, na tarde desta quinta-feira (29), \u00e0 Comiss\u00e3o de Reforma Judici\u00e1ria, Administrativa e Regimento Interno do tribunal, a proposta de anteprojeto de lei que modifica o padr\u00e3o remunerat\u00f3rio dos servidores das Carreiras do Poder Judici\u00e1rio para o subs\u00eddio. Pela proposta, o\u2026","rel":"","context":"Em &quot;Home&quot;","block_context":{"text":"Home","link":"https:\/\/blogdafeira.com.br\/home\/categoria\/raiz\/"},"img":{"alt_text":"eserval","src":"https:\/\/i0.wp.com\/blogdafeira.com.br\/home\/wp-content\/uploads\/2015\/10\/eserval.jpg?resize=350%2C200","width":350,"height":200},"classes":[]},{"id":1445,"url":"https:\/\/blogdafeira.com.br\/home\/2013\/05\/10\/marina-silva-diz-em-feira-que-a-politica-do-pais-esta-estagnada\/","url_meta":{"origin":14305,"position":4},"title":"Marina Silva diz em Feira que a pol\u00edtica do pa\u00eds est\u00e1 estagnada","author":"Blog da Feira","date":"10\/05\/2013","format":false,"excerpt":"A ex-senadora Marina Silva, em visita esta tarde a Feira de Santana, disse que a proposta do partido que est\u00e1 fundando, Rede, \u00e9 o de atualizar o processo pol\u00edtico brasileiro que segundo ela est\u00e1 'estagnado'. - J\u00e1 n\u00e3o se discutem mais propostas, mas o poder pelo poder, o dinheiro pelo\u2026","rel":"","context":"Em &quot;Cidade&quot;","block_context":{"text":"Cidade","link":"https:\/\/blogdafeira.com.br\/home\/categoria\/cidade\/"},"img":{"alt_text":"DSC06930","src":"https:\/\/i0.wp.com\/blogdafeira.com.br\/home\/wp-content\/uploads\/2013\/05\/DSC06930.jpg?resize=350%2C200","width":350,"height":200,"srcset":"https:\/\/i0.wp.com\/blogdafeira.com.br\/home\/wp-content\/uploads\/2013\/05\/DSC06930.jpg?resize=350%2C200 1x, https:\/\/i0.wp.com\/blogdafeira.com.br\/home\/wp-content\/uploads\/2013\/05\/DSC06930.jpg?resize=525%2C300 1.5x"},"classes":[]},{"id":5799,"url":"https:\/\/blogdafeira.com.br\/home\/2013\/10\/29\/empresa-tem-180-dias-para-realizar-reforma-no-mercado-de-arte-em-feira\/","url_meta":{"origin":14305,"position":5},"title":"Empresa tem 180 dias para realizar reforma no Mercado de Arte em Feira","author":"Blog da Feira","date":"29\/10\/2013","format":false,"excerpt":"A empresa\u00a0Construtora Vasco Marinho Ltda, respons\u00e1vel pela reforma e recupera\u00e7\u00e3o das instala\u00e7\u00f5es f\u00edsicas do Mercado de Arte Popular tem 180 dias, a contar da data da assinatura do contrato, para concluir as obras. Adotando o crit\u00e9rio de menor pre\u00e7o, a empresa venceu a licita\u00e7\u00e3o ocorrida na semana passada. O valor\u2026","rel":"","context":"Em &quot;Home&quot;","block_context":{"text":"Home","link":"https:\/\/blogdafeira.com.br\/home\/categoria\/raiz\/"},"img":{"alt_text":"","src":"","width":0,"height":0},"classes":[]}],"_links":{"self":[{"href":"https:\/\/blogdafeira.com.br\/home\/wp-json\/wp\/v2\/posts\/14305","targetHints":{"allow":["GET"]}}],"collection":[{"href":"https:\/\/blogdafeira.com.br\/home\/wp-json\/wp\/v2\/posts"}],"about":[{"href":"https:\/\/blogdafeira.com.br\/home\/wp-json\/wp\/v2\/types\/post"}],"author":[{"embeddable":true,"href":"https:\/\/blogdafeira.com.br\/home\/wp-json\/wp\/v2\/users\/1"}],"replies":[{"embeddable":true,"href":"https:\/\/blogdafeira.com.br\/home\/wp-json\/wp\/v2\/comments?post=14305"}],"version-history":[{"count":1,"href":"https:\/\/blogdafeira.com.br\/home\/wp-json\/wp\/v2\/posts\/14305\/revisions"}],"predecessor-version":[{"id":14307,"href":"https:\/\/blogdafeira.com.br\/home\/wp-json\/wp\/v2\/posts\/14305\/revisions\/14307"}],"wp:attachment":[{"href":"https:\/\/blogdafeira.com.br\/home\/wp-json\/wp\/v2\/media?parent=14305"}],"wp:term":[{"taxonomy":"category","embeddable":true,"href":"https:\/\/blogdafeira.com.br\/home\/wp-json\/wp\/v2\/categories?post=14305"},{"taxonomy":"post_tag","embeddable":true,"href":"https:\/\/blogdafeira.com.br\/home\/wp-json\/wp\/v2\/tags?post=14305"}],"curies":[{"name":"wp","href":"https:\/\/api.w.org\/{rel}","templated":true}]}}