{"id":14310,"date":"2015-03-26T11:04:58","date_gmt":"2015-03-26T14:04:58","guid":{"rendered":"http:\/\/blogdafeira.com.br\/home\/?p=14310"},"modified":"2015-03-26T11:08:41","modified_gmt":"2015-03-26T14:08:41","slug":"lineia-fernandes-ministra-curso-promovido-pela-embasa-em-feira-de-santana","status":"publish","type":"post","link":"https:\/\/blogdafeira.com.br\/home\/2015\/03\/26\/lineia-fernandes-ministra-curso-promovido-pela-embasa-em-feira-de-santana\/","title":{"rendered":"Lineia Fernandes ministra curso promovido pela Embasa em Feira de Santana"},"content":{"rendered":"<div id=\"blogd-1356784481\" class=\"blogd-fim-do-post-mobile blogd-entity-placement\" style=\"margin-left: auto;margin-right: auto;text-align: center;\"><a href=\"https:\/\/www.sefaz.feiradesantana.ba.gov.br\/\" target=\"_blank\" aria-label=\"728&#215;90 (6)\"><img loading=\"lazy\" decoding=\"async\" src=\"https:\/\/blogdafeira.com.br\/home\/wp-content\/uploads\/2026\/03\/728x90-6.gif\" alt=\"\"  class=\"no-lazyload\" width=\"728\" height=\"90\"  style=\"display: inline-block;\" \/><\/a><\/div><p><img loading=\"lazy\" decoding=\"async\" class=\"aligncenter size-full wp-image-14314\" src=\"http:\/\/blogdafeira.com.br\/home\/wp-content\/uploads\/2015\/03\/uuuuuu.jpg\" alt=\"uuuuuu\" width=\"640\" height=\"473\" srcset=\"https:\/\/blogdafeira.com.br\/home\/wp-content\/uploads\/2015\/03\/uuuuuu.jpg 640w, https:\/\/blogdafeira.com.br\/home\/wp-content\/uploads\/2015\/03\/uuuuuu-170x126.jpg 170w, https:\/\/blogdafeira.com.br\/home\/wp-content\/uploads\/2015\/03\/uuuuuu-346x256.jpg 346w\" sizes=\"auto, (max-width: 640px) 100vw, 640px\" \/>Est\u00e1 acontecendo desde ontem (25) um mini-curso sobre Educomunica\u00e7\u00e3o em Feira de Santana, promovido pela Empresa Baiana de \u00c1guas e Saneamento (Embasa), com a participa\u00e7\u00e3o de 20 pessoas, entre lideran\u00e7as comunit\u00e1rias, membros de associa\u00e7\u00f5es de bairros, agentes de sa\u00fade e professores.<\/p><div id=\"blogd-4106300159\" class=\"blogd-conteudo-2-mobile blogd-entity-placement\"><a href=\"https:\/\/feirenses.com.br\/\" target=\"_blank\" aria-label=\"feirenses\"><img loading=\"lazy\" decoding=\"async\" src=\"https:\/\/blogdafeira.com.br\/home\/wp-content\/uploads\/2026\/04\/feirenses.png\" alt=\"\"  srcset=\"https:\/\/blogdafeira.com.br\/home\/wp-content\/uploads\/2026\/04\/feirenses.png 300w, https:\/\/blogdafeira.com.br\/home\/wp-content\/uploads\/2026\/04\/feirenses-170x45.png 170w, https:\/\/blogdafeira.com.br\/home\/wp-content\/uploads\/2026\/04\/feirenses-280x74.png 280w\" sizes=\"(max-width: 300px) 100vw, 300px\" class=\"no-lazyload\" width=\"300\" height=\"79\"  style=\"display: inline-block;\" \/><\/a><\/div>\n<p>O mini-curso faz parte do componente social da obra de implanta\u00e7\u00e3o do Centro de Reserva\u00e7\u00e3o Norte, empreendimento que vai ampliar a oferta de \u00e1gua e melhorar a distribui\u00e7\u00e3o na \u00e1rea norte do munic\u00edpio, com um investimento de R$ 48 milh\u00f5es.<\/p>\n<div id=\"blogd-3308185615\" class=\"blogd-final-post blogd-entity-placement\"><a href=\"https:\/\/www.feiradesantana.ba.leg.br\/\" target=\"_blank\" aria-label=\"BANNER-SITE-ENTREGADECHEQUE-CAMARADEFEIRA\"><img loading=\"lazy\" decoding=\"async\" src=\"https:\/\/blogdafeira.com.br\/home\/wp-content\/uploads\/2026\/03\/BANNER-SITE-ENTREGADECHEQUE-CAMARADEFEIRA.gif\" alt=\"\"  class=\"no-lazyload\" width=\"728\" height=\"90\"   \/><\/a><\/div><p>Ministrado pela jornalista\u00a0Lineia Fernandes, a atividade est\u00e1 sendo realizada na\u00a0Escola Municipal Antonio Gon\u00e7alves Dias, no Parque Ip\u00ea.\u00a0\u00a0Entre\u00a0os temas abordados est\u00e3o os ve\u00edculos de comunica\u00e7\u00e3o (TV, r\u00e1dio, jornal, internet) como meios de express\u00e3o; os avan\u00e7os dos meios de comunica\u00e7\u00e3o e tecnologia da informa\u00e7\u00e3o; media\u00e7\u00f5es tecnol\u00f3gicas no processo educativo, entre outros.<\/p>\n","protected":false},"excerpt":{"rendered":"<p>Est\u00e1 acontecendo desde ontem (25) um mini-curso sobre Educomunica\u00e7\u00e3o em Feira de Santana, promovido pela Empresa Baiana de \u00c1guas e Saneamento (Embasa), com a participa\u00e7\u00e3o de 20 pessoas, entre lideran\u00e7as comunit\u00e1rias, membros de associa\u00e7\u00f5es de bairros, agentes de sa\u00fade e professores. O mini-curso faz parte do componente social da obra de implanta\u00e7\u00e3o do Centro de<\/p>\n","protected":false},"author":1,"featured_media":0,"comment_status":"closed","ping_status":"closed","sticky":false,"template":"","format":"standard","meta":{"jetpack_post_was_ever_published":false,"cybocfi_hide_featured_image":"","_jetpack_newsletter_access":"","_jetpack_dont_email_post_to_subs":false,"_jetpack_newsletter_tier_id":0,"_jetpack_memberships_contains_paywalled_content":false,"_jetpack_memberships_contains_paid_content":false,"footnotes":"","jetpack_publicize_message":"","jetpack_publicize_feature_enabled":true,"jetpack_social_post_already_shared":true,"jetpack_social_options":{"image_generator_settings":{"template":"highway","default_image_id":0,"font":"","enabled":false},"version":2}},"categories":[1],"tags":[],"class_list":["post-14310","post","type-post","status-publish","format-standard","hentry","category-raiz"],"jetpack_publicize_connections":[],"jetpack_featured_media_url":"","jetpack_shortlink":"https:\/\/wp.me\/p3niVf-3IO","jetpack_sharing_enabled":true,"jetpack-related-posts":[{"id":29283,"url":"https:\/\/blogdafeira.com.br\/home\/2018\/03\/19\/embasa-monta-uma-mini-estacao-de-tratamento-de-agua-no-shopping-boulevard\/","url_meta":{"origin":14310,"position":0},"title":"Embasa monta uma mini esta\u00e7\u00e3o de tratamento de \u00e1gua no shopping Boulevard","author":"Blog da Feira","date":"19\/03\/2018","format":false,"excerpt":"Nestaquarta e quinta-feira\u00a0 a Empresa Baiana de \u00c1guas e Saneamento \u2013 Embasa vai promover uma exposi\u00e7\u00e3o em homenagem ao Dia Mundial da \u00c1gua no Shopping Boulevard. O estande da \u201cEsta\u00e7\u00e3o DMA Embasa\u201d ser\u00e1 aberto ao p\u00fablico em geral, especialmente estudantes, trazendo uma programa\u00e7\u00e3o especial para Feira de Santana. Com car\u00e1ter\u2026","rel":"","context":"Em &quot;Home&quot;","block_context":{"text":"Home","link":"https:\/\/blogdafeira.com.br\/home\/categoria\/raiz\/"},"img":{"alt_text":"","src":"https:\/\/i0.wp.com\/blogdafeira.com.br\/home\/wp-content\/uploads\/2018\/03\/images-15.jpeg?resize=350%2C200","width":350,"height":200},"classes":[]},{"id":69340,"url":"https:\/\/blogdafeira.com.br\/home\/2025\/09\/01\/alunos-do-odorico-tavares-querem-sair-do-discurso-para-a-acao-ambientalista-e-tem-ajuda-da-embasa\/","url_meta":{"origin":14310,"position":1},"title":"Alunos do Odorico Tavares querem sair do &#8220;Discurso para a a\u00e7\u00e3o&#8221; ambientalista e t\u00eam ajuda da Embasa","author":"Blog da Feira","date":"01\/09\/2025","format":false,"excerpt":"A equipe socioambiental da Embasa em Feira de Santana montou um estande na 1\u00aa Mostra de Sustentabilidade do Col\u00e9gio Estadual Odorico Tavares, com mini esta\u00e7\u00e3o de tratamento de \u00e1gua, apresenta\u00e7\u00e3o do trabalho do Viveiro Educador, com jogos educativos e doa\u00e7\u00e3o de mudas de plantas nativas Com o tema \"Do Discurso\u2026","rel":"","context":"Em &quot;Cidade&quot;","block_context":{"text":"Cidade","link":"https:\/\/blogdafeira.com.br\/home\/categoria\/cidade\/"},"img":{"alt_text":"","src":"https:\/\/i0.wp.com\/blogdafeira.com.br\/home\/wp-content\/uploads\/2025\/09\/IMG-20250819-WA0114.jpg?resize=350%2C200&ssl=1","width":350,"height":200,"srcset":"https:\/\/i0.wp.com\/blogdafeira.com.br\/home\/wp-content\/uploads\/2025\/09\/IMG-20250819-WA0114.jpg?resize=350%2C200&ssl=1 1x, https:\/\/i0.wp.com\/blogdafeira.com.br\/home\/wp-content\/uploads\/2025\/09\/IMG-20250819-WA0114.jpg?resize=525%2C300&ssl=1 1.5x, https:\/\/i0.wp.com\/blogdafeira.com.br\/home\/wp-content\/uploads\/2025\/09\/IMG-20250819-WA0114.jpg?resize=700%2C400&ssl=1 2x"},"classes":[]},{"id":3215,"url":"https:\/\/blogdafeira.com.br\/home\/2013\/07\/03\/economize-agua-abastecimento-da-embasa-esta-incerto-em-feira\/","url_meta":{"origin":14310,"position":2},"title":"Economize \u00e1gua: abastecimento da Embasa est\u00e1 incerto em Feira","author":"Blog da Feira","date":"03\/07\/2013","format":false,"excerpt":"A previs\u00e3o era de que o abastecimento estivesse normalizado nesta quarta-feira mas \u00a0foi necess\u00e1rio o prolongamento do prazo\u00a0inicialmente previsto para \u00a0a retomada do servi\u00e7o de abastecimento de \u00e1gua nos munic\u00edpios de\u00a0Feira\u00a0de\u00a0Santana, Concei\u00e7\u00e3o da\u00a0Feira, S\u00e3o Gon\u00e7alo, Santa B\u00e1rbara,\u00a0Tanquinho\u00a0e Santan\u00f3polis Equipes da Embasa trabalham para corre\u00e7\u00e3o de um vazamento em rede adutora\u2026","rel":"","context":"Em &quot;Cidade&quot;","block_context":{"text":"Cidade","link":"https:\/\/blogdafeira.com.br\/home\/categoria\/cidade\/"},"img":{"alt_text":"","src":"","width":0,"height":0},"classes":[]},{"id":10795,"url":"https:\/\/blogdafeira.com.br\/home\/2014\/06\/05\/embasa-aumenta-conta-de-agua-na-sexta-e-pedala-no-domingo\/","url_meta":{"origin":14310,"position":3},"title":"Embasa aumenta conta de \u00e1gua na sexta e pedala no domingo","author":"Blog da Feira","date":"05\/06\/2014","format":false,"excerpt":"A Empresa Baiana de \u00c1guas e Saneamento (Embasa) reajusta em 7,8% a conta de \u00e1gua, a partir desta sexta-feira, 6. O aumento foi autorizado pela Ag\u00eancia Reguladora de Saneamento B\u00e1sico do Estado da Bahia (Agersa) por meio da Resolu\u00e7\u00e3o n\u00ba 002 de 2014, publicada no Di\u00e1rio Oficial do Estado no\u2026","rel":"","context":"Em &quot;Home&quot;","block_context":{"text":"Home","link":"https:\/\/blogdafeira.com.br\/home\/categoria\/raiz\/"},"img":{"alt_text":"","src":"","width":0,"height":0},"classes":[]},{"id":66999,"url":"https:\/\/blogdafeira.com.br\/home\/2025\/04\/30\/embasa-oferta-agua-potavel-e-gelada-no-circuito-da-micareta-veja-os-locais-de-hidratacao\/","url_meta":{"origin":14310,"position":4},"title":"Embasa oferta \u00e1gua pot\u00e1vel e gelada no circuito da Micareta; veja os locais de hidrata\u00e7\u00e3o","author":"Blog da Feira","date":"30\/04\/2025","format":false,"excerpt":"Com a estrutura montada e aguardando o in\u00edcio da folia, os foli\u00f5es da Micareta de Feira de Santana n\u00e3o precisam se preocupar com a sede: a Embasa vai oferecer hidrata\u00e7\u00e3o gratuita, pot\u00e1vel e gelada durante os quatro dias de festa, de 1\u00ba a 4 de maio. Dois pontos estrat\u00e9gicos est\u00e3o\u2026","rel":"","context":"Em &quot;Geral&quot;","block_context":{"text":"Geral","link":"https:\/\/blogdafeira.com.br\/home\/categoria\/geral\/"},"img":{"alt_text":"","src":"https:\/\/i0.wp.com\/blogdafeira.com.br\/home\/wp-content\/uploads\/2025\/04\/IMG-20250430-WA01041.jpg?resize=350%2C200&ssl=1","width":350,"height":200,"srcset":"https:\/\/i0.wp.com\/blogdafeira.com.br\/home\/wp-content\/uploads\/2025\/04\/IMG-20250430-WA01041.jpg?resize=350%2C200&ssl=1 1x, https:\/\/i0.wp.com\/blogdafeira.com.br\/home\/wp-content\/uploads\/2025\/04\/IMG-20250430-WA01041.jpg?resize=525%2C300&ssl=1 1.5x, https:\/\/i0.wp.com\/blogdafeira.com.br\/home\/wp-content\/uploads\/2025\/04\/IMG-20250430-WA01041.jpg?resize=700%2C400&ssl=1 2x"},"classes":[]},{"id":45816,"url":"https:\/\/blogdafeira.com.br\/home\/2021\/06\/14\/bairros-em-feira-ficam-sem-agua-nesta-terca-feiraveja-quais\/","url_meta":{"origin":14310,"position":5},"title":"Bairros em Feira ficam sem \u00e1gua nesta ter\u00e7a-feira;veja quais","author":"Blog da Feira","date":"14\/06\/2021","format":false,"excerpt":"A Embasa informa que ser\u00e1 preciso suspender o abastecimento de \u00e1gua no pr\u00f3ximo dia 15, a partir da 7h, em algumas bairros de Feira de Santana, para o entroncamento de novas rede distribuidoras. Os servi\u00e7os, que ocorrer\u00e3o em duas regi\u00f5es diferentes da cidade, tem como objetivos promover melhorias no abastecimento\u2026","rel":"","context":"Em &quot;Cidade&quot;","block_context":{"text":"Cidade","link":"https:\/\/blogdafeira.com.br\/home\/categoria\/cidade\/"},"img":{"alt_text":"","src":"https:\/\/i0.wp.com\/blogdafeira.com.br\/home\/wp-content\/uploads\/2021\/06\/images-15.jpeg?resize=350%2C200&ssl=1","width":350,"height":200},"classes":[]}],"_links":{"self":[{"href":"https:\/\/blogdafeira.com.br\/home\/wp-json\/wp\/v2\/posts\/14310","targetHints":{"allow":["GET"]}}],"collection":[{"href":"https:\/\/blogdafeira.com.br\/home\/wp-json\/wp\/v2\/posts"}],"about":[{"href":"https:\/\/blogdafeira.com.br\/home\/wp-json\/wp\/v2\/types\/post"}],"author":[{"embeddable":true,"href":"https:\/\/blogdafeira.com.br\/home\/wp-json\/wp\/v2\/users\/1"}],"replies":[{"embeddable":true,"href":"https:\/\/blogdafeira.com.br\/home\/wp-json\/wp\/v2\/comments?post=14310"}],"version-history":[{"count":2,"href":"https:\/\/blogdafeira.com.br\/home\/wp-json\/wp\/v2\/posts\/14310\/revisions"}],"predecessor-version":[{"id":14315,"href":"https:\/\/blogdafeira.com.br\/home\/wp-json\/wp\/v2\/posts\/14310\/revisions\/14315"}],"wp:attachment":[{"href":"https:\/\/blogdafeira.com.br\/home\/wp-json\/wp\/v2\/media?parent=14310"}],"wp:term":[{"taxonomy":"category","embeddable":true,"href":"https:\/\/blogdafeira.com.br\/home\/wp-json\/wp\/v2\/categories?post=14310"},{"taxonomy":"post_tag","embeddable":true,"href":"https:\/\/blogdafeira.com.br\/home\/wp-json\/wp\/v2\/tags?post=14310"}],"curies":[{"name":"wp","href":"https:\/\/api.w.org\/{rel}","templated":true}]}}