{"id":14325,"date":"2015-03-27T10:37:36","date_gmt":"2015-03-27T13:37:36","guid":{"rendered":"http:\/\/blogdafeira.com.br\/home\/?p=14325"},"modified":"2015-03-27T10:37:36","modified_gmt":"2015-03-27T13:37:36","slug":"tj-da-bahia-realiza-selecao-publica-para-juiz-leigo-e-conciliador","status":"publish","type":"post","link":"https:\/\/blogdafeira.com.br\/home\/2015\/03\/27\/tj-da-bahia-realiza-selecao-publica-para-juiz-leigo-e-conciliador\/","title":{"rendered":"TJ da Bahia realiza sele\u00e7\u00e3o p\u00fablica para juiz leigo e conciliador"},"content":{"rendered":"<p style=\"color: #000000; font-family: arial, helvetica, sans-serif; font-size: 17.1818180084229px; font-style: normal; line-height: normal; widows: auto;\">\n<div id=\"blogd-1971301116\" class=\"blogd-fim-do-post-mobile blogd-entity-placement\" style=\"margin-left: auto;margin-right: auto;text-align: center;\"><a href=\"https:\/\/www.sefaz.feiradesantana.ba.gov.br\/\" target=\"_blank\" aria-label=\"728&#215;90 (6)\"><img loading=\"lazy\" decoding=\"async\" src=\"https:\/\/blogdafeira.com.br\/home\/wp-content\/uploads\/2026\/03\/728x90-6.gif\" alt=\"\"  class=\"no-lazyload\" width=\"728\" height=\"90\"  style=\"display: inline-block;\" \/><\/a><\/div><p style=\"color: #000000; font-family: arial, helvetica, sans-serif; font-size: 17.1818180084229px; font-style: normal; line-height: normal; widows: auto;\">O Tribunal de Justi\u00e7a do Estado da Bahia realiza neste domingo (29), as provas objetivas para sele\u00e7\u00e3o p\u00fablica visando preencher 1.251 vagas de juiz leigo e conciliador.<\/p>\n<p style=\"color: #000000; font-family: arial, helvetica, sans-serif; font-size: 17.1818180084229px; font-style: normal; line-height: normal; widows: auto;\"><a href=\"http:\/\/www.consultec.com.br\/inscbd\/2005insc\/main_concurso.php?id_concurso=822215\" target=\"_blank\"><strong>Veja aqui<\/strong><\/a>\u00a0o local de prova para juiz leigo.<\/p><div id=\"blogd-4073258511\" class=\"blogd-conteudo-2-mobile blogd-entity-placement\"><a href=\"https:\/\/feirenses.com.br\/\" target=\"_blank\" aria-label=\"feirenses\"><img loading=\"lazy\" decoding=\"async\" src=\"https:\/\/blogdafeira.com.br\/home\/wp-content\/uploads\/2026\/04\/feirenses.png\" alt=\"\"  srcset=\"https:\/\/blogdafeira.com.br\/home\/wp-content\/uploads\/2026\/04\/feirenses.png 300w, https:\/\/blogdafeira.com.br\/home\/wp-content\/uploads\/2026\/04\/feirenses-170x45.png 170w, https:\/\/blogdafeira.com.br\/home\/wp-content\/uploads\/2026\/04\/feirenses-280x74.png 280w\" sizes=\"(max-width: 300px) 100vw, 300px\" class=\"no-lazyload\" width=\"300\" height=\"79\"  style=\"display: inline-block;\" \/><\/a><\/div>\n<p style=\"color: #000000; font-family: arial, helvetica, sans-serif; font-size: 17.1818180084229px; font-style: normal; line-height: normal; widows: auto;\"><a href=\"http:\/\/www.consultec.com.br\/inscbd\/2005insc\/main_concurso.php?id_concurso=822216\" target=\"_blank\"><strong>Veja aqui<\/strong><\/a>\u00a0o local de prova para conciliador.<\/p>\n<p style=\"color: #000000; font-family: arial, helvetica, sans-serif; font-size: 17.1818180084229px; font-style: normal; line-height: normal; widows: auto;\">S\u00e3o 753 vagas para conciliador e outras 498 de juiz leigo, com forma\u00e7\u00e3o de cadastro reserva. O exerc\u00edcio das fun\u00e7\u00f5es de conciliador e juiz leigo n\u00e3o ter\u00e1 v\u00ednculo empregat\u00edcio ou estatut\u00e1rio e ser\u00e1 tempor\u00e1rio.<\/p>\n<p style=\"color: #000000; font-family: arial, helvetica, sans-serif; font-size: 17.1818180084229px; font-style: normal; line-height: normal; widows: auto;\">A realiza\u00e7\u00e3o da sele\u00e7\u00e3o p\u00fablica antecipa-se aos efeitos do C\u00f3digo Processual Civil (CPC), que j\u00e1 foi sancionado pela presidente Dilma Rousseff, e entrar\u00e1 em vigor em mar\u00e7o de 2016. O c\u00f3digo vai favorecer as a\u00e7\u00f5es de concilia\u00e7\u00e3o.<\/p>\n<p style=\"color: #000000; font-family: arial, helvetica, sans-serif; font-size: 17.1818180084229px; font-style: normal; line-height: normal; widows: auto;\">A ju\u00edza Luciana Set\u00fabal, coordenadora de Juizados Especiais, ressaltou que o novo c\u00f3digo introduz a audi\u00eancia de concilia\u00e7\u00e3o, a ser realizada pelo conciliador, como ato inicial em todo processo.<\/p>\n<p style=\"color: #000000; font-family: arial, helvetica, sans-serif; font-size: 17.1818180084229px; font-style: normal; line-height: normal; widows: auto;\">A magistrada acrescentou que a sele\u00e7\u00e3o visa \u00e0 consolida\u00e7\u00e3o de uma pol\u00edtica de incentivo \u00e0 preven\u00e7\u00e3o e solu\u00e7\u00e3o de lit\u00edgios atrav\u00e9s da concilia\u00e7\u00e3o e media\u00e7\u00e3o, reduzindo assim, a excessiva judicializa\u00e7\u00e3o dos conflitos.<\/p>\n<p style=\"color: #000000; font-family: arial, helvetica, sans-serif; font-size: 17.1818180084229px; font-style: normal; line-height: normal; widows: auto;\"><strong>Produtividade<\/strong><br \/>\n<span style=\"font-size: 12pt;\">Os contratados ser\u00e3o remunerados por produtividade. O valor m\u00e1ximo mensal a ser pago ao conciliador \u00e9 de R$3.091,26, enquanto a remunera\u00e7\u00e3o dos ju\u00edzes leigos n\u00e3o poder\u00e1 ultrapassar R$ 8.558,52.<\/span><\/p>\n<p style=\"color: #000000; font-family: arial, helvetica, sans-serif; font-size: 17.1818180084229px; font-style: normal; line-height: normal; widows: auto;\">Cada concilia\u00e7\u00e3o realizada, R$35. Caso n\u00e3o se chegue a um acordo entre as partes, o valor cai pela metade: R$ 17,50. A jornada de trabalho \u00e9 de 30 horas semanais.<\/p>\n<p style=\"color: #000000; font-family: arial, helvetica, sans-serif; font-size: 17.1818180084229px; font-style: normal; line-height: normal; widows: auto;\">O m\u00e9todo de remunera\u00e7\u00e3o por produtividade estimula os trabalhadores a buscar os melhores resultados na presta\u00e7\u00e3o jurisdicional ao cidad\u00e3o, em vez do antigo modelo da estabilidade.<\/p>\n<div id=\"blogd-2558846586\" class=\"blogd-final-post blogd-entity-placement\"><a href=\"https:\/\/www.feiradesantana.ba.leg.br\/\" target=\"_blank\" aria-label=\"BANNER-SITE-ENTREGADECHEQUE-CAMARADEFEIRA\"><img loading=\"lazy\" decoding=\"async\" src=\"https:\/\/blogdafeira.com.br\/home\/wp-content\/uploads\/2026\/03\/BANNER-SITE-ENTREGADECHEQUE-CAMARADEFEIRA.gif\" alt=\"\"  class=\"no-lazyload\" width=\"728\" height=\"90\"   \/><\/a><\/div><p style=\"color: #000000; font-family: arial, helvetica, sans-serif; font-size: 17.1818180084229px; font-style: normal; line-height: normal; widows: auto;\">Respons\u00e1vel por construir a senten\u00e7a, o juiz leigo vai acompanhar a audi\u00eancia de instru\u00e7\u00e3o, quando as partes apresentam provas e considera\u00e7\u00f5es sobre o processo. Ao juiz togado caber\u00e1 homologar o acordo.<\/p>\n","protected":false},"excerpt":{"rendered":"<p>O Tribunal de Justi\u00e7a do Estado da Bahia realiza neste domingo (29), as provas objetivas para sele\u00e7\u00e3o p\u00fablica visando preencher 1.251 vagas de juiz leigo e conciliador. Veja aqui\u00a0o local de prova para juiz leigo. Veja aqui\u00a0o local de prova para conciliador. S\u00e3o 753 vagas para conciliador e outras 498 de juiz leigo, com forma\u00e7\u00e3o<\/p>\n","protected":false},"author":1,"featured_media":0,"comment_status":"closed","ping_status":"closed","sticky":false,"template":"","format":"standard","meta":{"jetpack_post_was_ever_published":false,"cybocfi_hide_featured_image":"","_jetpack_newsletter_access":"","_jetpack_dont_email_post_to_subs":false,"_jetpack_newsletter_tier_id":0,"_jetpack_memberships_contains_paywalled_content":false,"_jetpack_memberships_contains_paid_content":false,"footnotes":"","jetpack_publicize_message":"","jetpack_publicize_feature_enabled":true,"jetpack_social_post_already_shared":true,"jetpack_social_options":{"image_generator_settings":{"template":"highway","default_image_id":0,"font":"","enabled":false},"version":2}},"categories":[1],"tags":[],"class_list":["post-14325","post","type-post","status-publish","format-standard","hentry","category-raiz"],"jetpack_publicize_connections":[],"jetpack_featured_media_url":"","jetpack_shortlink":"https:\/\/wp.me\/p3niVf-3J3","jetpack_sharing_enabled":true,"jetpack-related-posts":[{"id":25923,"url":"https:\/\/blogdafeira.com.br\/home\/2017\/03\/02\/justica-federal-em-feira-de-santana-abre-selecao-para-contratar-conciliadores\/","url_meta":{"origin":14325,"position":0},"title":"Justi\u00e7a Federal em Feira de Santana abre sele\u00e7\u00e3o para contratar conciliadores","author":"Blog da Feira","date":"02\/03\/2017","format":false,"excerpt":"A Justi\u00e7a Federal em Feira de Santana abriu inscri\u00e7\u00e3o para sele\u00e7\u00e3o simplificada de conciliadores para atua\u00e7\u00e3o junto aos Juizados Especiais Federais. As inscri\u00e7\u00f5es v\u00e3o at\u00e9 o pr\u00f3ximo dia 10 e devem ser feitas na sede da Justi\u00e7a Federal, na rua Turquia, bairro do Ponto Central. Bachar\u00e9is em Direito ou Acad\u00eamicos\u2026","rel":"","context":"Em &quot;Home&quot;","block_context":{"text":"Home","link":"https:\/\/blogdafeira.com.br\/home\/categoria\/raiz\/"},"img":{"alt_text":"justica","src":"https:\/\/i0.wp.com\/blogdafeira.com.br\/home\/wp-content\/uploads\/2017\/03\/justica.jpg?resize=350%2C200","width":350,"height":200},"classes":[]},{"id":51407,"url":"https:\/\/blogdafeira.com.br\/home\/2022\/03\/22\/oab-faz-reuniao-com-juizado-em-feira-e-orienta-advogados\/","url_meta":{"origin":14325,"position":1},"title":"OAB faz reuni\u00e3o com Juizado em Feira e orienta advogados","author":"Blog da Feira","date":"22\/03\/2022","format":false,"excerpt":"Tratar sobre a grande quantidade de processos conclusos para despacho e decis\u00f5es, os arquivamentos dos processos antes da assinatura efetiva dos alvar\u00e1s, as dificuldades enfrentadas nos atendimentos virtuais e os valores das condena\u00e7\u00f5es \u00e0 t\u00edtulo de indeniza\u00e7\u00f5es por danos morais. Esse foi o objetivo da reuni\u00e3o ocorrida na \u00faltima sexta\u2026","rel":"","context":"Em &quot;Cidade&quot;","block_context":{"text":"Cidade","link":"https:\/\/blogdafeira.com.br\/home\/categoria\/cidade\/"},"img":{"alt_text":"","src":"https:\/\/i0.wp.com\/blogdafeira.com.br\/home\/wp-content\/uploads\/2022\/03\/IMG-20220308-WA00133.jpg?resize=350%2C200&ssl=1","width":350,"height":200,"srcset":"https:\/\/i0.wp.com\/blogdafeira.com.br\/home\/wp-content\/uploads\/2022\/03\/IMG-20220308-WA00133.jpg?resize=350%2C200&ssl=1 1x, https:\/\/i0.wp.com\/blogdafeira.com.br\/home\/wp-content\/uploads\/2022\/03\/IMG-20220308-WA00133.jpg?resize=525%2C300&ssl=1 1.5x"},"classes":[]},{"id":9083,"url":"https:\/\/blogdafeira.com.br\/home\/2014\/02\/12\/conciliacao-das-varas-de-familia-em-feira-esta-sem-juiz-ha-15-dias\/","url_meta":{"origin":14325,"position":2},"title":"Concilia\u00e7\u00e3o das Varas de Fam\u00edlia em Feira est\u00e1 sem juiz h\u00e1 15 dias","author":"Blog da Feira","date":"12\/02\/2014","format":false,"excerpt":"O N\u00facleo de Concilia\u00e7\u00e3o das Varas de Fam\u00edlia (1\u00aa, 2\u00aa e 3\u00aa) \u00a0em Feira de Santana est\u00e3o sem juizes h\u00e1 cerca de 15 dias. O N\u00facleo de Feira foi o segundo\u00a0\u00a0criado pelo Tribunal de Justi\u00e7a da Bahia e tem a compet\u00eancia de promover a \"concilia\u00e7\u00e3o nos feitos distribu\u00eddos aos ju\u00edzos\u2026","rel":"","context":"Em &quot;Home&quot;","block_context":{"text":"Home","link":"https:\/\/blogdafeira.com.br\/home\/categoria\/raiz\/"},"img":{"alt_text":"","src":"","width":0,"height":0},"classes":[]},{"id":32875,"url":"https:\/\/blogdafeira.com.br\/home\/2019\/09\/17\/juiz-hungria-volta-atras-e-cancela-tentativa-de-conciliar-prefeitura-de-feira-e-helyos-sobre-passarelas\/","url_meta":{"origin":14325,"position":3},"title":"Juiz Hungria volta atr\u00e1s e cancela tentativa de conciliar Prefeitura de Feira e Helyos sobre passarelas","author":"J\u00e2nio R\u00eago","date":"17\/09\/2019","format":false,"excerpt":"Em despacho emitido ontem, o juiz Gustavo Hungria, da Vara da\u00a0 Fazenda P\u00fablica em Feira de Santana, cancelou audi\u00eancia que convocou para esta ter\u00e7a-feira,17, entre o Col\u00e9gio Helyos e a Prefeitura de Feira de Santana para tentar uma concilia\u00e7\u00e3o sobre as passarelas constru\u00eddas entre pr\u00e9dios da institui\u00e7\u00e3o educacional. p Dessa\u2026","rel":"","context":"Em &quot;Home&quot;","block_context":{"text":"Home","link":"https:\/\/blogdafeira.com.br\/home\/categoria\/raiz\/"},"img":{"alt_text":"","src":"https:\/\/i0.wp.com\/blogdafeira.com.br\/home\/wp-content\/uploads\/2019\/09\/IMG_20190917_103421-346x260.jpg?resize=350%2C200","width":350,"height":200},"classes":[]},{"id":31141,"url":"https:\/\/blogdafeira.com.br\/home\/2019\/04\/04\/tribunal-de-justica-investiga-vida-pregressa-de-candidatos-a-juiz-substituto-na-bahia\/","url_meta":{"origin":14325,"position":4},"title":"Tribunal de Justi\u00e7a investiga vida pregressa de candidatos a juiz substituto na Bahia","author":"J\u00e2nio R\u00eago","date":"04\/04\/2019","format":false,"excerpt":"Dos 440 convocados para a segunda etapa do Concurso P\u00fablico 2018 para Juiz de Direito Substituto do Tribunal de Justi\u00e7a da Bahia 25 n\u00e3o compareceram para fazer as provas. Os candidatos aprovados nessa segunda etapa ser\u00e3o convocados para a realiza\u00e7\u00e3o da terceira etapa, com car\u00e1ter eliminat\u00f3rio, composta por tr\u00eas fases\u2026","rel":"","context":"Em &quot;Home&quot;","block_context":{"text":"Home","link":"https:\/\/blogdafeira.com.br\/home\/categoria\/raiz\/"},"img":{"alt_text":"","src":"https:\/\/i0.wp.com\/blogdafeira.com.br\/home\/wp-content\/uploads\/2019\/04\/images-11.jpeg?resize=350%2C200","width":350,"height":200},"classes":[]},{"id":34636,"url":"https:\/\/blogdafeira.com.br\/home\/2019\/12\/20\/o-que-e-necessario-para-seguir-a-carreira-juridica-por-vlv-advogados\/","url_meta":{"origin":14325,"position":5},"title":"&#8220;O que \u00e9 necess\u00e1rio para seguir a carreira jur\u00eddica?&#8221;, por VLV Advogados","author":"J\u00e2nio R\u00eago","date":"20\/12\/2019","format":false,"excerpt":"Os meses de novembro a fevereiro s\u00e3o marcados pela aplica\u00e7\u00e3o de provas de sele\u00e7\u00e3o para ingresso de novos alunos em universidades p\u00fablicas e privadas, al\u00e9m de ser o per\u00edodo de inscri\u00e7\u00e3o em programas como SiSu, ProUni e Fies, que permitem o acesso \u00e0s diversas universidades do pa\u00eds. Tamb\u00e9m \u00e9 nessa\u2026","rel":"","context":"Em &quot;Home&quot;","block_context":{"text":"Home","link":"https:\/\/blogdafeira.com.br\/home\/categoria\/raiz\/"},"img":{"alt_text":"","src":"https:\/\/i0.wp.com\/blogdafeira.com.br\/home\/wp-content\/uploads\/2019\/12\/1576862874797_O-que-%C3%A9-necess%C3%A1rio-para-seguir-a-carreira-jur%C3%ADdica-346x230.jpg?resize=350%2C200","width":350,"height":200},"classes":[]}],"_links":{"self":[{"href":"https:\/\/blogdafeira.com.br\/home\/wp-json\/wp\/v2\/posts\/14325","targetHints":{"allow":["GET"]}}],"collection":[{"href":"https:\/\/blogdafeira.com.br\/home\/wp-json\/wp\/v2\/posts"}],"about":[{"href":"https:\/\/blogdafeira.com.br\/home\/wp-json\/wp\/v2\/types\/post"}],"author":[{"embeddable":true,"href":"https:\/\/blogdafeira.com.br\/home\/wp-json\/wp\/v2\/users\/1"}],"replies":[{"embeddable":true,"href":"https:\/\/blogdafeira.com.br\/home\/wp-json\/wp\/v2\/comments?post=14325"}],"version-history":[{"count":1,"href":"https:\/\/blogdafeira.com.br\/home\/wp-json\/wp\/v2\/posts\/14325\/revisions"}],"predecessor-version":[{"id":14326,"href":"https:\/\/blogdafeira.com.br\/home\/wp-json\/wp\/v2\/posts\/14325\/revisions\/14326"}],"wp:attachment":[{"href":"https:\/\/blogdafeira.com.br\/home\/wp-json\/wp\/v2\/media?parent=14325"}],"wp:term":[{"taxonomy":"category","embeddable":true,"href":"https:\/\/blogdafeira.com.br\/home\/wp-json\/wp\/v2\/categories?post=14325"},{"taxonomy":"post_tag","embeddable":true,"href":"https:\/\/blogdafeira.com.br\/home\/wp-json\/wp\/v2\/tags?post=14325"}],"curies":[{"name":"wp","href":"https:\/\/api.w.org\/{rel}","templated":true}]}}