{"id":14333,"date":"2015-03-27T18:56:05","date_gmt":"2015-03-27T21:56:05","guid":{"rendered":"http:\/\/blogdafeira.com.br\/home\/?p=14333"},"modified":"2019-12-05T22:52:37","modified_gmt":"2019-12-06T01:52:37","slug":"deputado-ze-neto-fez-pronunciamento-na-al-sobre-brt-de-feira-e-indignacao-dos-artistas","status":"publish","type":"post","link":"https:\/\/blogdafeira.com.br\/home\/2015\/03\/27\/deputado-ze-neto-fez-pronunciamento-na-al-sobre-brt-de-feira-e-indignacao-dos-artistas\/","title":{"rendered":"Z\u00e9 Neto fez pronunciamento na Assembleia sobre BRT de Feira, citou o BF e a &#8216;indigna\u00e7\u00e3o dos artistas e intelectuais&#8217; com a obra"},"content":{"rendered":"<p><img loading=\"lazy\" decoding=\"async\" class=\"aligncenter size-full wp-image-14334\" src=\"http:\/\/blogdafeira.com.br\/home\/wp-content\/uploads\/2015\/03\/getulio-vargas.jpg\" alt=\"getulio vargas\" width=\"640\" height=\"480\" srcset=\"https:\/\/blogdafeira.com.br\/home\/wp-content\/uploads\/2015\/03\/getulio-vargas.jpg 640w, https:\/\/blogdafeira.com.br\/home\/wp-content\/uploads\/2015\/03\/getulio-vargas-170x128.jpg 170w, https:\/\/blogdafeira.com.br\/home\/wp-content\/uploads\/2015\/03\/getulio-vargas-346x260.jpg 346w\" sizes=\"auto, (max-width: 640px) 100vw, 640px\" \/><\/p>\n<div id=\"blogd-3147949156\" class=\"blogd-fim-do-post-mobile blogd-entity-placement\" style=\"margin-left: auto;margin-right: auto;text-align: center;\"><a href=\"https:\/\/www.sefaz.feiradesantana.ba.gov.br\/\" target=\"_blank\" aria-label=\"728&#215;90 (6)\"><img loading=\"lazy\" decoding=\"async\" src=\"https:\/\/blogdafeira.com.br\/home\/wp-content\/uploads\/2026\/03\/728x90-6.gif\" alt=\"\"  class=\"no-lazyload\" width=\"728\" height=\"90\"  style=\"display: inline-block;\" \/><\/a><\/div><p>Em discurso na Assembleia, Z\u00e9 Neto dise que indigna\u00e7\u00e3o dos artistas contra a implanta\u00e7\u00e3o do BRT de Feira de Santana na avenida Get\u00falio Vargas deve ser ouvida. O deputado iniciou o discurso salientando que n\u00e3o \u00e9 contra o BRT, mas que \u00e9 necess\u00e1rio que o governo ou\u00e7a a popula\u00e7\u00e3o<\/p><div id=\"blogd-1414825435\" class=\"blogd-conteudo-2-mobile blogd-entity-placement\"><a href=\"https:\/\/feirenses.com.br\/\" target=\"_blank\" aria-label=\"feirenses\"><img loading=\"lazy\" decoding=\"async\" src=\"https:\/\/blogdafeira.com.br\/home\/wp-content\/uploads\/2026\/04\/feirenses.png\" alt=\"\"  srcset=\"https:\/\/blogdafeira.com.br\/home\/wp-content\/uploads\/2026\/04\/feirenses.png 300w, https:\/\/blogdafeira.com.br\/home\/wp-content\/uploads\/2026\/04\/feirenses-170x45.png 170w, https:\/\/blogdafeira.com.br\/home\/wp-content\/uploads\/2026\/04\/feirenses-280x74.png 280w\" sizes=\"(max-width: 300px) 100vw, 300px\" class=\"no-lazyload\" width=\"300\" height=\"79\"  style=\"display: inline-block;\" \/><\/a><\/div>\n<p>\u201c<em>Feira de Santana vive um momento de preocupa\u00e7\u00e3o no que diz respeito \u00e0 instala\u00e7\u00e3o de um dos programas mais importantes do governo Dilma, que \u00e9 o de Mobilidade Urbana, que em Feira de Santana \u00e9 a implanta\u00e7\u00e3o do sistema Bus Rapid Transit (BRT)<\/em>.\u201d, disse o deputado.<\/p>\n<p>Z\u00e9 Neto citou que nas \u00faltimas semanas acompanhou as publica\u00e7\u00f5es do Jornalista J\u00e2nio Rego do <strong>Blog da Feira<\/strong>, que trouxe as indigna\u00e7\u00f5es de renomados artistas e intelectuais de Feira de Santana que elencaram fatos novos a discuss\u00e3o com rela\u00e7\u00e3o \u00e0 implanta\u00e7\u00e3o do BRT e se manifestaram contra a interven\u00e7\u00e3o na Avenida Get\u00falio Vargas, a exemplo do m\u00fasico Carlos Pitta, do poeta Antonio Brasileiro, do Jornalista Edson Felloni Borges, o artista Uyat\u00e3 Rayra, o Engenheiro e Advogado Jo\u00e3o Carlos Borja.<\/p>\n<p>\u201c<em>Agora h\u00e1 pouco li uma publica\u00e7\u00e3o do Jornalista, o Edson Felloni Borges, dizendo que a discuss\u00e3o poderia passar por um debate que levasse o BRT para a avenida Presidente Dutra, e que em um outro momento, o BRT pudesse atender parte da avenida de Contorno. Enfim, n\u00e3o sou contra ao BRT, as melhorias da acessibilidade, mas \u00e9 preciso que as vozes das ruas sejam ouvidas\u201d,<\/em> destacou.<\/p>\n<p>O parlamentar destacou que n\u00e3o \u00e9 contra o BRT. \u201c<em>Quero de p\u00fablico colocar o meu posicionamento, de que n\u00e3o sou contra que os recursos do BRT venham para Feira de Santana, e que sejam utilizados para melhorar a mobilidade do nosso munic\u00edpio, mas n\u00e3o posso me omitir como feirense que sou, como conhecedor em parte dos problemas da cidade, especialmente, no transporte p\u00fablico, muito especialmente no transporte com \u00f4nibus, me omitir de um posicionamento cr\u00edtico\u201d<\/em>, disse.<\/p>\n<p>O deputado destacou que o Prefeito da cidade age de acordo com a conveni\u00eancia. \u201c<em>O atual prefeito se divide entre apoiar e abra\u00e7ar as iniciativas da Presidente Dilma, quando evidentementemente atenda ao munic\u00edpio, e n\u00f3s o recebemos sempre com respeito; e do outro lado permite que o seu grupo pol\u00edtico fa\u00e7a di\u00e1ria e permanentemente a disputa, rasteira em muitos momentos, de tentar degradar a imagem da presidenta Dilma que tem ajudado por demais o nosso munic\u00edpio<\/em>\u201d, pontuou.<\/p>\n<p>Z\u00e9 Neto salienta que os recursos do BRT, podem ao inv\u00e9s de ajudar a cidade a sair de um grande problema que o sistema coletivo de \u00f4nibus urbano, agravar ainda mais a situa\u00e7\u00e3o. \u201cI<em>sso porque o atual prefeito quer de forma intransigente, e isso vem sendo uma t\u00f4nica na cidade, implantar o BRT e suprimir grande parte das \u00e1rvores da Avenida Get\u00falio Vargas, da paisagem, da hist\u00f3ria da cidade, que hoje sente com muita preocupa\u00e7\u00e3o a possibilidade de ver esta hist\u00f3ria e esse meio ambiente, serem agredidos por falta de percep\u00e7\u00e3o e de dialogo por parte da atual gest\u00e3o<\/em>\u201d, frisou.<\/p>\n<p><em>\u201cEu hoje tive o cuidado de ler uma informa\u00e7\u00e3o oriunda dos quadros da atual gest\u00e3o, que o governo cumpriu com os requisitos relacionados \u00e0 necessidade de ouvir a popula\u00e7\u00e3o, na medida que fez audi\u00eancias e consultas p\u00fablicas. S\u00f3 que nessas audi\u00eancias e consultas, vale destacar que 7 mil perguntas foram feitas e nenhuma resposta foi dada, nenhuma mudan\u00e7a foi feita. E ao vermos que h\u00e1 possibilidade do BRT se tornar uma obra e n\u00e3o um conceito de mudan\u00e7a na acessibilidade, nas necessidades urbanas e na melhoria do transporte coletivo de Feira de Santana, \u00e9 que reitero que somos a\u00a0 favor de que o BRT seja instalado em Feira, mas que somos contr\u00e1rios a essa intransig\u00eancia\u201d<\/em>, destacou.<\/p>\n<div id=\"blogd-2461475617\" class=\"blogd-final-post blogd-entity-placement\"><a href=\"https:\/\/www.feiradesantana.ba.leg.br\/\" target=\"_blank\" aria-label=\"BANNER-SITE-ENTREGADECHEQUE-CAMARADEFEIRA\"><img loading=\"lazy\" decoding=\"async\" src=\"https:\/\/blogdafeira.com.br\/home\/wp-content\/uploads\/2026\/03\/BANNER-SITE-ENTREGADECHEQUE-CAMARADEFEIRA.gif\" alt=\"\"  class=\"no-lazyload\" width=\"728\" height=\"90\"   \/><\/a><\/div><p>O parlamentar lembrou que entregou ao munic\u00edpio de Feira de Santana a Pesquisa de Mobilidade Urbana \u201cOrigem e Destino\u201d, realizada pelo Governo do Estado atrav\u00e9s da Secretaria de Infraestrutura\u2013 Seinfra, com todos os itens necess\u00e1rios para uma boa conjuntura log\u00edstica, de transporte e de locomo\u00e7\u00e3o na cidade.<\/p>\n","protected":false},"excerpt":{"rendered":"<p>Em discurso na Assembleia, Z\u00e9 Neto dise que indigna\u00e7\u00e3o dos artistas contra a implanta\u00e7\u00e3o do BRT de Feira de Santana na avenida Get\u00falio Vargas deve ser ouvida. O deputado iniciou o discurso salientando que n\u00e3o \u00e9 contra o BRT, mas que \u00e9 necess\u00e1rio que o governo ou\u00e7a a popula\u00e7\u00e3o \u201cFeira de Santana vive um momento<\/p>\n","protected":false},"author":1,"featured_media":0,"comment_status":"closed","ping_status":"closed","sticky":false,"template":"","format":"standard","meta":{"jetpack_post_was_ever_published":false,"cybocfi_hide_featured_image":"","_jetpack_newsletter_access":"","_jetpack_dont_email_post_to_subs":false,"_jetpack_newsletter_tier_id":0,"_jetpack_memberships_contains_paywalled_content":false,"_jetpack_memberships_contains_paid_content":false,"footnotes":"","jetpack_publicize_message":"","jetpack_publicize_feature_enabled":true,"jetpack_social_post_already_shared":true,"jetpack_social_options":{"image_generator_settings":{"template":"highway","default_image_id":0,"font":"","enabled":false},"version":2}},"categories":[1],"tags":[],"class_list":["post-14333","post","type-post","status-publish","format-standard","hentry","category-raiz"],"jetpack_publicize_connections":[],"jetpack_featured_media_url":"","jetpack_shortlink":"https:\/\/wp.me\/p3niVf-3Jb","jetpack_sharing_enabled":true,"jetpack-related-posts":[{"id":21630,"url":"https:\/\/blogdafeira.com.br\/home\/2016\/05\/18\/uma-fraude-chamada-brt-de-feira-de-santana-por-ze-neto\/","url_meta":{"origin":14333,"position":0},"title":"&#8220;Uma fraude chamada BRT de Feira de Santana&#8221;, por Z\u00e9 Neto","author":"Blog da Feira","date":"18\/05\/2016","format":false,"excerpt":"\"Quero aqui registrar minha indigna\u00e7\u00e3o, mais uma vez, com esta fraude que est\u00e3o cometendo em Feira de Santana, que chamam de BRT. N\u00e3o \u00e9 BRT. S\u00e3o obras de fachada que n\u00e3o resolver\u00e3o a quest\u00e3o do transporte p\u00fablico da cidade. Recursos desviados de um projeto apresentado em Bras\u00edlia, atrav\u00e9s de uma\u2026","rel":"","context":"Em &quot;Home&quot;","block_context":{"text":"Home","link":"https:\/\/blogdafeira.com.br\/home\/categoria\/raiz\/"},"img":{"alt_text":"Cip0APLWgAAQO8t","src":"https:\/\/i0.wp.com\/blogdafeira.com.br\/home\/wp-content\/uploads\/2016\/05\/Cip0APLWgAAQO8t.jpg?resize=350%2C200","width":350,"height":200},"classes":[]},{"id":14195,"url":"https:\/\/blogdafeira.com.br\/home\/2015\/03\/19\/ze-neto-diz-que-projeto-do-brt-vai-devorar-paisagem-e-historia-de-feira-de-santana\/","url_meta":{"origin":14333,"position":1},"title":"Z\u00e9 Neto diz que projeto do BRT  vai &#8220;devorar paisagem e hist\u00f3ria&#8221; de Feira de Santana","author":"Blog da Feira","date":"19\/03\/2015","format":false,"excerpt":"O deputado l\u00edder do governo do Estado na Assembl\u00e9ia Legislativa, Z\u00e9 Neto, disse em postagem no facebook que n\u00e3o \u00e9 contra o BRT 'para nossa Princesa' mas acha que o projeto do Governo de Jos\u00e9 Ronaldo \"n\u00e3o atender\u00e1 aos anseios dos Feirenses e n\u00e3o protagoniza os bairros populares, al\u00e9m de\u2026","rel":"","context":"Em &quot;Home&quot;","block_context":{"text":"Home","link":"https:\/\/blogdafeira.com.br\/home\/categoria\/raiz\/"},"img":{"alt_text":"BOREGA 6789","src":"https:\/\/i0.wp.com\/blogdafeira.com.br\/home\/wp-content\/uploads\/2014\/11\/BOREGA-6789.jpg?resize=350%2C200","width":350,"height":200,"srcset":"https:\/\/i0.wp.com\/blogdafeira.com.br\/home\/wp-content\/uploads\/2014\/11\/BOREGA-6789.jpg?resize=350%2C200 1x, https:\/\/i0.wp.com\/blogdafeira.com.br\/home\/wp-content\/uploads\/2014\/11\/BOREGA-6789.jpg?resize=525%2C300 1.5x, https:\/\/i0.wp.com\/blogdafeira.com.br\/home\/wp-content\/uploads\/2014\/11\/BOREGA-6789.jpg?resize=700%2C400 2x"},"classes":[]},{"id":34307,"url":"https:\/\/blogdafeira.com.br\/home\/2019\/12\/02\/ze-neto-propoe-formar-comissao-para-elaborar-um-plano-para-o-futuro-do-brt-de-feira-de-santana\/","url_meta":{"origin":14333,"position":2},"title":"Z\u00e9 Neto prop\u00f5e formar comiss\u00e3o para elaborar um plano para o futuro do BRT de Feira de Santana","author":"J\u00e2nio R\u00eago","date":"02\/12\/2019","format":false,"excerpt":"Pr\u00e9 candidato do PT a Prefeito de Feira de Santana, o deputado federal Z\u00e9 Neto promoveu nesta segunda-feira, 2, uma audi\u00eancia p\u00fablica na sede da Associa\u00e7\u00e3o Comercial sobre a problem\u00e1tica do transporte p\u00fablico no munic\u00edpio. O problema dos transportes p\u00fablicos em Feira de Santana \u00e9 o que mais preocupa a\u2026","rel":"","context":"Em &quot;Home&quot;","block_context":{"text":"Home","link":"https:\/\/blogdafeira.com.br\/home\/categoria\/raiz\/"},"img":{"alt_text":"","src":"https:\/\/i0.wp.com\/blogdafeira.com.br\/home\/wp-content\/uploads\/2019\/12\/20191202_111041_HDR-1024x576.jpg?resize=350%2C200","width":350,"height":200,"srcset":"https:\/\/i0.wp.com\/blogdafeira.com.br\/home\/wp-content\/uploads\/2019\/12\/20191202_111041_HDR-1024x576.jpg?resize=350%2C200 1x, https:\/\/i0.wp.com\/blogdafeira.com.br\/home\/wp-content\/uploads\/2019\/12\/20191202_111041_HDR-1024x576.jpg?resize=525%2C300 1.5x, https:\/\/i0.wp.com\/blogdafeira.com.br\/home\/wp-content\/uploads\/2019\/12\/20191202_111041_HDR-1024x576.jpg?resize=700%2C400 2x"},"classes":[]},{"id":39764,"url":"https:\/\/blogdafeira.com.br\/home\/2020\/08\/22\/secretario-carlos-brito-rebate-ze-neto-sobre-a-fraude-do-brt\/","url_meta":{"origin":14333,"position":3},"title":"Secret\u00e1rio Carlos Brito rebate Z\u00e9 Neto sobre a &#8220;fraude&#8221; do BRT","author":"Blog da Feira","date":"22\/08\/2020","format":false,"excerpt":"O secret\u00e1rio de Planejamento municipal, Carlos Brito, atrav\u00e9s do site da Secom,\u00a0 foi quem\u00a0 rebateu os ataques do deputado Z\u00e9 Neto ao BRT de Feira divulgados no jornal \"A Tarde\", de Salvador, e republicados aqui no BF com o t\u00edtulo \"\u00c9 a maior fraude da hist\u00f3ria de Feira\", dispara o\u2026","rel":"","context":"Em &quot;Cidade&quot;","block_context":{"text":"Cidade","link":"https:\/\/blogdafeira.com.br\/home\/categoria\/cidade\/"},"img":{"alt_text":"","src":"https:\/\/i0.wp.com\/blogdafeira.com.br\/home\/wp-content\/uploads\/2020\/08\/ronaldo-brito.jpg?resize=350%2C200&ssl=1","width":350,"height":200,"srcset":"https:\/\/i0.wp.com\/blogdafeira.com.br\/home\/wp-content\/uploads\/2020\/08\/ronaldo-brito.jpg?resize=350%2C200&ssl=1 1x, https:\/\/i0.wp.com\/blogdafeira.com.br\/home\/wp-content\/uploads\/2020\/08\/ronaldo-brito.jpg?resize=525%2C300&ssl=1 1.5x"},"classes":[]},{"id":39715,"url":"https:\/\/blogdafeira.com.br\/home\/2020\/08\/21\/e-a-maior-fraude-da-historia-de-feira-dispara-ze-neto-sobre-o-brt\/","url_meta":{"origin":14333,"position":4},"title":"&#8220;\u00c9 a maior fraude da hist\u00f3ria de Feira&#8221; dispara Z\u00e9 Neto sobre o BRT","author":"Blog da Feira","date":"21\/08\/2020","format":false,"excerpt":"O deputado federal Z\u00e9 Neto (PT) criticou atual gest\u00e3o de Feira de Santana em rela\u00e7\u00e3o ao Bus Rapid Transit (BRT). \u201cN\u00e3o existe BRT. \u00c9 a maior fraude da hist\u00f3ria de Feira\u201d, disparou. \u201cUma trag\u00e9dia, a clandestinidade, a inefici\u00eancia, a demora. Espero que a justi\u00e7a d\u00ea o veredicto\u201d, completou o deputado\u2026","rel":"","context":"Em &quot;Cidade&quot;","block_context":{"text":"Cidade","link":"https:\/\/blogdafeira.com.br\/home\/categoria\/cidade\/"},"img":{"alt_text":"","src":"https:\/\/i0.wp.com\/blogdafeira.com.br\/home\/wp-content\/uploads\/2020\/08\/FB_IMG_1597970001281.jpg?resize=350%2C200&ssl=1","width":350,"height":200,"srcset":"https:\/\/i0.wp.com\/blogdafeira.com.br\/home\/wp-content\/uploads\/2020\/08\/FB_IMG_1597970001281.jpg?resize=350%2C200&ssl=1 1x, https:\/\/i0.wp.com\/blogdafeira.com.br\/home\/wp-content\/uploads\/2020\/08\/FB_IMG_1597970001281.jpg?resize=525%2C300&ssl=1 1.5x"},"classes":[]},{"id":13857,"url":"https:\/\/blogdafeira.com.br\/home\/2014\/12\/03\/ze-neto-diz-que-ronaldo-mostrou-humildade-ao-adiar-licitacao-do-brt\/","url_meta":{"origin":14333,"position":5},"title":"Z\u00e9 Neto diz que Ronaldo mostrou &#8216;humildade&#8217; ao adiar licita\u00e7\u00e3o do BRT","author":"Blog da Feira","date":"03\/12\/2014","format":false,"excerpt":"O l\u00edder do governo Wagner, deputado Z\u00e9 Neto, parabenizou o prefeito de Feira, Jos\u00e9 Ronaldo (DEM) por ter\u00a0acatado recomenda\u00e7\u00e3o do Minist\u00e9rio P\u00fablico sobre o BRT e adiado a licita\u00e7\u00e3o que seria lan\u00e7ada esta semana. Para o deputado Ronaldo \"mostrou humildade, por entender que n\u00e3o \u00e9 poss\u00edvel desenvolver um projeto dessa\u2026","rel":"","context":"Em &quot;Home&quot;","block_context":{"text":"Home","link":"https:\/\/blogdafeira.com.br\/home\/categoria\/raiz\/"},"img":{"alt_text":"DSC01857","src":"https:\/\/i0.wp.com\/blogdafeira.com.br\/home\/wp-content\/uploads\/2014\/06\/DSC01857.jpg?resize=350%2C200","width":350,"height":200,"srcset":"https:\/\/i0.wp.com\/blogdafeira.com.br\/home\/wp-content\/uploads\/2014\/06\/DSC01857.jpg?resize=350%2C200 1x, https:\/\/i0.wp.com\/blogdafeira.com.br\/home\/wp-content\/uploads\/2014\/06\/DSC01857.jpg?resize=525%2C300 1.5x"},"classes":[]}],"_links":{"self":[{"href":"https:\/\/blogdafeira.com.br\/home\/wp-json\/wp\/v2\/posts\/14333","targetHints":{"allow":["GET"]}}],"collection":[{"href":"https:\/\/blogdafeira.com.br\/home\/wp-json\/wp\/v2\/posts"}],"about":[{"href":"https:\/\/blogdafeira.com.br\/home\/wp-json\/wp\/v2\/types\/post"}],"author":[{"embeddable":true,"href":"https:\/\/blogdafeira.com.br\/home\/wp-json\/wp\/v2\/users\/1"}],"replies":[{"embeddable":true,"href":"https:\/\/blogdafeira.com.br\/home\/wp-json\/wp\/v2\/comments?post=14333"}],"version-history":[{"count":5,"href":"https:\/\/blogdafeira.com.br\/home\/wp-json\/wp\/v2\/posts\/14333\/revisions"}],"predecessor-version":[{"id":34395,"href":"https:\/\/blogdafeira.com.br\/home\/wp-json\/wp\/v2\/posts\/14333\/revisions\/34395"}],"wp:attachment":[{"href":"https:\/\/blogdafeira.com.br\/home\/wp-json\/wp\/v2\/media?parent=14333"}],"wp:term":[{"taxonomy":"category","embeddable":true,"href":"https:\/\/blogdafeira.com.br\/home\/wp-json\/wp\/v2\/categories?post=14333"},{"taxonomy":"post_tag","embeddable":true,"href":"https:\/\/blogdafeira.com.br\/home\/wp-json\/wp\/v2\/tags?post=14333"}],"curies":[{"name":"wp","href":"https:\/\/api.w.org\/{rel}","templated":true}]}}