{"id":14348,"date":"2015-03-28T08:42:41","date_gmt":"2015-03-28T11:42:41","guid":{"rendered":"http:\/\/blogdafeira.com.br\/home\/?p=14348"},"modified":"2015-03-28T08:42:41","modified_gmt":"2015-03-28T11:42:41","slug":"eleicao-do-reitor-e-vice-reitora-da-uefs-comeca-nesta-segunda-feira-e-vai-ate-1o-de-abril","status":"publish","type":"post","link":"https:\/\/blogdafeira.com.br\/home\/2015\/03\/28\/eleicao-do-reitor-e-vice-reitora-da-uefs-comeca-nesta-segunda-feira-e-vai-ate-1o-de-abril\/","title":{"rendered":"Elei\u00e7\u00e3o do Reitor e vice Reitora da UEFS come\u00e7a nesta segunda-feira e vai at\u00e9 1\u00ba de abril"},"content":{"rendered":"<p><iframe loading=\"lazy\" width=\"560\" height=\"315\" src=\"https:\/\/www.youtube.com\/embed\/uvmIDEE-_Ak\" frameborder=\"0\" allowfullscreen><\/iframe><\/p>\n<div id=\"blogd-1900233478\" class=\"blogd-final-post blogd-entity-placement\"><a href=\"https:\/\/www.feiradesantana.ba.leg.br\/\" target=\"_blank\" aria-label=\"BANNER-SITE-ENTREGADECHEQUE-CAMARADEFEIRA\"><img loading=\"lazy\" decoding=\"async\" src=\"https:\/\/blogdafeira.com.br\/home\/wp-content\/uploads\/2026\/03\/BANNER-SITE-ENTREGADECHEQUE-CAMARADEFEIRA.gif\" alt=\"\"  class=\"no-lazyload\" width=\"728\" height=\"90\"   \/><\/a><\/div><div id=\"blogd-386015442\" class=\"blogd-fim-do-post-mobile blogd-entity-placement\" style=\"margin-left: auto;margin-right: auto;text-align: center;\"><a href=\"https:\/\/www.sefaz.feiradesantana.ba.gov.br\/\" target=\"_blank\" aria-label=\"728&#215;90 (6)\"><img loading=\"lazy\" decoding=\"async\" src=\"https:\/\/blogdafeira.com.br\/home\/wp-content\/uploads\/2026\/03\/728x90-6.gif\" alt=\"\"  class=\"no-lazyload\" width=\"728\" height=\"90\"  style=\"display: inline-block;\" \/><\/a><\/div><p>A elei\u00e7\u00e3o para a Reitoria da Universidade Estadual de Feira de Santana come\u00e7a na segunda-feira e se estende at\u00e9 o dia 1\u00ba de abril.  Apenas uma chapa \u00e9 candidata, formada pelos professores Evandro Nascimento e Norma L\u00facia. <\/p><div id=\"blogd-939665057\" class=\"blogd-conteudo-2-mobile blogd-entity-placement\"><a href=\"https:\/\/feirenses.com.br\/\" target=\"_blank\" aria-label=\"feirenses\"><img loading=\"lazy\" decoding=\"async\" src=\"https:\/\/blogdafeira.com.br\/home\/wp-content\/uploads\/2026\/04\/feirenses.png\" alt=\"\"  srcset=\"https:\/\/blogdafeira.com.br\/home\/wp-content\/uploads\/2026\/04\/feirenses.png 300w, https:\/\/blogdafeira.com.br\/home\/wp-content\/uploads\/2026\/04\/feirenses-170x45.png 170w, https:\/\/blogdafeira.com.br\/home\/wp-content\/uploads\/2026\/04\/feirenses-280x74.png 280w\" sizes=\"(max-width: 300px) 100vw, 300px\" class=\"no-lazyload\" width=\"300\" height=\"79\"  style=\"display: inline-block;\" \/><\/a><\/div>\n","protected":false},"excerpt":{"rendered":"<p>A elei\u00e7\u00e3o para a Reitoria da Universidade Estadual de Feira de Santana come\u00e7a na segunda-feira e se estende at\u00e9 o dia 1\u00ba de abril. Apenas uma chapa \u00e9 candidata, formada pelos professores Evandro Nascimento e Norma L\u00facia.<\/p>\n","protected":false},"author":1,"featured_media":0,"comment_status":"closed","ping_status":"closed","sticky":false,"template":"","format":"standard","meta":{"jetpack_post_was_ever_published":false,"cybocfi_hide_featured_image":"","_jetpack_newsletter_access":"","_jetpack_dont_email_post_to_subs":false,"_jetpack_newsletter_tier_id":0,"_jetpack_memberships_contains_paywalled_content":false,"_jetpack_memberships_contains_paid_content":false,"footnotes":"","jetpack_publicize_message":"","jetpack_publicize_feature_enabled":true,"jetpack_social_post_already_shared":true,"jetpack_social_options":{"image_generator_settings":{"template":"highway","default_image_id":0,"font":"","enabled":false},"version":2}},"categories":[1],"tags":[],"class_list":["post-14348","post","type-post","status-publish","format-standard","hentry","category-raiz"],"jetpack_publicize_connections":[],"jetpack_featured_media_url":"","jetpack_shortlink":"https:\/\/wp.me\/p3niVf-3Jq","jetpack_sharing_enabled":true,"jetpack-related-posts":[{"id":57070,"url":"https:\/\/blogdafeira.com.br\/home\/2023\/04\/03\/eleicao-para-reitoria-da-uefs-comecou-e-vai-ate-quarta-feira5\/","url_meta":{"origin":14348,"position":0},"title":"Elei\u00e7\u00e3o para Reitoria da UEFS come\u00e7ou e vai at\u00e9 quarta-feira,5","author":"Blog da Feira","date":"03\/04\/2023","format":false,"excerpt":"Come\u00e7ou hoje (3) e prossegue nos dias 4 e 5 de abril a vota\u00e7\u00e3o para a escolha dos cargos de reitor (a) e vice-reitor (a) da Universidade Estadual de Feira de Santana. O hor\u00e1rio de vota\u00e7\u00e3o \u00e9\u00a0das 8h \u00e0s 22h, sem intervalos. S\u00e3o 7 os locais de vota\u00e7\u00e3o: Na Uefs,\u2026","rel":"","context":"Em &quot;Geral&quot;","block_context":{"text":"Geral","link":"https:\/\/blogdafeira.com.br\/home\/categoria\/geral\/"},"img":{"alt_text":"","src":"https:\/\/i0.wp.com\/blogdafeira.com.br\/home\/wp-content\/uploads\/2023\/04\/R.jpg?resize=350%2C200&ssl=1","width":350,"height":200,"srcset":"https:\/\/i0.wp.com\/blogdafeira.com.br\/home\/wp-content\/uploads\/2023\/04\/R.jpg?resize=350%2C200&ssl=1 1x, https:\/\/i0.wp.com\/blogdafeira.com.br\/home\/wp-content\/uploads\/2023\/04\/R.jpg?resize=525%2C300&ssl=1 1.5x, https:\/\/i0.wp.com\/blogdafeira.com.br\/home\/wp-content\/uploads\/2023\/04\/R.jpg?resize=700%2C400&ssl=1 2x, https:\/\/i0.wp.com\/blogdafeira.com.br\/home\/wp-content\/uploads\/2023\/04\/R.jpg?resize=1050%2C600&ssl=1 3x, https:\/\/i0.wp.com\/blogdafeira.com.br\/home\/wp-content\/uploads\/2023\/04\/R.jpg?resize=1400%2C800&ssl=1 4x"},"classes":[]},{"id":31113,"url":"https:\/\/blogdafeira.com.br\/home\/2019\/04\/02\/eleicao-para-reitor-da-uefs-termina-nesta-quarta-feira-concorrem-tres-chapas\/","url_meta":{"origin":14348,"position":1},"title":"Elei\u00e7\u00e3o para Reitor da UEFS termina nesta quarta-feira; concorrem tr\u00eas chapas","author":"J\u00e2nio R\u00eago","date":"02\/04\/2019","format":false,"excerpt":"Afora um problema na lista de lista de estudantes votantes no campus de Feira de Santana e que foi logo resolvido pela Comiss\u00e3o Eleitoral com uma vota\u00e7\u00e3o em separado, nenhum imprevisto ocorreu para abalar a elei\u00e7\u00e3o para Reitor da Universidade Estadual de Feira de Santana que transcorre at\u00e9 amanh\u00e3 nos\u2026","rel":"","context":"Em &quot;Home&quot;","block_context":{"text":"Home","link":"https:\/\/blogdafeira.com.br\/home\/categoria\/raiz\/"},"img":{"alt_text":"","src":"https:\/\/i0.wp.com\/blogdafeira.com.br\/home\/wp-content\/uploads\/2019\/04\/uefs-uefs.jpg?resize=350%2C200&ssl=1","width":350,"height":200,"srcset":"https:\/\/i0.wp.com\/blogdafeira.com.br\/home\/wp-content\/uploads\/2019\/04\/uefs-uefs.jpg?resize=350%2C200&ssl=1 1x, https:\/\/i0.wp.com\/blogdafeira.com.br\/home\/wp-content\/uploads\/2019\/04\/uefs-uefs.jpg?resize=525%2C300&ssl=1 1.5x"},"classes":[]},{"id":14462,"url":"https:\/\/blogdafeira.com.br\/home\/2015\/04\/07\/paulo-gabriel-vai-para-o-mec-e-ufrb-faz-eleicao-para-novo-reitor-no-final-deste-mes\/","url_meta":{"origin":14348,"position":2},"title":"Paulo Gabriel vai para o MEC e UFRB faz elei\u00e7\u00e3o para novo Reitor no final deste m\u00eas","author":"Blog da Feira","date":"07\/04\/2015","format":false,"excerpt":"O atual reitor da Universidade Federal do Rec\u00f4ncavo da Bahia (UFRB), Paulo Gabriel Soledade Nacif,\u00e9 o novo titular da Secretaria de Educa\u00e7\u00e3o Continuada, Alfabetiza\u00e7\u00e3o, Diversidade e Inclus\u00e3o (Secadi) do Minist\u00e9rio da Educa\u00e7\u00e3o (MEC), a convite do novo ministro da Educa\u00e7\u00e3o, Renato Janine. Com o afastamento do reitor da UFRB, \u00a0o\u2026","rel":"","context":"Em &quot;Home&quot;","block_context":{"text":"Home","link":"https:\/\/blogdafeira.com.br\/home\/categoria\/raiz\/"},"img":{"alt_text":"","src":"","width":0,"height":0},"classes":[]},{"id":13577,"url":"https:\/\/blogdafeira.com.br\/home\/2014\/11\/19\/uefs-publica-regimento-e-poe-na-mesa-sucessao-do-reitor-jose-carlos-barreto-2\/","url_meta":{"origin":14348,"position":3},"title":"UEFS publica regimento e &#8216;p\u00f5e na mesa&#8217; sucess\u00e3o do reitor Jos\u00e9 Carlos Barreto","author":"Blog da Feira","date":"19\/11\/2014","format":false,"excerpt":"A Universidade Estadual de Feira de Santana (Uefs) publicou o regimento para elei\u00e7\u00e3o de reitor e vice-reitor, visando o exerc\u00edcio de maio de 2015 a maio de 2019. Est\u00e1 na mesa a sucess\u00e3o do segundo reitorado do professor Jos\u00e9 Carlos Barreto. Aprovado pelo Conselho Universit\u00e1rio (Consu), o regimento prev\u00ea o\u2026","rel":"","context":"Em &quot;Home&quot;","block_context":{"text":"Home","link":"https:\/\/blogdafeira.com.br\/home\/categoria\/raiz\/"},"img":{"alt_text":"aua","src":"https:\/\/i0.wp.com\/blogdafeira.com.br\/home\/wp-content\/uploads\/2014\/11\/aua.jpg?resize=350%2C200","width":350,"height":200},"classes":[]},{"id":31016,"url":"https:\/\/blogdafeira.com.br\/home\/2019\/03\/25\/debate-nesta-terca-entre-os-candidatos-a-reitor-da-universidade-estadual-de-feira-de-santana\/","url_meta":{"origin":14348,"position":4},"title":"Debate nesta ter\u00e7a entre os candidatos a Reitor da Universidade Estadual de Feira de Santana","author":"J\u00e2nio R\u00eago","date":"25\/03\/2019","format":false,"excerpt":"Mais dois debates com os candidatos \u00e0 reitoria e vice-reitoria da Universidade Estadual de Feira de Santana (Uefs) acontecem esta semana. O primeiro ser\u00e1 realizado nesta ter\u00e7a-feira, a partir das 14h30, no Audit\u00f3rio Central do campus universit\u00e1rio. O segundo, no dia 28 (quinta-feira), contempla o turno noturno e ter\u00e1 in\u00edcio\u2026","rel":"","context":"Em &quot;Home&quot;","block_context":{"text":"Home","link":"https:\/\/blogdafeira.com.br\/home\/categoria\/raiz\/"},"img":{"alt_text":"","src":"https:\/\/i0.wp.com\/blogdafeira.com.br\/home\/wp-content\/uploads\/2019\/03\/images-2-2.jpeg?resize=350%2C200&ssl=1","width":350,"height":200},"classes":[]},{"id":57653,"url":"https:\/\/blogdafeira.com.br\/home\/2023\/05\/16\/reitora-da-uefs-foi-empossada-por-jeronimo-em-salvador\/","url_meta":{"origin":14348,"position":5},"title":"Reitora da UEFS foi empossada por Jer\u00f4nimo em Salvador","author":"Blog da Feira","date":"16\/05\/2023","format":false,"excerpt":"O governador Jer\u00f4nimo Rodrigues empossou a professora Amali Mussi como reitora da Universidade Estadual de Feira de Santana (Uefs), nesta ter\u00e7a-feira (16), na Sala de Reuni\u00f5es do Centro de Opera\u00e7\u00f5es e Intelig\u00eancia (COI), no Centro Administrativo da Bahia, em Salvador. As professoras Amali Mussi e Evanilda Carvalho, obtiveram\u00a0 2.614 votos\u2026","rel":"","context":"Em &quot;Geral&quot;","block_context":{"text":"Geral","link":"https:\/\/blogdafeira.com.br\/home\/categoria\/geral\/"},"img":{"alt_text":"","src":"https:\/\/i0.wp.com\/blogdafeira.com.br\/home\/wp-content\/uploads\/2023\/05\/1409cf9c-6d76-49dd-8710-7e9f5a5933a5-1068x712-1.jpg?resize=350%2C200&ssl=1","width":350,"height":200,"srcset":"https:\/\/i0.wp.com\/blogdafeira.com.br\/home\/wp-content\/uploads\/2023\/05\/1409cf9c-6d76-49dd-8710-7e9f5a5933a5-1068x712-1.jpg?resize=350%2C200&ssl=1 1x, https:\/\/i0.wp.com\/blogdafeira.com.br\/home\/wp-content\/uploads\/2023\/05\/1409cf9c-6d76-49dd-8710-7e9f5a5933a5-1068x712-1.jpg?resize=525%2C300&ssl=1 1.5x, https:\/\/i0.wp.com\/blogdafeira.com.br\/home\/wp-content\/uploads\/2023\/05\/1409cf9c-6d76-49dd-8710-7e9f5a5933a5-1068x712-1.jpg?resize=700%2C400&ssl=1 2x, https:\/\/i0.wp.com\/blogdafeira.com.br\/home\/wp-content\/uploads\/2023\/05\/1409cf9c-6d76-49dd-8710-7e9f5a5933a5-1068x712-1.jpg?resize=1050%2C600&ssl=1 3x"},"classes":[]}],"_links":{"self":[{"href":"https:\/\/blogdafeira.com.br\/home\/wp-json\/wp\/v2\/posts\/14348","targetHints":{"allow":["GET"]}}],"collection":[{"href":"https:\/\/blogdafeira.com.br\/home\/wp-json\/wp\/v2\/posts"}],"about":[{"href":"https:\/\/blogdafeira.com.br\/home\/wp-json\/wp\/v2\/types\/post"}],"author":[{"embeddable":true,"href":"https:\/\/blogdafeira.com.br\/home\/wp-json\/wp\/v2\/users\/1"}],"replies":[{"embeddable":true,"href":"https:\/\/blogdafeira.com.br\/home\/wp-json\/wp\/v2\/comments?post=14348"}],"version-history":[{"count":1,"href":"https:\/\/blogdafeira.com.br\/home\/wp-json\/wp\/v2\/posts\/14348\/revisions"}],"predecessor-version":[{"id":14349,"href":"https:\/\/blogdafeira.com.br\/home\/wp-json\/wp\/v2\/posts\/14348\/revisions\/14349"}],"wp:attachment":[{"href":"https:\/\/blogdafeira.com.br\/home\/wp-json\/wp\/v2\/media?parent=14348"}],"wp:term":[{"taxonomy":"category","embeddable":true,"href":"https:\/\/blogdafeira.com.br\/home\/wp-json\/wp\/v2\/categories?post=14348"},{"taxonomy":"post_tag","embeddable":true,"href":"https:\/\/blogdafeira.com.br\/home\/wp-json\/wp\/v2\/tags?post=14348"}],"curies":[{"name":"wp","href":"https:\/\/api.w.org\/{rel}","templated":true}]}}