{"id":14397,"date":"2015-04-01T11:46:27","date_gmt":"2015-04-01T14:46:27","guid":{"rendered":"http:\/\/blogdafeira.com.br\/home\/?p=14397"},"modified":"2015-04-01T11:46:27","modified_gmt":"2015-04-01T14:46:27","slug":"abraco-simbolico-em-defesa-das-arvores-da-av-getulio-em-feira-de-santana-no-domingo","status":"publish","type":"post","link":"https:\/\/blogdafeira.com.br\/home\/2015\/04\/01\/abraco-simbolico-em-defesa-das-arvores-da-av-getulio-em-feira-de-santana-no-domingo\/","title":{"rendered":"Abra\u00e7o simb\u00f3lico em defesa das \u00e1rvores da Av. Get\u00falio em Feira de Santana no domingo"},"content":{"rendered":"<p><img loading=\"lazy\" decoding=\"async\" class=\"aligncenter size-full wp-image-14398\" src=\"http:\/\/blogdafeira.com.br\/home\/wp-content\/uploads\/2015\/04\/movimento-pro-arvores-da-get\u00falio-vargas.jpg\" alt=\"movimento pro arvores da get\u00falio vargas\" width=\"779\" height=\"960\" srcset=\"https:\/\/blogdafeira.com.br\/home\/wp-content\/uploads\/2015\/04\/movimento-pro-arvores-da-get\u00falio-vargas.jpg 779w, https:\/\/blogdafeira.com.br\/home\/wp-content\/uploads\/2015\/04\/movimento-pro-arvores-da-get\u00falio-vargas-122x150.jpg 122w, https:\/\/blogdafeira.com.br\/home\/wp-content\/uploads\/2015\/04\/movimento-pro-arvores-da-get\u00falio-vargas-243x300.jpg 243w\" sizes=\"auto, (max-width: 779px) 100vw, 779px\" \/><\/p>\n","protected":false},"excerpt":{"rendered":"","protected":false},"author":1,"featured_media":0,"comment_status":"closed","ping_status":"closed","sticky":false,"template":"","format":"standard","meta":{"jetpack_post_was_ever_published":false,"cybocfi_hide_featured_image":"","_jetpack_newsletter_access":"","_jetpack_dont_email_post_to_subs":false,"_jetpack_newsletter_tier_id":0,"_jetpack_memberships_contains_paywalled_content":false,"_jetpack_memberships_contains_paid_content":false,"footnotes":"","jetpack_publicize_message":"","jetpack_publicize_feature_enabled":true,"jetpack_social_post_already_shared":true,"jetpack_social_options":{"image_generator_settings":{"template":"highway","default_image_id":0,"font":"","enabled":false},"version":2}},"categories":[1],"tags":[],"class_list":["post-14397","post","type-post","status-publish","format-standard","hentry","category-raiz"],"jetpack_publicize_connections":[],"jetpack_featured_media_url":"","jetpack_shortlink":"https:\/\/wp.me\/p3niVf-3Kd","jetpack_sharing_enabled":true,"jetpack-related-posts":[{"id":14496,"url":"https:\/\/blogdafeira.com.br\/home\/2015\/04\/09\/av-getulio-vargas-diga-ao-povo-que-ficus\/","url_meta":{"origin":14397,"position":0},"title":"Av. Get\u00falio Vargas: &#8220;Diga ao povo que &#8216;ficus'&#8221;","author":"Blog da Feira","date":"09\/04\/2015","format":false,"excerpt":"A foto virou um s\u00edmbolo da resist\u00eancia \u00e0 implanta\u00e7\u00e3o de um BRT na avenida Get\u00falio Vargas e a consequente derrubada do arvoredo da longa avenida central de Feira de Santana. Ao ser publicada no facebook, ap\u00f3s uma.manifesta\u00e7\u00e3o em defesa da avenida ela provocou uma brutal rea\u00e7\u00e3o de membros do Governo\u2026","rel":"","context":"Em &quot;Home&quot;","block_context":{"text":"Home","link":"https:\/\/blogdafeira.com.br\/home\/categoria\/raiz\/"},"img":{"alt_text":"IMG_20150409_012355","src":"https:\/\/i0.wp.com\/blogdafeira.com.br\/home\/wp-content\/uploads\/2015\/04\/IMG_20150409_012355.jpg?resize=350%2C200","width":350,"height":200,"srcset":"https:\/\/i0.wp.com\/blogdafeira.com.br\/home\/wp-content\/uploads\/2015\/04\/IMG_20150409_012355.jpg?resize=350%2C200 1x, https:\/\/i0.wp.com\/blogdafeira.com.br\/home\/wp-content\/uploads\/2015\/04\/IMG_20150409_012355.jpg?resize=525%2C300 1.5x"},"classes":[]},{"id":16291,"url":"https:\/\/blogdafeira.com.br\/home\/2015\/08\/22\/terceira-manifestacao-hoje-em-feira-pela-preservacao-da-av-getulio-vargas\/","url_meta":{"origin":14397,"position":1},"title":"Terceira manifesta\u00e7\u00e3o hoje em Feira pela preserva\u00e7\u00e3o da av. Get\u00falio Vargas","author":"Blog da Feira","date":"22\/08\/2015","format":false,"excerpt":"Neste s\u00e1bado ao meio dia, defronte \u00e0 Prefeitura de Feira de Santana, acontece mais uma manifesta\u00e7\u00e3o (a terceira) em defesa da preserva\u00e7\u00e3o da avenida Get\u00falio Vargas como espa\u00e7o ambiental, de lazer e est\u00e9tico da cidade. A avenida est\u00e1 amea\u00e7ada pela implanta\u00e7\u00e3o de um BRT que vai comprometer a avenida considerada\u2026","rel":"","context":"Em &quot;Home&quot;","block_context":{"text":"Home","link":"https:\/\/blogdafeira.com.br\/home\/categoria\/raiz\/"},"img":{"alt_text":"amanha","src":"https:\/\/i0.wp.com\/blogdafeira.com.br\/home\/wp-content\/uploads\/2015\/08\/amanha.jpg?resize=350%2C200","width":350,"height":200,"srcset":"https:\/\/i0.wp.com\/blogdafeira.com.br\/home\/wp-content\/uploads\/2015\/08\/amanha.jpg?resize=350%2C200 1x, https:\/\/i0.wp.com\/blogdafeira.com.br\/home\/wp-content\/uploads\/2015\/08\/amanha.jpg?resize=525%2C300 1.5x"},"classes":[]},{"id":14445,"url":"https:\/\/blogdafeira.com.br\/home\/2015\/04\/06\/artistas-de-feira-de-santana-em-defesa-das-arvores-da-getulio\/","url_meta":{"origin":14397,"position":2},"title":"Artistas de Feira de Santana em defesa das \u00e1rvores da Get\u00falio","author":"Blog da Feira","date":"06\/04\/2015","format":false,"excerpt":"O poeta Ant\u00f4nio Brasileiro tem feito postagens na internet em defesa da preserva\u00e7\u00e3o do ambiente da avenida Get\u00falio Vargas, uma das mais arborizadas avenidas de Feira de Santana e da Bahia. Na \u00faltima, um coment\u00e1rio a uma postagem do jornalista Dimas Oliveira, assessor do Prefeito de Feira, o poeta disse\u2026","rel":"","context":"Em &quot;Home&quot;","block_context":{"text":"Home","link":"https:\/\/blogdafeira.com.br\/home\/categoria\/raiz\/"},"img":{"alt_text":"","src":"","width":0,"height":0},"classes":[]},{"id":11978,"url":"https:\/\/blogdafeira.com.br\/home\/2014\/08\/18\/sao-mais-de-200-cavaletes-no-canteiro-central-da-av-getulio-vargas\/","url_meta":{"origin":14397,"position":3},"title":"S\u00e3o mais de 200 cavaletes no canteiro central da av. Get\u00falio Vargas","author":"Blog da Feira","date":"18\/08\/2014","format":false,"excerpt":"A quantidade de 'cavaletes de pol\u00edticos' ocupando o canteiro central da avenida Get\u00falio Vargas \u00e9 quase duas vezes superior ao n\u00famero de \u00e1rvores que ser\u00e3o retiradas para a implanta\u00e7\u00e3o do BRT de Feira de Santana (clique aqui) Os cavaletes est\u00e3o desde o in\u00edcio da avenida Ol\u00edmpio Vital at\u00e9 a nova\u2026","rel":"","context":"Em &quot;Home&quot;","block_context":{"text":"Home","link":"https:\/\/blogdafeira.com.br\/home\/categoria\/raiz\/"},"img":{"alt_text":"rasteira","src":"https:\/\/i0.wp.com\/blogdafeira.com.br\/home\/wp-content\/uploads\/2014\/07\/rasteira.jpg?resize=350%2C200","width":350,"height":200},"classes":[]},{"id":13218,"url":"https:\/\/blogdafeira.com.br\/home\/2014\/10\/31\/lavagem-do-toco-da-av-getulio-vargas-em-feira-vai-ser-neste-sabado-2\/","url_meta":{"origin":14397,"position":4},"title":"\u2018Lavagem do Toco\u2019 da Av. Get\u00falio Vargas em Feira vai ser neste s\u00e1bado","author":"Blog da Feira","date":"31\/10\/2014","format":false,"excerpt":"O que come\u00e7ou com essa foto acima \u00a0postada na p\u00e1gina no facebook pelo\u00a0advogado Andre \u00a0Lacerda\u00a0se transformou em \u2018brincadeira e festa\u2019 e neste s\u00e1bado, 1\u00ba, \u00a0\u00e0 tarde, o advogado, amigos e frequentadores do Bar Ponto do Zequinha ir\u00e3o fazer a \u2018Lavagem do Toco\u2019. O \u2018festejado\u2019 toco est\u00e1 no passeio do canteiro\u2026","rel":"","context":"Em &quot;Home&quot;","block_context":{"text":"Home","link":"https:\/\/blogdafeira.com.br\/home\/categoria\/raiz\/"},"img":{"alt_text":"toco na cal\u00e7ada","src":"https:\/\/i0.wp.com\/blogdafeira.com.br\/home\/wp-content\/uploads\/2014\/10\/toco-na-cal%C3%A7ada.jpg?resize=350%2C200","width":350,"height":200,"srcset":"https:\/\/i0.wp.com\/blogdafeira.com.br\/home\/wp-content\/uploads\/2014\/10\/toco-na-cal%C3%A7ada.jpg?resize=350%2C200 1x, https:\/\/i0.wp.com\/blogdafeira.com.br\/home\/wp-content\/uploads\/2014\/10\/toco-na-cal%C3%A7ada.jpg?resize=525%2C300 1.5x, https:\/\/i0.wp.com\/blogdafeira.com.br\/home\/wp-content\/uploads\/2014\/10\/toco-na-cal%C3%A7ada.jpg?resize=700%2C400 2x"},"classes":[]},{"id":14437,"url":"https:\/\/blogdafeira.com.br\/home\/2015\/04\/03\/domingo-vamos-dar-um-grande-abraco-nesta-linda-avenida-de-feira-de-santana\/","url_meta":{"origin":14397,"position":5},"title":"Domingo vamos dar um grande abra\u00e7o nesta linda Avenida de Feira de Santana","author":"Blog da Feira","date":"03\/04\/2015","format":false,"excerpt":"","rel":"","context":"Em &quot;Home&quot;","block_context":{"text":"Home","link":"https:\/\/blogdafeira.com.br\/home\/categoria\/raiz\/"},"img":{"alt_text":"getulio vargas","src":"https:\/\/i0.wp.com\/blogdafeira.com.br\/home\/wp-content\/uploads\/2015\/03\/getulio-vargas.jpg?resize=350%2C200","width":350,"height":200,"srcset":"https:\/\/i0.wp.com\/blogdafeira.com.br\/home\/wp-content\/uploads\/2015\/03\/getulio-vargas.jpg?resize=350%2C200 1x, https:\/\/i0.wp.com\/blogdafeira.com.br\/home\/wp-content\/uploads\/2015\/03\/getulio-vargas.jpg?resize=525%2C300 1.5x"},"classes":[]}],"_links":{"self":[{"href":"https:\/\/blogdafeira.com.br\/home\/wp-json\/wp\/v2\/posts\/14397","targetHints":{"allow":["GET"]}}],"collection":[{"href":"https:\/\/blogdafeira.com.br\/home\/wp-json\/wp\/v2\/posts"}],"about":[{"href":"https:\/\/blogdafeira.com.br\/home\/wp-json\/wp\/v2\/types\/post"}],"author":[{"embeddable":true,"href":"https:\/\/blogdafeira.com.br\/home\/wp-json\/wp\/v2\/users\/1"}],"replies":[{"embeddable":true,"href":"https:\/\/blogdafeira.com.br\/home\/wp-json\/wp\/v2\/comments?post=14397"}],"version-history":[{"count":1,"href":"https:\/\/blogdafeira.com.br\/home\/wp-json\/wp\/v2\/posts\/14397\/revisions"}],"predecessor-version":[{"id":14399,"href":"https:\/\/blogdafeira.com.br\/home\/wp-json\/wp\/v2\/posts\/14397\/revisions\/14399"}],"wp:attachment":[{"href":"https:\/\/blogdafeira.com.br\/home\/wp-json\/wp\/v2\/media?parent=14397"}],"wp:term":[{"taxonomy":"category","embeddable":true,"href":"https:\/\/blogdafeira.com.br\/home\/wp-json\/wp\/v2\/categories?post=14397"},{"taxonomy":"post_tag","embeddable":true,"href":"https:\/\/blogdafeira.com.br\/home\/wp-json\/wp\/v2\/tags?post=14397"}],"curies":[{"name":"wp","href":"https:\/\/api.w.org\/{rel}","templated":true}]}}