{"id":14419,"date":"2015-04-02T09:45:40","date_gmt":"2015-04-02T12:45:40","guid":{"rendered":"http:\/\/blogdafeira.com.br\/home\/?p=14419"},"modified":"2015-04-02T09:45:40","modified_gmt":"2015-04-02T12:45:40","slug":"micareta-de-feira-escolha-da-rainha-e-princesas-sera-na-proxima-semana","status":"publish","type":"post","link":"https:\/\/blogdafeira.com.br\/home\/2015\/04\/02\/micareta-de-feira-escolha-da-rainha-e-princesas-sera-na-proxima-semana\/","title":{"rendered":"MICARETA DE FEIRA &#8211; escolha da Rainha e Princesas ser\u00e1 na pr\u00f3xima semana"},"content":{"rendered":"<p><img loading=\"lazy\" decoding=\"async\" class=\"aligncenter size-large wp-image-14420\" src=\"http:\/\/blogdafeira.com.br\/home\/wp-content\/uploads\/2015\/04\/CONVITE-CONCURSO-REI-MOMO-01-724x1024.jpg\" alt=\"CONVITE CONCURSO REI MOMO-01\" width=\"688\" height=\"973\" srcset=\"https:\/\/blogdafeira.com.br\/home\/wp-content\/uploads\/2015\/04\/CONVITE-CONCURSO-REI-MOMO-01-724x1024.jpg 724w, https:\/\/blogdafeira.com.br\/home\/wp-content\/uploads\/2015\/04\/CONVITE-CONCURSO-REI-MOMO-01-106x150.jpg 106w, https:\/\/blogdafeira.com.br\/home\/wp-content\/uploads\/2015\/04\/CONVITE-CONCURSO-REI-MOMO-01-212x300.jpg 212w, https:\/\/blogdafeira.com.br\/home\/wp-content\/uploads\/2015\/04\/CONVITE-CONCURSO-REI-MOMO-01.jpg 1240w\" sizes=\"auto, (max-width: 688px) 100vw, 688px\" \/><\/p>\n","protected":false},"excerpt":{"rendered":"","protected":false},"author":1,"featured_media":0,"comment_status":"closed","ping_status":"closed","sticky":false,"template":"","format":"standard","meta":{"jetpack_post_was_ever_published":false,"cybocfi_hide_featured_image":"","_jetpack_newsletter_access":"","_jetpack_dont_email_post_to_subs":false,"_jetpack_newsletter_tier_id":0,"_jetpack_memberships_contains_paywalled_content":false,"_jetpack_memberships_contains_paid_content":false,"footnotes":"","jetpack_publicize_message":"","jetpack_publicize_feature_enabled":true,"jetpack_social_post_already_shared":true,"jetpack_social_options":{"image_generator_settings":{"template":"highway","default_image_id":0,"font":"","enabled":false},"version":2}},"categories":[1],"tags":[],"class_list":["post-14419","post","type-post","status-publish","format-standard","hentry","category-raiz"],"jetpack_publicize_connections":[],"jetpack_featured_media_url":"","jetpack_shortlink":"https:\/\/wp.me\/p3niVf-3Kz","jetpack_sharing_enabled":true,"jetpack-related-posts":[{"id":20612,"url":"https:\/\/blogdafeira.com.br\/home\/2016\/04\/05\/rei-e-rainha-da-micareta-de-feira-serao-escolhidos-no-dia-do-esquenta\/","url_meta":{"origin":14419,"position":0},"title":"Rei e Rainha da Micareta de Feira ser\u00e3o escolhidos no dia do &#8216;Esquenta&#8217;","author":"Blog da Feira","date":"05\/04\/2016","format":false,"excerpt":"Principal evento p\u00fablico pr\u00e9-micaretesco, o Esquenta, que acontece h\u00e1\u00a0cinco\u00a0anos, vai ser realizado no dia 17, na rua S\u00e3o Domingos, nos Capuchinhos e nesse\u00a0\u00a0dia ser\u00e3o escolhidos o rei momo e a rainha e princesas da Micareta, que acontece de 28 de abril a 1\u00ba de maio. O evento, que vai ser\u2026","rel":"","context":"Em &quot;Home&quot;","block_context":{"text":"Home","link":"https:\/\/blogdafeira.com.br\/home\/categoria\/raiz\/"},"img":{"alt_text":"mica","src":"https:\/\/i0.wp.com\/blogdafeira.com.br\/home\/wp-content\/uploads\/2016\/04\/mica-323x300.jpg?resize=350%2C200","width":350,"height":200},"classes":[]},{"id":61845,"url":"https:\/\/blogdafeira.com.br\/home\/2024\/04\/04\/transexual-concorre-ao-titulo-de-rainha-da-micareta-de-feira-2024\/","url_meta":{"origin":14419,"position":1},"title":"Transexual concorre ao t\u00edtulo de Rainha da Micareta de Feira 2024","author":"Blog da Feira","date":"04\/04\/2024","format":false,"excerpt":"Dez mulheres - sendo uma transexual - concorrem ao t\u00edtulo de rainha e princesas da Micareta de Feira 2024, que acontece entre os dias 18 e 21 deste m\u00eas. A escolha ocorrer\u00e1 nesta sexta-feira (5), \u00e0s 16h, no Teatro Municipal Margarida Ribeiro. Operadora de temarketing e bailarina, a transexual Ariele\u2026","rel":"","context":"Em &quot;Cultura&quot;","block_context":{"text":"Cultura","link":"https:\/\/blogdafeira.com.br\/home\/categoria\/cultura\/"},"img":{"alt_text":"","src":"https:\/\/i0.wp.com\/blogdafeira.com.br\/home\/wp-content\/uploads\/2024\/04\/DSC_41001-1-scaled.jpg?resize=350%2C200&ssl=1","width":350,"height":200,"srcset":"https:\/\/i0.wp.com\/blogdafeira.com.br\/home\/wp-content\/uploads\/2024\/04\/DSC_41001-1-scaled.jpg?resize=350%2C200&ssl=1 1x, https:\/\/i0.wp.com\/blogdafeira.com.br\/home\/wp-content\/uploads\/2024\/04\/DSC_41001-1-scaled.jpg?resize=525%2C300&ssl=1 1.5x, https:\/\/i0.wp.com\/blogdafeira.com.br\/home\/wp-content\/uploads\/2024\/04\/DSC_41001-1-scaled.jpg?resize=700%2C400&ssl=1 2x, https:\/\/i0.wp.com\/blogdafeira.com.br\/home\/wp-content\/uploads\/2024\/04\/DSC_41001-1-scaled.jpg?resize=1050%2C600&ssl=1 3x, https:\/\/i0.wp.com\/blogdafeira.com.br\/home\/wp-content\/uploads\/2024\/04\/DSC_41001-1-scaled.jpg?resize=1400%2C800&ssl=1 4x"},"classes":[]},{"id":10360,"url":"https:\/\/blogdafeira.com.br\/home\/2014\/04\/22\/micareta-de-feira-rainha-e-princesas-serao-coroadas-nesta-quinta\/","url_meta":{"origin":14419,"position":2},"title":"Micareta de Feira &#8211; Rainha e Princesas ser\u00e3o coroadas nesta quinta","author":"Blog da Feira","date":"22\/04\/2014","format":false,"excerpt":"A Micareta de Feira de Santana ser\u00e1 aberta oficialmente \u00e0s 20h, nesta quinta-feira, 24, no circuito Maneca Ferreira (avenida Presidente Dutra), com a entrega simb\u00f3lica da chave da cidade ao Rei Momo Dilson Chagas, pelo prefeito Jos\u00e9 Ronaldo de Carvalho. Na mesma cerim\u00f4nia, a Rainha Jicilene \u00a0de Oliveira ser\u00e1 coroada\u2026","rel":"","context":"Em &quot;Home&quot;","block_context":{"text":"Home","link":"https:\/\/blogdafeira.com.br\/home\/categoria\/raiz\/"},"img":{"alt_text":"rainhas","src":"https:\/\/i0.wp.com\/blogdafeira.com.br\/home\/wp-content\/uploads\/2014\/04\/rainhas1.jpg?resize=350%2C200","width":350,"height":200},"classes":[]},{"id":169,"url":"https:\/\/blogdafeira.com.br\/home\/2013\/04\/08\/tracaja-escolhe-rainha-do-bloco-na-sexta-feira-de-micareta\/","url_meta":{"origin":14419,"position":3},"title":"Tracaj\u00e1 escolhe rainha do bloco na sexta-feira de Micareta","author":"Blog da Feira","date":"08\/04\/2013","format":false,"excerpt":"O bloco Tracaj\u00e1, que desfila na Micareta de Feira no domingo, \u00a0realiza na sexta-feira , 26, o evento \u2018Esquenta Tracaj\u00e1\u2019, no bar e restaurante Sal e Brasa, na rua Frei Caneca, no bairro S\u00e3o Jo\u00e3o (pr\u00f3ximo ao shopping Boulevard). Este ano o bloco Tracaj\u00e1 sai pela 11\u00ba vez na Micareta\u2026","rel":"","context":"Em &quot;Home&quot;","block_context":{"text":"Home","link":"https:\/\/blogdafeira.com.br\/home\/categoria\/raiz\/"},"img":{"alt_text":"sil","src":"https:\/\/i0.wp.com\/blogdafeira.com.br\/home\/wp-content\/uploads\/2013\/04\/sil-170x108.jpg?resize=350%2C200","width":350,"height":200},"classes":[]},{"id":31599,"url":"https:\/\/blogdafeira.com.br\/home\/2019\/06\/06\/rainha-do-sao-joao-de-sao-jose-em-feira-sera-escolhida-neste-sabado\/","url_meta":{"origin":14419,"position":4},"title":"Rainha do S\u00e3o Jo\u00e3o de S\u00e3o Jos\u00e9, em Feira, ser\u00e1 escolhida neste s\u00e1bado","author":"J\u00e2nio R\u00eago","date":"06\/06\/2019","format":false,"excerpt":"Doze candidatas est\u00e3o na disputa para majestades do S\u00e3o Jo\u00e3o de S\u00e3o Jos\u00e9, no distrito de Maria Quit\u00e9ria. Elas j\u00e1 passaram pela pr\u00e9-sele\u00e7\u00e3o e no pr\u00f3ximo s\u00e1bado, 8, ser\u00e3o escolhidas a rainha e as princesas da festa. O concurso ser\u00e1 realizado no Espa\u00e7o Cultural de Eventos Ray e Lay, a\u2026","rel":"","context":"Em &quot;Distritos&quot;","block_context":{"text":"Distritos","link":"https:\/\/blogdafeira.com.br\/home\/categoria\/distritos\/"},"img":{"alt_text":"","src":"https:\/\/i0.wp.com\/blogdafeira.com.br\/home\/wp-content\/uploads\/2019\/06\/concurso-da-rainha-do-sao-joao-de-sao-jose-sera-dia-8-de-junho.jpg?resize=350%2C200","width":350,"height":200,"srcset":"https:\/\/i0.wp.com\/blogdafeira.com.br\/home\/wp-content\/uploads\/2019\/06\/concurso-da-rainha-do-sao-joao-de-sao-jose-sera-dia-8-de-junho.jpg?resize=350%2C200 1x, https:\/\/i0.wp.com\/blogdafeira.com.br\/home\/wp-content\/uploads\/2019\/06\/concurso-da-rainha-do-sao-joao-de-sao-jose-sera-dia-8-de-junho.jpg?resize=525%2C300 1.5x"},"classes":[]},{"id":3290,"url":"https:\/\/blogdafeira.com.br\/home\/2013\/07\/05\/dancarina-jurema-e-a-rainha-nega-maluca-e-maria-sapatao-princesas-2\/","url_meta":{"origin":14419,"position":5},"title":"Dan\u00e7arina Jurema \u00e9 a Rainha, Nega Maluca e Maria Sapat\u00e3o princesas","author":"Blog da Feira","date":"05\/07\/2013","format":false,"excerpt":"Por sugest\u00e3o da empres\u00e1ria Ozana Barreto, que participava, ontem, do corpo de jurado, foram escolhidas tamb\u00e9m duas princesas para compor com a Rainha a Corte do Bando Anunciador da Festa de Sant'Anna no pr\u00f3ximo domingo: Nega Maluca e Maria Sapat\u00e3o. A escolha da rainha e princesas aconteceu no Centro Universit\u00e1rio\u2026","rel":"","context":"Em &quot;Cultura&quot;","block_context":{"text":"Cultura","link":"https:\/\/blogdafeira.com.br\/home\/categoria\/cultura\/"},"img":{"alt_text":"RAINHA","src":"https:\/\/i0.wp.com\/blogdafeira.com.br\/home\/wp-content\/uploads\/2013\/07\/RAINHA1.jpg?resize=350%2C200","width":350,"height":200,"srcset":"https:\/\/i0.wp.com\/blogdafeira.com.br\/home\/wp-content\/uploads\/2013\/07\/RAINHA1.jpg?resize=350%2C200 1x, https:\/\/i0.wp.com\/blogdafeira.com.br\/home\/wp-content\/uploads\/2013\/07\/RAINHA1.jpg?resize=525%2C300 1.5x"},"classes":[]}],"_links":{"self":[{"href":"https:\/\/blogdafeira.com.br\/home\/wp-json\/wp\/v2\/posts\/14419","targetHints":{"allow":["GET"]}}],"collection":[{"href":"https:\/\/blogdafeira.com.br\/home\/wp-json\/wp\/v2\/posts"}],"about":[{"href":"https:\/\/blogdafeira.com.br\/home\/wp-json\/wp\/v2\/types\/post"}],"author":[{"embeddable":true,"href":"https:\/\/blogdafeira.com.br\/home\/wp-json\/wp\/v2\/users\/1"}],"replies":[{"embeddable":true,"href":"https:\/\/blogdafeira.com.br\/home\/wp-json\/wp\/v2\/comments?post=14419"}],"version-history":[{"count":1,"href":"https:\/\/blogdafeira.com.br\/home\/wp-json\/wp\/v2\/posts\/14419\/revisions"}],"predecessor-version":[{"id":14421,"href":"https:\/\/blogdafeira.com.br\/home\/wp-json\/wp\/v2\/posts\/14419\/revisions\/14421"}],"wp:attachment":[{"href":"https:\/\/blogdafeira.com.br\/home\/wp-json\/wp\/v2\/media?parent=14419"}],"wp:term":[{"taxonomy":"category","embeddable":true,"href":"https:\/\/blogdafeira.com.br\/home\/wp-json\/wp\/v2\/categories?post=14419"},{"taxonomy":"post_tag","embeddable":true,"href":"https:\/\/blogdafeira.com.br\/home\/wp-json\/wp\/v2\/tags?post=14419"}],"curies":[{"name":"wp","href":"https:\/\/api.w.org\/{rel}","templated":true}]}}