{"id":14424,"date":"2015-04-02T12:46:35","date_gmt":"2015-04-02T15:46:35","guid":{"rendered":"http:\/\/blogdafeira.com.br\/home\/?p=14424"},"modified":"2015-04-02T12:47:29","modified_gmt":"2015-04-02T15:47:29","slug":"sao-gabriel-mantem-tradicao-da-festa-os-caretas-em-pitial","status":"publish","type":"post","link":"https:\/\/blogdafeira.com.br\/home\/2015\/04\/02\/sao-gabriel-mantem-tradicao-da-festa-os-caretas-em-pitial\/","title":{"rendered":"S\u00e3o Gabriel mant\u00e9m tradi\u00e7\u00e3o da festa &#8216;Os Caretas&#8217; em Pitial"},"content":{"rendered":"<div id=\"blogd-1987368534\" class=\"blogd-fim-do-post-mobile blogd-entity-placement\" style=\"margin-left: auto;margin-right: auto;text-align: center;\"><a href=\"https:\/\/www.sefaz.feiradesantana.ba.gov.br\/\" target=\"_blank\" aria-label=\"728&#215;90 (6)\"><img loading=\"lazy\" decoding=\"async\" src=\"https:\/\/blogdafeira.com.br\/home\/wp-content\/uploads\/2026\/03\/728x90-6.gif\" alt=\"\"  class=\"no-lazyload\" width=\"728\" height=\"90\"  style=\"display: inline-block;\" \/><\/a><\/div><p>Em S\u00e3o Gabriel, a 380km de Feira de Santana, a festa &#8216;Os Caretas&#8217;, vai acontecer mais uma vez no povoado de Pitial, a 18 km da sede.<\/p><div id=\"blogd-2913388147\" class=\"blogd-conteudo-2-mobile blogd-entity-placement\"><a href=\"https:\/\/feirenses.com.br\/\" target=\"_blank\" aria-label=\"feirenses\"><img loading=\"lazy\" decoding=\"async\" src=\"https:\/\/blogdafeira.com.br\/home\/wp-content\/uploads\/2026\/04\/feirenses.png\" alt=\"\"  srcset=\"https:\/\/blogdafeira.com.br\/home\/wp-content\/uploads\/2026\/04\/feirenses.png 300w, https:\/\/blogdafeira.com.br\/home\/wp-content\/uploads\/2026\/04\/feirenses-170x45.png 170w, https:\/\/blogdafeira.com.br\/home\/wp-content\/uploads\/2026\/04\/feirenses-280x74.png 280w\" sizes=\"(max-width: 300px) 100vw, 300px\" class=\"no-lazyload\" width=\"300\" height=\"79\"  style=\"display: inline-block;\" \/><\/a><\/div>\n<p>A festa tem &#8217;80 anos de hist\u00f3ria&#8217;, dizem os organizadores.<\/p>\n<div id=\"blogd-2550235088\" class=\"blogd-final-post blogd-entity-placement\"><a href=\"https:\/\/www.feiradesantana.ba.leg.br\/\" target=\"_blank\" aria-label=\"BANNER-SITE-ENTREGADECHEQUE-CAMARADEFEIRA\"><img loading=\"lazy\" decoding=\"async\" src=\"https:\/\/blogdafeira.com.br\/home\/wp-content\/uploads\/2026\/03\/BANNER-SITE-ENTREGADECHEQUE-CAMARADEFEIRA.gif\" alt=\"\"  class=\"no-lazyload\" width=\"728\" height=\"90\"   \/><\/a><\/div><p>De acordo com a prefeita Gea Rocha \u201ctradi\u00e7\u00f5es como estas jamais podem ser esquecidas, principalmente porque temos orgulho de sermos conhecidos como cidade da cultura, por isto a Prefeitura apoia \u201cOs Caretas\u201d com log\u00edstica, carro de som, banda, palco e tudo o que estiver ao nosso alcance. O papel da nossa gest\u00e3o \u00e9 fortalecer cada vez mais as nossas manifesta\u00e7\u00f5es art\u00edsticas e culturais\u201d.<\/p>\n","protected":false},"excerpt":{"rendered":"<p>Em S\u00e3o Gabriel, a 380km de Feira de Santana, a festa &#8216;Os Caretas&#8217;, vai acontecer mais uma vez no povoado de Pitial, a 18 km da sede. A festa tem &#8217;80 anos de hist\u00f3ria&#8217;, dizem os organizadores. De acordo com a prefeita Gea Rocha \u201ctradi\u00e7\u00f5es como estas jamais podem ser esquecidas, principalmente porque temos orgulho<\/p>\n","protected":false},"author":1,"featured_media":0,"comment_status":"closed","ping_status":"closed","sticky":false,"template":"","format":"standard","meta":{"jetpack_post_was_ever_published":false,"cybocfi_hide_featured_image":"","_jetpack_newsletter_access":"","_jetpack_dont_email_post_to_subs":false,"_jetpack_newsletter_tier_id":0,"_jetpack_memberships_contains_paywalled_content":false,"_jetpack_memberships_contains_paid_content":false,"footnotes":"","jetpack_publicize_message":"","jetpack_publicize_feature_enabled":true,"jetpack_social_post_already_shared":true,"jetpack_social_options":{"image_generator_settings":{"template":"highway","default_image_id":0,"font":"","enabled":false},"version":2}},"categories":[1],"tags":[],"class_list":["post-14424","post","type-post","status-publish","format-standard","hentry","category-raiz"],"jetpack_publicize_connections":[],"jetpack_featured_media_url":"","jetpack_shortlink":"https:\/\/wp.me\/p3niVf-3KE","jetpack_sharing_enabled":true,"jetpack-related-posts":[{"id":56483,"url":"https:\/\/blogdafeira.com.br\/home\/2023\/02\/17\/carnaval-com-caretas-em-baixio\/","url_meta":{"origin":14424,"position":0},"title":"Carnaval com caretas em Baixio","author":"Edson Borges","date":"17\/02\/2023","format":false,"excerpt":"Estou em Baixio, povoado litor\u00e2neo com pouco mais de mil habitantes. Aqui tem Carnaval, com caretas e palco pra bandas. O Rio tem o grandioso Carnaval das Escolas de Samba. Salvador e Olinda tem Carnaval de rua. \u00c9 fabulosa essa manifesta\u00e7\u00e3o cultural, despojada, livre e solta. Basta um belo sorriso\u2026","rel":"","context":"Em &quot;Colunistas&quot;","block_context":{"text":"Colunistas","link":"https:\/\/blogdafeira.com.br\/home\/categoria\/colunistas\/"},"img":{"alt_text":"","src":"https:\/\/i0.wp.com\/blogdafeira.com.br\/home\/wp-content\/uploads\/2023\/02\/IMG-20230217-WA0019.jpg?resize=350%2C200&ssl=1","width":350,"height":200,"srcset":"https:\/\/i0.wp.com\/blogdafeira.com.br\/home\/wp-content\/uploads\/2023\/02\/IMG-20230217-WA0019.jpg?resize=350%2C200&ssl=1 1x, https:\/\/i0.wp.com\/blogdafeira.com.br\/home\/wp-content\/uploads\/2023\/02\/IMG-20230217-WA0019.jpg?resize=525%2C300&ssl=1 1.5x, https:\/\/i0.wp.com\/blogdafeira.com.br\/home\/wp-content\/uploads\/2023\/02\/IMG-20230217-WA0019.jpg?resize=700%2C400&ssl=1 2x, https:\/\/i0.wp.com\/blogdafeira.com.br\/home\/wp-content\/uploads\/2023\/02\/IMG-20230217-WA0019.jpg?resize=1050%2C600&ssl=1 3x, https:\/\/i0.wp.com\/blogdafeira.com.br\/home\/wp-content\/uploads\/2023\/02\/IMG-20230217-WA0019.jpg?resize=1400%2C800&ssl=1 4x"},"classes":[]},{"id":66530,"url":"https:\/\/blogdafeira.com.br\/home\/2025\/04\/03\/sou-seu-nenem-dia-12-na-cidade-da-cultura-com-bambas-do-nordeste-gabriela-moraes-e-pepita-do-acordeon\/","url_meta":{"origin":14424,"position":1},"title":"&#8216;Sou Seu Nen\u00e9m&#8217;, na Cidade da Cultura com Bambas do Nordeste, Gabriela Moraes e Pepita do Acordeon","author":"Blog da Feira","date":"03\/04\/2025","format":false,"excerpt":"O cantor, compositor, forrozeiro e sanfoneiro Nen\u00e9m do Acordeon faz show de lan\u00e7amento do seu novo single \u201cSou Seu Nen\u00e9m\u201d, reunindo grandes nomes da m\u00fasica feirense: Os Bambas do Nordeste, Gabriela Moraes e Pepita do Acordeon. A festa vai acontecer no dia 12 de abril, s\u00e1bado, na Cidade da Cultura.\u00a0\u2026","rel":"","context":"Em &quot;Cultura&quot;","block_context":{"text":"Cultura","link":"https:\/\/blogdafeira.com.br\/home\/categoria\/cultura\/"},"img":{"alt_text":"","src":"https:\/\/i0.wp.com\/blogdafeira.com.br\/home\/wp-content\/uploads\/2025\/04\/IMG-20250403-WA0063.jpg?resize=350%2C200&ssl=1","width":350,"height":200,"srcset":"https:\/\/i0.wp.com\/blogdafeira.com.br\/home\/wp-content\/uploads\/2025\/04\/IMG-20250403-WA0063.jpg?resize=350%2C200&ssl=1 1x, https:\/\/i0.wp.com\/blogdafeira.com.br\/home\/wp-content\/uploads\/2025\/04\/IMG-20250403-WA0063.jpg?resize=525%2C300&ssl=1 1.5x, https:\/\/i0.wp.com\/blogdafeira.com.br\/home\/wp-content\/uploads\/2025\/04\/IMG-20250403-WA0063.jpg?resize=700%2C400&ssl=1 2x, https:\/\/i0.wp.com\/blogdafeira.com.br\/home\/wp-content\/uploads\/2025\/04\/IMG-20250403-WA0063.jpg?resize=1050%2C600&ssl=1 3x, https:\/\/i0.wp.com\/blogdafeira.com.br\/home\/wp-content\/uploads\/2025\/04\/IMG-20250403-WA0063.jpg?resize=1400%2C800&ssl=1 4x"},"classes":[]},{"id":38973,"url":"https:\/\/blogdafeira.com.br\/home\/2020\/07\/14\/o-silencio-do-bando-e-as-memorias-da-cultura-andante-nas-ruas-de-feira\/","url_meta":{"origin":14424,"position":2},"title":"O sil\u00eancio do Bando e as mem\u00f3rias da cultura andante nas ruas de Feira","author":"Socorro Pitombo","date":"14\/07\/2020","format":false,"excerpt":"Neste julho n\u00e3o tem Bando Anunciador! A pandemia da Covid-19 tirou das ruas o alegre cortejo, que antecede os festejos em louvor a Senhora Sant\u2019Anna, padroeira da cidade. Neste julho n\u00e3o tem zabumba, foguete nem mascarados. Na madrugada fria s\u00f3 o sil\u00eancio e a preocupa\u00e7\u00e3o com a pandemia. Mas tudo\u2026","rel":"","context":"Em &quot;Colunistas&quot;","block_context":{"text":"Colunistas","link":"https:\/\/blogdafeira.com.br\/home\/categoria\/colunistas\/"},"img":{"alt_text":"","src":"https:\/\/i0.wp.com\/blogdafeira.com.br\/home\/wp-content\/uploads\/2020\/07\/bando-anunciador.jpg?resize=350%2C200&ssl=1","width":350,"height":200,"srcset":"https:\/\/i0.wp.com\/blogdafeira.com.br\/home\/wp-content\/uploads\/2020\/07\/bando-anunciador.jpg?resize=350%2C200&ssl=1 1x, https:\/\/i0.wp.com\/blogdafeira.com.br\/home\/wp-content\/uploads\/2020\/07\/bando-anunciador.jpg?resize=525%2C300&ssl=1 1.5x"},"classes":[]},{"id":45592,"url":"https:\/\/blogdafeira.com.br\/home\/2021\/05\/27\/morreu-antonio-de-lajeadinho-escritor-e-ex-combatente\/","url_meta":{"origin":14424,"position":3},"title":"Morreu Ant\u00f4nio do Lajedinho, escritor e ex-combatente","author":"Blog da Feira","date":"27\/05\/2021","format":false,"excerpt":"Faleceu na manh\u00e3 desta quinta-feira, 27,\u00a0 Antonio Moreira Ferreira , aos 95 anos, conhecido como Antonio do Lajedinho. Ele era o \u00faltimo ex-combatente da Segunda Guerra nascido em Feira de Santana. Como ex-combatente serviu \u00e0 Marinha do Brasil, onde\u00a0 ingressou na em janeiro de 1942. Foi condecorado por servi\u00e7os prestados\u2026","rel":"","context":"Em &quot;Geral&quot;","block_context":{"text":"Geral","link":"https:\/\/blogdafeira.com.br\/home\/categoria\/geral\/"},"img":{"alt_text":"","src":"https:\/\/i0.wp.com\/blogdafeira.com.br\/home\/wp-content\/uploads\/2021\/05\/FB_IMG_1622147362027.jpg?resize=350%2C200&ssl=1","width":350,"height":200},"classes":[]},{"id":58438,"url":"https:\/\/blogdafeira.com.br\/home\/2023\/06\/28\/seis-filarmonicas-da-bahia-tocarao-juntas-no-campo-grande-o-hino-ao-2-de-julho\/","url_meta":{"origin":14424,"position":4},"title":"Seis Filarm\u00f4nicas da Bahia tocar\u00e3o juntas no Campo Grande o &#8216;Hino ao 2 de Julho&#8217;","author":"Blog da Feira","date":"28\/06\/2023","format":false,"excerpt":"Seis filarm\u00f4nicas realizam o 32\u00ba Encontro de Filarm\u00f4nicas no 2 de Julho, das 17h30 \u00e0s 21h30 do dia da Independ\u00eancia do Brasil na Bahia, em frente ao Monumento ao Dois de Julho, no Campo Grande, em Salvador. No dia seguinte, 3 de julho, a partir das 19h, tamb\u00e9m no Campo\u2026","rel":"","context":"Em &quot;Cultura&quot;","block_context":{"text":"Cultura","link":"https:\/\/blogdafeira.com.br\/home\/categoria\/cultura\/"},"img":{"alt_text":"","src":"https:\/\/i0.wp.com\/blogdafeira.com.br\/home\/wp-content\/uploads\/2023\/06\/Oficina-de-Frevos-e-Dobrados.jpeg?resize=350%2C200&ssl=1","width":350,"height":200,"srcset":"https:\/\/i0.wp.com\/blogdafeira.com.br\/home\/wp-content\/uploads\/2023\/06\/Oficina-de-Frevos-e-Dobrados.jpeg?resize=350%2C200&ssl=1 1x, https:\/\/i0.wp.com\/blogdafeira.com.br\/home\/wp-content\/uploads\/2023\/06\/Oficina-de-Frevos-e-Dobrados.jpeg?resize=525%2C300&ssl=1 1.5x, https:\/\/i0.wp.com\/blogdafeira.com.br\/home\/wp-content\/uploads\/2023\/06\/Oficina-de-Frevos-e-Dobrados.jpeg?resize=700%2C400&ssl=1 2x, https:\/\/i0.wp.com\/blogdafeira.com.br\/home\/wp-content\/uploads\/2023\/06\/Oficina-de-Frevos-e-Dobrados.jpeg?resize=1050%2C600&ssl=1 3x, https:\/\/i0.wp.com\/blogdafeira.com.br\/home\/wp-content\/uploads\/2023\/06\/Oficina-de-Frevos-e-Dobrados.jpeg?resize=1400%2C800&ssl=1 4x"},"classes":[]},{"id":37942,"url":"https:\/\/blogdafeira.com.br\/home\/2020\/05\/19\/tarde-de-garoa-prateada-na-feira\/","url_meta":{"origin":14424,"position":5},"title":"Tarde de garoa prateada na Feira","author":"Andr\u00e9 Pomponet","date":"19\/05\/2020","format":false,"excerpt":"A garoa come\u00e7ou a se desprendeu das nuvens, macia, no meio da tarde. Uma n\u00e9voa prateada envolveu o casario feirense e diluiu os espig\u00f5es que se espicham, portentosos, nas cercanias do centro da cidade. \u00c0s vezes, a chuva t\u00edmida se encorpava. E o vento fustigava-a contra os raros passantes nas\u2026","rel":"","context":"Em &quot;Colunistas&quot;","block_context":{"text":"Colunistas","link":"https:\/\/blogdafeira.com.br\/home\/categoria\/colunistas\/"},"img":{"alt_text":"","src":"https:\/\/i0.wp.com\/blogdafeira.com.br\/home\/wp-content\/uploads\/2013\/04\/chuvas.jpg?resize=350%2C200&ssl=1","width":350,"height":200,"srcset":"https:\/\/i0.wp.com\/blogdafeira.com.br\/home\/wp-content\/uploads\/2013\/04\/chuvas.jpg?resize=350%2C200&ssl=1 1x, https:\/\/i0.wp.com\/blogdafeira.com.br\/home\/wp-content\/uploads\/2013\/04\/chuvas.jpg?resize=525%2C300&ssl=1 1.5x"},"classes":[]}],"_links":{"self":[{"href":"https:\/\/blogdafeira.com.br\/home\/wp-json\/wp\/v2\/posts\/14424","targetHints":{"allow":["GET"]}}],"collection":[{"href":"https:\/\/blogdafeira.com.br\/home\/wp-json\/wp\/v2\/posts"}],"about":[{"href":"https:\/\/blogdafeira.com.br\/home\/wp-json\/wp\/v2\/types\/post"}],"author":[{"embeddable":true,"href":"https:\/\/blogdafeira.com.br\/home\/wp-json\/wp\/v2\/users\/1"}],"replies":[{"embeddable":true,"href":"https:\/\/blogdafeira.com.br\/home\/wp-json\/wp\/v2\/comments?post=14424"}],"version-history":[{"count":2,"href":"https:\/\/blogdafeira.com.br\/home\/wp-json\/wp\/v2\/posts\/14424\/revisions"}],"predecessor-version":[{"id":14427,"href":"https:\/\/blogdafeira.com.br\/home\/wp-json\/wp\/v2\/posts\/14424\/revisions\/14427"}],"wp:attachment":[{"href":"https:\/\/blogdafeira.com.br\/home\/wp-json\/wp\/v2\/media?parent=14424"}],"wp:term":[{"taxonomy":"category","embeddable":true,"href":"https:\/\/blogdafeira.com.br\/home\/wp-json\/wp\/v2\/categories?post=14424"},{"taxonomy":"post_tag","embeddable":true,"href":"https:\/\/blogdafeira.com.br\/home\/wp-json\/wp\/v2\/tags?post=14424"}],"curies":[{"name":"wp","href":"https:\/\/api.w.org\/{rel}","templated":true}]}}