{"id":14428,"date":"2015-04-02T17:50:58","date_gmt":"2015-04-02T20:50:58","guid":{"rendered":"http:\/\/blogdafeira.com.br\/home\/?p=14428"},"modified":"2015-04-02T17:50:58","modified_gmt":"2015-04-02T20:50:58","slug":"holambra-e-aqui-3a-exposicao-de-flores-em-feira-de-santana","status":"publish","type":"post","link":"https:\/\/blogdafeira.com.br\/home\/2015\/04\/02\/holambra-e-aqui-3a-exposicao-de-flores-em-feira-de-santana\/","title":{"rendered":"Holambra \u00e9 aqui: 3\u00aa exposi\u00e7\u00e3o de flores em Feira de Santana"},"content":{"rendered":"<div id=\"blogd-1391539903\" class=\"blogd-fim-do-post-mobile blogd-entity-placement\" style=\"margin-left: auto;margin-right: auto;text-align: center;\"><a href=\"https:\/\/www.sefaz.feiradesantana.ba.gov.br\/\" target=\"_blank\" aria-label=\"728&#215;90 (6)\"><img loading=\"lazy\" decoding=\"async\" src=\"https:\/\/blogdafeira.com.br\/home\/wp-content\/uploads\/2026\/03\/728x90-6.gif\" alt=\"\"  class=\"no-lazyload\" width=\"728\" height=\"90\"  style=\"display: inline-block;\" \/><\/a><\/div><p><img loading=\"lazy\" decoding=\"async\" class=\"aligncenter size-full wp-image-14429\" src=\"http:\/\/blogdafeira.com.br\/home\/wp-content\/uploads\/2015\/04\/Feira-de-flores-de-Holambra-foto-Silvio-Tito-2.jpg\" alt=\"Feira de flores de Holambra - foto Silvio Tito (2)\" width=\"640\" height=\"427\" srcset=\"https:\/\/blogdafeira.com.br\/home\/wp-content\/uploads\/2015\/04\/Feira-de-flores-de-Holambra-foto-Silvio-Tito-2.jpg 640w, https:\/\/blogdafeira.com.br\/home\/wp-content\/uploads\/2015\/04\/Feira-de-flores-de-Holambra-foto-Silvio-Tito-2-170x113.jpg 170w, https:\/\/blogdafeira.com.br\/home\/wp-content\/uploads\/2015\/04\/Feira-de-flores-de-Holambra-foto-Silvio-Tito-2-346x231.jpg 346w\" sizes=\"auto, (max-width: 640px) 100vw, 640px\" \/>Quem olha, pode at\u00e9 pensar que a primavera chegou mais cedo em Feira de Santana e deixou a avenida Get\u00falio Vargas mais colorida. Esse \u00e9 um dos efeitos da III Feira de Flores Holambra, iniciada nesta quinta-feira, 2, no estacionamento da Prefeitura.<\/p><div id=\"blogd-3996311932\" class=\"blogd-conteudo-2-mobile blogd-entity-placement\"><a href=\"https:\/\/feirenses.com.br\/\" target=\"_blank\" aria-label=\"feirenses\"><img loading=\"lazy\" decoding=\"async\" src=\"https:\/\/blogdafeira.com.br\/home\/wp-content\/uploads\/2026\/04\/feirenses.png\" alt=\"\"  srcset=\"https:\/\/blogdafeira.com.br\/home\/wp-content\/uploads\/2026\/04\/feirenses.png 300w, https:\/\/blogdafeira.com.br\/home\/wp-content\/uploads\/2026\/04\/feirenses-170x45.png 170w, https:\/\/blogdafeira.com.br\/home\/wp-content\/uploads\/2026\/04\/feirenses-280x74.png 280w\" sizes=\"(max-width: 300px) 100vw, 300px\" class=\"no-lazyload\" width=\"300\" height=\"79\"  style=\"display: inline-block;\" \/><\/a><\/div>\n<p>Com car\u00e1ter beneficente, a Feira de Flores re\u00fane diversas esp\u00e9cies. Toda a renda arrecadada com a venda dos produtos ser\u00e1 destinada para a entidade filantr\u00f3pica Centro Esp\u00edrita Uni\u00e3o. A entidade realiza trabalhos sociais no munic\u00edpio, a exemplo do projeto Luz do Saber, que alfabetiza adultos. Al\u00e9m da realiza\u00e7\u00e3o do Dia do Bem, com diversas a\u00e7\u00f5es voltadas ao bem-estar social.<\/p>\n<p>Segundo o organizador da feira, Nassim de Almeida Rosemberg, todas as flores s\u00e3o da cidade de Holambra, em S\u00e3o Paulo, considerada a cidade das flores. \u201cS\u00e3o flores naturais de excelente qualidade. E elas v\u00eam de uma cidade que \u00e9 refer\u00eancia nessa atividade\u201d, destaca.<\/p>\n<p>\u201cJ\u00e1 \u00e9 o segundo ano que compare\u00e7o aqui. Vou levar algumas flores para cuidar e enfeitar minha casa. S\u00f3 de entrar aqui meu estado de esp\u00edrito melhora e ganho f\u00f4lego para todo o dia\u201d, diz Marizete Oliveira.<\/p>\n<p>A expectativa \u00e9 que 40 mil pessoas comparece\u00e7am \u00e0 III Feira de Flores Holambra, at\u00e9 o dia 12 de abril. \u201cS\u00f3 nesse primeiro dia j\u00e1 tivemos casa cheia. Esperamos boas vendas e um movimento muito positivo, assim como no ano passado\u201d, afirma o organizador.<\/p>\n<div id=\"blogd-1367607466\" class=\"blogd-final-post blogd-entity-placement\"><a href=\"https:\/\/www.feiradesantana.ba.leg.br\/\" target=\"_blank\" aria-label=\"BANNER-SITE-ENTREGADECHEQUE-CAMARADEFEIRA\"><img loading=\"lazy\" decoding=\"async\" src=\"https:\/\/blogdafeira.com.br\/home\/wp-content\/uploads\/2026\/03\/BANNER-SITE-ENTREGADECHEQUE-CAMARADEFEIRA.gif\" alt=\"\"  class=\"no-lazyload\" width=\"728\" height=\"90\"   \/><\/a><\/div><p><a href=\"http:\/\/www.feiradesantana.ba.gov.br\/\" target=\"_blank\">Texto e fotos da Secom\/Fsa<\/a><\/p>\n","protected":false},"excerpt":{"rendered":"<p>Quem olha, pode at\u00e9 pensar que a primavera chegou mais cedo em Feira de Santana e deixou a avenida Get\u00falio Vargas mais colorida. Esse \u00e9 um dos efeitos da III Feira de Flores Holambra, iniciada nesta quinta-feira, 2, no estacionamento da Prefeitura. Com car\u00e1ter beneficente, a Feira de Flores re\u00fane diversas esp\u00e9cies. Toda a renda<\/p>\n","protected":false},"author":1,"featured_media":0,"comment_status":"closed","ping_status":"closed","sticky":false,"template":"","format":"standard","meta":{"jetpack_post_was_ever_published":false,"cybocfi_hide_featured_image":"","_jetpack_newsletter_access":"","_jetpack_dont_email_post_to_subs":false,"_jetpack_newsletter_tier_id":0,"_jetpack_memberships_contains_paywalled_content":false,"_jetpack_memberships_contains_paid_content":false,"footnotes":"","jetpack_publicize_message":"","jetpack_publicize_feature_enabled":true,"jetpack_social_post_already_shared":true,"jetpack_social_options":{"image_generator_settings":{"template":"highway","default_image_id":0,"font":"","enabled":false},"version":2}},"categories":[1],"tags":[],"class_list":["post-14428","post","type-post","status-publish","format-standard","hentry","category-raiz"],"jetpack_publicize_connections":[],"jetpack_featured_media_url":"","jetpack_shortlink":"https:\/\/wp.me\/p3niVf-3KI","jetpack_sharing_enabled":true,"jetpack-related-posts":[{"id":20643,"url":"https:\/\/blogdafeira.com.br\/home\/2016\/04\/05\/flores-de-holambra-voltam-ao-estacionamento-da-prefeitura-de-feira\/","url_meta":{"origin":14428,"position":0},"title":"Flores de Holambra voltam ao estacionamento da Prefeitura de Feira","author":"Blog da Feira","date":"05\/04\/2016","format":false,"excerpt":"Em sua 4\u00aa edi\u00e7\u00e3o, a Feira de Flores de Holambra ser\u00e1 realizada no estacionamento da Prefeitura, na avenida Get\u00falio Vargas, em frente ao Pa\u00e7o Municipal Maria Quit\u00e9ria, no per\u00edodo de 7 (esta quinta-feira) a 17 deste m\u00eas. S\u00e3o mais de 200 esp\u00e9cies de flores e plantas diversas comercializadas a pre\u00e7os\u2026","rel":"","context":"Em &quot;Home&quot;","block_context":{"text":"Home","link":"https:\/\/blogdafeira.com.br\/home\/categoria\/raiz\/"},"img":{"alt_text":"plantaovo","src":"https:\/\/i0.wp.com\/blogdafeira.com.br\/home\/wp-content\/uploads\/2013\/04\/plantaovo.jpg?resize=350%2C200","width":350,"height":200},"classes":[]},{"id":31555,"url":"https:\/\/blogdafeira.com.br\/home\/2019\/05\/31\/tem-mais-de-200-especies-flores-e-plantas-de-holambra-no-estacionamento-da-prefeitura-de-feira\/","url_meta":{"origin":14428,"position":1},"title":"Tem mais de 200 esp\u00e9cies de flores e plantas de Holambra no estacionamento da Prefeitura de Feira","author":"J\u00e2nio R\u00eago","date":"31\/05\/2019","format":false,"excerpt":"O colorido nas bancas enchem os olhos de quem passa nos passeios do estacionamento da Prefeitura de Feira de Santana e mais ainda de quem entra para ver as flores de perto. S\u00e3o esp\u00e9cies conhecidas, como v\u00e1rias orqu\u00eddeas, e outras nem tanto, como peporonias e gloxienas. S\u00e3o mais de 200\u2026","rel":"","context":"Em &quot;Home&quot;","block_context":{"text":"Home","link":"https:\/\/blogdafeira.com.br\/home\/categoria\/raiz\/"},"img":{"alt_text":"","src":"https:\/\/i0.wp.com\/blogdafeira.com.br\/home\/wp-content\/uploads\/2019\/05\/Feira-em-Flores-Foto-ACM-4-1024x682.jpeg?resize=350%2C200","width":350,"height":200,"srcset":"https:\/\/i0.wp.com\/blogdafeira.com.br\/home\/wp-content\/uploads\/2019\/05\/Feira-em-Flores-Foto-ACM-4-1024x682.jpeg?resize=350%2C200 1x, https:\/\/i0.wp.com\/blogdafeira.com.br\/home\/wp-content\/uploads\/2019\/05\/Feira-em-Flores-Foto-ACM-4-1024x682.jpeg?resize=525%2C300 1.5x, https:\/\/i0.wp.com\/blogdafeira.com.br\/home\/wp-content\/uploads\/2019\/05\/Feira-em-Flores-Foto-ACM-4-1024x682.jpeg?resize=700%2C400 2x"},"classes":[]},{"id":31491,"url":"https:\/\/blogdafeira.com.br\/home\/2019\/05\/27\/flores-de-holambra-voltam-ao-estacionamento-da-prefeitura-de-feira-de-quarta-feira-ate-9-de-junho\/","url_meta":{"origin":14428,"position":2},"title":"Flores de Holambra voltam ao estacionamento da Prefeitura de Feira de quarta-feira at\u00e9 9 de junho","author":"J\u00e2nio R\u00eago","date":"27\/05\/2019","format":false,"excerpt":"Beneficente, a VII Feira em Flores de Holambra que acontece de 29 a 9 de junho, no estacionamento da Prefeitura, se destaca pela variedade de esp\u00e9cies e pelos pre\u00e7os competitivos. Ser\u00e3o mais de 200 esp\u00e9cies, cujos estoques ser\u00e3o refor\u00e7ados a cada tr\u00eas dias, distribu\u00eddas em aproximadamente cinco mil vasos. S\u00e3o\u2026","rel":"","context":"Em &quot;Home&quot;","block_context":{"text":"Home","link":"https:\/\/blogdafeira.com.br\/home\/categoria\/raiz\/"},"img":{"alt_text":"","src":"https:\/\/i0.wp.com\/blogdafeira.com.br\/home\/wp-content\/uploads\/2019\/05\/2752019103112.jpg?resize=350%2C200","width":350,"height":200,"srcset":"https:\/\/i0.wp.com\/blogdafeira.com.br\/home\/wp-content\/uploads\/2019\/05\/2752019103112.jpg?resize=350%2C200 1x, https:\/\/i0.wp.com\/blogdafeira.com.br\/home\/wp-content\/uploads\/2019\/05\/2752019103112.jpg?resize=525%2C300 1.5x"},"classes":[]},{"id":168,"url":"https:\/\/blogdafeira.com.br\/home\/2013\/04\/08\/planta-ovo-encanta-na-feira-de-flores-de-holambra\/","url_meta":{"origin":14428,"position":3},"title":"Planta-ovo chama aten\u00e7\u00e3o na Feira de Flores","author":"Blog da Feira","date":"08\/04\/2013","format":false,"excerpt":"A Solanum ovigerum, mais conhecida como a Planta-ovo, \u00a0tem chamado a aten\u00e7\u00e3o do p\u00fablico na Feira de Flores de Holambra instalada no Estacionamento da Prefeitura no centro da cidade. As pessoas param pra olhar, tocar e acabam comprando pela curiosidade que a esp\u00e9cie provoca. \u201dJ\u00e1 vendemos uma grande quantidade de\u2026","rel":"","context":"Em &quot;Home&quot;","block_context":{"text":"Home","link":"https:\/\/blogdafeira.com.br\/home\/categoria\/raiz\/"},"img":{"alt_text":"plantaovo","src":"https:\/\/i0.wp.com\/blogdafeira.com.br\/home\/wp-content\/uploads\/2013\/04\/plantaovo.jpg?resize=350%2C200","width":350,"height":200},"classes":[]},{"id":175,"url":"https:\/\/blogdafeira.com.br\/home\/2013\/04\/08\/175\/","url_meta":{"origin":14428,"position":4},"title":"Mais de 300 esp\u00e9cies est\u00e3o \u00e0 venda na Feira de Flores de Holambra","author":"Blog da Feira","date":"08\/04\/2013","format":false,"excerpt":"Mais de trezentas esp\u00e9cies de flores e plantas ornamentais j\u00e1 foram vendidas na Feira de Flores de Holambra que vai at\u00e9 o dia 14 no Estacionamento da Prefeitura Municipal. As flores tem sido o \u00edtem mais procurado pelo p\u00fablico que lota o espa\u00e7o todos os dias \u201c J\u00e1 comercializamos dois\u2026","rel":"","context":"Em &quot;Cidade&quot;","block_context":{"text":"Cidade","link":"https:\/\/blogdafeira.com.br\/home\/categoria\/cidade\/"},"img":{"alt_text":"admin-ajax","src":"https:\/\/i0.wp.com\/blogdafeira.com.br\/home\/wp-content\/uploads\/2013\/04\/admin-ajax-170x127.jpg?resize=350%2C200","width":350,"height":200},"classes":[]},{"id":11635,"url":"https:\/\/blogdafeira.com.br\/home\/2014\/07\/30\/plantas-aquaticas-da-holambra-para-o-parque-erivaldo-cerqueira-em-feira\/","url_meta":{"origin":14428,"position":5},"title":"Plantas aqu\u00e1ticas da Holambra para o Parque Erivaldo Cerqueira em Feira","author":"Blog da Feira","date":"30\/07\/2014","format":false,"excerpt":"O lago do Parque Municipal \"Erivaldo Cerqueira\", antiga 'Lagoa do Geladinho' pode ganhar uma decora\u00e7\u00e3o de plantas aqu\u00e1ticas vindas da Holambra, cidade no interior paulista conhecida pelo cultivo de flores. A iniciativa \u00e9 do \u00a0diretor de \u2018\u00c1reas Verdes\u2019 do Munic\u00edpio de Feira, Deodato Peixinho, qiue participou na \u00faltima semana de\u2026","rel":"","context":"Em &quot;Home&quot;","block_context":{"text":"Home","link":"https:\/\/blogdafeira.com.br\/home\/categoria\/raiz\/"},"img":{"alt_text":"PARQUE ERIVALDO CERQUEIRA","src":"https:\/\/i0.wp.com\/blogdafeira.com.br\/home\/wp-content\/uploads\/2014\/07\/PARQUE-ERIVALDO-CERQUEIRA1.jpg?resize=350%2C200","width":350,"height":200,"srcset":"https:\/\/i0.wp.com\/blogdafeira.com.br\/home\/wp-content\/uploads\/2014\/07\/PARQUE-ERIVALDO-CERQUEIRA1.jpg?resize=350%2C200 1x, https:\/\/i0.wp.com\/blogdafeira.com.br\/home\/wp-content\/uploads\/2014\/07\/PARQUE-ERIVALDO-CERQUEIRA1.jpg?resize=525%2C300 1.5x"},"classes":[]}],"_links":{"self":[{"href":"https:\/\/blogdafeira.com.br\/home\/wp-json\/wp\/v2\/posts\/14428","targetHints":{"allow":["GET"]}}],"collection":[{"href":"https:\/\/blogdafeira.com.br\/home\/wp-json\/wp\/v2\/posts"}],"about":[{"href":"https:\/\/blogdafeira.com.br\/home\/wp-json\/wp\/v2\/types\/post"}],"author":[{"embeddable":true,"href":"https:\/\/blogdafeira.com.br\/home\/wp-json\/wp\/v2\/users\/1"}],"replies":[{"embeddable":true,"href":"https:\/\/blogdafeira.com.br\/home\/wp-json\/wp\/v2\/comments?post=14428"}],"version-history":[{"count":1,"href":"https:\/\/blogdafeira.com.br\/home\/wp-json\/wp\/v2\/posts\/14428\/revisions"}],"predecessor-version":[{"id":14430,"href":"https:\/\/blogdafeira.com.br\/home\/wp-json\/wp\/v2\/posts\/14428\/revisions\/14430"}],"wp:attachment":[{"href":"https:\/\/blogdafeira.com.br\/home\/wp-json\/wp\/v2\/media?parent=14428"}],"wp:term":[{"taxonomy":"category","embeddable":true,"href":"https:\/\/blogdafeira.com.br\/home\/wp-json\/wp\/v2\/categories?post=14428"},{"taxonomy":"post_tag","embeddable":true,"href":"https:\/\/blogdafeira.com.br\/home\/wp-json\/wp\/v2\/tags?post=14428"}],"curies":[{"name":"wp","href":"https:\/\/api.w.org\/{rel}","templated":true}]}}