{"id":14441,"date":"2015-04-06T17:29:29","date_gmt":"2015-04-06T20:29:29","guid":{"rendered":"http:\/\/blogdafeira.com.br\/home\/?p=14441"},"modified":"2015-04-06T17:30:56","modified_gmt":"2015-04-06T20:30:56","slug":"embasa-mostra-servico-em-feira-e-conserta-adutora-em-menos-de-24-h","status":"publish","type":"post","link":"https:\/\/blogdafeira.com.br\/home\/2015\/04\/06\/embasa-mostra-servico-em-feira-e-conserta-adutora-em-menos-de-24-h\/","title":{"rendered":"Embasa &#8216;mostra servi\u00e7o&#8217; em Feira e conserta adutora em menos de 24 h"},"content":{"rendered":"<div id=\"blogd-1842619591\" class=\"blogd-fim-do-post-mobile blogd-entity-placement\" style=\"margin-left: auto;margin-right: auto;text-align: center;\"><a href=\"https:\/\/www.sefaz.feiradesantana.ba.gov.br\/\" target=\"_blank\" aria-label=\"728&#215;90 (6)\"><img loading=\"lazy\" decoding=\"async\" src=\"https:\/\/blogdafeira.com.br\/home\/wp-content\/uploads\/2026\/03\/728x90-6.gif\" alt=\"\"  class=\"no-lazyload\" width=\"728\" height=\"90\"  style=\"display: inline-block;\" \/><\/a><\/div><p>Em menos de 24 horas a Empresa Baiana de Abastecimento consertou uma adutora que causou a interrup\u00e7\u00e3o no abastecimento de Feira de Santana e algumas cidades da regi\u00e3o.<\/p><div id=\"blogd-2801172744\" class=\"blogd-conteudo-2-mobile blogd-entity-placement\"><a href=\"https:\/\/feirenses.com.br\/\" target=\"_blank\" aria-label=\"feirenses\"><img loading=\"lazy\" decoding=\"async\" src=\"https:\/\/blogdafeira.com.br\/home\/wp-content\/uploads\/2026\/04\/feirenses.png\" alt=\"\"  srcset=\"https:\/\/blogdafeira.com.br\/home\/wp-content\/uploads\/2026\/04\/feirenses.png 300w, https:\/\/blogdafeira.com.br\/home\/wp-content\/uploads\/2026\/04\/feirenses-170x45.png 170w, https:\/\/blogdafeira.com.br\/home\/wp-content\/uploads\/2026\/04\/feirenses-280x74.png 280w\" sizes=\"(max-width: 300px) 100vw, 300px\" class=\"no-lazyload\" width=\"300\" height=\"79\"  style=\"display: inline-block;\" \/><\/a><\/div>\n<p>A adutora quebrou na noite de ontem e na tarde de hoje a empresa anunciou a normalidade no abastecimento.<\/p>\n<div id=\"blogd-1166959906\" class=\"blogd-final-post blogd-entity-placement\"><a href=\"https:\/\/www.feiradesantana.ba.leg.br\/\" target=\"_blank\" aria-label=\"BANNER-SITE-ENTREGADECHEQUE-CAMARADEFEIRA\"><img loading=\"lazy\" decoding=\"async\" src=\"https:\/\/blogdafeira.com.br\/home\/wp-content\/uploads\/2026\/03\/BANNER-SITE-ENTREGADECHEQUE-CAMARADEFEIRA.gif\" alt=\"\"  class=\"no-lazyload\" width=\"728\" height=\"90\"   \/><\/a><\/div><p>Enquanto isso a capital sofre e reclama.At\u00e9 o prefeito ACM Neto j\u00e1 utilizou hoje o twitter para &#8216;queimar&#8217; a Embasa e, por tabela, o governo Rui Costa.<\/p>\n","protected":false},"excerpt":{"rendered":"<p>Em menos de 24 horas a Empresa Baiana de Abastecimento consertou uma adutora que causou a interrup\u00e7\u00e3o no abastecimento de Feira de Santana e algumas cidades da regi\u00e3o. A adutora quebrou na noite de ontem e na tarde de hoje a empresa anunciou a normalidade no abastecimento. Enquanto isso a capital sofre e reclama.At\u00e9 o<\/p>\n","protected":false},"author":1,"featured_media":0,"comment_status":"closed","ping_status":"closed","sticky":false,"template":"","format":"standard","meta":{"jetpack_post_was_ever_published":false,"cybocfi_hide_featured_image":"","_jetpack_newsletter_access":"","_jetpack_dont_email_post_to_subs":false,"_jetpack_newsletter_tier_id":0,"_jetpack_memberships_contains_paywalled_content":false,"_jetpack_memberships_contains_paid_content":false,"footnotes":"","jetpack_publicize_message":"","jetpack_publicize_feature_enabled":true,"jetpack_social_post_already_shared":true,"jetpack_social_options":{"image_generator_settings":{"template":"highway","default_image_id":0,"font":"","enabled":false},"version":2}},"categories":[1],"tags":[],"class_list":["post-14441","post","type-post","status-publish","format-standard","hentry","category-raiz"],"jetpack_publicize_connections":[],"jetpack_featured_media_url":"","jetpack_shortlink":"https:\/\/wp.me\/p3niVf-3KV","jetpack_sharing_enabled":true,"jetpack-related-posts":[{"id":26247,"url":"https:\/\/blogdafeira.com.br\/home\/2017\/03\/23\/embasa-vai-duplicar-adutora-que-atende-regiao-de-feira-ate-santanopolis\/","url_meta":{"origin":14441,"position":0},"title":"Embasa vai duplicar adutora que atende regi\u00e3o de Feira at\u00e9 Santan\u00f3polis","author":"Blog da Feira","date":"23\/03\/2017","format":false,"excerpt":"Para melhorar o abastecimento nos munic\u00edpios de Santa B\u00e1rbara, Tanquinho, Santan\u00f3polis e nos distritos de Tiquaru\u00e7u, Matinha e Maria Quit\u00e9ria, em Feira de Santana, a Embasa vai realizar uma obra de duplica\u00e7\u00e3o da adutora que atende esta regi\u00e3o. Ser\u00e1 realizada nesta sexta-feira, 24, \u00a0a licita\u00e7\u00e3o para contrata\u00e7\u00e3o da empresa que\u2026","rel":"","context":"Em &quot;Distritos&quot;","block_context":{"text":"Distritos","link":"https:\/\/blogdafeira.com.br\/home\/categoria\/distritos\/"},"img":{"alt_text":"img_20170209_090648280","src":"https:\/\/i0.wp.com\/blogdafeira.com.br\/home\/wp-content\/uploads\/2017\/02\/IMG_20170209_090648280-346x195.jpg?resize=350%2C200","width":350,"height":200},"classes":[]},{"id":65435,"url":"https:\/\/blogdafeira.com.br\/home\/2025\/01\/30\/nova-adutora-da-embasa-incrementa-100-litros-dagua-segundo-no-abastecimento-de-feira-e-regiao\/","url_meta":{"origin":14441,"position":1},"title":"Nova adutora da Embasa incrementa 100 litros d&#8217;\u00e1gua\/segundo no abastecimento de Feira e regi\u00e3o","author":"Blog da Feira","date":"30\/01\/2025","format":false,"excerpt":"A nova adutora conclu\u00edda este ano d\u00e1 um incremento de 100 litros de \u00e1gua por segundo no sistema de abastecimento da regi\u00e3o. O investimento foi de cerca de 400 milh\u00f5es de reais. Esta semana o deputado Z\u00e9 Neto visitou as obras da adutora na Caixa D'\u00e1gua do Tomba, acompanhando do\u2026","rel":"","context":"Em &quot;Cidade&quot;","block_context":{"text":"Cidade","link":"https:\/\/blogdafeira.com.br\/home\/categoria\/cidade\/"},"img":{"alt_text":"","src":"https:\/\/i0.wp.com\/blogdafeira.com.br\/home\/wp-content\/uploads\/2025\/01\/20250116_UNF_NovaAdutora_TrechoAereo_FabrizioD.RMorais.jpeg?resize=350%2C200&ssl=1","width":350,"height":200,"srcset":"https:\/\/i0.wp.com\/blogdafeira.com.br\/home\/wp-content\/uploads\/2025\/01\/20250116_UNF_NovaAdutora_TrechoAereo_FabrizioD.RMorais.jpeg?resize=350%2C200&ssl=1 1x, https:\/\/i0.wp.com\/blogdafeira.com.br\/home\/wp-content\/uploads\/2025\/01\/20250116_UNF_NovaAdutora_TrechoAereo_FabrizioD.RMorais.jpeg?resize=525%2C300&ssl=1 1.5x"},"classes":[]},{"id":38953,"url":"https:\/\/blogdafeira.com.br\/home\/2020\/07\/14\/embasa-interrompe-abastecimento-em-bairros-de-feira-nova-adutora\/","url_meta":{"origin":14441,"position":2},"title":"Embasa interrompe abastecimento em bairros de Feira: nova adutora","author":"Blog da Feira","date":"14\/07\/2020","format":false,"excerpt":"A Embasa informa que, para realizar a conex\u00e3o de trechos da nova rede adutora, o abastecimento de \u00e1gua ser\u00e1 interrompido em bairros de Feira de Santana (lista abaixo) a partir das 5 horas da manh\u00e3 de quarta-feira (15). Os munic\u00edpios de Concei\u00e7\u00e3o da Feira, S\u00e3o Gon\u00e7alo dos Campos, Santa B\u00e1rbara,\u2026","rel":"","context":"Em &quot;Cidade&quot;","block_context":{"text":"Cidade","link":"https:\/\/blogdafeira.com.br\/home\/categoria\/cidade\/"},"img":{"alt_text":"","src":"https:\/\/i0.wp.com\/blogdafeira.com.br\/home\/wp-content\/uploads\/2020\/07\/embasa.jpg?resize=350%2C200&ssl=1","width":350,"height":200,"srcset":"https:\/\/i0.wp.com\/blogdafeira.com.br\/home\/wp-content\/uploads\/2020\/07\/embasa.jpg?resize=350%2C200&ssl=1 1x, https:\/\/i0.wp.com\/blogdafeira.com.br\/home\/wp-content\/uploads\/2020\/07\/embasa.jpg?resize=525%2C300&ssl=1 1.5x, https:\/\/i0.wp.com\/blogdafeira.com.br\/home\/wp-content\/uploads\/2020\/07\/embasa.jpg?resize=700%2C400&ssl=1 2x"},"classes":[]},{"id":3215,"url":"https:\/\/blogdafeira.com.br\/home\/2013\/07\/03\/economize-agua-abastecimento-da-embasa-esta-incerto-em-feira\/","url_meta":{"origin":14441,"position":3},"title":"Economize \u00e1gua: abastecimento da Embasa est\u00e1 incerto em Feira","author":"Blog da Feira","date":"03\/07\/2013","format":false,"excerpt":"A previs\u00e3o era de que o abastecimento estivesse normalizado nesta quarta-feira mas \u00a0foi necess\u00e1rio o prolongamento do prazo\u00a0inicialmente previsto para \u00a0a retomada do servi\u00e7o de abastecimento de \u00e1gua nos munic\u00edpios de\u00a0Feira\u00a0de\u00a0Santana, Concei\u00e7\u00e3o da\u00a0Feira, S\u00e3o Gon\u00e7alo, Santa B\u00e1rbara,\u00a0Tanquinho\u00a0e Santan\u00f3polis Equipes da Embasa trabalham para corre\u00e7\u00e3o de um vazamento em rede adutora\u2026","rel":"","context":"Em &quot;Cidade&quot;","block_context":{"text":"Cidade","link":"https:\/\/blogdafeira.com.br\/home\/categoria\/cidade\/"},"img":{"alt_text":"","src":"","width":0,"height":0},"classes":[]},{"id":43352,"url":"https:\/\/blogdafeira.com.br\/home\/2021\/02\/10\/embasa-reduz-30-do-abastecimento-em-seis-municipios-da-regiao-de-feira\/","url_meta":{"origin":14441,"position":4},"title":"Embasa reduz  30% do abastecimento em seis munic\u00edpios da regi\u00e3o de Feira","author":"Blog da Feira","date":"10\/02\/2021","format":false,"excerpt":"Em decorr\u00eancia de vazamento em uma das adutoras do sistema, ocorrido na noite de ontem (9), os munic\u00edpios de Feira de Santana, S\u00e3o Gon\u00e7alo dos Campos, Concei\u00e7\u00e3o da Feira, Santa B\u00e1rbara, Tanquinho e Santan\u00f3polis est\u00e3o com a oferta de \u00e1gua reduzida em cerca de 30%, comunica oficialmente a Embasa. A\u2026","rel":"","context":"Em &quot;Cidade&quot;","block_context":{"text":"Cidade","link":"https:\/\/blogdafeira.com.br\/home\/categoria\/cidade\/"},"img":{"alt_text":"","src":"https:\/\/i0.wp.com\/blogdafeira.com.br\/home\/wp-content\/uploads\/2021\/02\/torneira-pingando-como-resolver.jpg?resize=350%2C200&ssl=1","width":350,"height":200,"srcset":"https:\/\/i0.wp.com\/blogdafeira.com.br\/home\/wp-content\/uploads\/2021\/02\/torneira-pingando-como-resolver.jpg?resize=350%2C200&ssl=1 1x, https:\/\/i0.wp.com\/blogdafeira.com.br\/home\/wp-content\/uploads\/2021\/02\/torneira-pingando-como-resolver.jpg?resize=525%2C300&ssl=1 1.5x, https:\/\/i0.wp.com\/blogdafeira.com.br\/home\/wp-content\/uploads\/2021\/02\/torneira-pingando-como-resolver.jpg?resize=700%2C400&ssl=1 2x"},"classes":[]},{"id":14220,"url":"https:\/\/blogdafeira.com.br\/home\/2015\/03\/20\/economize-agua-hoje-em-feira-de-santana-e-dia-de-cantareira-2\/","url_meta":{"origin":14441,"position":5},"title":"Economize \u00e1gua! Hoje em Feira de Santana \u00e9 &#8216;dia de Cantareira&#8217;","author":"Blog da Feira","date":"20\/03\/2015","format":false,"excerpt":"O abastecimento de \u00e1gua dos munic\u00edpios de Feira de Santana, Concei\u00e7\u00e3o da Feira, S\u00e3o Gon\u00e7alo, Santa B\u00e1rbara, Tanquinho e Santan\u00f3polis foi interrompido na manh\u00e3 de hoje (20), devido ao rompimento da principal rede adutora que abastece a regi\u00e3o, ocorrido na madrugada. As equipes da Embasa j\u00e1 est\u00e3o no local realizando\u2026","rel":"","context":"Em &quot;Home&quot;","block_context":{"text":"Home","link":"https:\/\/blogdafeira.com.br\/home\/categoria\/raiz\/"},"img":{"alt_text":"","src":"","width":0,"height":0},"classes":[]}],"_links":{"self":[{"href":"https:\/\/blogdafeira.com.br\/home\/wp-json\/wp\/v2\/posts\/14441","targetHints":{"allow":["GET"]}}],"collection":[{"href":"https:\/\/blogdafeira.com.br\/home\/wp-json\/wp\/v2\/posts"}],"about":[{"href":"https:\/\/blogdafeira.com.br\/home\/wp-json\/wp\/v2\/types\/post"}],"author":[{"embeddable":true,"href":"https:\/\/blogdafeira.com.br\/home\/wp-json\/wp\/v2\/users\/1"}],"replies":[{"embeddable":true,"href":"https:\/\/blogdafeira.com.br\/home\/wp-json\/wp\/v2\/comments?post=14441"}],"version-history":[{"count":2,"href":"https:\/\/blogdafeira.com.br\/home\/wp-json\/wp\/v2\/posts\/14441\/revisions"}],"predecessor-version":[{"id":14444,"href":"https:\/\/blogdafeira.com.br\/home\/wp-json\/wp\/v2\/posts\/14441\/revisions\/14444"}],"wp:attachment":[{"href":"https:\/\/blogdafeira.com.br\/home\/wp-json\/wp\/v2\/media?parent=14441"}],"wp:term":[{"taxonomy":"category","embeddable":true,"href":"https:\/\/blogdafeira.com.br\/home\/wp-json\/wp\/v2\/categories?post=14441"},{"taxonomy":"post_tag","embeddable":true,"href":"https:\/\/blogdafeira.com.br\/home\/wp-json\/wp\/v2\/tags?post=14441"}],"curies":[{"name":"wp","href":"https:\/\/api.w.org\/{rel}","templated":true}]}}