{"id":14470,"date":"2015-04-07T13:30:33","date_gmt":"2015-04-07T16:30:33","guid":{"rendered":"http:\/\/blogdafeira.com.br\/home\/?p=14470"},"modified":"2015-04-07T13:30:33","modified_gmt":"2015-04-07T16:30:33","slug":"diretoria-do-fluminense-traz-ivan-brasao-de-volta-pra-feira-pela-terceira-vez","status":"publish","type":"post","link":"https:\/\/blogdafeira.com.br\/home\/2015\/04\/07\/diretoria-do-fluminense-traz-ivan-brasao-de-volta-pra-feira-pela-terceira-vez\/","title":{"rendered":"Diretoria do Fluminense traz Ivan Bras\u00e3o de volta pra Feira pela terceira vez"},"content":{"rendered":"<div id=\"blogd-1376934898\" class=\"blogd-fim-do-post-mobile blogd-entity-placement\" style=\"margin-left: auto;margin-right: auto;text-align: center;\"><a href=\"https:\/\/www.sefaz.feiradesantana.ba.gov.br\/\" target=\"_blank\" aria-label=\"728&#215;90 (6)\"><img loading=\"lazy\" decoding=\"async\" src=\"https:\/\/blogdafeira.com.br\/home\/wp-content\/uploads\/2026\/03\/728x90-6.gif\" alt=\"\"  class=\"no-lazyload\" width=\"728\" height=\"90\"  style=\"display: inline-block;\" \/><\/a><\/div><p><img loading=\"lazy\" decoding=\"async\" class=\"aligncenter size-full wp-image-14471\" src=\"http:\/\/blogdafeira.com.br\/home\/wp-content\/uploads\/2015\/04\/flu-de-feira.jpg\" alt=\"flu de feira\" width=\"777\" height=\"466\" srcset=\"https:\/\/blogdafeira.com.br\/home\/wp-content\/uploads\/2015\/04\/flu-de-feira.jpg 777w, https:\/\/blogdafeira.com.br\/home\/wp-content\/uploads\/2015\/04\/flu-de-feira-170x102.jpg 170w, https:\/\/blogdafeira.com.br\/home\/wp-content\/uploads\/2015\/04\/flu-de-feira-346x208.jpg 346w\" sizes=\"auto, (max-width: 777px) 100vw, 777px\" \/>O atacante Ivan Bras\u00e3o foi um dos atletas mais aplaudidos durante a apresenta\u00e7\u00e3o do elenco e comiss\u00e3o t\u00e9cnica do Fluminense de Feira de Santana para a disputa do Campeonato Baiano da 2\u00aa Divis\u00e3o. O jogador est\u00e1 de volta a Feira pela terceira vez.<\/p><div id=\"blogd-3681751829\" class=\"blogd-conteudo-2-mobile blogd-entity-placement\"><a href=\"https:\/\/feirenses.com.br\/\" target=\"_blank\" aria-label=\"feirenses\"><img loading=\"lazy\" decoding=\"async\" src=\"https:\/\/blogdafeira.com.br\/home\/wp-content\/uploads\/2026\/04\/feirenses.png\" alt=\"\"  srcset=\"https:\/\/blogdafeira.com.br\/home\/wp-content\/uploads\/2026\/04\/feirenses.png 300w, https:\/\/blogdafeira.com.br\/home\/wp-content\/uploads\/2026\/04\/feirenses-170x45.png 170w, https:\/\/blogdafeira.com.br\/home\/wp-content\/uploads\/2026\/04\/feirenses-280x74.png 280w\" sizes=\"(max-width: 300px) 100vw, 300px\" class=\"no-lazyload\" width=\"300\" height=\"79\"  style=\"display: inline-block;\" \/><\/a><\/div>\n<div id=\"blogd-4068565996\" class=\"blogd-final-post blogd-entity-placement\"><a href=\"https:\/\/www.feiradesantana.ba.leg.br\/\" target=\"_blank\" aria-label=\"BANNER-SITE-ENTREGADECHEQUE-CAMARADEFEIRA\"><img loading=\"lazy\" decoding=\"async\" src=\"https:\/\/blogdafeira.com.br\/home\/wp-content\/uploads\/2026\/03\/BANNER-SITE-ENTREGADECHEQUE-CAMARADEFEIRA.gif\" alt=\"\"  class=\"no-lazyload\" width=\"728\" height=\"90\"   \/><\/a><\/div><p>Ivan Bras\u00e3o agradeceu ao apoio dos torcedores garantiu fazer de tudo para que o clube possa retornar a elite baiana em 2016. \u201cQuando sa\u00ed daqui pela \u00faltima vez, senti que ainda precisava voltar e fazer algo mais pelo Fluminense\u201d . O jogador tem\u00a0 32 anos.<\/p>\n","protected":false},"excerpt":{"rendered":"<p>O atacante Ivan Bras\u00e3o foi um dos atletas mais aplaudidos durante a apresenta\u00e7\u00e3o do elenco e comiss\u00e3o t\u00e9cnica do Fluminense de Feira de Santana para a disputa do Campeonato Baiano da 2\u00aa Divis\u00e3o. O jogador est\u00e1 de volta a Feira pela terceira vez. Ivan Bras\u00e3o agradeceu ao apoio dos torcedores garantiu fazer de tudo para<\/p>\n","protected":false},"author":1,"featured_media":0,"comment_status":"closed","ping_status":"closed","sticky":false,"template":"","format":"standard","meta":{"jetpack_post_was_ever_published":false,"cybocfi_hide_featured_image":"","_jetpack_newsletter_access":"","_jetpack_dont_email_post_to_subs":false,"_jetpack_newsletter_tier_id":0,"_jetpack_memberships_contains_paywalled_content":false,"_jetpack_memberships_contains_paid_content":false,"footnotes":"","jetpack_publicize_message":"","jetpack_publicize_feature_enabled":true,"jetpack_social_post_already_shared":true,"jetpack_social_options":{"image_generator_settings":{"template":"highway","default_image_id":0,"font":"","enabled":false},"version":2}},"categories":[1],"tags":[],"class_list":["post-14470","post","type-post","status-publish","format-standard","hentry","category-raiz"],"jetpack_publicize_connections":[],"jetpack_featured_media_url":"","jetpack_shortlink":"https:\/\/wp.me\/p3niVf-3Lo","jetpack_sharing_enabled":true,"jetpack-related-posts":[{"id":67567,"url":"https:\/\/blogdafeira.com.br\/home\/2025\/06\/01\/jogadores-do-fluminense-de-feira-e-titulares-da-selecao-brasileira\/","url_meta":{"origin":14470,"position":0},"title":"Jogadores do Fluminense de Feira e titulares da Sele\u00e7\u00e3o Brasileira","author":"Blog da Feira","date":"01\/06\/2025","format":false,"excerpt":"Como e quando foi isso? O Feira Hoje resgata essa p\u00e1gina gloriosa do nosso futebol. Quando se fala de hist\u00f3ria e bola, a camisa verde, vermelha e branca tem muito a contar \u2014 e, com certeza, ainda pode voltar a brilhar Voc\u00ea sabia que o Fluminense de Feira j\u00e1 teve\u2026","rel":"","context":"Em &quot;Colunistas&quot;","block_context":{"text":"Colunistas","link":"https:\/\/blogdafeira.com.br\/home\/categoria\/colunistas\/"},"img":{"alt_text":"","src":"https:\/\/i0.wp.com\/blogdafeira.com.br\/home\/wp-content\/uploads\/2025\/06\/Sel-Baiana-Copa-OHiggins.jpg?resize=350%2C200&ssl=1","width":350,"height":200,"srcset":"https:\/\/i0.wp.com\/blogdafeira.com.br\/home\/wp-content\/uploads\/2025\/06\/Sel-Baiana-Copa-OHiggins.jpg?resize=350%2C200&ssl=1 1x, https:\/\/i0.wp.com\/blogdafeira.com.br\/home\/wp-content\/uploads\/2025\/06\/Sel-Baiana-Copa-OHiggins.jpg?resize=525%2C300&ssl=1 1.5x, https:\/\/i0.wp.com\/blogdafeira.com.br\/home\/wp-content\/uploads\/2025\/06\/Sel-Baiana-Copa-OHiggins.jpg?resize=700%2C400&ssl=1 2x"},"classes":[]},{"id":14612,"url":"https:\/\/blogdafeira.com.br\/home\/2015\/04\/16\/fluminense-enfrenta-botafogo-domingo-no-joia-da-princesa-na-2a-divisao-do-baiano\/","url_meta":{"origin":14470,"position":1},"title":"Fluminense enfrenta Botafogo domingo no Joia da Princesa na 2\u00aa divis\u00e3o do &#8216;Baiano&#8217;","author":"Blog da Feira","date":"16\/04\/2015","format":false,"excerpt":"O Fluminense de Feira estreia 'em casa', no pr\u00f3ximo domingo, contra o Botafog,o pelo Campeonato Baiano de Futebol, 2\u00aa Divis\u00e3o, no est\u00e1dio municipal Joia da Princesa. O\u00a0treinador Paulo Salles j\u00e1 ministrou\u00a0um jogo-treino e um amistoso com os jogadores do time para definir a escala\u00e7\u00e3o.","rel":"","context":"Em &quot;Home&quot;","block_context":{"text":"Home","link":"https:\/\/blogdafeira.com.br\/home\/categoria\/raiz\/"},"img":{"alt_text":"Fluminense treinamento","src":"https:\/\/i0.wp.com\/blogdafeira.com.br\/home\/wp-content\/uploads\/2015\/04\/Fluminense-treinamento-1024x614.jpg?resize=350%2C200","width":350,"height":200,"srcset":"https:\/\/i0.wp.com\/blogdafeira.com.br\/home\/wp-content\/uploads\/2015\/04\/Fluminense-treinamento-1024x614.jpg?resize=350%2C200 1x, https:\/\/i0.wp.com\/blogdafeira.com.br\/home\/wp-content\/uploads\/2015\/04\/Fluminense-treinamento-1024x614.jpg?resize=525%2C300 1.5x"},"classes":[]},{"id":18023,"url":"https:\/\/blogdafeira.com.br\/home\/2015\/11\/30\/estadio-joia-da-princesa-completa-50-anos-em-2016-por-adilson-simas\/","url_meta":{"origin":14470,"position":2},"title":"Fluminense fez gol contra na inaugura\u00e7\u00e3o do &#8216;Est\u00e1dio Joia da Princesa&#8217;","author":"Blog da Feira","date":"30\/11\/2015","format":false,"excerpt":"At\u00e9 a metade dos anos sessenta, o Fluminense j\u00e1 como clube profissional e a Liga Feirense com seus filiados amadores, desenvolviam suas programa\u00e7\u00f5es esportivas no est\u00e1dio que o prefeito Alm\u00e1chio Boaventura construiu no inicio dos anos cinq\u00fcenta e que a C\u00e2mara Municipal batizou com seu nome. No Est\u00e1dio Almachio Boaventura\u2026","rel":"","context":"Em &quot;Home&quot;","block_context":{"text":"Home","link":"https:\/\/blogdafeira.com.br\/home\/categoria\/raiz\/"},"img":{"alt_text":"joia","src":"https:\/\/i0.wp.com\/blogdafeira.com.br\/home\/wp-content\/uploads\/2015\/11\/joia.jpg?resize=350%2C200","width":350,"height":200,"srcset":"https:\/\/i0.wp.com\/blogdafeira.com.br\/home\/wp-content\/uploads\/2015\/11\/joia.jpg?resize=350%2C200 1x, https:\/\/i0.wp.com\/blogdafeira.com.br\/home\/wp-content\/uploads\/2015\/11\/joia.jpg?resize=525%2C300 1.5x"},"classes":[]},{"id":44269,"url":"https:\/\/blogdafeira.com.br\/home\/2021\/03\/20\/sumiu-o-brasao-da-fachada-do-predio-da-filarmonica-vitoria\/","url_meta":{"origin":14470,"position":3},"title":"Sumiu o bras\u00e3o da fachada do pr\u00e9dio da Filarm\u00f4nica Vit\u00f3ria","author":"Blog da Feira","date":"20\/03\/2021","format":false,"excerpt":"Se h\u00e1 um im\u00f3vel na Feira de Santana que est\u00e1 impregnado de cultura \u00e9 o que abriga a Sociedade Filarm\u00f4nica Vit\u00f3ria, ali na Rua Conselheiro Franco, a antiga Rua Direita, no centro da cidade, escreveu o jornalista Andr\u00e9 Pomponet, em artigo publicado h\u00e1 tr\u00eas anos, no jornal Tribuna Feirense. \u00a0\u2026","rel":"","context":"Em &quot;Cultura&quot;","block_context":{"text":"Cultura","link":"https:\/\/blogdafeira.com.br\/home\/categoria\/cultura\/"},"img":{"alt_text":"","src":"https:\/\/i0.wp.com\/blogdafeira.com.br\/home\/wp-content\/uploads\/2021\/03\/161817458_4482779515071646_297734986614745295_n.jpg?resize=350%2C200&ssl=1","width":350,"height":200,"srcset":"https:\/\/i0.wp.com\/blogdafeira.com.br\/home\/wp-content\/uploads\/2021\/03\/161817458_4482779515071646_297734986614745295_n.jpg?resize=350%2C200&ssl=1 1x, https:\/\/i0.wp.com\/blogdafeira.com.br\/home\/wp-content\/uploads\/2021\/03\/161817458_4482779515071646_297734986614745295_n.jpg?resize=525%2C300&ssl=1 1.5x"},"classes":[]},{"id":53331,"url":"https:\/\/blogdafeira.com.br\/home\/2022\/07\/15\/o-flu-de-feira-em-6o-lugar-na-taca-brasil\/","url_meta":{"origin":14470,"position":4},"title":"O Flu de Feira em 6\u00ba lugar na Ta\u00e7a Brasil","author":"Andr\u00e9 Pomponet","date":"15\/07\/2022","format":false,"excerpt":"Nem todo mundo sabe, mas o Fluminense de Feira j\u00e1 figurou entre os dez primeiros colocados numa competi\u00e7\u00e3o nacional. Foi em 1964, quando a equipe \u2013 campe\u00e3 baiana no ano anterior \u2013 ficou em sexto lugar na extinta Ta\u00e7a Brasil. Tudo bem que o Touro do Sert\u00e3o disputou s\u00f3 tr\u00eas\u2026","rel":"","context":"Em &quot;Colunistas&quot;","block_context":{"text":"Colunistas","link":"https:\/\/blogdafeira.com.br\/home\/categoria\/colunistas\/"},"img":{"alt_text":"","src":"https:\/\/i0.wp.com\/blogdafeira.com.br\/home\/wp-content\/uploads\/2017\/07\/FB_IMG_1500070998337-e1500076993110.jpg?resize=350%2C200&ssl=1","width":350,"height":200},"classes":[]},{"id":31217,"url":"https:\/\/blogdafeira.com.br\/home\/2019\/04\/17\/nunca-existiu-gestao-no-fluminense-de-feira-diz-manifesto-da-torcida-flucana\/","url_meta":{"origin":14470,"position":5},"title":"&#8220;Nunca existiu &#8216;gest\u00e3o&#8217; no Fluminense de Feira&#8217;, diz manifesto da &#8216;Torcida Flucana&#8217;","author":"J\u00e2nio R\u00eago","date":"17\/04\/2019","format":false,"excerpt":"\"J\u00e1 n\u00e3o \u00e9 novidade que tememos pelo futuro do Fluminense de Feira, n\u00e3o podemos confiar que daqui 10 anos, quem sabe menos, ainda teremos um clube pra torcer, por que time j\u00e1 faz tempo. \u00c9 at\u00e9 curioso usarmos o termo \"gest\u00e3o\" pra o Flu de Feira, uma vez que esta\u2026","rel":"","context":"Em &quot;Home&quot;","block_context":{"text":"Home","link":"https:\/\/blogdafeira.com.br\/home\/categoria\/raiz\/"},"img":{"alt_text":"","src":"https:\/\/i0.wp.com\/blogdafeira.com.br\/home\/wp-content\/uploads\/2019\/04\/IMG-20190417-WA0014.jpg?resize=350%2C200","width":350,"height":200,"srcset":"https:\/\/i0.wp.com\/blogdafeira.com.br\/home\/wp-content\/uploads\/2019\/04\/IMG-20190417-WA0014.jpg?resize=350%2C200 1x, https:\/\/i0.wp.com\/blogdafeira.com.br\/home\/wp-content\/uploads\/2019\/04\/IMG-20190417-WA0014.jpg?resize=525%2C300 1.5x, https:\/\/i0.wp.com\/blogdafeira.com.br\/home\/wp-content\/uploads\/2019\/04\/IMG-20190417-WA0014.jpg?resize=700%2C400 2x"},"classes":[]}],"_links":{"self":[{"href":"https:\/\/blogdafeira.com.br\/home\/wp-json\/wp\/v2\/posts\/14470","targetHints":{"allow":["GET"]}}],"collection":[{"href":"https:\/\/blogdafeira.com.br\/home\/wp-json\/wp\/v2\/posts"}],"about":[{"href":"https:\/\/blogdafeira.com.br\/home\/wp-json\/wp\/v2\/types\/post"}],"author":[{"embeddable":true,"href":"https:\/\/blogdafeira.com.br\/home\/wp-json\/wp\/v2\/users\/1"}],"replies":[{"embeddable":true,"href":"https:\/\/blogdafeira.com.br\/home\/wp-json\/wp\/v2\/comments?post=14470"}],"version-history":[{"count":1,"href":"https:\/\/blogdafeira.com.br\/home\/wp-json\/wp\/v2\/posts\/14470\/revisions"}],"predecessor-version":[{"id":14472,"href":"https:\/\/blogdafeira.com.br\/home\/wp-json\/wp\/v2\/posts\/14470\/revisions\/14472"}],"wp:attachment":[{"href":"https:\/\/blogdafeira.com.br\/home\/wp-json\/wp\/v2\/media?parent=14470"}],"wp:term":[{"taxonomy":"category","embeddable":true,"href":"https:\/\/blogdafeira.com.br\/home\/wp-json\/wp\/v2\/categories?post=14470"},{"taxonomy":"post_tag","embeddable":true,"href":"https:\/\/blogdafeira.com.br\/home\/wp-json\/wp\/v2\/tags?post=14470"}],"curies":[{"name":"wp","href":"https:\/\/api.w.org\/{rel}","templated":true}]}}