{"id":14727,"date":"2015-04-30T21:51:59","date_gmt":"2015-05-01T00:51:59","guid":{"rendered":"http:\/\/blogdafeira.com.br\/home\/?p=14727"},"modified":"2015-04-30T21:51:59","modified_gmt":"2015-05-01T00:51:59","slug":"velorio-de-anchieta-e-nesta-sexta-no-dom-pedro-em-feira","status":"publish","type":"post","link":"https:\/\/blogdafeira.com.br\/home\/2015\/04\/30\/velorio-de-anchieta-e-nesta-sexta-no-dom-pedro-em-feira\/","title":{"rendered":"Vel\u00f3rio de Anchieta \u00e9 nesta sexta no &#8216;Dom Pedro&#8217; em Feira"},"content":{"rendered":"<div id=\"blogd-3221983794\" class=\"blogd-fim-do-post-mobile blogd-entity-placement\" style=\"margin-left: auto;margin-right: auto;text-align: center;\"><a href=\"https:\/\/www.sefaz.feiradesantana.ba.gov.br\/\" target=\"_blank\" aria-label=\"728&#215;90 (6)\"><img loading=\"lazy\" decoding=\"async\" src=\"https:\/\/blogdafeira.com.br\/home\/wp-content\/uploads\/2026\/03\/728x90-6.gif\" alt=\"\"  class=\"no-lazyload\" width=\"728\" height=\"90\"  style=\"display: inline-block;\" \/><\/a><\/div><p>O jornalista Batista Cruz, comunicou, nesta quinta-feira \u00e0 noite, \u00a0atrav\u00e9s do facebook, o falecimento do irm\u00e3o dele, o ex-secret\u00e1rio municipal de Comunica\u00e7\u00e3o, Anchieta Nery.<\/p><div id=\"blogd-2555670569\" class=\"blogd-conteudo-2-mobile blogd-entity-placement\"><a href=\"https:\/\/feirenses.com.br\/\" target=\"_blank\" aria-label=\"feirenses\"><img loading=\"lazy\" decoding=\"async\" src=\"https:\/\/blogdafeira.com.br\/home\/wp-content\/uploads\/2026\/04\/feirenses.png\" alt=\"\"  srcset=\"https:\/\/blogdafeira.com.br\/home\/wp-content\/uploads\/2026\/04\/feirenses.png 300w, https:\/\/blogdafeira.com.br\/home\/wp-content\/uploads\/2026\/04\/feirenses-170x45.png 170w, https:\/\/blogdafeira.com.br\/home\/wp-content\/uploads\/2026\/04\/feirenses-280x74.png 280w\" sizes=\"(max-width: 300px) 100vw, 300px\" class=\"no-lazyload\" width=\"300\" height=\"79\"  style=\"display: inline-block;\" \/><\/a><\/div>\n<p>O vel\u00f3rio e missa de corpo presente do jornalista ser\u00e1 amanh\u00e3, a partir da 8 horas, na capela do Hospital Dom de Alc\u00e2ntara.<\/p>\n<div id=\"blogd-3937912348\" class=\"blogd-final-post blogd-entity-placement\"><a href=\"https:\/\/www.feiradesantana.ba.leg.br\/\" target=\"_blank\" aria-label=\"BANNER-SITE-ENTREGADECHEQUE-CAMARADEFEIRA\"><img loading=\"lazy\" decoding=\"async\" src=\"https:\/\/blogdafeira.com.br\/home\/wp-content\/uploads\/2026\/03\/BANNER-SITE-ENTREGADECHEQUE-CAMARADEFEIRA.gif\" alt=\"\"  class=\"no-lazyload\" width=\"728\" height=\"90\"   \/><\/a><\/div><p>O corpo ser\u00e1 levado \u00e0 tarde para crema\u00e7\u00e3o em Salvador.<\/p>\n","protected":false},"excerpt":{"rendered":"<p>O jornalista Batista Cruz, comunicou, nesta quinta-feira \u00e0 noite, \u00a0atrav\u00e9s do facebook, o falecimento do irm\u00e3o dele, o ex-secret\u00e1rio municipal de Comunica\u00e7\u00e3o, Anchieta Nery. O vel\u00f3rio e missa de corpo presente do jornalista ser\u00e1 amanh\u00e3, a partir da 8 horas, na capela do Hospital Dom de Alc\u00e2ntara. O corpo ser\u00e1 levado \u00e0 tarde para crema\u00e7\u00e3o<\/p>\n","protected":false},"author":1,"featured_media":0,"comment_status":"closed","ping_status":"closed","sticky":false,"template":"","format":"standard","meta":{"jetpack_post_was_ever_published":false,"cybocfi_hide_featured_image":"","_jetpack_newsletter_access":"","_jetpack_dont_email_post_to_subs":false,"_jetpack_newsletter_tier_id":0,"_jetpack_memberships_contains_paywalled_content":false,"_jetpack_memberships_contains_paid_content":false,"footnotes":"","jetpack_publicize_message":"","jetpack_publicize_feature_enabled":true,"jetpack_social_post_already_shared":true,"jetpack_social_options":{"image_generator_settings":{"template":"highway","default_image_id":0,"font":"","enabled":false},"version":2}},"categories":[1],"tags":[],"class_list":["post-14727","post","type-post","status-publish","format-standard","hentry","category-raiz"],"jetpack_publicize_connections":[],"jetpack_featured_media_url":"","jetpack_shortlink":"https:\/\/wp.me\/p3niVf-3Px","jetpack_sharing_enabled":true,"jetpack-related-posts":[{"id":14691,"url":"https:\/\/blogdafeira.com.br\/home\/2015\/04\/28\/corpo-do-jornalista-anchieta-nery-sera-cremado-nesta-terca\/","url_meta":{"origin":14727,"position":0},"title":"Corpo do jornalista Anchieta Nery ser\u00e1 cremado nesta ter\u00e7a","author":"Blog da Feira","date":"28\/04\/2015","format":false,"excerpt":"O corpo do jornalista e professor da Universidade Estadual de Feira de Santana, Anchieta Nery, ser\u00e1 cremado nesta ter\u00e7a-feira, em Salvador. Anchieta teve morte encef\u00e1lica na tarde de segunda-feira.Nessa condi\u00e7\u00e3o permanece no Hospital Emec submetendo-se aos procedimentos m\u00e9dicos legais e \u00e0 retirada de \u00f3rg\u00e3os doados por ele. A expectativa de\u2026","rel":"","context":"Em &quot;Home&quot;","block_context":{"text":"Home","link":"https:\/\/blogdafeira.com.br\/home\/categoria\/raiz\/"},"img":{"alt_text":"","src":"","width":0,"height":0},"classes":[]},{"id":14667,"url":"https:\/\/blogdafeira.com.br\/home\/2015\/04\/24\/jornalista-anchieta-nery-sofreu-um-avc-e-esta-hospitalizado\/","url_meta":{"origin":14727,"position":1},"title":"Jornalista Anchieta Nery sofreu um &#8216;avc&#8217; e est\u00e1 hospitalizado","author":"Blog da Feira","date":"24\/04\/2015","format":false,"excerpt":"O jornalista Valdomiro Silva, secret\u00e1rio de Comunica\u00e7\u00e3o de Feira de Santana, informou que o jornalista Anchieta Nery est\u00e1 sedado no Hospital Emec, ap\u00f3s sofrer um 'acidente vascular cerebral' (AVC). Anchieta foi secret\u00e1rio de Comunica\u00e7\u00e3o nos primeiro e segundo governos do atual prefeito de Feira, Jos\u00e9 Ronaldo(DEM).","rel":"","context":"Em &quot;Home&quot;","block_context":{"text":"Home","link":"https:\/\/blogdafeira.com.br\/home\/categoria\/raiz\/"},"img":{"alt_text":"","src":"","width":0,"height":0},"classes":[]},{"id":14722,"url":"https:\/\/blogdafeira.com.br\/home\/2015\/04\/29\/confusao-da-quase-morte-de-anchieta-nery\/","url_meta":{"origin":14727,"position":2},"title":"&#8220;Confus\u00e3o da quase morte de Anchieta Nery&#8221; por Marc\u00edlio Costa","author":"Blog da Feira","date":"29\/04\/2015","format":false,"excerpt":"\"Confus\u00e3o da quase morte de Anchieta Nery\". Foi assim, em um twitter, que o jornalista Marc\u00edlio Costa, diretor de Jornalismo da TV Suba\u00e9 se referiu ao epis\u00f3dio protagonizado pelo Hospital Emec com o jornalista Anchieta Nery, quando anunciou uma morte cerebral e 24 horas depois, ontem, \u00a0divulgou um desmentido. O\u2026","rel":"","context":"Em &quot;Home&quot;","block_context":{"text":"Home","link":"https:\/\/blogdafeira.com.br\/home\/categoria\/raiz\/"},"img":{"alt_text":"","src":"","width":0,"height":0},"classes":[]},{"id":69171,"url":"https:\/\/blogdafeira.com.br\/home\/2025\/08\/25\/corpo-do-radialista-carlos-lima-sera-sepultado-hoje-no-jardim-das-flores\/","url_meta":{"origin":14727,"position":3},"title":"Corpo do radialista Carlos Lima ser\u00e1 sepultado hoje no Jardim das Flores","author":"Blog da Feira","date":"25\/08\/2025","format":false,"excerpt":"O corpo do radialista Carlos Lima, falecido ontem, ser\u00e1 sepultado nesta segunda-feira, 25, no cemit\u00e9rio Jardim das Flores, na BR-116 Norte, distrito da Matinha, em Feira de Santana. O vel\u00f3rio est\u00e1 acontecendo desde ontem \u00e0 tarde, no Centro de Vel\u00f3rio Gilson Macedo na Kalil\u00e2ndia. Natural de Caruaru, Pernambuco, Lima foi\u2026","rel":"","context":"Em &quot;Cidade&quot;","block_context":{"text":"Cidade","link":"https:\/\/blogdafeira.com.br\/home\/categoria\/cidade\/"},"img":{"alt_text":"","src":"https:\/\/i0.wp.com\/blogdafeira.com.br\/home\/wp-content\/uploads\/2025\/08\/IMG-20250824-WA0029.jpg?resize=350%2C200&ssl=1","width":350,"height":200,"srcset":"https:\/\/i0.wp.com\/blogdafeira.com.br\/home\/wp-content\/uploads\/2025\/08\/IMG-20250824-WA0029.jpg?resize=350%2C200&ssl=1 1x, https:\/\/i0.wp.com\/blogdafeira.com.br\/home\/wp-content\/uploads\/2025\/08\/IMG-20250824-WA0029.jpg?resize=525%2C300&ssl=1 1.5x, https:\/\/i0.wp.com\/blogdafeira.com.br\/home\/wp-content\/uploads\/2025\/08\/IMG-20250824-WA0029.jpg?resize=700%2C400&ssl=1 2x"},"classes":[]},{"id":66900,"url":"https:\/\/blogdafeira.com.br\/home\/2025\/04\/24\/66900\/","url_meta":{"origin":14727,"position":4},"title":"Ex-secret\u00e1rios de Comunica\u00e7\u00e3o homenageados no camarote da imprensa na Micareta de Feira","author":"Blog da Feira","date":"24\/04\/2025","format":false,"excerpt":"Os jornalistas Anchieta Nery, in memoriam, e Valdomiro Silva ser\u00e3o homenageados pela Prefeitura de Feira de Santana durante a Micareta 2025, de 1\u00ba a 4 de maio. Ambos emprestar\u00e3o seus nomes ao Camarote da Imprensa, instalado no Circuito Maneca Ferreira, ao longo da Avenida Presidente Dutra, point oficial de concentra\u00e7\u00e3o\u2026","rel":"","context":"Em &quot;Cultura&quot;","block_context":{"text":"Cultura","link":"https:\/\/blogdafeira.com.br\/home\/categoria\/cultura\/"},"img":{"alt_text":"","src":"https:\/\/i0.wp.com\/blogdafeira.com.br\/home\/wp-content\/uploads\/2025\/04\/24042025111404.jpg?resize=350%2C200&ssl=1","width":350,"height":200,"srcset":"https:\/\/i0.wp.com\/blogdafeira.com.br\/home\/wp-content\/uploads\/2025\/04\/24042025111404.jpg?resize=350%2C200&ssl=1 1x, https:\/\/i0.wp.com\/blogdafeira.com.br\/home\/wp-content\/uploads\/2025\/04\/24042025111404.jpg?resize=525%2C300&ssl=1 1.5x, https:\/\/i0.wp.com\/blogdafeira.com.br\/home\/wp-content\/uploads\/2025\/04\/24042025111404.jpg?resize=700%2C400&ssl=1 2x, https:\/\/i0.wp.com\/blogdafeira.com.br\/home\/wp-content\/uploads\/2025\/04\/24042025111404.jpg?resize=1050%2C600&ssl=1 3x"},"classes":[]},{"id":36260,"url":"https:\/\/blogdafeira.com.br\/home\/2020\/03\/15\/morreu-frei-marino-de-offida-criador-do-coral-santo-antonio-de-feira\/","url_meta":{"origin":14727,"position":5},"title":"Frei Marino de Offida, criador do Coral Santo Ant\u00f4nio em Feira","author":"Blog da Feira","date":"15\/03\/2020","format":false,"excerpt":"Frei Marino de Offida faria 84 anos no pr\u00f3ximo m\u00eas de julho. Ele faleceu neste domingo, por volta de 21 horas. O an\u00fancio do falecimento foi feito pelo arcebispo de Feira de Santana, dom Zanoni: Partiu agora para os bra\u00e7os do Pai nosso querido Pe. Marino, justamente no momento em\u2026","rel":"","context":"Em &quot;Cidade&quot;","block_context":{"text":"Cidade","link":"https:\/\/blogdafeira.com.br\/home\/categoria\/cidade\/"},"img":{"alt_text":"","src":"https:\/\/i0.wp.com\/blogdafeira.com.br\/home\/wp-content\/uploads\/2020\/03\/IMG_20200315_233053.jpg?resize=350%2C200&ssl=1","width":350,"height":200,"srcset":"https:\/\/i0.wp.com\/blogdafeira.com.br\/home\/wp-content\/uploads\/2020\/03\/IMG_20200315_233053.jpg?resize=350%2C200&ssl=1 1x, https:\/\/i0.wp.com\/blogdafeira.com.br\/home\/wp-content\/uploads\/2020\/03\/IMG_20200315_233053.jpg?resize=525%2C300&ssl=1 1.5x, https:\/\/i0.wp.com\/blogdafeira.com.br\/home\/wp-content\/uploads\/2020\/03\/IMG_20200315_233053.jpg?resize=700%2C400&ssl=1 2x, https:\/\/i0.wp.com\/blogdafeira.com.br\/home\/wp-content\/uploads\/2020\/03\/IMG_20200315_233053.jpg?resize=1050%2C600&ssl=1 3x, https:\/\/i0.wp.com\/blogdafeira.com.br\/home\/wp-content\/uploads\/2020\/03\/IMG_20200315_233053.jpg?resize=1400%2C800&ssl=1 4x"},"classes":[]}],"_links":{"self":[{"href":"https:\/\/blogdafeira.com.br\/home\/wp-json\/wp\/v2\/posts\/14727","targetHints":{"allow":["GET"]}}],"collection":[{"href":"https:\/\/blogdafeira.com.br\/home\/wp-json\/wp\/v2\/posts"}],"about":[{"href":"https:\/\/blogdafeira.com.br\/home\/wp-json\/wp\/v2\/types\/post"}],"author":[{"embeddable":true,"href":"https:\/\/blogdafeira.com.br\/home\/wp-json\/wp\/v2\/users\/1"}],"replies":[{"embeddable":true,"href":"https:\/\/blogdafeira.com.br\/home\/wp-json\/wp\/v2\/comments?post=14727"}],"version-history":[{"count":2,"href":"https:\/\/blogdafeira.com.br\/home\/wp-json\/wp\/v2\/posts\/14727\/revisions"}],"predecessor-version":[{"id":14729,"href":"https:\/\/blogdafeira.com.br\/home\/wp-json\/wp\/v2\/posts\/14727\/revisions\/14729"}],"wp:attachment":[{"href":"https:\/\/blogdafeira.com.br\/home\/wp-json\/wp\/v2\/media?parent=14727"}],"wp:term":[{"taxonomy":"category","embeddable":true,"href":"https:\/\/blogdafeira.com.br\/home\/wp-json\/wp\/v2\/categories?post=14727"},{"taxonomy":"post_tag","embeddable":true,"href":"https:\/\/blogdafeira.com.br\/home\/wp-json\/wp\/v2\/tags?post=14727"}],"curies":[{"name":"wp","href":"https:\/\/api.w.org\/{rel}","templated":true}]}}