{"id":14962,"date":"2015-05-14T22:03:46","date_gmt":"2015-05-15T01:03:46","guid":{"rendered":"http:\/\/blogdafeira.com.br\/home\/?p=14962"},"modified":"2019-11-13T06:55:25","modified_gmt":"2019-11-13T09:55:25","slug":"quanta-gasta-a-prefeitura-municipal-de-feira-de-santana-com-os-alugueis","status":"publish","type":"post","link":"https:\/\/blogdafeira.com.br\/home\/2015\/05\/14\/quanta-gasta-a-prefeitura-municipal-de-feira-de-santana-com-os-alugueis\/","title":{"rendered":"O Munic\u00edpio de Feira de Santana gasta quanto com os alugu\u00e9is?"},"content":{"rendered":"<p><img loading=\"lazy\" decoding=\"async\" class=\"aligncenter size-full wp-image-14963\" src=\"http:\/\/blogdafeira.com.br\/home\/wp-content\/uploads\/2015\/05\/beldes.jpg\" alt=\"beldes\" width=\"960\" height=\"640\" srcset=\"https:\/\/blogdafeira.com.br\/home\/wp-content\/uploads\/2015\/05\/beldes.jpg 960w, https:\/\/blogdafeira.com.br\/home\/wp-content\/uploads\/2015\/05\/beldes-170x113.jpg 170w, https:\/\/blogdafeira.com.br\/home\/wp-content\/uploads\/2015\/05\/beldes-346x231.jpg 346w\" sizes=\"auto, (max-width: 960px) 100vw, 960px\" \/><\/p>\n<div id=\"blogd-3066182134\" class=\"blogd-fim-do-post-mobile blogd-entity-placement\" style=\"margin-left: auto;margin-right: auto;text-align: center;\"><a href=\"https:\/\/www.sefaz.feiradesantana.ba.gov.br\/\" target=\"_blank\" aria-label=\"728&#215;90 (6)\"><img loading=\"lazy\" decoding=\"async\" src=\"https:\/\/blogdafeira.com.br\/home\/wp-content\/uploads\/2026\/03\/728x90-6.gif\" alt=\"\"  class=\"no-lazyload\" width=\"728\" height=\"90\"  style=\"display: inline-block;\" \/><\/a><\/div><p>Quanto gasta a Prefeitura de Feira de Santana, todos os meses, com pagamento dos alugu\u00e9is dos im\u00f3veis que a municipalidade ocupa em bairros da cidade e povoados rurais? Quantos s\u00e3o os im\u00f3veis alugados pelo Poder P\u00fablico Municipal em todo o munic\u00edpio de Feira de Santana?<\/p><div id=\"blogd-996824919\" class=\"blogd-conteudo-2-mobile blogd-entity-placement\"><a href=\"https:\/\/feirenses.com.br\/\" target=\"_blank\" aria-label=\"feirenses\"><img loading=\"lazy\" decoding=\"async\" src=\"https:\/\/blogdafeira.com.br\/home\/wp-content\/uploads\/2026\/04\/feirenses.png\" alt=\"\"  srcset=\"https:\/\/blogdafeira.com.br\/home\/wp-content\/uploads\/2026\/04\/feirenses.png 300w, https:\/\/blogdafeira.com.br\/home\/wp-content\/uploads\/2026\/04\/feirenses-170x45.png 170w, https:\/\/blogdafeira.com.br\/home\/wp-content\/uploads\/2026\/04\/feirenses-280x74.png 280w\" sizes=\"(max-width: 300px) 100vw, 300px\" class=\"no-lazyload\" width=\"300\" height=\"79\"  style=\"display: inline-block;\" \/><\/a><\/div>\n<p>H\u00e1 quase dois anos, outubro de 2013, \u00a0o vereador <a href=\"https:\/\/www.facebook.com\/photo.php?fbid=679910775470612&amp;set=a.167088460086182.34356.100003550871200&amp;type=1&amp;theater\" target=\"_blank\" rel=\"noopener noreferrer\">Beldes Ramos<\/a> (PT),\u00a0fez um requerimento na C\u00e2mara de Vereadores solicitando informa\u00e7\u00f5es da Prefeitura sobre esses valores e quantidades. A bancada governista reprovou. Oficialmente a C\u00e2mara n\u00e3o quer saber disso.<\/p>\n<p>Dias antes do vereador tentar oficializar um pedido de informa\u00e7\u00e3o, uma nota aqui no <a href=\"http:\/\/blogdafeira.com.br\/home\/2013\/08\/07\/prefeitura-de-feira-gasta-mais-de-r500-milmes-so-em-alugueis\/\" target=\"_blank\" rel=\"noopener noreferrer\">Blog da Feira <\/a>abordou o assunto onde foi feita uma grosseira estimativa de valor:<a href=\"http:\/\/blogdafeira.com.br\/home\/2013\/08\/07\/prefeitura-de-feira-gasta-mais-de-r500-milmes-so-em-alugueis\/\" target=\"_blank\" rel=\"noopener noreferrer\"> mais de 500 mil reais por m\u00eas.<\/a><\/p>\n<p>Os im\u00f3veis locados pela Prefeitura de Feira n\u00e3o constam claramente no<a href=\"http:\/\/www.transparencia.feiradesantana.ba.gov.br\/#pag\" target=\"_blank\" rel=\"noopener noreferrer\"> portal da transpar\u00eancia.<\/a> Estima-se em mais de\u00a0uma centena de im\u00f3veis \u00a0alugados.<\/p>\n<p>Quase todas as Secretarias e muitos \u00f3rg\u00e3os delas, al\u00e9m da Procuradoria Geral, \u00a0est\u00e3o instaladas em im\u00f3veis alugados que variam de 5 mil a 30 mil reais o valor mensal.O maior n\u00famero de alugu\u00e9is est\u00e1 na Secretaria de \u00a0Desenvolvimento Social.<\/p>\n<p>H\u00e1 reparti\u00e7\u00f5es p\u00fablicas municipais instaladas em bairros nobres, como a Santa M\u00f4nica, e em pr\u00e9dios hist\u00f3ricos no centro da cidade, como o da Secretaria de Educa\u00e7\u00e3o, al\u00e9m de povoados na zona rural e bairros perif\u00e9ricos.<\/p>\n<div id=\"blogd-789421790\" class=\"blogd-final-post blogd-entity-placement\"><a href=\"https:\/\/www.feiradesantana.ba.leg.br\/\" target=\"_blank\" aria-label=\"BANNER-SITE-ENTREGADECHEQUE-CAMARADEFEIRA\"><img loading=\"lazy\" decoding=\"async\" src=\"https:\/\/blogdafeira.com.br\/home\/wp-content\/uploads\/2026\/03\/BANNER-SITE-ENTREGADECHEQUE-CAMARADEFEIRA.gif\" alt=\"\"  class=\"no-lazyload\" width=\"728\" height=\"90\"   \/><\/a><\/div><p>Sem falar no galp\u00e3o onde est\u00e3o instalados provisoriamente os comerciantes do Mercado de Arte Popular, o MAP, h\u00e1 15 meses.<\/p>\n","protected":false},"excerpt":{"rendered":"<p>Quanto gasta a Prefeitura de Feira de Santana, todos os meses, com pagamento dos alugu\u00e9is dos im\u00f3veis que a municipalidade ocupa em bairros da cidade e povoados rurais? Quantos s\u00e3o os im\u00f3veis alugados pelo Poder P\u00fablico Municipal em todo o munic\u00edpio de Feira de Santana? H\u00e1 quase dois anos, outubro de 2013, \u00a0o vereador Beldes<\/p>\n","protected":false},"author":1,"featured_media":0,"comment_status":"closed","ping_status":"closed","sticky":false,"template":"","format":"standard","meta":{"jetpack_post_was_ever_published":false,"cybocfi_hide_featured_image":"","_jetpack_newsletter_access":"","_jetpack_dont_email_post_to_subs":false,"_jetpack_newsletter_tier_id":0,"_jetpack_memberships_contains_paywalled_content":false,"_jetpack_memberships_contains_paid_content":false,"footnotes":"","jetpack_publicize_message":"","jetpack_publicize_feature_enabled":true,"jetpack_social_post_already_shared":true,"jetpack_social_options":{"image_generator_settings":{"template":"highway","default_image_id":0,"font":"","enabled":false},"version":2}},"categories":[1],"tags":[],"class_list":["post-14962","post","type-post","status-publish","format-standard","hentry","category-raiz"],"jetpack_publicize_connections":[],"jetpack_featured_media_url":"","jetpack_shortlink":"https:\/\/wp.me\/p3niVf-3Tk","jetpack_sharing_enabled":true,"jetpack-related-posts":[{"id":5519,"url":"https:\/\/blogdafeira.com.br\/home\/2013\/10\/10\/ninguem-sabe-quanto-a-prefeitura-de-feira-gasta-com-alugueis\/","url_meta":{"origin":14962,"position":0},"title":"Ningu\u00e9m sabe quanto a Prefeitura de Feira gasta com alugu\u00e9is","author":"Blog da Feira","date":"10\/10\/2013","format":false,"excerpt":"Os vereadores da bancada do Governo de Feira de Santana rejeitaram um requerimento do vereador oposicionista Beldes Ramos, do PT, solicitando informa\u00e7\u00f5es sobre os valores e os im\u00f3veis sobre os quais a Prefeitura de Feira paga aluguel. Os im\u00f3veis locados pela Prefeitura de Feira n\u00e3o constam claramente no portal da\u2026","rel":"","context":"Em &quot;Home&quot;","block_context":{"text":"Home","link":"https:\/\/blogdafeira.com.br\/home\/categoria\/raiz\/"},"img":{"alt_text":"","src":"","width":0,"height":0},"classes":[]},{"id":33929,"url":"https:\/\/blogdafeira.com.br\/home\/2019\/11\/12\/secretaria-da-saude-de-feira-aluga-casa-para-deposito-de-arquivo-por-quase-6-mil-reais-mes-no-bairro-do-papagaio\/","url_meta":{"origin":14962,"position":1},"title":"Secretaria da Sa\u00fade de Feira aluga casa para dep\u00f3sito de arquivo por quase 6 mil reais\/m\u00eas no bairro do Papagaio","author":"J\u00e2nio R\u00eago","date":"12\/11\/2019","format":false,"excerpt":"Uma casa no bairro do Papagaio (BR-116 Norte) na rua Afranio Coutinho, foi alugada pela Secretaria de Sa\u00fade de Feira de Santana por quase 6 mil reais mensais para servir de arquivo para documenta\u00e7\u00e3o do Fundo Municipal de Sa\u00fade. O resumo do contrato, com dispensa de licita\u00e7\u00e3o, foi publicado em\u2026","rel":"","context":"Em &quot;Home&quot;","block_context":{"text":"Home","link":"https:\/\/blogdafeira.com.br\/home\/categoria\/raiz\/"},"img":{"alt_text":"","src":"https:\/\/i0.wp.com\/blogdafeira.com.br\/home\/wp-content\/uploads\/2019\/11\/20191112_220959-1024x466.jpg?resize=350%2C200","width":350,"height":200,"srcset":"https:\/\/i0.wp.com\/blogdafeira.com.br\/home\/wp-content\/uploads\/2019\/11\/20191112_220959-1024x466.jpg?resize=350%2C200 1x, https:\/\/i0.wp.com\/blogdafeira.com.br\/home\/wp-content\/uploads\/2019\/11\/20191112_220959-1024x466.jpg?resize=525%2C300 1.5x, https:\/\/i0.wp.com\/blogdafeira.com.br\/home\/wp-content\/uploads\/2019\/11\/20191112_220959-1024x466.jpg?resize=700%2C400 2x"},"classes":[]},{"id":4169,"url":"https:\/\/blogdafeira.com.br\/home\/2013\/08\/07\/prefeitura-de-feira-gasta-mais-de-r500-milmes-so-em-alugueis\/","url_meta":{"origin":14962,"position":2},"title":"Prefeitura de Feira gasta mais de R$500 mil\/m\u00eas s\u00f3 em alugu\u00e9is","author":"Blog da Feira","date":"07\/08\/2013","format":false,"excerpt":"A Prefeitura de Feira de Santana gasta mais de meio milh\u00e3o de reais por m\u00eas s\u00f3 em alugu\u00e9is de pr\u00e9dios para reparti\u00e7\u00f5es e \u00f3rg\u00e3os p\u00fablicos. Quase todas as Secretarias est\u00e3o instaladas em im\u00f3veis alugados que variam de 5 mil a 30 mil reais, sem falar em \u00f3rg\u00e3os como Procon, SMTT\u2026","rel":"","context":"Em &quot;Home&quot;","block_context":{"text":"Home","link":"https:\/\/blogdafeira.com.br\/home\/categoria\/raiz\/"},"img":{"alt_text":"","src":"","width":0,"height":0},"classes":[]},{"id":54741,"url":"https:\/\/blogdafeira.com.br\/home\/2022\/10\/05\/lei-obriga-prefeitura-de-feira-identificar-com-placa-moveis-e-imoveis-alugados\/","url_meta":{"origin":14962,"position":3},"title":"Lei obriga Prefeitura de Feira identificar, com placa, m\u00f3veis e im\u00f3veis alugados","author":"Blog da Feira","date":"05\/10\/2022","format":false,"excerpt":"No caso dos im\u00f3veis alugados pela Prefeitura de Feira de Santana, segundo o projeto de lei aprovado nesta quarta-feira na C\u00e2mara de Vereadores,\u00a0 as placas devem ser afixadas na parte frontal, em local vis\u00edvel, no prazo de 20 dias ap\u00f3s a assinatura do contrato de loca\u00e7\u00e3o e com as seguintes\u2026","rel":"","context":"Em &quot;Home&quot;","block_context":{"text":"Home","link":"https:\/\/blogdafeira.com.br\/home\/categoria\/raiz\/"},"img":{"alt_text":"","src":"https:\/\/i0.wp.com\/blogdafeira.com.br\/home\/wp-content\/uploads\/2022\/10\/aluguel-temporada.jpg?resize=350%2C200&ssl=1","width":350,"height":200},"classes":[]},{"id":67402,"url":"https:\/\/blogdafeira.com.br\/home\/2025\/05\/21\/concessionaria-do-shopping-popular-cobra-4-milhoes-de-alugueis-de-boxes-a-prefeitura-de-feira\/","url_meta":{"origin":14962,"position":4},"title":"Concession\u00e1ria do Shopping Popular cobra 4 milh\u00f5es de alugu\u00e9is de boxes \u00e0 Prefeitura de Feira","author":"Blog da Feira","date":"21\/05\/2025","format":false,"excerpt":"A Prefeitura de Feira de Santana quer a aprova\u00e7\u00e3o da C\u00e2mara de Vereadores para aprovar uma confiss\u00e3o de d\u00e9bito de mais de 4 milh\u00f5es de reais \u00e0 Feira Popular S.A, a empresa concession\u00e1ria, relativos aos alugueis dos boxes que foram isentos de pagamentos pela Prefeitura. Esses boxes foram destinados a\u2026","rel":"","context":"Em &quot;Geral&quot;","block_context":{"text":"Geral","link":"https:\/\/blogdafeira.com.br\/home\/categoria\/geral\/"},"img":{"alt_text":"","src":"https:\/\/i0.wp.com\/blogdafeira.com.br\/home\/wp-content\/uploads\/2025\/05\/images-1.jpeg?resize=350%2C200&ssl=1","width":350,"height":200,"srcset":"https:\/\/i0.wp.com\/blogdafeira.com.br\/home\/wp-content\/uploads\/2025\/05\/images-1.jpeg?resize=350%2C200&ssl=1 1x, https:\/\/i0.wp.com\/blogdafeira.com.br\/home\/wp-content\/uploads\/2025\/05\/images-1.jpeg?resize=525%2C300&ssl=1 1.5x"},"classes":[]},{"id":63501,"url":"https:\/\/blogdafeira.com.br\/home\/2024\/08\/29\/ze-neto-fala-em-centro-administrativo-na-area-central-da-feira\/","url_meta":{"origin":14962,"position":5},"title":"Z\u00e9 Neto fala em Centro Administrativo na \u00e1rea central da Feira","author":"Blog da Feira","date":"29\/08\/2024","format":false,"excerpt":"O candidato a Prefeito de Feira de Santana, Z\u00e9 Neto (PT), disse nesta quinta-feira (29) durante entrevista ao programa Suba\u00e9 Not\u00edcias, na R\u00e1dio Suba\u00e9 AM, que, se for eleito, vai criar um Centro Administrativo, na regi\u00e3o central da cidade, para abrigar secretarias e \u00f3rg\u00e3os do governo. Z\u00e9 Neto tamb\u00e9m falou\u2026","rel":"","context":"Em &quot;Elei\u00e7\u00f5es 2024&quot;","block_context":{"text":"Elei\u00e7\u00f5es 2024","link":"https:\/\/blogdafeira.com.br\/home\/categoria\/politica\/eleicoes-2024\/"},"img":{"alt_text":"","src":"https:\/\/i0.wp.com\/blogdafeira.com.br\/home\/wp-content\/uploads\/2024\/08\/IMG-20240829-WA0077.jpg?resize=350%2C200&ssl=1","width":350,"height":200,"srcset":"https:\/\/i0.wp.com\/blogdafeira.com.br\/home\/wp-content\/uploads\/2024\/08\/IMG-20240829-WA0077.jpg?resize=350%2C200&ssl=1 1x, https:\/\/i0.wp.com\/blogdafeira.com.br\/home\/wp-content\/uploads\/2024\/08\/IMG-20240829-WA0077.jpg?resize=525%2C300&ssl=1 1.5x, https:\/\/i0.wp.com\/blogdafeira.com.br\/home\/wp-content\/uploads\/2024\/08\/IMG-20240829-WA0077.jpg?resize=700%2C400&ssl=1 2x"},"classes":[]}],"_links":{"self":[{"href":"https:\/\/blogdafeira.com.br\/home\/wp-json\/wp\/v2\/posts\/14962","targetHints":{"allow":["GET"]}}],"collection":[{"href":"https:\/\/blogdafeira.com.br\/home\/wp-json\/wp\/v2\/posts"}],"about":[{"href":"https:\/\/blogdafeira.com.br\/home\/wp-json\/wp\/v2\/types\/post"}],"author":[{"embeddable":true,"href":"https:\/\/blogdafeira.com.br\/home\/wp-json\/wp\/v2\/users\/1"}],"replies":[{"embeddable":true,"href":"https:\/\/blogdafeira.com.br\/home\/wp-json\/wp\/v2\/comments?post=14962"}],"version-history":[{"count":3,"href":"https:\/\/blogdafeira.com.br\/home\/wp-json\/wp\/v2\/posts\/14962\/revisions"}],"predecessor-version":[{"id":33936,"href":"https:\/\/blogdafeira.com.br\/home\/wp-json\/wp\/v2\/posts\/14962\/revisions\/33936"}],"wp:attachment":[{"href":"https:\/\/blogdafeira.com.br\/home\/wp-json\/wp\/v2\/media?parent=14962"}],"wp:term":[{"taxonomy":"category","embeddable":true,"href":"https:\/\/blogdafeira.com.br\/home\/wp-json\/wp\/v2\/categories?post=14962"},{"taxonomy":"post_tag","embeddable":true,"href":"https:\/\/blogdafeira.com.br\/home\/wp-json\/wp\/v2\/tags?post=14962"}],"curies":[{"name":"wp","href":"https:\/\/api.w.org\/{rel}","templated":true}]}}