{"id":14980,"date":"2015-05-15T14:53:38","date_gmt":"2015-05-15T17:53:38","guid":{"rendered":"http:\/\/blogdafeira.com.br\/home\/?p=14980"},"modified":"2015-05-15T15:35:02","modified_gmt":"2015-05-15T18:35:02","slug":"moc-vais-as-ruas-de-feira-em-defesa-da-crianca-e-do-adolescente","status":"publish","type":"post","link":"https:\/\/blogdafeira.com.br\/home\/2015\/05\/15\/moc-vais-as-ruas-de-feira-em-defesa-da-crianca-e-do-adolescente\/","title":{"rendered":"MOC vai \u00e0s ruas de Feira em defesa da crian\u00e7a e do adolescente"},"content":{"rendered":"<div id=\"blogd-3608898325\" class=\"blogd-fim-do-post-mobile blogd-entity-placement\" style=\"margin-left: auto;margin-right: auto;text-align: center;\"><a href=\"https:\/\/www.sefaz.feiradesantana.ba.gov.br\/\" target=\"_blank\" aria-label=\"728&#215;90 (6)\"><img loading=\"lazy\" decoding=\"async\" src=\"https:\/\/blogdafeira.com.br\/home\/wp-content\/uploads\/2026\/03\/728x90-6.gif\" alt=\"\"  class=\"no-lazyload\" width=\"728\" height=\"90\"  style=\"display: inline-block;\" \/><\/a><\/div><p>No pr\u00f3ximo dia 18 de Maio, quando todo pa\u00eds celebra o Dia Nacional de Combate ao Abuso e a Explora\u00e7\u00e3o Sexual de Crian\u00e7as e Adolescentes, representantes do MOC (Movimento de Organiza\u00e7\u00e3o Comunit\u00e1ria) participar\u00e3o, em Feira de Santana, de uma manifesta\u00e7\u00e3o p\u00fablica em rep\u00fadio ao abuso e a explora\u00e7\u00e3o sexual infanto-juvenil .<\/p><div id=\"blogd-748313612\" class=\"blogd-conteudo-2-mobile blogd-entity-placement\"><a href=\"https:\/\/feirenses.com.br\/\" target=\"_blank\" aria-label=\"feirenses\"><img loading=\"lazy\" decoding=\"async\" src=\"https:\/\/blogdafeira.com.br\/home\/wp-content\/uploads\/2026\/04\/feirenses.png\" alt=\"\"  srcset=\"https:\/\/blogdafeira.com.br\/home\/wp-content\/uploads\/2026\/04\/feirenses.png 300w, https:\/\/blogdafeira.com.br\/home\/wp-content\/uploads\/2026\/04\/feirenses-170x45.png 170w, https:\/\/blogdafeira.com.br\/home\/wp-content\/uploads\/2026\/04\/feirenses-280x74.png 280w\" sizes=\"(max-width: 300px) 100vw, 300px\" class=\"no-lazyload\" width=\"300\" height=\"79\"  style=\"display: inline-block;\" \/><\/a><\/div>\n<p>A concentra\u00e7\u00e3o ser\u00e1 na Av Getulio Vargas, em frente ao Palace Hotel, \u00e0s 14:00 horas, com caminhada at\u00e9 o Pa\u00e7o Municipal<\/p>\n<p>A iniciativa \u00e9 uma a\u00e7\u00e3o conjunta da Secretaria de Desenvolvimento Social, CMDCA, PAIR, Minist\u00e9rio P\u00fablico e outras organiza\u00e7\u00f5es.<\/p>\n<div id=\"blogd-741034084\" class=\"blogd-final-post blogd-entity-placement\"><a href=\"https:\/\/www.feiradesantana.ba.leg.br\/\" target=\"_blank\" aria-label=\"BANNER-SITE-ENTREGADECHEQUE-CAMARADEFEIRA\"><img loading=\"lazy\" decoding=\"async\" src=\"https:\/\/blogdafeira.com.br\/home\/wp-content\/uploads\/2026\/03\/BANNER-SITE-ENTREGADECHEQUE-CAMARADEFEIRA.gif\" alt=\"\"  class=\"no-lazyload\" width=\"728\" height=\"90\"   \/><\/a><\/div><p>O Movimento de Organiza\u00e7\u00e3o Comunit\u00e1ria (MOC), \u00e9 a organiza\u00e7\u00e3o n\u00e3o &#8211; governamental mais antiga em atua\u00e7\u00e3o no interior da Bahia, especialmente no semi-\u00e1rido.<\/p>\n","protected":false},"excerpt":{"rendered":"<p>No pr\u00f3ximo dia 18 de Maio, quando todo pa\u00eds celebra o Dia Nacional de Combate ao Abuso e a Explora\u00e7\u00e3o Sexual de Crian\u00e7as e Adolescentes, representantes do MOC (Movimento de Organiza\u00e7\u00e3o Comunit\u00e1ria) participar\u00e3o, em Feira de Santana, de uma manifesta\u00e7\u00e3o p\u00fablica em rep\u00fadio ao abuso e a explora\u00e7\u00e3o sexual infanto-juvenil . A concentra\u00e7\u00e3o ser\u00e1 na<\/p>\n","protected":false},"author":1,"featured_media":0,"comment_status":"closed","ping_status":"closed","sticky":false,"template":"","format":"standard","meta":{"jetpack_post_was_ever_published":false,"cybocfi_hide_featured_image":"","_jetpack_newsletter_access":"","_jetpack_dont_email_post_to_subs":false,"_jetpack_newsletter_tier_id":0,"_jetpack_memberships_contains_paywalled_content":false,"_jetpack_memberships_contains_paid_content":false,"footnotes":"","jetpack_publicize_message":"","jetpack_publicize_feature_enabled":true,"jetpack_social_post_already_shared":true,"jetpack_social_options":{"image_generator_settings":{"template":"highway","default_image_id":0,"font":"","enabled":false},"version":2}},"categories":[1],"tags":[],"class_list":["post-14980","post","type-post","status-publish","format-standard","hentry","category-raiz"],"jetpack_publicize_connections":[],"jetpack_featured_media_url":"","jetpack_shortlink":"https:\/\/wp.me\/p3niVf-3TC","jetpack_sharing_enabled":true,"jetpack-related-posts":[{"id":64647,"url":"https:\/\/blogdafeira.com.br\/home\/2024\/11\/22\/moc-promove-campanha-pelo-fim-da-violencia-contra-meninas-e-mulheres-na-bahia\/","url_meta":{"origin":14980,"position":0},"title":"MOC promove campanha pelo fim da viol\u00eancia contra meninas e mulheres na Bahia","author":"Blog da Feira","date":"22\/11\/2024","format":false,"excerpt":"Com o tema *\u201cPreven\u00e7\u00e3o \u00e9 Prote\u00e7\u00e3o: Viver sem Viol\u00eancia \u00e9 um Direito de Meninas e Mulheres\u201d*, o Movimento de Organiza\u00e7\u00e3o Comunit\u00e1ria (MOC) deu in\u00edcio na \u00faltima quarta-feira (20) a uma campanha essencial para a conscientiza\u00e7\u00e3o e combate \u00e0 viol\u00eancia de g\u00eanero. A mobiliza\u00e7\u00e3o ocorrer\u00e1 at\u00e9 o dia 10 de dezembro,\u2026","rel":"","context":"Em &quot;Geral&quot;","block_context":{"text":"Geral","link":"https:\/\/blogdafeira.com.br\/home\/categoria\/geral\/"},"img":{"alt_text":"","src":"https:\/\/i0.wp.com\/blogdafeira.com.br\/home\/wp-content\/uploads\/2024\/11\/IMG-20241120-WA0041.jpg?resize=350%2C200&ssl=1","width":350,"height":200,"srcset":"https:\/\/i0.wp.com\/blogdafeira.com.br\/home\/wp-content\/uploads\/2024\/11\/IMG-20241120-WA0041.jpg?resize=350%2C200&ssl=1 1x, https:\/\/i0.wp.com\/blogdafeira.com.br\/home\/wp-content\/uploads\/2024\/11\/IMG-20241120-WA0041.jpg?resize=525%2C300&ssl=1 1.5x, https:\/\/i0.wp.com\/blogdafeira.com.br\/home\/wp-content\/uploads\/2024\/11\/IMG-20241120-WA0041.jpg?resize=700%2C400&ssl=1 2x, https:\/\/i0.wp.com\/blogdafeira.com.br\/home\/wp-content\/uploads\/2024\/11\/IMG-20241120-WA0041.jpg?resize=1050%2C600&ssl=1 3x"},"classes":[]},{"id":67593,"url":"https:\/\/blogdafeira.com.br\/home\/2025\/06\/03\/moc-organiza-o-dia-d-em-defesa-da-caatinga-nas-regioes-do-sisal-e-jacuipe\/","url_meta":{"origin":14980,"position":1},"title":"MOC organiza o Dia D em defesa da Caatinga nas regi\u00f5es do Sisal e Jacuipe","author":"Blog da Feira","date":"03\/06\/2025","format":false,"excerpt":"Nos dias 5, 6 e 7 de junho, comunidades da Regi\u00e3o do Sisal e da Bacia do Jacu\u00edpe, na Bahia, estar\u00e3o mobilizadas em uma grande a\u00e7\u00e3o coletiva para celebrar o Dia Mundial do Meio Ambiente e fortalecer a luta pela preserva\u00e7\u00e3o da Caatinga. \u00c9 o Dia D da Campanha Edu-Cativando\u2026","rel":"","context":"Em &quot;Economia&quot;","block_context":{"text":"Economia","link":"https:\/\/blogdafeira.com.br\/home\/categoria\/economia\/"},"img":{"alt_text":"","src":"https:\/\/i0.wp.com\/blogdafeira.com.br\/home\/wp-content\/uploads\/2025\/06\/IMG-20250602-WA0058.jpg?resize=350%2C200&ssl=1","width":350,"height":200,"srcset":"https:\/\/i0.wp.com\/blogdafeira.com.br\/home\/wp-content\/uploads\/2025\/06\/IMG-20250602-WA0058.jpg?resize=350%2C200&ssl=1 1x, https:\/\/i0.wp.com\/blogdafeira.com.br\/home\/wp-content\/uploads\/2025\/06\/IMG-20250602-WA0058.jpg?resize=525%2C300&ssl=1 1.5x, https:\/\/i0.wp.com\/blogdafeira.com.br\/home\/wp-content\/uploads\/2025\/06\/IMG-20250602-WA0058.jpg?resize=700%2C400&ssl=1 2x, https:\/\/i0.wp.com\/blogdafeira.com.br\/home\/wp-content\/uploads\/2025\/06\/IMG-20250602-WA0058.jpg?resize=1050%2C600&ssl=1 3x"},"classes":[]},{"id":54355,"url":"https:\/\/blogdafeira.com.br\/home\/2022\/09\/09\/moc-comemora-55-anos-com-palestra-sobre-fome-e-show-de-caninde-na-uefs\/","url_meta":{"origin":14980,"position":2},"title":"MOC comemora 55 anos com palestra sobre fome  e show de Canind\u00e9 na UEFS","author":"Blog da Feira","date":"09\/09\/2022","format":false,"excerpt":"Criado em 1967, o Movimento de Organiza\u00e7\u00e3o Comunit\u00e1ria - MOC \u00e9 uma organiza\u00e7\u00e3o n\u00e3o governamental que surgiu com o objetivo de organizar as comunidades carentes de Feira de Santana. No decorrer da d\u00e9cada de 1970, o foco de atua\u00e7\u00e3o se deslocou para as comunidades rurais do Semi\u00e1rido baiano, especialmente na\u2026","rel":"","context":"Em &quot;Geral&quot;","block_context":{"text":"Geral","link":"https:\/\/blogdafeira.com.br\/home\/categoria\/geral\/"},"img":{"alt_text":"","src":"https:\/\/i0.wp.com\/blogdafeira.com.br\/home\/wp-content\/uploads\/2022\/09\/2840795153-cantor-caninde.png?resize=350%2C200&ssl=1","width":350,"height":200,"srcset":"https:\/\/i0.wp.com\/blogdafeira.com.br\/home\/wp-content\/uploads\/2022\/09\/2840795153-cantor-caninde.png?resize=350%2C200&ssl=1 1x, https:\/\/i0.wp.com\/blogdafeira.com.br\/home\/wp-content\/uploads\/2022\/09\/2840795153-cantor-caninde.png?resize=525%2C300&ssl=1 1.5x, https:\/\/i0.wp.com\/blogdafeira.com.br\/home\/wp-content\/uploads\/2022\/09\/2840795153-cantor-caninde.png?resize=700%2C400&ssl=1 2x, https:\/\/i0.wp.com\/blogdafeira.com.br\/home\/wp-content\/uploads\/2022\/09\/2840795153-cantor-caninde.png?resize=1050%2C600&ssl=1 3x, https:\/\/i0.wp.com\/blogdafeira.com.br\/home\/wp-content\/uploads\/2022\/09\/2840795153-cantor-caninde.png?resize=1400%2C800&ssl=1 4x"},"classes":[]},{"id":28184,"url":"https:\/\/blogdafeira.com.br\/home\/2017\/09\/13\/moc-faz-50-anos-e-recebe-homenagem-da-assembleia-legislativa-da-bahia\/","url_meta":{"origin":14980,"position":3},"title":"MOC faz 50 anos e recebe homenagem da Assembleia Legislativa da Bahia","author":"Blog da Feira","date":"13\/09\/2017","format":false,"excerpt":"Em homenagem aos seus 50 anos, o Movimento de Organiza\u00e7\u00e3o Comunit\u00e1ria (MOC)\u00a0ter\u00e1 uma celebra\u00e7\u00e3o em uma sess\u00e3o solene\u00a0nesta quinta-feira, 14, \u00e0s 15h, no plen\u00e1rio principal da Assembleia Legislativa do Estado da Bahia (AL-BA), no Centro Administrativo da Bahia (CAB), em Salvador, com uma iniciativa do deputado Gika Lopes e a\u2026","rel":"","context":"Em &quot;Home&quot;","block_context":{"text":"Home","link":"https:\/\/blogdafeira.com.br\/home\/categoria\/raiz\/"},"img":{"alt_text":"unnamed","src":"https:\/\/i0.wp.com\/blogdafeira.com.br\/home\/wp-content\/uploads\/2017\/09\/unnamed.jpg?resize=350%2C200","width":350,"height":200},"classes":[]},{"id":62356,"url":"https:\/\/blogdafeira.com.br\/home\/2024\/06\/04\/cristaos-europeus-ajudam-criancas-e-jovens-do-semiarido-da-bahia-atraves-do-moc\/","url_meta":{"origin":14980,"position":4},"title":"Crist\u00e3os europeus ajudam crian\u00e7as e jovens do semi\u00e1rido da Bahia atrav\u00e9s do MOC","author":"Blog da Feira","date":"04\/06\/2024","format":false,"excerpt":"O Movimento de Organiza\u00e7\u00e3o Comunit\u00e1ria (MOC),\u00a0 a Kindernothilfe (KnH) e o Governo da Alemanha, assinaram parceria para o projeto \u201cEdu-cativando na Caatinga\", que foca em crian\u00e7as, jovens e suas fam\u00edlias, para proteg\u00ea-los dos impactos das mudan\u00e7as clim\u00e1ticas no semi\u00e1rido. A KnK \u00e9 uma das maiores organiza\u00e7\u00f5es filantr\u00f3picas, crist\u00e3s,\u00a0 da Europa\u2026","rel":"","context":"Em &quot;Bahia&quot;","block_context":{"text":"Bahia","link":"https:\/\/blogdafeira.com.br\/home\/categoria\/bahia\/"},"img":{"alt_text":"","src":"https:\/\/i0.wp.com\/blogdafeira.com.br\/home\/wp-content\/uploads\/2024\/06\/marca_dagua-1-scaled.jpeg?resize=350%2C200&ssl=1","width":350,"height":200,"srcset":"https:\/\/i0.wp.com\/blogdafeira.com.br\/home\/wp-content\/uploads\/2024\/06\/marca_dagua-1-scaled.jpeg?resize=350%2C200&ssl=1 1x, https:\/\/i0.wp.com\/blogdafeira.com.br\/home\/wp-content\/uploads\/2024\/06\/marca_dagua-1-scaled.jpeg?resize=525%2C300&ssl=1 1.5x, https:\/\/i0.wp.com\/blogdafeira.com.br\/home\/wp-content\/uploads\/2024\/06\/marca_dagua-1-scaled.jpeg?resize=700%2C400&ssl=1 2x, https:\/\/i0.wp.com\/blogdafeira.com.br\/home\/wp-content\/uploads\/2024\/06\/marca_dagua-1-scaled.jpeg?resize=1050%2C600&ssl=1 3x, https:\/\/i0.wp.com\/blogdafeira.com.br\/home\/wp-content\/uploads\/2024\/06\/marca_dagua-1-scaled.jpeg?resize=1400%2C800&ssl=1 4x"},"classes":[]},{"id":10435,"url":"https:\/\/blogdafeira.com.br\/home\/2014\/05\/09\/caminhada-dia-22-pelo-dia-de-combate-ao-abuso-contra-criancas\/","url_meta":{"origin":14980,"position":5},"title":"Caminhada dia 22 pelo Dia de Combate ao Abuso contra Crian\u00e7as","author":"Blog da Feira","date":"09\/05\/2014","format":false,"excerpt":"Uma caminhada vai marcar as comemora\u00e7\u00f5es em Feira de Santana pelo Dia Nacional de Combate ao Abuso e \u00e0 Explora\u00e7\u00e3o Sexual Contra Crian\u00e7as e Adolescentes. O evento ser\u00e1 realizado no dia 22 de maio, a partir das 14h, com concentra\u00e7\u00e3o na avenida Get\u00falio Vargas, em frente ao Feira Palace Hotel.\u2026","rel":"","context":"Em &quot;Home&quot;","block_context":{"text":"Home","link":"https:\/\/blogdafeira.com.br\/home\/categoria\/raiz\/"},"img":{"alt_text":"","src":"","width":0,"height":0},"classes":[]}],"_links":{"self":[{"href":"https:\/\/blogdafeira.com.br\/home\/wp-json\/wp\/v2\/posts\/14980","targetHints":{"allow":["GET"]}}],"collection":[{"href":"https:\/\/blogdafeira.com.br\/home\/wp-json\/wp\/v2\/posts"}],"about":[{"href":"https:\/\/blogdafeira.com.br\/home\/wp-json\/wp\/v2\/types\/post"}],"author":[{"embeddable":true,"href":"https:\/\/blogdafeira.com.br\/home\/wp-json\/wp\/v2\/users\/1"}],"replies":[{"embeddable":true,"href":"https:\/\/blogdafeira.com.br\/home\/wp-json\/wp\/v2\/comments?post=14980"}],"version-history":[{"count":4,"href":"https:\/\/blogdafeira.com.br\/home\/wp-json\/wp\/v2\/posts\/14980\/revisions"}],"predecessor-version":[{"id":14991,"href":"https:\/\/blogdafeira.com.br\/home\/wp-json\/wp\/v2\/posts\/14980\/revisions\/14991"}],"wp:attachment":[{"href":"https:\/\/blogdafeira.com.br\/home\/wp-json\/wp\/v2\/media?parent=14980"}],"wp:term":[{"taxonomy":"category","embeddable":true,"href":"https:\/\/blogdafeira.com.br\/home\/wp-json\/wp\/v2\/categories?post=14980"},{"taxonomy":"post_tag","embeddable":true,"href":"https:\/\/blogdafeira.com.br\/home\/wp-json\/wp\/v2\/tags?post=14980"}],"curies":[{"name":"wp","href":"https:\/\/api.w.org\/{rel}","templated":true}]}}