{"id":15126,"date":"2015-05-25T09:11:44","date_gmt":"2015-05-25T12:11:44","guid":{"rendered":"http:\/\/blogdafeira.com.br\/home\/?p=15126"},"modified":"2020-09-02T23:45:52","modified_gmt":"2020-09-03T02:45:52","slug":"realidade-financeira-permite-prefeitura-de-feira-contratar-avioes-por-r-200-mil","status":"publish","type":"post","link":"https:\/\/blogdafeira.com.br\/home\/2015\/05\/25\/realidade-financeira-permite-prefeitura-de-feira-contratar-avioes-por-r-200-mil\/","title":{"rendered":"&#8220;Realidade financeira&#8217; permite Prefeitura de Feira contratar &#8216;Avi\u00f5es&#8217; por R$ 200 mil"},"content":{"rendered":"<p><img loading=\"lazy\" decoding=\"async\" class=\"aligncenter size-full wp-image-15128\" src=\"http:\/\/blogdafeira.com.br\/home\/wp-content\/uploads\/2015\/05\/11054358_1038219176206113_4592045756700048606_n.jpg\" alt=\"11054358_1038219176206113_4592045756700048606_n\" width=\"886\" height=\"591\" srcset=\"https:\/\/blogdafeira.com.br\/home\/wp-content\/uploads\/2015\/05\/11054358_1038219176206113_4592045756700048606_n.jpg 886w, https:\/\/blogdafeira.com.br\/home\/wp-content\/uploads\/2015\/05\/11054358_1038219176206113_4592045756700048606_n-170x113.jpg 170w, https:\/\/blogdafeira.com.br\/home\/wp-content\/uploads\/2015\/05\/11054358_1038219176206113_4592045756700048606_n-346x231.jpg 346w\" sizes=\"auto, (max-width: 886px) 100vw, 886px\" \/><\/p>\n<div id=\"blogd-3502370928\" class=\"blogd-fim-do-post-mobile blogd-entity-placement\" style=\"margin-left: auto;margin-right: auto;text-align: center;\"><a href=\"https:\/\/www.sefaz.feiradesantana.ba.gov.br\/\" target=\"_blank\" aria-label=\"728&#215;90 (6)\"><img loading=\"lazy\" decoding=\"async\" src=\"https:\/\/blogdafeira.com.br\/home\/wp-content\/uploads\/2026\/03\/728x90-6.gif\" alt=\"\"  class=\"no-lazyload\" width=\"728\" height=\"90\"  style=\"display: inline-block;\" \/><\/a><\/div><p>Depois de ter advertido que os festejos juninos em Feira de Santana seriam mantidos \u00a0 &#8220;<a href=\"http:\/\/www.feiradesantana.ba.gov.br\/noticias.asp?idn=12171\" target=\"_blank\" rel=\"noopener noreferrer\"><em><strong>dentro da realidade\u00a0financeira da Prefeitura&#8221;<\/strong>, <\/em><\/a>o prefeito de Feira, Jos\u00e9 Ronaldo (DEM)\u00a0autorizou a contrata\u00e7\u00e3o da \u00a0super banda Avi\u00f5es do Forr\u00f3, considerada a maior atra\u00e7\u00e3o do forr\u00f3 estilizado do momento, e que cobra um cach\u00ea em torno de 200 mil reais por apresenta\u00e7\u00e3o.<\/p><div id=\"blogd-1984475557\" class=\"blogd-conteudo-2-mobile blogd-entity-placement\"><a href=\"https:\/\/feirenses.com.br\/\" target=\"_blank\" aria-label=\"feirenses\"><img loading=\"lazy\" decoding=\"async\" src=\"https:\/\/blogdafeira.com.br\/home\/wp-content\/uploads\/2026\/04\/feirenses.png\" alt=\"\"  srcset=\"https:\/\/blogdafeira.com.br\/home\/wp-content\/uploads\/2026\/04\/feirenses.png 300w, https:\/\/blogdafeira.com.br\/home\/wp-content\/uploads\/2026\/04\/feirenses-170x45.png 170w, https:\/\/blogdafeira.com.br\/home\/wp-content\/uploads\/2026\/04\/feirenses-280x74.png 280w\" sizes=\"(max-width: 300px) 100vw, 300px\" class=\"no-lazyload\" width=\"300\" height=\"79\"  style=\"display: inline-block;\" \/><\/a><\/div>\n<p>O an\u00fancio da atra\u00e7\u00e3o foi feita pelo pr\u00f3prio prefeito Jos\u00e9 Ronaldo de Carvalho, s\u00e1bado \u00e0 noite, durante as comemora\u00e7\u00f5es pelas inaugura\u00e7\u00f5es da estrada que liga a sede do distrito \u00e0 BR 116 e da Unidade de Sa\u00fade S\u00e3o Jos\u00e9 I e II Alberto Cerqueira, onde funcionar\u00e3o duas equipes do ESF (Estrat\u00e9gia Sa\u00fade da Fam\u00edlia).<\/p>\n<p>Ronaldo ainda justificou a contrata\u00e7\u00e3o da Banda:\u201c<em>Pela tradi\u00e7\u00e3o e a quantidade de pessoas que atrai, a festa de Maria Quit\u00e9ria merece nomes conhecidos nacionalmente&#8221;<\/em>. Essa n\u00e3o \u00e9 a primeira vez que a banda toca em festejos juninos de Feira de Santana.<\/p>\n<div id=\"blogd-4003065786\" class=\"blogd-final-post blogd-entity-placement\"><a href=\"https:\/\/www.feiradesantana.ba.leg.br\/\" target=\"_blank\" aria-label=\"BANNER-SITE-ENTREGADECHEQUE-CAMARADEFEIRA\"><img loading=\"lazy\" decoding=\"async\" src=\"https:\/\/blogdafeira.com.br\/home\/wp-content\/uploads\/2026\/03\/BANNER-SITE-ENTREGADECHEQUE-CAMARADEFEIRA.gif\" alt=\"\"  class=\"no-lazyload\" width=\"728\" height=\"90\"   \/><\/a><\/div><p>Ao que parece, a\u00a0crise n\u00e3o chegou aos cofres da Prefeitura de Feira.<\/p>\n","protected":false},"excerpt":{"rendered":"<p>Depois de ter advertido que os festejos juninos em Feira de Santana seriam mantidos \u00a0 &#8220;dentro da realidade\u00a0financeira da Prefeitura&#8221;, o prefeito de Feira, Jos\u00e9 Ronaldo (DEM)\u00a0autorizou a contrata\u00e7\u00e3o da \u00a0super banda Avi\u00f5es do Forr\u00f3, considerada a maior atra\u00e7\u00e3o do forr\u00f3 estilizado do momento, e que cobra um cach\u00ea em torno de 200 mil reais<\/p>\n","protected":false},"author":1,"featured_media":0,"comment_status":"closed","ping_status":"closed","sticky":false,"template":"","format":"standard","meta":{"jetpack_post_was_ever_published":false,"cybocfi_hide_featured_image":"","_jetpack_newsletter_access":"","_jetpack_dont_email_post_to_subs":false,"_jetpack_newsletter_tier_id":0,"_jetpack_memberships_contains_paywalled_content":false,"_jetpack_memberships_contains_paid_content":false,"footnotes":"","jetpack_publicize_message":"","jetpack_publicize_feature_enabled":true,"jetpack_social_post_already_shared":true,"jetpack_social_options":{"image_generator_settings":{"template":"highway","default_image_id":0,"font":"","enabled":false},"version":2}},"categories":[748,1],"tags":[368],"class_list":["post-15126","post","type-post","status-publish","format-standard","hentry","category-distritos","category-raiz","tag-distritos"],"jetpack_publicize_connections":[],"jetpack_featured_media_url":"","jetpack_shortlink":"https:\/\/wp.me\/p3niVf-3VY","jetpack_sharing_enabled":true,"jetpack-related-posts":[{"id":15247,"url":"https:\/\/blogdafeira.com.br\/home\/2015\/06\/02\/plano-de-cultura-de-feira-esta-pronto-mas-governo-nao-envia-a-camara\/","url_meta":{"origin":15126,"position":0},"title":"Plano de Cultura de Feira est\u00e1 pronto mas Governo n\u00e3o envia \u00e0 C\u00e2mara","author":"Blog da Feira","date":"02\/06\/2015","format":false,"excerpt":"Leia tamb\u00e9m: \"Realidade financeira' permite Prefeitura de Feira contratar 'Avi\u00f5es' por cerca de 200 mil reais Governo de Feira silencia os 'oito baixos' de Bi\u00e9 no Centro de Abastecimento \u00a0","rel":"","context":"Em &quot;Home&quot;","block_context":{"text":"Home","link":"https:\/\/blogdafeira.com.br\/home\/categoria\/raiz\/"},"img":{"alt_text":"cultura","src":"https:\/\/i0.wp.com\/blogdafeira.com.br\/home\/wp-content\/uploads\/2015\/06\/cultura.jpg?resize=350%2C200","width":350,"height":200,"srcset":"https:\/\/i0.wp.com\/blogdafeira.com.br\/home\/wp-content\/uploads\/2015\/06\/cultura.jpg?resize=350%2C200 1x, https:\/\/i0.wp.com\/blogdafeira.com.br\/home\/wp-content\/uploads\/2015\/06\/cultura.jpg?resize=525%2C300 1.5x, https:\/\/i0.wp.com\/blogdafeira.com.br\/home\/wp-content\/uploads\/2015\/06\/cultura.jpg?resize=700%2C400 2x"},"classes":[]},{"id":28752,"url":"https:\/\/blogdafeira.com.br\/home\/2017\/12\/08\/do-pacote-de-obras-da-prefeitura-de-feira-13-milhoes-sao-para-os-distritos-rurais\/","url_meta":{"origin":15126,"position":1},"title":"Do &#8216;pacote de obras&#8217; da Prefeitura de Feira 13 milh\u00f5es s\u00e3o para os distritos rurais","author":"Blog da Feira","date":"08\/12\/2017","format":false,"excerpt":"Com um aporte financeiro superior a R$ 35 milh\u00f5es, o prefeito Jos\u00e9 Ronaldo de Carvalho,\u00a0 lan\u00e7ou, na manh\u00e3 desta quinta-feira, 7,\u00a0mais um pacote de obras nas \u00e1reas de infraestrura, educa\u00e7\u00e3o, sa\u00fade e lazer, que vai contemplar dezenas de bairros na sede e na Zona Rural do Munic\u00edpio. Todas as obras\u2026","rel":"","context":"Em &quot;Distritos&quot;","block_context":{"text":"Distritos","link":"https:\/\/blogdafeira.com.br\/home\/categoria\/distritos\/"},"img":{"alt_text":"pacote-de-obras-2","src":"https:\/\/i0.wp.com\/blogdafeira.com.br\/home\/wp-content\/uploads\/2017\/12\/pacote-de-obras-2.jpg?resize=350%2C200","width":350,"height":200,"srcset":"https:\/\/i0.wp.com\/blogdafeira.com.br\/home\/wp-content\/uploads\/2017\/12\/pacote-de-obras-2.jpg?resize=350%2C200 1x, https:\/\/i0.wp.com\/blogdafeira.com.br\/home\/wp-content\/uploads\/2017\/12\/pacote-de-obras-2.jpg?resize=525%2C300 1.5x, https:\/\/i0.wp.com\/blogdafeira.com.br\/home\/wp-content\/uploads\/2017\/12\/pacote-de-obras-2.jpg?resize=700%2C400 2x"},"classes":[]},{"id":15228,"url":"https:\/\/blogdafeira.com.br\/home\/2015\/06\/01\/governo-de-feira-silenciou-os-oito-baixos-de-bie\/","url_meta":{"origin":15126,"position":2},"title":"Governo de Feira silenciou os &#8216;oito baixos&#8217; de Bi\u00e9","author":"Blog da Feira","date":"01\/06\/2015","format":false,"excerpt":"Aconteceu o que alertamos: o governo municipal de Feira de Santana conseguiu silenciar, pelo medo, a sanfona de oito baixos de Bi\u00e9, no Centro de Abastecimento. Hoje Bi\u00e9 n\u00e3o foi ao Centro.O som da sanfoninha n\u00e3o amaciou os ouvidos da gente simples. 'Tive medo de tomarem minha sanfona, minhas caixas.Eles\u2026","rel":"","context":"Em &quot;Home&quot;","block_context":{"text":"Home","link":"https:\/\/blogdafeira.com.br\/home\/categoria\/raiz\/"},"img":{"alt_text":"BI\u00e9","src":"https:\/\/i0.wp.com\/blogdafeira.com.br\/home\/wp-content\/uploads\/2015\/06\/BI%C3%A9.jpg?resize=350%2C200","width":350,"height":200,"srcset":"https:\/\/i0.wp.com\/blogdafeira.com.br\/home\/wp-content\/uploads\/2015\/06\/BI%C3%A9.jpg?resize=350%2C200 1x, https:\/\/i0.wp.com\/blogdafeira.com.br\/home\/wp-content\/uploads\/2015\/06\/BI%C3%A9.jpg?resize=525%2C300 1.5x"},"classes":[]},{"id":26511,"url":"https:\/\/blogdafeira.com.br\/home\/2017\/04\/11\/jose-ronaldo-anuncia-o-primeiro-pacote-de-obras-do-quarto-mandato-de-prefeito-de-feira\/","url_meta":{"origin":15126,"position":3},"title":"Jos\u00e9 Ronaldo anuncia o primeiro &#8216;pacote-de-obras&#8217; do quarto mandato de Prefeito de Feira","author":"Blog da Feira","date":"11\/04\/2017","format":false,"excerpt":"O prefeito Jos\u00e9 Ronaldo de Carvalho (DEM), repetindo um gesto que se tornou uma marca dos seus governos (Ronaldo est\u00e1 no quarto mandato), lan\u00e7ou o primeiro pacote de obras da sua atual gest\u00e3o, uma pe\u00e7a administrativa conjuntamente elaborada, nos \u00faltimos tr\u00eas meses, entre as secretarias de Planejamento e da Fazenda.\u2026","rel":"","context":"Em &quot;Distritos&quot;","block_context":{"text":"Distritos","link":"https:\/\/blogdafeira.com.br\/home\/categoria\/distritos\/"},"img":{"alt_text":"anuncio-de-pacote-de-obras-foto-acm-4","src":"https:\/\/i0.wp.com\/blogdafeira.com.br\/home\/wp-content\/uploads\/2017\/04\/Anuncio-de-Pacote-de-Obras-Foto-ACM-4.jpg?resize=350%2C200","width":350,"height":200,"srcset":"https:\/\/i0.wp.com\/blogdafeira.com.br\/home\/wp-content\/uploads\/2017\/04\/Anuncio-de-Pacote-de-Obras-Foto-ACM-4.jpg?resize=350%2C200 1x, https:\/\/i0.wp.com\/blogdafeira.com.br\/home\/wp-content\/uploads\/2017\/04\/Anuncio-de-Pacote-de-Obras-Foto-ACM-4.jpg?resize=525%2C300 1.5x, https:\/\/i0.wp.com\/blogdafeira.com.br\/home\/wp-content\/uploads\/2017\/04\/Anuncio-de-Pacote-de-Obras-Foto-ACM-4.jpg?resize=700%2C400 2x"},"classes":[]},{"id":52915,"url":"https:\/\/blogdafeira.com.br\/home\/2022\/06\/17\/forro-neste-sabado-em-sao-jose-de-maria-quiteria-e-sao-vicente-de-tiquarucu\/","url_meta":{"origin":15126,"position":4},"title":"Forr\u00f3 neste s\u00e1bado em S\u00e3o Jos\u00e9 de Maria Quit\u00e9ria e S\u00e3o Vicente de Tiquaru\u00e7u","author":"Blog da Feira","date":"17\/06\/2022","format":false,"excerpt":"O Arrai\u00e1 de Feira come\u00e7a neste s\u00e1bado, 18, com festas nos distritos de Maria Quit\u00e9ria (S\u00e3o Jo\u00e3o de S\u00e3o Jos\u00e9) e Tiquaru\u00e7u. Ser\u00e3o dois dias de muito arrasta-p\u00e9, quadrilhas juninas, fogueiras, comidas e bebidas t\u00edpicas, al\u00e9m \u00e9 claro de muita anima\u00e7\u00e3o pra esquentar o frio. Em Maria Quit\u00e9ria, na noite\u2026","rel":"","context":"Em &quot;Distritos&quot;","block_context":{"text":"Distritos","link":"https:\/\/blogdafeira.com.br\/home\/categoria\/distritos\/"},"img":{"alt_text":"","src":"https:\/\/i0.wp.com\/blogdafeira.com.br\/home\/wp-content\/uploads\/2022\/06\/a-sanfona.jpg?resize=350%2C200&ssl=1","width":350,"height":200,"srcset":"https:\/\/i0.wp.com\/blogdafeira.com.br\/home\/wp-content\/uploads\/2022\/06\/a-sanfona.jpg?resize=350%2C200&ssl=1 1x, https:\/\/i0.wp.com\/blogdafeira.com.br\/home\/wp-content\/uploads\/2022\/06\/a-sanfona.jpg?resize=525%2C300&ssl=1 1.5x, https:\/\/i0.wp.com\/blogdafeira.com.br\/home\/wp-content\/uploads\/2022\/06\/a-sanfona.jpg?resize=700%2C400&ssl=1 2x, https:\/\/i0.wp.com\/blogdafeira.com.br\/home\/wp-content\/uploads\/2022\/06\/a-sanfona.jpg?resize=1050%2C600&ssl=1 3x"},"classes":[]},{"id":11082,"url":"https:\/\/blogdafeira.com.br\/home\/2014\/06\/20\/acaraje-com-camarao-a-banda-que-caiu-no-gosto-da-prefeitura-de-feira\/","url_meta":{"origin":15126,"position":5},"title":"&#8216;Acaraj\u00e9 com Camar\u00e3o&#8217;, a banda que &#8216;caiu no gosto&#8217; da Prefeitura de Feira","author":"Blog da Feira","date":"20\/06\/2014","format":false,"excerpt":"O grupo foi criado em 1999 e dois anos depois j\u00e1 estava contratada pela Prefeitura de Feira de Santana como 'grande atra\u00e7\u00e3o' do S\u00e3o Pedro de Humildes. A banda 'Acaraj\u00e9 com Camar\u00e3o', da cidade de \u00a0Cruz das Almas, nunca foi um fen\u00f4meno de sucesso e dificilmente voc\u00ea que est\u00e1 lendo\u2026","rel":"","context":"Em &quot;Home&quot;","block_context":{"text":"Home","link":"https:\/\/blogdafeira.com.br\/home\/categoria\/raiz\/"},"img":{"alt_text":"","src":"","width":0,"height":0},"classes":[]}],"_links":{"self":[{"href":"https:\/\/blogdafeira.com.br\/home\/wp-json\/wp\/v2\/posts\/15126","targetHints":{"allow":["GET"]}}],"collection":[{"href":"https:\/\/blogdafeira.com.br\/home\/wp-json\/wp\/v2\/posts"}],"about":[{"href":"https:\/\/blogdafeira.com.br\/home\/wp-json\/wp\/v2\/types\/post"}],"author":[{"embeddable":true,"href":"https:\/\/blogdafeira.com.br\/home\/wp-json\/wp\/v2\/users\/1"}],"replies":[{"embeddable":true,"href":"https:\/\/blogdafeira.com.br\/home\/wp-json\/wp\/v2\/comments?post=15126"}],"version-history":[{"count":4,"href":"https:\/\/blogdafeira.com.br\/home\/wp-json\/wp\/v2\/posts\/15126\/revisions"}],"predecessor-version":[{"id":40078,"href":"https:\/\/blogdafeira.com.br\/home\/wp-json\/wp\/v2\/posts\/15126\/revisions\/40078"}],"wp:attachment":[{"href":"https:\/\/blogdafeira.com.br\/home\/wp-json\/wp\/v2\/media?parent=15126"}],"wp:term":[{"taxonomy":"category","embeddable":true,"href":"https:\/\/blogdafeira.com.br\/home\/wp-json\/wp\/v2\/categories?post=15126"},{"taxonomy":"post_tag","embeddable":true,"href":"https:\/\/blogdafeira.com.br\/home\/wp-json\/wp\/v2\/tags?post=15126"}],"curies":[{"name":"wp","href":"https:\/\/api.w.org\/{rel}","templated":true}]}}