{"id":15166,"date":"2015-05-27T22:37:45","date_gmt":"2015-05-28T01:37:45","guid":{"rendered":"http:\/\/blogdafeira.com.br\/home\/?p=15166"},"modified":"2015-05-27T23:05:33","modified_gmt":"2015-05-28T02:05:33","slug":"diretor-do-centro-de-abastecimento-quer-proibir-os-oito-baixos-de-bie","status":"publish","type":"post","link":"https:\/\/blogdafeira.com.br\/home\/2015\/05\/27\/diretor-do-centro-de-abastecimento-quer-proibir-os-oito-baixos-de-bie\/","title":{"rendered":"Diretor do Centro de Abastecimento quer proibir os &#8216;oito baixos&#8217; de Bi\u00e9"},"content":{"rendered":"<p><iframe loading=\"lazy\" src=\"https:\/\/www.youtube.com\/embed\/KY8vqRg9Ouc\" width=\"560\" height=\"315\" frameborder=\"0\" allowfullscreen=\"allowfullscreen\"><\/iframe><\/p>\n<div id=\"blogd-2366205702\" class=\"blogd-fim-do-post-mobile blogd-entity-placement\" style=\"margin-left: auto;margin-right: auto;text-align: center;\"><a href=\"https:\/\/www.sefaz.feiradesantana.ba.gov.br\/\" target=\"_blank\" aria-label=\"728&#215;90 (6)\"><img loading=\"lazy\" decoding=\"async\" src=\"https:\/\/blogdafeira.com.br\/home\/wp-content\/uploads\/2026\/03\/728x90-6.gif\" alt=\"\"  class=\"no-lazyload\" width=\"728\" height=\"90\"  style=\"display: inline-block;\" \/><\/a><\/div><p>O diretor\/administrador do Centro de Abastecimento de Feira de Santana, Delorme Martins, segundo o vereador governista Roque Pereira &#8220;<em>\u00e9 a pessoa mais odiada pelos comerciantes&#8221;<\/em> do local.<\/p><div id=\"blogd-4175485671\" class=\"blogd-conteudo-2-mobile blogd-entity-placement\"><a href=\"https:\/\/feirenses.com.br\/\" target=\"_blank\" aria-label=\"feirenses\"><img loading=\"lazy\" decoding=\"async\" src=\"https:\/\/blogdafeira.com.br\/home\/wp-content\/uploads\/2026\/04\/feirenses.png\" alt=\"\"  srcset=\"https:\/\/blogdafeira.com.br\/home\/wp-content\/uploads\/2026\/04\/feirenses.png 300w, https:\/\/blogdafeira.com.br\/home\/wp-content\/uploads\/2026\/04\/feirenses-170x45.png 170w, https:\/\/blogdafeira.com.br\/home\/wp-content\/uploads\/2026\/04\/feirenses-280x74.png 280w\" sizes=\"(max-width: 300px) 100vw, 300px\" class=\"no-lazyload\" width=\"300\" height=\"79\"  style=\"display: inline-block;\" \/><\/a><\/div>\n<p><img loading=\"lazy\" decoding=\"async\" class=\"alignleft size-thumbnail wp-image-15171\" src=\"http:\/\/blogdafeira.com.br\/home\/wp-content\/uploads\/2015\/05\/delorme-159x150.jpg\" alt=\"delorme\" width=\"159\" height=\"150\" srcset=\"https:\/\/blogdafeira.com.br\/home\/wp-content\/uploads\/2015\/05\/delorme-159x150.jpg 159w, https:\/\/blogdafeira.com.br\/home\/wp-content\/uploads\/2015\/05\/delorme.jpg 160w\" sizes=\"auto, (max-width: 159px) 100vw, 159px\" \/>Na mesma sess\u00e3o da C\u00e2mara de Vereadores em que o vereador Roque disse isso, o diretor do Centro estava sendo denunciado pelo vereador oposicionista Beldes Ramos de &#8216;perseguir&#8217; comerciantes da \u00e1rea de artesanato, onde existe uma forte resist\u00eancia ao projeto de remo\u00e7\u00e3o do setor para que ali seja constru\u00eddo um &#8216;shopping popular&#8217; em parceria com a empresa mineira Uai.<\/p>\n<p>O Blog da Feira tamb\u00e9m aponta uma outra &#8216;v\u00edtima&#8217; do administrador do Centro: o popular e talentoso sanfoneiro Bi\u00e9, que todas as segundas-feira toca forr\u00f3 e samba em uma barraca de comida e bebida no Centro de Abastecimento.<br \/>\n<a href=\"https:\/\/www.youtube.com\/watch?v=KY8vqRg9Ouc\" target=\"_blank\">(VEJA V\u00cdDEO)<\/a><\/p>\n<div id=\"blogd-1820708202\" class=\"blogd-final-post blogd-entity-placement\"><a href=\"https:\/\/www.feiradesantana.ba.leg.br\/\" target=\"_blank\" aria-label=\"BANNER-SITE-ENTREGADECHEQUE-CAMARADEFEIRA\"><img loading=\"lazy\" decoding=\"async\" src=\"https:\/\/blogdafeira.com.br\/home\/wp-content\/uploads\/2026\/03\/BANNER-SITE-ENTREGADECHEQUE-CAMARADEFEIRA.gif\" alt=\"\"  class=\"no-lazyload\" width=\"728\" height=\"90\"   \/><\/a><\/div><p>Pois Bi\u00e9 e a dona da barraca j\u00e1 foram &#8216;amea\u00e7ados&#8217; pelo administrador que quer impedir &#8216;a brincadeira&#8217; popular nas segundas-feiras. Eles t\u00eam resistido, mas at\u00e9 quando?<\/p>\n","protected":false},"excerpt":{"rendered":"<p>O diretor\/administrador do Centro de Abastecimento de Feira de Santana, Delorme Martins, segundo o vereador governista Roque Pereira &#8220;\u00e9 a pessoa mais odiada pelos comerciantes&#8221; do local. Na mesma sess\u00e3o da C\u00e2mara de Vereadores em que o vereador Roque disse isso, o diretor do Centro estava sendo denunciado pelo vereador oposicionista Beldes Ramos de &#8216;perseguir&#8217;<\/p>\n","protected":false},"author":1,"featured_media":0,"comment_status":"closed","ping_status":"closed","sticky":false,"template":"","format":"standard","meta":{"jetpack_post_was_ever_published":false,"cybocfi_hide_featured_image":"","_jetpack_newsletter_access":"","_jetpack_dont_email_post_to_subs":false,"_jetpack_newsletter_tier_id":0,"_jetpack_memberships_contains_paywalled_content":false,"_jetpack_memberships_contains_paid_content":false,"footnotes":"","jetpack_publicize_message":"","jetpack_publicize_feature_enabled":true,"jetpack_social_post_already_shared":true,"jetpack_social_options":{"image_generator_settings":{"template":"highway","default_image_id":0,"font":"","enabled":false},"version":2}},"categories":[1],"tags":[],"class_list":["post-15166","post","type-post","status-publish","format-standard","hentry","category-raiz"],"jetpack_publicize_connections":[],"jetpack_featured_media_url":"","jetpack_shortlink":"https:\/\/wp.me\/p3niVf-3WC","jetpack_sharing_enabled":true,"jetpack-related-posts":[{"id":10728,"url":"https:\/\/blogdafeira.com.br\/home\/2014\/06\/02\/forro-de-bie-a-partir-de-segunda-feira-e-na-praca-do-tropeiro-em-feira\/","url_meta":{"origin":15166,"position":0},"title":"Forr\u00f3 de Bi\u00e9 a partir de segunda-feira \u00e9 na Pra\u00e7a do Tropeiro em Feira","author":"Blog da Feira","date":"02\/06\/2014","format":false,"excerpt":"Os a\u00e7ougueiros e comerciantes que foram deslocados do Galp\u00e3o das Carnes que est\u00e1 em reforma, acharam que o forr\u00f3 e o samba iriam atrapalhar o trabalho deles e a sanfona de Bi\u00e9 foi silenciada. Mas Dona Santinha 'n\u00e3o se fez de rogada' e providenciou um boxe na Pra\u00e7a dos Tropeiros,\u2026","rel":"","context":"Em &quot;Home&quot;","block_context":{"text":"Home","link":"https:\/\/blogdafeira.com.br\/home\/categoria\/raiz\/"},"img":{"alt_text":"BI\u00e9","src":"https:\/\/i0.wp.com\/blogdafeira.com.br\/home\/wp-content\/uploads\/2014\/06\/BI%C3%A9.jpg?resize=350%2C200","width":350,"height":200,"srcset":"https:\/\/i0.wp.com\/blogdafeira.com.br\/home\/wp-content\/uploads\/2014\/06\/BI%C3%A9.jpg?resize=350%2C200 1x, https:\/\/i0.wp.com\/blogdafeira.com.br\/home\/wp-content\/uploads\/2014\/06\/BI%C3%A9.jpg?resize=525%2C300 1.5x"},"classes":[]},{"id":15228,"url":"https:\/\/blogdafeira.com.br\/home\/2015\/06\/01\/governo-de-feira-silenciou-os-oito-baixos-de-bie\/","url_meta":{"origin":15166,"position":1},"title":"Governo de Feira silenciou os &#8216;oito baixos&#8217; de Bi\u00e9","author":"Blog da Feira","date":"01\/06\/2015","format":false,"excerpt":"Aconteceu o que alertamos: o governo municipal de Feira de Santana conseguiu silenciar, pelo medo, a sanfona de oito baixos de Bi\u00e9, no Centro de Abastecimento. Hoje Bi\u00e9 n\u00e3o foi ao Centro.O som da sanfoninha n\u00e3o amaciou os ouvidos da gente simples. 'Tive medo de tomarem minha sanfona, minhas caixas.Eles\u2026","rel":"","context":"Em &quot;Home&quot;","block_context":{"text":"Home","link":"https:\/\/blogdafeira.com.br\/home\/categoria\/raiz\/"},"img":{"alt_text":"BI\u00e9","src":"https:\/\/i0.wp.com\/blogdafeira.com.br\/home\/wp-content\/uploads\/2015\/06\/BI%C3%A9.jpg?resize=350%2C200","width":350,"height":200,"srcset":"https:\/\/i0.wp.com\/blogdafeira.com.br\/home\/wp-content\/uploads\/2015\/06\/BI%C3%A9.jpg?resize=350%2C200 1x, https:\/\/i0.wp.com\/blogdafeira.com.br\/home\/wp-content\/uploads\/2015\/06\/BI%C3%A9.jpg?resize=525%2C300 1.5x"},"classes":[]},{"id":30498,"url":"https:\/\/blogdafeira.com.br\/home\/2018\/12\/03\/documentario-bie-dos-8-baixos-e-um-registro-singular-de-um-centro-de-abastecimento-que-esta-morrendo\/","url_meta":{"origin":15166,"position":2},"title":"Document\u00e1rio &#8216;Bi\u00e9 dos 8 Baixos&#8217; \u00e9 um registro singular de um Centro de Abastecimento que est\u00e1 morrendo","author":"J\u00e2nio R\u00eago","date":"03\/12\/2018","format":false,"excerpt":"Importante document\u00e1rio, principalmente porque\u00a0 o Centro de Abastecimento, enquanto feira livre, est\u00e1 desaparecendo... Um registro \u00fanico e singular de uma manifesta\u00e7\u00e3o art\u00edstica popular daquele entreposto. BI\u00c9 \u00e9 o espelho da resist\u00eancia ao cotidiano de lutas e dificuldades dos pobres, BI\u00c9 \u00e9 o canal de escape atrav\u00e9s da alegria... BI\u00c9 \u00e9\u2026","rel":"","context":"Em &quot;Home&quot;","block_context":{"text":"Home","link":"https:\/\/blogdafeira.com.br\/home\/categoria\/raiz\/"},"img":{"alt_text":"","src":"https:\/\/i0.wp.com\/blogdafeira.com.br\/home\/wp-content\/uploads\/2018\/12\/FB_IMG_1543839493341-576x1024.jpg?resize=350%2C200","width":350,"height":200,"srcset":"https:\/\/i0.wp.com\/blogdafeira.com.br\/home\/wp-content\/uploads\/2018\/12\/FB_IMG_1543839493341-576x1024.jpg?resize=350%2C200 1x, https:\/\/i0.wp.com\/blogdafeira.com.br\/home\/wp-content\/uploads\/2018\/12\/FB_IMG_1543839493341-576x1024.jpg?resize=525%2C300 1.5x"},"classes":[]},{"id":71713,"url":"https:\/\/blogdafeira.com.br\/home\/2026\/03\/16\/samba-da-praca-do-tropeiro-mudou-para-o-interior-do-centro-de-abastecimento-ate-o-final-da-obra\/","url_meta":{"origin":15166,"position":3},"title":"Samba da Pra\u00e7a do Tropeiro mudou para o interior do Centro de Abastecimento at\u00e9 o final da obra","author":"Blog da Feira","date":"16\/03\/2026","format":false,"excerpt":"Prevaleceu o di\u00e1logo, o bom senso e o esp\u00edrito de solidariedade e valoriza\u00e7\u00e3o da nossa cultura popular e o Samba da Segunda-Feira j\u00e1 aconteceu hoje na pra\u00e7a de alimenta\u00e7\u00e3o do Centro de Abastecimento (entre os galp\u00f5es da Farinha e o de Carnes) e vai acontecer toda segunda-feira enquanto estiver em\u2026","rel":"","context":"Em &quot;Cultura&quot;","block_context":{"text":"Cultura","link":"https:\/\/blogdafeira.com.br\/home\/categoria\/cultura\/"},"img":{"alt_text":"","src":"https:\/\/i0.wp.com\/blogdafeira.com.br\/home\/wp-content\/uploads\/2026\/03\/ry5o02.jpg?resize=350%2C200&ssl=1","width":350,"height":200,"srcset":"https:\/\/i0.wp.com\/blogdafeira.com.br\/home\/wp-content\/uploads\/2026\/03\/ry5o02.jpg?resize=350%2C200&ssl=1 1x, https:\/\/i0.wp.com\/blogdafeira.com.br\/home\/wp-content\/uploads\/2026\/03\/ry5o02.jpg?resize=525%2C300&ssl=1 1.5x, https:\/\/i0.wp.com\/blogdafeira.com.br\/home\/wp-content\/uploads\/2026\/03\/ry5o02.jpg?resize=700%2C400&ssl=1 2x"},"classes":[]},{"id":15402,"url":"https:\/\/blogdafeira.com.br\/home\/2015\/06\/16\/forro-no-centro-de-abastecimento-de-feira-fara-desgravo-a-bie\/","url_meta":{"origin":15166,"position":4},"title":"Forr\u00f3 no Centro de Abastecimento de Feira far\u00e1 desgravo a Bi\u00e9","author":"Blog da Feira","date":"16\/06\/2015","format":false,"excerpt":"A brutalidade contra o sanfoneiro Bi\u00e9 que foi impedido de tocar no Centro de Abastecimento de Feira de Santana, vai ser reparada. Mas n\u00e3opelo autor da 'malvadeza', o Governo Municipal, que permanece indiferente aos protestos. Entidades,associa\u00e7\u00f5es, coletivos e pessoas ligadas \u00e0 cultura popular na cidade est\u00e3o organizando um 'Forr\u00f3 da\u2026","rel":"","context":"Em &quot;Home&quot;","block_context":{"text":"Home","link":"https:\/\/blogdafeira.com.br\/home\/categoria\/raiz\/"},"img":{"alt_text":"BI\u00e9","src":"https:\/\/i0.wp.com\/blogdafeira.com.br\/home\/wp-content\/uploads\/2015\/06\/BI%C3%A9.jpg?resize=350%2C200","width":350,"height":200,"srcset":"https:\/\/i0.wp.com\/blogdafeira.com.br\/home\/wp-content\/uploads\/2015\/06\/BI%C3%A9.jpg?resize=350%2C200 1x, https:\/\/i0.wp.com\/blogdafeira.com.br\/home\/wp-content\/uploads\/2015\/06\/BI%C3%A9.jpg?resize=525%2C300 1.5x"},"classes":[]},{"id":31726,"url":"https:\/\/blogdafeira.com.br\/home\/2019\/06\/20\/filme-sobre-bie-dos-8-baixos-e-o-centro-de-abastecimento-de-feira-e-exibido-nesta-sexta-em-sao-paulo\/","url_meta":{"origin":15166,"position":5},"title":"Filme sobre Bi\u00e9 dos 8 Baixos e o Centro de Abastecimento de Feira \u00e9 exibido nesta sexta em S\u00e3o Paulo","author":"J\u00e2nio R\u00eago","date":"20\/06\/2019","format":false,"excerpt":"Nesta sexta-feira,21, \u00e0s 16 horas, no Cine Matilha, na rua R\u00eago Barros no centro de S\u00e3o Paulo, ser\u00e1 exibido o filme document\u00e1rio \"Bi\u00e9 dos 8 Baixos', como parte da programa\u00e7\u00e3o do Festival Internacional do Document\u00e1rio Musical In-Edit. O document\u00e1rio mostra o dia de segunda-feira de um sanfoneiro popular -\u00a0 Francisco\u2026","rel":"","context":"Em &quot;Home&quot;","block_context":{"text":"Home","link":"https:\/\/blogdafeira.com.br\/home\/categoria\/raiz\/"},"img":{"alt_text":"","src":"https:\/\/i0.wp.com\/blogdafeira.com.br\/home\/wp-content\/uploads\/2019\/06\/FB_IMG_1561078133807.jpg?resize=350%2C200","width":350,"height":200,"srcset":"https:\/\/i0.wp.com\/blogdafeira.com.br\/home\/wp-content\/uploads\/2019\/06\/FB_IMG_1561078133807.jpg?resize=350%2C200 1x, https:\/\/i0.wp.com\/blogdafeira.com.br\/home\/wp-content\/uploads\/2019\/06\/FB_IMG_1561078133807.jpg?resize=525%2C300 1.5x"},"classes":[]}],"_links":{"self":[{"href":"https:\/\/blogdafeira.com.br\/home\/wp-json\/wp\/v2\/posts\/15166","targetHints":{"allow":["GET"]}}],"collection":[{"href":"https:\/\/blogdafeira.com.br\/home\/wp-json\/wp\/v2\/posts"}],"about":[{"href":"https:\/\/blogdafeira.com.br\/home\/wp-json\/wp\/v2\/types\/post"}],"author":[{"embeddable":true,"href":"https:\/\/blogdafeira.com.br\/home\/wp-json\/wp\/v2\/users\/1"}],"replies":[{"embeddable":true,"href":"https:\/\/blogdafeira.com.br\/home\/wp-json\/wp\/v2\/comments?post=15166"}],"version-history":[{"count":8,"href":"https:\/\/blogdafeira.com.br\/home\/wp-json\/wp\/v2\/posts\/15166\/revisions"}],"predecessor-version":[{"id":15180,"href":"https:\/\/blogdafeira.com.br\/home\/wp-json\/wp\/v2\/posts\/15166\/revisions\/15180"}],"wp:attachment":[{"href":"https:\/\/blogdafeira.com.br\/home\/wp-json\/wp\/v2\/media?parent=15166"}],"wp:term":[{"taxonomy":"category","embeddable":true,"href":"https:\/\/blogdafeira.com.br\/home\/wp-json\/wp\/v2\/categories?post=15166"},{"taxonomy":"post_tag","embeddable":true,"href":"https:\/\/blogdafeira.com.br\/home\/wp-json\/wp\/v2\/tags?post=15166"}],"curies":[{"name":"wp","href":"https:\/\/api.w.org\/{rel}","templated":true}]}}