{"id":15174,"date":"2015-05-27T22:46:43","date_gmt":"2015-05-28T01:46:43","guid":{"rendered":"http:\/\/blogdafeira.com.br\/home\/?p=15174"},"modified":"2015-05-27T22:46:43","modified_gmt":"2015-05-28T01:46:43","slug":"a-boataria-pos-pavilhao-10-em-feira-de-santana-por-danillo-ferreira","status":"publish","type":"post","link":"https:\/\/blogdafeira.com.br\/home\/2015\/05\/27\/a-boataria-pos-pavilhao-10-em-feira-de-santana-por-danillo-ferreira\/","title":{"rendered":"A boataria p\u00f3s Pavilh\u00e3o 10 em Feira de Santana, por Danillo Ferreira"},"content":{"rendered":"<div id=\"blogd-3379743649\" class=\"blogd-fim-do-post-mobile blogd-entity-placement\" style=\"margin-left: auto;margin-right: auto;text-align: center;\"><a href=\"https:\/\/www.sefaz.feiradesantana.ba.gov.br\/\" target=\"_blank\" aria-label=\"728&#215;90 (6)\"><img loading=\"lazy\" decoding=\"async\" src=\"https:\/\/blogdafeira.com.br\/home\/wp-content\/uploads\/2026\/03\/728x90-6.gif\" alt=\"\"  class=\"no-lazyload\" width=\"728\" height=\"90\"  style=\"display: inline-block;\" \/><\/a><\/div><p>N\u00e3o \u00e9 novidade que o Sistema Penitenci\u00e1rio brasileiro agoniza em falta de estrutura e incapacidade de fazer cumprir o que estabelece a Lei. O pr\u00f3prio Ministro da Justi\u00e7a, Jos\u00e9 Eduardo Cardozo, chegou a afirmar, em 2012, que \u201cse fosse para cumprir muitos anos em uma pris\u00e3o nossa, eu preferiria morrer\u201d. Outro ponto que caracteriza a debilidade do Sistema \u00e9 a conex\u00e3o entre as pr\u00e1ticas criminosas no interior dos pres\u00eddios e fora deles.<\/p><div id=\"blogd-3165141557\" class=\"blogd-conteudo-2-mobile blogd-entity-placement\"><a href=\"https:\/\/feirenses.com.br\/\" target=\"_blank\" aria-label=\"feirenses\"><img loading=\"lazy\" decoding=\"async\" src=\"https:\/\/blogdafeira.com.br\/home\/wp-content\/uploads\/2026\/04\/feirenses.png\" alt=\"\"  srcset=\"https:\/\/blogdafeira.com.br\/home\/wp-content\/uploads\/2026\/04\/feirenses.png 300w, https:\/\/blogdafeira.com.br\/home\/wp-content\/uploads\/2026\/04\/feirenses-170x45.png 170w, https:\/\/blogdafeira.com.br\/home\/wp-content\/uploads\/2026\/04\/feirenses-280x74.png 280w\" sizes=\"(max-width: 300px) 100vw, 300px\" class=\"no-lazyload\" width=\"300\" height=\"79\"  style=\"display: inline-block;\" \/><\/a><\/div>\n<p>Provavelmente por isso a rebeli\u00e3o no Pavilh\u00e3o 10 do Complexo Penal de Feira de Santana, fartamente noticiado, at\u00e9 agora com 9 mortos e mais alguns feridos, est\u00e1 gerando grande furor na popula\u00e7\u00e3o feirense. No momento em que escrevo este artigo algumas dezenas de mensagens chegam nas v\u00e1rias m\u00eddias sociais dando conta de a\u00e7\u00f5es criminosas que, ap\u00f3s\u00a0o m\u00ednimo de apura\u00e7\u00e3o,\u00a0se revelam inver\u00eddicas.<\/p>\n<p>Fotos de homic\u00eddios ocorridos h\u00e1 alguns meses em outros estados est\u00e3o sendo divulgados como \u201cretalia\u00e7\u00e3o de traficantes por causa das mortes no pres\u00eddio\u201d. Sabendo que sou policial militar, uma tia pergunta: \u201cDanillo, \u00e9 seguro ir trabalhar amanh\u00e3?\u201d.<\/p>\n<p>N\u00e3o s\u00e3o poucos os casos em que o \u201cefeito manada\u201d acaba por gerar danos maiores que o pr\u00f3prio medo que pretende prevenir. E hoje, com o fen\u00f4meno do anonimato que \u201crepassa\u201d informa\u00e7\u00f5es sem qualquer responsabilidade, a tend\u00eancia \u00e9 que sejamos manipulados pelo medo fundado no boato.<\/p>\n<p>\u00c9 \u00f3bvio que devemos ser cautelosos e moderados ao considerar nossa vulnerabilidade \u00e0 viol\u00eancia. Precisamos sempre nos prevenir e tomar as medidas necess\u00e1rias para n\u00e3o nos tornarmos v\u00edtimas. Mas para isso \u00e9 l\u00facido se basear em informa\u00e7\u00f5es confi\u00e1veis, principalmente as oriundas das autoridades legalmente constitu\u00eddas, ou, pelo menos, de pessoas e ve\u00edculos com alguma credibilidade.<\/p>\n<p><img loading=\"lazy\" decoding=\"async\" class=\"alignleft size-thumbnail wp-image-15055\" src=\"http:\/\/blogdafeira.com.br\/home\/wp-content\/uploads\/2015\/05\/danillo-150x150.jpg\" alt=\"danillo\" width=\"150\" height=\"150\" srcset=\"https:\/\/blogdafeira.com.br\/home\/wp-content\/uploads\/2015\/05\/danillo-150x150.jpg 150w, https:\/\/blogdafeira.com.br\/home\/wp-content\/uploads\/2015\/05\/danillo-300x300.jpg 300w, https:\/\/blogdafeira.com.br\/home\/wp-content\/uploads\/2015\/05\/danillo.jpg 400w\" sizes=\"auto, (max-width: 150px) 100vw, 150px\" \/>A morte de 9 presos choca e gera a sensa\u00e7\u00e3o de absurdo. Mas n\u00e3o podemos canalizar o espanto para a boataria irrespons\u00e1vel.<\/p>\n<div id=\"blogd-881064092\" class=\"blogd-final-post blogd-entity-placement\"><a href=\"https:\/\/www.feiradesantana.ba.leg.br\/\" target=\"_blank\" aria-label=\"BANNER-SITE-ENTREGADECHEQUE-CAMARADEFEIRA\"><img loading=\"lazy\" decoding=\"async\" src=\"https:\/\/blogdafeira.com.br\/home\/wp-content\/uploads\/2026\/03\/BANNER-SITE-ENTREGADECHEQUE-CAMARADEFEIRA.gif\" alt=\"\"  class=\"no-lazyload\" width=\"728\" height=\"90\"   \/><\/a><\/div><p><a href=\"https:\/\/www.facebook.com\/notes\/danillo-ferreira\/a-boataria-p%C3%B3s-pavilh%C3%A3o-10-em-feira-de-santana\/10206864789401490?__mref=message_bubble\" target=\"_blank\">Danillo Ferreira\\facebook<\/a><\/p>\n","protected":false},"excerpt":{"rendered":"<p>N\u00e3o \u00e9 novidade que o Sistema Penitenci\u00e1rio brasileiro agoniza em falta de estrutura e incapacidade de fazer cumprir o que estabelece a Lei. O pr\u00f3prio Ministro da Justi\u00e7a, Jos\u00e9 Eduardo Cardozo, chegou a afirmar, em 2012, que \u201cse fosse para cumprir muitos anos em uma pris\u00e3o nossa, eu preferiria morrer\u201d. Outro ponto que caracteriza a<\/p>\n","protected":false},"author":1,"featured_media":0,"comment_status":"closed","ping_status":"closed","sticky":false,"template":"","format":"standard","meta":{"jetpack_post_was_ever_published":false,"cybocfi_hide_featured_image":"","_jetpack_newsletter_access":"","_jetpack_dont_email_post_to_subs":false,"_jetpack_newsletter_tier_id":0,"_jetpack_memberships_contains_paywalled_content":false,"_jetpack_memberships_contains_paid_content":false,"footnotes":"","jetpack_publicize_message":"","jetpack_publicize_feature_enabled":true,"jetpack_social_post_already_shared":true,"jetpack_social_options":{"image_generator_settings":{"template":"highway","default_image_id":0,"font":"","enabled":false},"version":2}},"categories":[1],"tags":[],"class_list":["post-15174","post","type-post","status-publish","format-standard","hentry","category-raiz"],"jetpack_publicize_connections":[],"jetpack_featured_media_url":"","jetpack_shortlink":"https:\/\/wp.me\/p3niVf-3WK","jetpack_sharing_enabled":true,"jetpack-related-posts":[{"id":15109,"url":"https:\/\/blogdafeira.com.br\/home\/2015\/05\/25\/pavilhao-10-do-presidio-de-feira-de-santana-o-vale-da-sombra-da-morte\/","url_meta":{"origin":15174,"position":0},"title":"&#8216;Pavilh\u00e3o 10&#8217; do Pres\u00eddio de Feira de Santana: &#8220;o vale da sombra da morte&#8221;","author":"Blog da Feira","date":"25\/05\/2015","format":false,"excerpt":"A rebeli\u00e3o no Pres\u00eddio Regional de Feira de Santana come\u00e7ou na tarde do domingo, dia de visita de familiares aos encarcerados. O Pavilh\u00e3o 10 explodiu em uma briga de gangues que terminou com 7 mortos e alguns feridos, mas n\u00e3o p\u00f4s fim na rebeli\u00e3o. Os presos suspenderam a negocia\u00e7\u00e3o \u00e0\u2026","rel":"","context":"Em &quot;Home&quot;","block_context":{"text":"Home","link":"https:\/\/blogdafeira.com.br\/home\/categoria\/raiz\/"},"img":{"alt_text":"ed","src":"https:\/\/i0.wp.com\/blogdafeira.com.br\/home\/wp-content\/uploads\/2015\/05\/ed.jpg?resize=350%2C200","width":350,"height":200,"srcset":"https:\/\/i0.wp.com\/blogdafeira.com.br\/home\/wp-content\/uploads\/2015\/05\/ed.jpg?resize=350%2C200 1x, https:\/\/i0.wp.com\/blogdafeira.com.br\/home\/wp-content\/uploads\/2015\/05\/ed.jpg?resize=525%2C300 1.5x"},"classes":[]},{"id":15143,"url":"https:\/\/blogdafeira.com.br\/home\/2015\/05\/25\/pavilhao-10-video-mostra-cenas-da-rebeliao-no-presidio-de-feira-de-santana\/","url_meta":{"origin":15174,"position":1},"title":"&#8216;Pavilh\u00e3o 10&#8243;: v\u00eddeo mostra cenas da rebeli\u00e3o no Pres\u00eddio de Feira de Santana","author":"Blog da Feira","date":"25\/05\/2015","format":false,"excerpt":"","rel":"","context":"Em &quot;Home&quot;","block_context":{"text":"Home","link":"https:\/\/blogdafeira.com.br\/home\/categoria\/raiz\/"},"img":{"alt_text":"","src":"","width":0,"height":0},"classes":[]},{"id":15134,"url":"https:\/\/blogdafeira.com.br\/home\/2015\/05\/25\/barbarie-no-pavilhao-10-terminou-com-mais-um-assassinato-8-mortos\/","url_meta":{"origin":15174,"position":2},"title":"Barb\u00e1rie no &#8216;Pavilh\u00e3o 10&#8217; terminou com mais um assassinato: 8 mortos","author":"Blog da Feira","date":"25\/05\/2015","format":false,"excerpt":"Terminou na manh\u00e3 desta segunda-feira (25) a rebeli\u00e3o no Pavilh\u00e3o 10 do Pres\u00eddio Regional de Feira de Santana, segunda maior cidade da Bahia. Mais de 70 pessoas, dentre mulheres e crian\u00e7as, estiveram em posse dos detentos. Na madrugada, um oitavo preso foi morto, mas ainda n\u00e3o h\u00e1 detalhes sobre as\u2026","rel":"","context":"Em &quot;Home&quot;","block_context":{"text":"Home","link":"https:\/\/blogdafeira.com.br\/home\/categoria\/raiz\/"},"img":{"alt_text":"","src":"","width":0,"height":0},"classes":[]},{"id":25282,"url":"https:\/\/blogdafeira.com.br\/home\/2017\/01\/06\/ultima-rebeliao-no-presidio-de-feira-fez-7-mortos-e-um-preso-foi-degolado\/","url_meta":{"origin":15174,"position":3},"title":"\u00daltima rebeli\u00e3o no Pres\u00eddio de Feira fez 7 mortos e um preso foi degolado","author":"Blog da Feira","date":"06\/01\/2017","format":false,"excerpt":"A rebeli\u00e3o no Pres\u00eddio Regional de Feira de Santana come\u00e7ou numa \u00a0tarde do domingo, dia de visita de familiares aos encarcerados, em maio de 2015. O \"Pavilh\u00e3o 10\" explodiu em uma briga de gangues que terminou com 7 mortos e alguns feridos. Um preso foi decapitado. Como no \u2018Pavilh\u00e3o 9\u2019\u2026","rel":"","context":"Em &quot;Home&quot;","block_context":{"text":"Home","link":"https:\/\/blogdafeira.com.br\/home\/categoria\/raiz\/"},"img":{"alt_text":"ed","src":"https:\/\/i0.wp.com\/blogdafeira.com.br\/home\/wp-content\/uploads\/2015\/05\/ed.jpg?resize=350%2C200","width":350,"height":200,"srcset":"https:\/\/i0.wp.com\/blogdafeira.com.br\/home\/wp-content\/uploads\/2015\/05\/ed.jpg?resize=350%2C200 1x, https:\/\/i0.wp.com\/blogdafeira.com.br\/home\/wp-content\/uploads\/2015\/05\/ed.jpg?resize=525%2C300 1.5x"},"classes":[]},{"id":52461,"url":"https:\/\/blogdafeira.com.br\/home\/2022\/05\/20\/o-xerife-do-pavilhao-tres\/","url_meta":{"origin":15174,"position":4},"title":"O xerife do pavilh\u00e3o tr\u00eas","author":"Andr\u00e9 Pomponet","date":"20\/05\/2022","format":false,"excerpt":"- O sujeito est\u00e1 a\u00ed, na cela administrativa. Ontem [domingo] de manh\u00e3, 'saiu na m\u00e3o' [brigou] com um preso no p\u00e1tio do [pavilh\u00e3o] tr\u00eas. Surrou o outro, que tem considera\u00e7\u00e3o no meio da malandragem. Correram atr\u00e1s dele e ele foi encurralado na pr\u00f3pria cela. Uns trinta foram entrando, todo mundo\u2026","rel":"","context":"Em &quot;Colunistas&quot;","block_context":{"text":"Colunistas","link":"https:\/\/blogdafeira.com.br\/home\/categoria\/colunistas\/"},"img":{"alt_text":"","src":"https:\/\/i0.wp.com\/blogdafeira.com.br\/home\/wp-content\/uploads\/2022\/04\/Screenshot_20220407-1451272.png?resize=350%2C200&ssl=1","width":350,"height":200,"srcset":"https:\/\/i0.wp.com\/blogdafeira.com.br\/home\/wp-content\/uploads\/2022\/04\/Screenshot_20220407-1451272.png?resize=350%2C200&ssl=1 1x, https:\/\/i0.wp.com\/blogdafeira.com.br\/home\/wp-content\/uploads\/2022\/04\/Screenshot_20220407-1451272.png?resize=525%2C300&ssl=1 1.5x"},"classes":[]},{"id":12927,"url":"https:\/\/blogdafeira.com.br\/home\/2014\/10\/15\/projeto-da-ponte-salvador-itaparica-sera-apresentado-quinta-na-ufba\/","url_meta":{"origin":15174,"position":5},"title":"Projeto da ponte Salvador-Itaparica ser\u00e1 apresentado quinta na UFBA","author":"Blog da Feira","date":"15\/10\/2014","format":false,"excerpt":"O projeto da ponte Salvador-Ilha de Itaparica ser\u00e1 apresentado \u00e0 comunidade acad\u00eamica nesta quinta-feira, 16, \u00a0no audit\u00f3rio do Pavilh\u00e3o de Aulas (PAF) 5, no bairro de Ondina, em Salvador, durante a programa\u00e7\u00e3o da Semana de Arte, Cultura, Ci\u00eancia e Tecnologia da UFBA (Universidade Federal da Bahia). A programa\u00e7\u00e3o ser\u00e1 aberta\u2026","rel":"","context":"Em &quot;Home&quot;","block_context":{"text":"Home","link":"https:\/\/blogdafeira.com.br\/home\/categoria\/raiz\/"},"img":{"alt_text":"","src":"","width":0,"height":0},"classes":[]}],"_links":{"self":[{"href":"https:\/\/blogdafeira.com.br\/home\/wp-json\/wp\/v2\/posts\/15174","targetHints":{"allow":["GET"]}}],"collection":[{"href":"https:\/\/blogdafeira.com.br\/home\/wp-json\/wp\/v2\/posts"}],"about":[{"href":"https:\/\/blogdafeira.com.br\/home\/wp-json\/wp\/v2\/types\/post"}],"author":[{"embeddable":true,"href":"https:\/\/blogdafeira.com.br\/home\/wp-json\/wp\/v2\/users\/1"}],"replies":[{"embeddable":true,"href":"https:\/\/blogdafeira.com.br\/home\/wp-json\/wp\/v2\/comments?post=15174"}],"version-history":[{"count":1,"href":"https:\/\/blogdafeira.com.br\/home\/wp-json\/wp\/v2\/posts\/15174\/revisions"}],"predecessor-version":[{"id":15176,"href":"https:\/\/blogdafeira.com.br\/home\/wp-json\/wp\/v2\/posts\/15174\/revisions\/15176"}],"wp:attachment":[{"href":"https:\/\/blogdafeira.com.br\/home\/wp-json\/wp\/v2\/media?parent=15174"}],"wp:term":[{"taxonomy":"category","embeddable":true,"href":"https:\/\/blogdafeira.com.br\/home\/wp-json\/wp\/v2\/categories?post=15174"},{"taxonomy":"post_tag","embeddable":true,"href":"https:\/\/blogdafeira.com.br\/home\/wp-json\/wp\/v2\/tags?post=15174"}],"curies":[{"name":"wp","href":"https:\/\/api.w.org\/{rel}","templated":true}]}}