{"id":15296,"date":"2015-06-05T14:50:31","date_gmt":"2015-06-05T17:50:31","guid":{"rendered":"http:\/\/blogdafeira.com.br\/home\/?p=15296"},"modified":"2015-06-05T14:50:31","modified_gmt":"2015-06-05T17:50:31","slug":"editora-da-ufba-vende-livros-com-desconto-de-ate-50","status":"publish","type":"post","link":"https:\/\/blogdafeira.com.br\/home\/2015\/06\/05\/editora-da-ufba-vende-livros-com-desconto-de-ate-50\/","title":{"rendered":"Editora da UFBA vende livros com desconto de at\u00e9 50%"},"content":{"rendered":"<div id=\"blogd-380779648\" class=\"blogd-fim-do-post-mobile blogd-entity-placement\" style=\"margin-left: auto;margin-right: auto;text-align: center;\"><a href=\"https:\/\/www.sefaz.feiradesantana.ba.gov.br\/\" target=\"_blank\" aria-label=\"728&#215;90 (6)\"><img loading=\"lazy\" decoding=\"async\" src=\"https:\/\/blogdafeira.com.br\/home\/wp-content\/uploads\/2026\/03\/728x90-6.gif\" alt=\"\"  class=\"no-lazyload\" width=\"728\" height=\"90\"  style=\"display: inline-block;\" \/><\/a><\/div><p>O Palacete das Artes, na Gra\u00e7a, em Salvador, recebe no dia 11 de junho, das 17 \u00e0s 22 horas, a segunda edi\u00e7\u00e3o do Festival de Livros e Autores da Universidade Federal da Bahia.<\/p><div id=\"blogd-451420928\" class=\"blogd-conteudo-2-mobile blogd-entity-placement\"><a href=\"https:\/\/feirenses.com.br\/\" target=\"_blank\" aria-label=\"feirenses\"><img loading=\"lazy\" decoding=\"async\" src=\"https:\/\/blogdafeira.com.br\/home\/wp-content\/uploads\/2026\/04\/feirenses.png\" alt=\"\"  srcset=\"https:\/\/blogdafeira.com.br\/home\/wp-content\/uploads\/2026\/04\/feirenses.png 300w, https:\/\/blogdafeira.com.br\/home\/wp-content\/uploads\/2026\/04\/feirenses-170x45.png 170w, https:\/\/blogdafeira.com.br\/home\/wp-content\/uploads\/2026\/04\/feirenses-280x74.png 280w\" sizes=\"(max-width: 300px) 100vw, 300px\" class=\"no-lazyload\" width=\"300\" height=\"79\"  style=\"display: inline-block;\" \/><\/a><\/div>\n<p>Cerca de 100 livros, lan\u00e7ados pela UFBA no segundo semestre de 2014 e no primeiro semestre de 2015, ser\u00e3o oferecidos com desconto de at\u00e9 50%, com pre\u00e7os a partir de R$10,00.<\/p>\n<div id=\"blogd-1425933634\" class=\"blogd-final-post blogd-entity-placement\"><a href=\"https:\/\/www.feiradesantana.ba.leg.br\/\" target=\"_blank\" aria-label=\"BANNER-SITE-ENTREGADECHEQUE-CAMARADEFEIRA\"><img loading=\"lazy\" decoding=\"async\" src=\"https:\/\/blogdafeira.com.br\/home\/wp-content\/uploads\/2026\/03\/BANNER-SITE-ENTREGADECHEQUE-CAMARADEFEIRA.gif\" alt=\"\"  class=\"no-lazyload\" width=\"728\" height=\"90\"   \/><\/a><\/div><p>A entrada \u00e9 gratuita.<\/p>\n","protected":false},"excerpt":{"rendered":"<p>O Palacete das Artes, na Gra\u00e7a, em Salvador, recebe no dia 11 de junho, das 17 \u00e0s 22 horas, a segunda edi\u00e7\u00e3o do Festival de Livros e Autores da Universidade Federal da Bahia. Cerca de 100 livros, lan\u00e7ados pela UFBA no segundo semestre de 2014 e no primeiro semestre de 2015, ser\u00e3o oferecidos com desconto<\/p>\n","protected":false},"author":1,"featured_media":0,"comment_status":"closed","ping_status":"closed","sticky":false,"template":"","format":"standard","meta":{"jetpack_post_was_ever_published":false,"cybocfi_hide_featured_image":"","_jetpack_newsletter_access":"","_jetpack_dont_email_post_to_subs":false,"_jetpack_newsletter_tier_id":0,"_jetpack_memberships_contains_paywalled_content":false,"_jetpack_memberships_contains_paid_content":false,"footnotes":"","jetpack_publicize_message":"","jetpack_publicize_feature_enabled":true,"jetpack_social_post_already_shared":true,"jetpack_social_options":{"image_generator_settings":{"template":"highway","default_image_id":0,"font":"","enabled":false},"version":2}},"categories":[1],"tags":[],"class_list":["post-15296","post","type-post","status-publish","format-standard","hentry","category-raiz"],"jetpack_publicize_connections":[],"jetpack_featured_media_url":"","jetpack_shortlink":"https:\/\/wp.me\/p3niVf-3YI","jetpack_sharing_enabled":true,"jetpack-related-posts":[{"id":13162,"url":"https:\/\/blogdafeira.com.br\/home\/2014\/10\/28\/livro-de-calasans-sobre-a-cachaca-e-relancado-pela-editora-da-ufba\/","url_meta":{"origin":15296,"position":0},"title":"Livro de Calasans sobre a &#8216;Cacha\u00e7a&#8217; \u00e9 relan\u00e7ado pela Editora da UFBA","author":"Blog da Feira","date":"28\/10\/2014","format":false,"excerpt":"Considerado um cl\u00e1ssico na sua especialidade, o livro \"Cacha\u00e7a, Mo\u00e7a Branca\", de autoria do professor Jos\u00e9 Calasans, ser\u00e1 lan\u00e7ado, em terceira edi\u00e7\u00e3o, pela Universidade Federal da Bahia (Editora da UFBA\/Edufba) no dia 31 de outubro, \u00e0s 17h, no Palacete das Artes, em Salvador. O livro foi escrito na d\u00e9cada de\u2026","rel":"","context":"Em &quot;Home&quot;","block_context":{"text":"Home","link":"https:\/\/blogdafeira.com.br\/home\/categoria\/raiz\/"},"img":{"alt_text":"capa","src":"https:\/\/i0.wp.com\/blogdafeira.com.br\/home\/wp-content\/uploads\/2014\/10\/capa-757x1024.jpg?resize=350%2C200","width":350,"height":200,"srcset":"https:\/\/i0.wp.com\/blogdafeira.com.br\/home\/wp-content\/uploads\/2014\/10\/capa-757x1024.jpg?resize=350%2C200 1x, https:\/\/i0.wp.com\/blogdafeira.com.br\/home\/wp-content\/uploads\/2014\/10\/capa-757x1024.jpg?resize=525%2C300 1.5x"},"classes":[]},{"id":31389,"url":"https:\/\/blogdafeira.com.br\/home\/2019\/05\/12\/reitores-e-parlamentares-participam-nesta-segunda-do-ato-em-defesa-das-universidades-federais-na-assembleia-da-bahia\/","url_meta":{"origin":15296,"position":1},"title":"Reitores e parlamentares participam, nesta segunda, do ato em defesa das universidades federais na Assembleia da Bahia","author":"J\u00e2nio R\u00eago","date":"12\/05\/2019","format":false,"excerpt":"O reitor da Universidade Federal da Bahia Jo\u00e3o Carlos Salles recebe em seu gabinete nesta segunda-feira, dia 13 de maio, a partir das 8h30 horas, parlamentares da bancada baiana e reitores das universidades e institutos federais do Estado. A principal pauta do encontro \u00e9 a decis\u00e3o do Minist\u00e9rio da Educa\u00e7\u00e3o\u2026","rel":"","context":"Em &quot;Home&quot;","block_context":{"text":"Home","link":"https:\/\/blogdafeira.com.br\/home\/categoria\/raiz\/"},"img":{"alt_text":"","src":"https:\/\/i0.wp.com\/blogdafeira.com.br\/home\/wp-content\/uploads\/2019\/05\/images-16.jpeg?resize=350%2C200","width":350,"height":200,"srcset":"https:\/\/i0.wp.com\/blogdafeira.com.br\/home\/wp-content\/uploads\/2019\/05\/images-16.jpeg?resize=350%2C200 1x, https:\/\/i0.wp.com\/blogdafeira.com.br\/home\/wp-content\/uploads\/2019\/05\/images-16.jpeg?resize=525%2C300 1.5x"},"classes":[]},{"id":28270,"url":"https:\/\/blogdafeira.com.br\/home\/2017\/09\/28\/feira-do-livro-editor-prega-uma-cultura-de-consumo-de-livros\/","url_meta":{"origin":15296,"position":2},"title":"Feira do Livro: editor prega uma &#8216;cultura de consumo de livros&#8217;","author":"Blog da Feira","date":"28\/09\/2017","format":false,"excerpt":"O mercado de livros na Bahia foi tema de uma das mesas-redondas na programa\u00e7\u00e3o da Feira do Livro. Participaram da atividade representantes de tr\u00eas editoras do estado,(Mondrongo, Macurer\u00ea e da UFBA) que revelaram os principais desafios de produzir e comercializar livros aqui na Bahia. Foi anunciado que secret\u00e1rio de Cultura\u2026","rel":"","context":"Em &quot;Home&quot;","block_context":{"text":"Home","link":"https:\/\/blogdafeira.com.br\/home\/categoria\/raiz\/"},"img":{"alt_text":"img_1493-1","src":"https:\/\/i0.wp.com\/blogdafeira.com.br\/home\/wp-content\/uploads\/2017\/09\/IMG_1493-1-1024x683.jpg?resize=350%2C200","width":350,"height":200,"srcset":"https:\/\/i0.wp.com\/blogdafeira.com.br\/home\/wp-content\/uploads\/2017\/09\/IMG_1493-1-1024x683.jpg?resize=350%2C200 1x, https:\/\/i0.wp.com\/blogdafeira.com.br\/home\/wp-content\/uploads\/2017\/09\/IMG_1493-1-1024x683.jpg?resize=525%2C300 1.5x, https:\/\/i0.wp.com\/blogdafeira.com.br\/home\/wp-content\/uploads\/2017\/09\/IMG_1493-1-1024x683.jpg?resize=700%2C400 2x"},"classes":[]},{"id":70108,"url":"https:\/\/blogdafeira.com.br\/home\/2025\/11\/06\/prazo-para-contestar-descontos-indevidos-do-inss-termina-dia-14\/","url_meta":{"origin":15296,"position":3},"title":"Prazo para contestar descontos indevidos do INSS \u200btermina dia 14","author":"Blog da Feira","date":"06\/11\/2025","format":false,"excerpt":"Aposentados e pensionistas que tiveram descontos indevidos diretamente nos benef\u00edcios do Instituto Nacional do Seguro Social (INSS) t\u00eam at\u00e9 sexta-feira da pr\u00f3xima semana (14) para contestar os d\u00e9bitos n\u00e3o autorizados. O Minist\u00e9rio da Previd\u00eancia Social (MPS) explica que a contesta\u00e7\u00e3o \u00e9 o primeiro passo para garantir o ressarcimento dos valores\u2026","rel":"","context":"Em &quot;Geral&quot;","block_context":{"text":"Geral","link":"https:\/\/blogdafeira.com.br\/home\/categoria\/geral\/"},"img":{"alt_text":"","src":"https:\/\/i0.wp.com\/blogdafeira.com.br\/home\/wp-content\/uploads\/2025\/11\/fachada-ministerio_mcamgo_abr_100420231818-13.webp?resize=350%2C200&ssl=1","width":350,"height":200,"srcset":"https:\/\/i0.wp.com\/blogdafeira.com.br\/home\/wp-content\/uploads\/2025\/11\/fachada-ministerio_mcamgo_abr_100420231818-13.webp?resize=350%2C200&ssl=1 1x, https:\/\/i0.wp.com\/blogdafeira.com.br\/home\/wp-content\/uploads\/2025\/11\/fachada-ministerio_mcamgo_abr_100420231818-13.webp?resize=525%2C300&ssl=1 1.5x, https:\/\/i0.wp.com\/blogdafeira.com.br\/home\/wp-content\/uploads\/2025\/11\/fachada-ministerio_mcamgo_abr_100420231818-13.webp?resize=700%2C400&ssl=1 2x, https:\/\/i0.wp.com\/blogdafeira.com.br\/home\/wp-content\/uploads\/2025\/11\/fachada-ministerio_mcamgo_abr_100420231818-13.webp?resize=1050%2C600&ssl=1 3x"},"classes":[]},{"id":13376,"url":"https:\/\/blogdafeira.com.br\/home\/2014\/11\/07\/editora-da-ufba-lanca-3-publicacoes-sobre-urbanismo-em-salvador\/","url_meta":{"origin":15296,"position":4},"title":"Editora da UFBA lan\u00e7a 3 publica\u00e7\u00f5es sobre urbanismo em Salvador","author":"Blog da Feira","date":"07\/11\/2014","format":false,"excerpt":"A Editora da Universidade Federal da Bahia (Edufba) lan\u00e7a nesta sexta-feira, dia 7 de novembro, a partir das 18h30, tr\u00eas publica\u00e7\u00f5es relacionadas com o universo do urbanismo e da arquitetura na Bahia O lan\u00e7amento ocorre por ocasi\u00e3o do Semin\u00e1rio Urbanismo da Bahia, que vem acontecendo desde o dia 5 de\u2026","rel":"","context":"Em &quot;Home&quot;","block_context":{"text":"Home","link":"https:\/\/blogdafeira.com.br\/home\/categoria\/raiz\/"},"img":{"alt_text":"","src":"","width":0,"height":0},"classes":[]},{"id":53625,"url":"https:\/\/blogdafeira.com.br\/home\/2022\/08\/05\/livro-lancado-em-irara-registra-as-memorias-de-doutor-deraldo\/","url_meta":{"origin":15296,"position":5},"title":"Livro lan\u00e7ado em Irar\u00e1 registra as mem\u00f3rias de Doutor Deraldo","author":"Blog da Feira","date":"05\/08\/2022","format":false,"excerpt":"O servidor p\u00fablico Emerson Nogueira Pinho, mais conhecido como Mersinho, lan\u00e7a hoje, sexta-feira,5, o livro \u201cTocatas de um Doutor: nosso lugar, nossa gente\u201d, na sede da Filarm\u00f4nica 25 de Dezembro, na Rua Cel Elp\u00eddio Nogueira, no centro da cidade de Irar\u00e1, \u00e0s 16h. A obra apresenta as mem\u00f3rias de Dr.\u2026","rel":"","context":"Em &quot;Cultura&quot;","block_context":{"text":"Cultura","link":"https:\/\/blogdafeira.com.br\/home\/categoria\/cultura\/"},"img":{"alt_text":"","src":"https:\/\/i0.wp.com\/blogdafeira.com.br\/home\/wp-content\/uploads\/2022\/08\/WhatsApp-Image-2022-07-29-at-10.18.06.jpeg?resize=350%2C200&ssl=1","width":350,"height":200,"srcset":"https:\/\/i0.wp.com\/blogdafeira.com.br\/home\/wp-content\/uploads\/2022\/08\/WhatsApp-Image-2022-07-29-at-10.18.06.jpeg?resize=350%2C200&ssl=1 1x, https:\/\/i0.wp.com\/blogdafeira.com.br\/home\/wp-content\/uploads\/2022\/08\/WhatsApp-Image-2022-07-29-at-10.18.06.jpeg?resize=525%2C300&ssl=1 1.5x, https:\/\/i0.wp.com\/blogdafeira.com.br\/home\/wp-content\/uploads\/2022\/08\/WhatsApp-Image-2022-07-29-at-10.18.06.jpeg?resize=700%2C400&ssl=1 2x, https:\/\/i0.wp.com\/blogdafeira.com.br\/home\/wp-content\/uploads\/2022\/08\/WhatsApp-Image-2022-07-29-at-10.18.06.jpeg?resize=1050%2C600&ssl=1 3x"},"classes":[]}],"_links":{"self":[{"href":"https:\/\/blogdafeira.com.br\/home\/wp-json\/wp\/v2\/posts\/15296","targetHints":{"allow":["GET"]}}],"collection":[{"href":"https:\/\/blogdafeira.com.br\/home\/wp-json\/wp\/v2\/posts"}],"about":[{"href":"https:\/\/blogdafeira.com.br\/home\/wp-json\/wp\/v2\/types\/post"}],"author":[{"embeddable":true,"href":"https:\/\/blogdafeira.com.br\/home\/wp-json\/wp\/v2\/users\/1"}],"replies":[{"embeddable":true,"href":"https:\/\/blogdafeira.com.br\/home\/wp-json\/wp\/v2\/comments?post=15296"}],"version-history":[{"count":1,"href":"https:\/\/blogdafeira.com.br\/home\/wp-json\/wp\/v2\/posts\/15296\/revisions"}],"predecessor-version":[{"id":15297,"href":"https:\/\/blogdafeira.com.br\/home\/wp-json\/wp\/v2\/posts\/15296\/revisions\/15297"}],"wp:attachment":[{"href":"https:\/\/blogdafeira.com.br\/home\/wp-json\/wp\/v2\/media?parent=15296"}],"wp:term":[{"taxonomy":"category","embeddable":true,"href":"https:\/\/blogdafeira.com.br\/home\/wp-json\/wp\/v2\/categories?post=15296"},{"taxonomy":"post_tag","embeddable":true,"href":"https:\/\/blogdafeira.com.br\/home\/wp-json\/wp\/v2\/tags?post=15296"}],"curies":[{"name":"wp","href":"https:\/\/api.w.org\/{rel}","templated":true}]}}