{"id":16227,"date":"2015-08-19T13:56:51","date_gmt":"2015-08-19T16:56:51","guid":{"rendered":"http:\/\/blogdafeira.com.br\/home\/?p=16227"},"modified":"2015-08-19T17:26:02","modified_gmt":"2015-08-19T20:26:02","slug":"dom-itamar-vai-abrir-dialogo-com-ronaldo-sobre-brt","status":"publish","type":"post","link":"https:\/\/blogdafeira.com.br\/home\/2015\/08\/19\/dom-itamar-vai-abrir-dialogo-com-ronaldo-sobre-brt\/","title":{"rendered":"Dom Itamar vai abrir di\u00e1logo com Ronaldo sobre BRT"},"content":{"rendered":"<p style=\"border: 0px; font-family: 'Open Sans', 'Helvetica Neue', Helvetica, Arial, sans-serif; font-size: 13px; font-style: normal; margin: 0px 0px 1em; outline: 0px; padding: 0px; vertical-align: baseline; color: #404040; line-height: 19.9939994812012px;\"><img loading=\"lazy\" decoding=\"async\" class=\"aligncenter size-full wp-image-16221\" src=\"http:\/\/blogdafeira.com.br\/home\/wp-content\/uploads\/2015\/08\/IMG_20150819_114417441.jpg\" alt=\"IMG_20150819_114417441\" width=\"2448\" height=\"3264\" srcset=\"https:\/\/blogdafeira.com.br\/home\/wp-content\/uploads\/2015\/08\/IMG_20150819_114417441.jpg 2448w, https:\/\/blogdafeira.com.br\/home\/wp-content\/uploads\/2015\/08\/IMG_20150819_114417441-113x150.jpg 113w, https:\/\/blogdafeira.com.br\/home\/wp-content\/uploads\/2015\/08\/IMG_20150819_114417441-225x300.jpg 225w, https:\/\/blogdafeira.com.br\/home\/wp-content\/uploads\/2015\/08\/IMG_20150819_114417441-768x1024.jpg 768w\" sizes=\"auto, (max-width: 2448px) 100vw, 2448px\" \/><\/p>\n<div id=\"blogd-3664380037\" class=\"blogd-fim-do-post-mobile blogd-entity-placement\" style=\"margin-left: auto;margin-right: auto;text-align: center;\"><a href=\"https:\/\/www.sefaz.feiradesantana.ba.gov.br\/\" target=\"_blank\" aria-label=\"728&#215;90 (6)\"><img loading=\"lazy\" decoding=\"async\" src=\"https:\/\/blogdafeira.com.br\/home\/wp-content\/uploads\/2026\/03\/728x90-6.gif\" alt=\"\"  class=\"no-lazyload\" width=\"728\" height=\"90\"  style=\"display: inline-block;\" \/><\/a><\/div><p>\u00a0O Arcebispo de Feira de \u00a0Santana, dom Itamar Vian, comprometeu-se a intermediar um di\u00e1logo entre o Prefeito de Feira,Jos\u00e9 Ronaldo(DEM), e o movimento contr\u00e1rio \u00e0 implanta\u00e7\u00e3o do BRT NA avenida Get\u00falio Vargas.<\/p><div id=\"blogd-3372975854\" class=\"blogd-conteudo-2-mobile blogd-entity-placement\"><a href=\"https:\/\/feirenses.com.br\/\" target=\"_blank\" aria-label=\"feirenses\"><img loading=\"lazy\" decoding=\"async\" src=\"https:\/\/blogdafeira.com.br\/home\/wp-content\/uploads\/2026\/04\/feirenses.png\" alt=\"\"  srcset=\"https:\/\/blogdafeira.com.br\/home\/wp-content\/uploads\/2026\/04\/feirenses.png 300w, https:\/\/blogdafeira.com.br\/home\/wp-content\/uploads\/2026\/04\/feirenses-170x45.png 170w, https:\/\/blogdafeira.com.br\/home\/wp-content\/uploads\/2026\/04\/feirenses-280x74.png 280w\" sizes=\"(max-width: 300px) 100vw, 300px\" class=\"no-lazyload\" width=\"300\" height=\"79\"  style=\"display: inline-block;\" \/><\/a><\/div>\n<p>Itamar recebeu um grupo de manifestantes hoje pela manh\u00e3, na CDL.O Arcebispo acabara de participar de uma reuni\u00e3o sobre a nova Enc\u00edclica do Papa Francisco que fala exatamente sobre a preserva\u00e7\u00e3o das \u00e1reas ambientais favor\u00e1veis aos seres humanos.<\/p>\n<p>O Arcebispo justificou sua \u2018ignor\u00e2ncia\u2019 sobre o Projeto do BRT de Feira lembrando suas in\u00fameras atividades como pastor maior de mais de 180 cidades.<\/p>\n<p>Paciente,o religioso ouviu atentamente v\u00e1rias interven\u00e7\u00f5es de manifestantes antes de pedir desculpas e se retirar para cumprir outro compromisso.<\/p>\n<p>Itamar garantiu que at\u00e9 domingo tentar\u00e1 manter contato com o Prefeito da cidade.<\/p>\n<div id=\"blogd-639372436\" class=\"blogd-final-post blogd-entity-placement\"><a href=\"https:\/\/www.feiradesantana.ba.leg.br\/\" target=\"_blank\" aria-label=\"BANNER-SITE-ENTREGADECHEQUE-CAMARADEFEIRA\"><img loading=\"lazy\" decoding=\"async\" src=\"https:\/\/blogdafeira.com.br\/home\/wp-content\/uploads\/2026\/03\/BANNER-SITE-ENTREGADECHEQUE-CAMARADEFEIRA.gif\" alt=\"\"  class=\"no-lazyload\" width=\"728\" height=\"90\"   \/><\/a><\/div><p>Depois de domingo Itamar entra em retiro at\u00e9 o dia do seu anivers\u00e1rio e posterior \u2018aposentadoria\u2019. A partir da\u00ed, a \u2018bola vai para os p\u00e9s&#8217; de dom Zanoni, o substituto.<\/p>\n","protected":false},"excerpt":{"rendered":"<p>\u00a0O Arcebispo de Feira de \u00a0Santana, dom Itamar Vian, comprometeu-se a intermediar um di\u00e1logo entre o Prefeito de Feira,Jos\u00e9 Ronaldo(DEM), e o movimento contr\u00e1rio \u00e0 implanta\u00e7\u00e3o do BRT NA avenida Get\u00falio Vargas. Itamar recebeu um grupo de manifestantes hoje pela manh\u00e3, na CDL.O Arcebispo acabara de participar de uma reuni\u00e3o sobre a nova Enc\u00edclica do<\/p>\n","protected":false},"author":1,"featured_media":0,"comment_status":"closed","ping_status":"closed","sticky":false,"template":"","format":"standard","meta":{"jetpack_post_was_ever_published":false,"cybocfi_hide_featured_image":"","_jetpack_newsletter_access":"","_jetpack_dont_email_post_to_subs":false,"_jetpack_newsletter_tier_id":0,"_jetpack_memberships_contains_paywalled_content":false,"_jetpack_memberships_contains_paid_content":false,"footnotes":"","jetpack_publicize_message":"","jetpack_publicize_feature_enabled":true,"jetpack_social_post_already_shared":true,"jetpack_social_options":{"image_generator_settings":{"template":"highway","default_image_id":0,"font":"","enabled":false},"version":2}},"categories":[1],"tags":[],"class_list":["post-16227","post","type-post","status-publish","format-standard","hentry","category-raiz"],"jetpack_publicize_connections":[],"jetpack_featured_media_url":"","jetpack_shortlink":"https:\/\/wp.me\/p3niVf-4dJ","jetpack_sharing_enabled":true,"jetpack-related-posts":[{"id":17790,"url":"https:\/\/blogdafeira.com.br\/home\/2015\/11\/18\/novo-arcebispo-de-feira-continuidade-dinamica-ao-trabalho-de-itamar\/","url_meta":{"origin":16227,"position":0},"title":"Novo Arcebispo de Feira: &#8216;continuidade din\u00e2mica&#8217; ao trabalho de Itamar","author":"Blog da Feira","date":"18\/11\/2015","format":false,"excerpt":"\"Sou chamado a dar continuidade din\u00e2mica a este trabalho bonito \u00a0de Dom Itamar\", disse o novo Arcebispo cat\u00f3lico de Feira de Santana, dom Zanoni Castro, na mensagem que fez logo ap\u00f3s assumir a maior Arquidiocese do interior do Nordeste brasileiro. Zanoni pediu a colabora\u00e7\u00e3o de todos e fez uma b\u00ean\u00e7\u00e3o.\u2026","rel":"","context":"Em &quot;Home&quot;","block_context":{"text":"Home","link":"https:\/\/blogdafeira.com.br\/home\/categoria\/raiz\/"},"img":{"alt_text":"bispo","src":"https:\/\/i0.wp.com\/blogdafeira.com.br\/home\/wp-content\/uploads\/2014\/12\/bispo-346x230.jpg?resize=350%2C200","width":350,"height":200},"classes":[]},{"id":12212,"url":"https:\/\/blogdafeira.com.br\/home\/2014\/08\/27\/arcebispo-de-feira-dom-itamar-vian-completa-74-anos-de-idade\/","url_meta":{"origin":16227,"position":1},"title":"Arcebispo de Feira, Dom Itamar Vian, completa 74 anos de idade","author":"Blog da Feira","date":"27\/08\/2014","format":false,"excerpt":"O Arcebispo cat\u00f3lico de Feira de Santana, dom Itamar Vian, completa\u00a074 anos de idade.\u00a0 nesta quarta-feira (27). Itamar veio para Feira em 1995,substituir Dom Silv\u00e9rio. Antes ele era Bispo na Diocese de Barra, na margem do Rio S\u00e3o Francisco. Com Dom Itamar a Diocese tomou um impulso muito grande em\u2026","rel":"","context":"Em &quot;Home&quot;","block_context":{"text":"Home","link":"https:\/\/blogdafeira.com.br\/home\/categoria\/raiz\/"},"img":{"alt_text":"Itamar Vian feira","src":"https:\/\/i0.wp.com\/blogdafeira.com.br\/home\/wp-content\/uploads\/2014\/08\/Itamar-Vian-feira.jpg?resize=350%2C200","width":350,"height":200,"srcset":"https:\/\/i0.wp.com\/blogdafeira.com.br\/home\/wp-content\/uploads\/2014\/08\/Itamar-Vian-feira.jpg?resize=350%2C200 1x, https:\/\/i0.wp.com\/blogdafeira.com.br\/home\/wp-content\/uploads\/2014\/08\/Itamar-Vian-feira.jpg?resize=525%2C300 1.5x, https:\/\/i0.wp.com\/blogdafeira.com.br\/home\/wp-content\/uploads\/2014\/08\/Itamar-Vian-feira.jpg?resize=700%2C400 2x"},"classes":[]},{"id":15809,"url":"https:\/\/blogdafeira.com.br\/home\/2015\/07\/27\/dom-zanoni-assume-o-arcebispado-de-feira-de-santana-em-setembro\/","url_meta":{"origin":16227,"position":2},"title":"Dom Zanoni assume o Arcebispado de Feira de Santana em setembro","author":"Blog da Feira","date":"27\/07\/2015","format":false,"excerpt":"Dom Zanoni Demettino\u00a0Castro assume o Arcebispado de Feira de Santana nos pr\u00f3ximos dias, em cerim\u00f4nia oficial provavelmente no m\u00eas de setembro, ap\u00f3s a aposentadoria can\u00f4nica do atual arcebispo, dom Itamar Vian no final do m\u00eas de agosto. Itamar veio para Feira em 1995,substituir Dom Silv\u00e9rio. Antes ele era Bispo na\u2026","rel":"","context":"Em &quot;Home&quot;","block_context":{"text":"Home","link":"https:\/\/blogdafeira.com.br\/home\/categoria\/raiz\/"},"img":{"alt_text":"bispo","src":"https:\/\/i0.wp.com\/blogdafeira.com.br\/home\/wp-content\/uploads\/2014\/12\/bispo.jpg?resize=350%2C200","width":350,"height":200,"srcset":"https:\/\/i0.wp.com\/blogdafeira.com.br\/home\/wp-content\/uploads\/2014\/12\/bispo.jpg?resize=350%2C200 1x, https:\/\/i0.wp.com\/blogdafeira.com.br\/home\/wp-content\/uploads\/2014\/12\/bispo.jpg?resize=525%2C300 1.5x, https:\/\/i0.wp.com\/blogdafeira.com.br\/home\/wp-content\/uploads\/2014\/12\/bispo.jpg?resize=700%2C400 2x"},"classes":[]},{"id":12563,"url":"https:\/\/blogdafeira.com.br\/home\/2014\/09\/26\/dom-itamar-se-aposenta-mas-ficara-em-feira-como-arcebispo-emerito\/","url_meta":{"origin":16227,"position":3},"title":"Dom Itamar se aposenta mas ficar\u00e1 em Feira como Arcebispo Em\u00e9rito","author":"Blog da Feira","date":"26\/09\/2014","format":false,"excerpt":"O Arcebispo da Regi\u00e3o Metropolitana de Feira de Sant'Anna, dom Itamar Vian, j\u00e1 entregou o seu pedido compuls\u00f3rio de aposentadoria ao Vaticano que dever\u00e1 indicar um substituto para o cargo episcopal. No pr\u00f3ximo m\u00eas de novembro, o N\u00fancio Ap\u00f3st\u00f3lico para o Brasil, o italiano \u00a0dom \u00a0Giovanni Daniello visita o Arcebispado.\u2026","rel":"","context":"Em &quot;Home&quot;","block_context":{"text":"Home","link":"https:\/\/blogdafeira.com.br\/home\/categoria\/raiz\/"},"img":{"alt_text":"Itamar Vian feira","src":"https:\/\/i0.wp.com\/blogdafeira.com.br\/home\/wp-content\/uploads\/2014\/08\/Itamar-Vian-feira.jpg?resize=350%2C200","width":350,"height":200,"srcset":"https:\/\/i0.wp.com\/blogdafeira.com.br\/home\/wp-content\/uploads\/2014\/08\/Itamar-Vian-feira.jpg?resize=350%2C200 1x, https:\/\/i0.wp.com\/blogdafeira.com.br\/home\/wp-content\/uploads\/2014\/08\/Itamar-Vian-feira.jpg?resize=525%2C300 1.5x, https:\/\/i0.wp.com\/blogdafeira.com.br\/home\/wp-content\/uploads\/2014\/08\/Itamar-Vian-feira.jpg?resize=700%2C400 2x"},"classes":[]},{"id":15930,"url":"https:\/\/blogdafeira.com.br\/home\/2015\/08\/03\/arquidiocese-de-feira-e-chamada-para-defender-a-getulio-do-brt\/","url_meta":{"origin":16227,"position":4},"title":"Arquidiocese de Feira \u00e9 chamada para defender a Get\u00falio do BRT","author":"Blog da Feira","date":"03\/08\/2015","format":false,"excerpt":"Uma c\u00f3pia da Enc\u00edclica Laudato Si' do papa Francisco sobre o meio ambiente (clique aqui) \u00a0foi enviada \u00e0 Arquidiocese de Feira de Santana pelo movimento contra o BRT na avenida Get\u00falio Vargas, \"para que a Arquidiocese reflita junto com as palavras do 'Cabe\u00e7a da Igreja' sobre o pecado social que\u2026","rel":"","context":"Em &quot;Home&quot;","block_context":{"text":"Home","link":"https:\/\/blogdafeira.com.br\/home\/categoria\/raiz\/"},"img":{"alt_text":"IMG_20150409_012355","src":"https:\/\/i0.wp.com\/blogdafeira.com.br\/home\/wp-content\/uploads\/2015\/04\/IMG_20150409_012355.jpg?resize=350%2C200","width":350,"height":200,"srcset":"https:\/\/i0.wp.com\/blogdafeira.com.br\/home\/wp-content\/uploads\/2015\/04\/IMG_20150409_012355.jpg?resize=350%2C200 1x, https:\/\/i0.wp.com\/blogdafeira.com.br\/home\/wp-content\/uploads\/2015\/04\/IMG_20150409_012355.jpg?resize=525%2C300 1.5x"},"classes":[]},{"id":899,"url":"https:\/\/blogdafeira.com.br\/home\/2013\/04\/25\/dom-itamar-critica-bandas-empresas-que-exploram-o-povo-na-micareta\/","url_meta":{"origin":16227,"position":5},"title":"Dom Itamar critica  \u2018bandas empresas\u2019 que \u2018exploram o povo\u2019 na Micareta","author":"Blog da Feira","date":"25\/04\/2013","format":false,"excerpt":"O\u00a0arcebispo cat\u00f3lico de Feira de Santana, dom Itamar Vian, criticou, em artigo publicado hoje no site da Arquidiocese, \u00a0o modelo da Micareta de Feira de Santana. Segundo ele, \u201c o que era antes uma tradi\u00e7\u00e3o cultural passou \u00a0hoje a ser explorado por \u2018bandas empresas\u2019 \u00a0que realizam uma micareta, na rua,\u2026","rel":"","context":"Em &quot;Cidade&quot;","block_context":{"text":"Cidade","link":"https:\/\/blogdafeira.com.br\/home\/categoria\/cidade\/"},"img":{"alt_text":"","src":"","width":0,"height":0},"classes":[]}],"_links":{"self":[{"href":"https:\/\/blogdafeira.com.br\/home\/wp-json\/wp\/v2\/posts\/16227","targetHints":{"allow":["GET"]}}],"collection":[{"href":"https:\/\/blogdafeira.com.br\/home\/wp-json\/wp\/v2\/posts"}],"about":[{"href":"https:\/\/blogdafeira.com.br\/home\/wp-json\/wp\/v2\/types\/post"}],"author":[{"embeddable":true,"href":"https:\/\/blogdafeira.com.br\/home\/wp-json\/wp\/v2\/users\/1"}],"replies":[{"embeddable":true,"href":"https:\/\/blogdafeira.com.br\/home\/wp-json\/wp\/v2\/comments?post=16227"}],"version-history":[{"count":5,"href":"https:\/\/blogdafeira.com.br\/home\/wp-json\/wp\/v2\/posts\/16227\/revisions"}],"predecessor-version":[{"id":16239,"href":"https:\/\/blogdafeira.com.br\/home\/wp-json\/wp\/v2\/posts\/16227\/revisions\/16239"}],"wp:attachment":[{"href":"https:\/\/blogdafeira.com.br\/home\/wp-json\/wp\/v2\/media?parent=16227"}],"wp:term":[{"taxonomy":"category","embeddable":true,"href":"https:\/\/blogdafeira.com.br\/home\/wp-json\/wp\/v2\/categories?post=16227"},{"taxonomy":"post_tag","embeddable":true,"href":"https:\/\/blogdafeira.com.br\/home\/wp-json\/wp\/v2\/tags?post=16227"}],"curies":[{"name":"wp","href":"https:\/\/api.w.org\/{rel}","templated":true}]}}