{"id":16345,"date":"2015-08-26T21:51:46","date_gmt":"2015-08-27T00:51:46","guid":{"rendered":"http:\/\/blogdafeira.com.br\/home\/?p=16345"},"modified":"2015-08-26T21:51:46","modified_gmt":"2015-08-27T00:51:46","slug":"alienacao-de-imoveis-da-uniao-na-bahia-nao-abrange-feira","status":"publish","type":"post","link":"https:\/\/blogdafeira.com.br\/home\/2015\/08\/26\/alienacao-de-imoveis-da-uniao-na-bahia-nao-abrange-feira\/","title":{"rendered":"Aliena\u00e7\u00e3o de im\u00f3veis da Uni\u00e3o na Bahia n\u00e3o abrange Feira"},"content":{"rendered":"<div id=\"blogd-741872871\" class=\"blogd-fim-do-post-mobile blogd-entity-placement\" style=\"margin-left: auto;margin-right: auto;text-align: center;\"><a href=\"https:\/\/www.sefaz.feiradesantana.ba.gov.br\/\" target=\"_blank\" aria-label=\"728&#215;90 (6)\"><img loading=\"lazy\" decoding=\"async\" src=\"https:\/\/blogdafeira.com.br\/home\/wp-content\/uploads\/2026\/03\/728x90-6.gif\" alt=\"\"  class=\"no-lazyload\" width=\"728\" height=\"90\"  style=\"display: inline-block;\" \/><\/a><\/div><p><img loading=\"lazy\" decoding=\"async\" class=\"aligncenter size-full wp-image-5985\" src=\"http:\/\/blogdafeira.com.br\/home\/wp-content\/uploads\/2013\/11\/DSC08817.jpg\" alt=\"DSC08817\" width=\"480\" height=\"640\" srcset=\"https:\/\/blogdafeira.com.br\/home\/wp-content\/uploads\/2013\/11\/DSC08817.jpg 480w, https:\/\/blogdafeira.com.br\/home\/wp-content\/uploads\/2013\/11\/DSC08817-112x150.jpg 112w, https:\/\/blogdafeira.com.br\/home\/wp-content\/uploads\/2013\/11\/DSC08817-225x300.jpg 225w\" sizes=\"auto, (max-width: 480px) 100vw, 480px\" \/>O governo federal divulgou nesta quarta-feira (26) o primeiro lote de im\u00f3veis para venda, dentro da proposta de redu\u00e7\u00e3o de despesas e racionaliza\u00e7\u00e3o de gastos da Uni\u00e3o.<\/p><div id=\"blogd-1250815066\" class=\"blogd-conteudo-2-mobile blogd-entity-placement\"><a href=\"https:\/\/feirenses.com.br\/\" target=\"_blank\" aria-label=\"feirenses\"><img loading=\"lazy\" decoding=\"async\" src=\"https:\/\/blogdafeira.com.br\/home\/wp-content\/uploads\/2026\/04\/feirenses.png\" alt=\"\"  srcset=\"https:\/\/blogdafeira.com.br\/home\/wp-content\/uploads\/2026\/04\/feirenses.png 300w, https:\/\/blogdafeira.com.br\/home\/wp-content\/uploads\/2026\/04\/feirenses-170x45.png 170w, https:\/\/blogdafeira.com.br\/home\/wp-content\/uploads\/2026\/04\/feirenses-280x74.png 280w\" sizes=\"(max-width: 300px) 100vw, 300px\" class=\"no-lazyload\" width=\"300\" height=\"79\"  style=\"display: inline-block;\" \/><\/a><\/div>\n<p><strong>\u00a0<a href=\"http:\/\/goo.gl\/tNUUEr\">Portaria (clique aqui<\/a>)<\/strong>\u00a0publicada no\u00a0Di\u00e1rio Oficial da Uni\u00e3o\u00a0traz a lista desses im\u00f3veis em v\u00e1rias estados, o valor e os endere\u00e7os.<\/p>\n<p>Na Bahia, duas salas na avenida Tancredo Neves, no bairro Caminho das \u00c1rvores est\u00e3o na lista divulgada. Os dois est\u00e3o avaliados em cerca de 350 mil reais. As licita\u00e7\u00f5es ainda ser\u00e3o abertas.<\/p>\n<p>Em Feira de Santana, o pr\u00e9dio do INSS, um dos mais altos e mais antigos do centro hist\u00f3rico da cidade, est\u00e1 desocupado h\u00e1 cerca de dois anos, mas n\u00e3o entrou na lista de im\u00f3veis que ser\u00e3o alienados para construir novos e conter as despesas com alugu\u00e9is.<\/p>\n<div id=\"blogd-3531962108\" class=\"blogd-final-post blogd-entity-placement\"><a href=\"https:\/\/www.feiradesantana.ba.leg.br\/\" target=\"_blank\" aria-label=\"BANNER-SITE-ENTREGADECHEQUE-CAMARADEFEIRA\"><img loading=\"lazy\" decoding=\"async\" src=\"https:\/\/blogdafeira.com.br\/home\/wp-content\/uploads\/2026\/03\/BANNER-SITE-ENTREGADECHEQUE-CAMARADEFEIRA.gif\" alt=\"\"  class=\"no-lazyload\" width=\"728\" height=\"90\"   \/><\/a><\/div><p>A diretoria regional do INSS est\u00e1 funcionando em um pr\u00e9dio alugado na avenida Get\u00falio Vargas.<\/p>\n","protected":false},"excerpt":{"rendered":"<p>O governo federal divulgou nesta quarta-feira (26) o primeiro lote de im\u00f3veis para venda, dentro da proposta de redu\u00e7\u00e3o de despesas e racionaliza\u00e7\u00e3o de gastos da Uni\u00e3o. \u00a0Portaria (clique aqui)\u00a0publicada no\u00a0Di\u00e1rio Oficial da Uni\u00e3o\u00a0traz a lista desses im\u00f3veis em v\u00e1rias estados, o valor e os endere\u00e7os. Na Bahia, duas salas na avenida Tancredo Neves, no<\/p>\n","protected":false},"author":1,"featured_media":0,"comment_status":"closed","ping_status":"closed","sticky":false,"template":"","format":"standard","meta":{"jetpack_post_was_ever_published":false,"cybocfi_hide_featured_image":"","_jetpack_newsletter_access":"","_jetpack_dont_email_post_to_subs":false,"_jetpack_newsletter_tier_id":0,"_jetpack_memberships_contains_paywalled_content":false,"_jetpack_memberships_contains_paid_content":false,"footnotes":"","jetpack_publicize_message":"","jetpack_publicize_feature_enabled":true,"jetpack_social_post_already_shared":true,"jetpack_social_options":{"image_generator_settings":{"template":"highway","default_image_id":0,"font":"","enabled":false},"version":2}},"categories":[1],"tags":[],"class_list":["post-16345","post","type-post","status-publish","format-standard","hentry","category-raiz"],"jetpack_publicize_connections":[],"jetpack_featured_media_url":"","jetpack_shortlink":"https:\/\/wp.me\/p3niVf-4fD","jetpack_sharing_enabled":true,"jetpack-related-posts":[{"id":40860,"url":"https:\/\/blogdafeira.com.br\/home\/2020\/10\/02\/imoveis-da-uniao-desocupados-voce-pode-provocar-uma-licitacao\/","url_meta":{"origin":16345,"position":0},"title":"Im\u00f3veis da Uni\u00e3o desocupados? voc\u00ea pode provocar uma licita\u00e7\u00e3o","author":"Blog da Feira","date":"02\/10\/2020","format":false,"excerpt":"A partir deste m\u00eas de outubro, qualquer cidad\u00e3o pode provocar o Governo Federal para licitar salas, pr\u00e9dios, terrenos e apartamentos que n\u00e3o estejam sendo utilizados para presta\u00e7\u00e3o de servi\u00e7os p\u00fablicos, como por exemplo o edif\u00edcio do INSS na pra\u00e7a do Lambe Lambe em Feira de Santana. (foto) Desenvolvida pelo Serpro\u2026","rel":"","context":"Em &quot;Cidade&quot;","block_context":{"text":"Cidade","link":"https:\/\/blogdafeira.com.br\/home\/categoria\/cidade\/"},"img":{"alt_text":"","src":"https:\/\/i0.wp.com\/blogdafeira.com.br\/home\/wp-content\/uploads\/2020\/10\/inss.jpg?resize=350%2C200&ssl=1","width":350,"height":200},"classes":[]},{"id":5984,"url":"https:\/\/blogdafeira.com.br\/home\/2013\/11\/10\/pacto-de-feira-predio-do-inss-em-feira-pode-ser-um-shopping-popular\/","url_meta":{"origin":16345,"position":1},"title":"Pacto de Feira: pr\u00e9dio do INSS pode ser um shopping popular?","author":"Blog da Feira","date":"10\/11\/2013","format":false,"excerpt":"Menos de 50 servidores p\u00fablicos federais trabalham no edif\u00edcio do INSS no centro de Feira de Santana, um pr\u00e9dio de 7 andares na pra\u00e7a Bernardino Bahia\/Sales Barbosa. Hoje o pr\u00e9dio \u00e9 na pr\u00e1tica um grande 'arquiv\u00e3o' do Instituto que tem outros im\u00f3veis na cidade para o atendimento ao p\u00fablico. Nos\u2026","rel":"","context":"Em &quot;Home&quot;","block_context":{"text":"Home","link":"https:\/\/blogdafeira.com.br\/home\/categoria\/raiz\/"},"img":{"alt_text":"DSC08817","src":"https:\/\/i0.wp.com\/blogdafeira.com.br\/home\/wp-content\/uploads\/2013\/11\/DSC08817.jpg?resize=350%2C200","width":350,"height":200},"classes":[]},{"id":28188,"url":"https:\/\/blogdafeira.com.br\/home\/2017\/09\/14\/ze-neto-dialoga-com-a-caixa-sobre-quitacao-de-imoveis-em-feira\/","url_meta":{"origin":16345,"position":2},"title":"Z\u00e9 Neto dialoga com a Caixa sobre quita\u00e7\u00e3o de im\u00f3veis em Feira","author":"Blog da Feira","date":"14\/09\/2017","format":false,"excerpt":"Na manh\u00e3 desta quinta-feira (14), o deputado estadual Z\u00e9 Neto deu sequ\u00eancia \u00e0 reuni\u00e3o que foi realizada no m\u00eas de Julho em Bras\u00edlia, na Empresa Gestora de Ativos da Caixa Econ\u00f4mica Federal (Emgea), visando retomar as negocia\u00e7\u00f5es com mutu\u00e1rios e moradores dos conjuntos residenciais financiados pela Caixa Econ\u00f4mica Federal. Z\u00e9\u2026","rel":"","context":"Em &quot;Home&quot;","block_context":{"text":"Home","link":"https:\/\/blogdafeira.com.br\/home\/categoria\/raiz\/"},"img":{"alt_text":"img-01","src":"https:\/\/i0.wp.com\/blogdafeira.com.br\/home\/wp-content\/uploads\/2017\/09\/IMG-01.jpeg?resize=350%2C200","width":350,"height":200,"srcset":"https:\/\/i0.wp.com\/blogdafeira.com.br\/home\/wp-content\/uploads\/2017\/09\/IMG-01.jpeg?resize=350%2C200 1x, https:\/\/i0.wp.com\/blogdafeira.com.br\/home\/wp-content\/uploads\/2017\/09\/IMG-01.jpeg?resize=525%2C300 1.5x, https:\/\/i0.wp.com\/blogdafeira.com.br\/home\/wp-content\/uploads\/2017\/09\/IMG-01.jpeg?resize=700%2C400 2x"},"classes":[]},{"id":4169,"url":"https:\/\/blogdafeira.com.br\/home\/2013\/08\/07\/prefeitura-de-feira-gasta-mais-de-r500-milmes-so-em-alugueis\/","url_meta":{"origin":16345,"position":3},"title":"Prefeitura de Feira gasta mais de R$500 mil\/m\u00eas s\u00f3 em alugu\u00e9is","author":"Blog da Feira","date":"07\/08\/2013","format":false,"excerpt":"A Prefeitura de Feira de Santana gasta mais de meio milh\u00e3o de reais por m\u00eas s\u00f3 em alugu\u00e9is de pr\u00e9dios para reparti\u00e7\u00f5es e \u00f3rg\u00e3os p\u00fablicos. Quase todas as Secretarias est\u00e3o instaladas em im\u00f3veis alugados que variam de 5 mil a 30 mil reais, sem falar em \u00f3rg\u00e3os como Procon, SMTT\u2026","rel":"","context":"Em &quot;Home&quot;","block_context":{"text":"Home","link":"https:\/\/blogdafeira.com.br\/home\/categoria\/raiz\/"},"img":{"alt_text":"","src":"","width":0,"height":0},"classes":[]},{"id":63501,"url":"https:\/\/blogdafeira.com.br\/home\/2024\/08\/29\/ze-neto-fala-em-centro-administrativo-na-area-central-da-feira\/","url_meta":{"origin":16345,"position":4},"title":"Z\u00e9 Neto fala em Centro Administrativo na \u00e1rea central da Feira","author":"Blog da Feira","date":"29\/08\/2024","format":false,"excerpt":"O candidato a Prefeito de Feira de Santana, Z\u00e9 Neto (PT), disse nesta quinta-feira (29) durante entrevista ao programa Suba\u00e9 Not\u00edcias, na R\u00e1dio Suba\u00e9 AM, que, se for eleito, vai criar um Centro Administrativo, na regi\u00e3o central da cidade, para abrigar secretarias e \u00f3rg\u00e3os do governo. Z\u00e9 Neto tamb\u00e9m falou\u2026","rel":"","context":"Em &quot;Elei\u00e7\u00f5es 2024&quot;","block_context":{"text":"Elei\u00e7\u00f5es 2024","link":"https:\/\/blogdafeira.com.br\/home\/categoria\/politica\/eleicoes-2024\/"},"img":{"alt_text":"","src":"https:\/\/i0.wp.com\/blogdafeira.com.br\/home\/wp-content\/uploads\/2024\/08\/IMG-20240829-WA0077.jpg?resize=350%2C200&ssl=1","width":350,"height":200,"srcset":"https:\/\/i0.wp.com\/blogdafeira.com.br\/home\/wp-content\/uploads\/2024\/08\/IMG-20240829-WA0077.jpg?resize=350%2C200&ssl=1 1x, https:\/\/i0.wp.com\/blogdafeira.com.br\/home\/wp-content\/uploads\/2024\/08\/IMG-20240829-WA0077.jpg?resize=525%2C300&ssl=1 1.5x, https:\/\/i0.wp.com\/blogdafeira.com.br\/home\/wp-content\/uploads\/2024\/08\/IMG-20240829-WA0077.jpg?resize=700%2C400&ssl=1 2x"},"classes":[]},{"id":56874,"url":"https:\/\/blogdafeira.com.br\/home\/2023\/03\/11\/uniao-e-pernambuco-querem-compartilhar-fernando-de-noronha\/","url_meta":{"origin":16345,"position":5},"title":"Uni\u00e3o e Pernambuco querem compartilhar Fernando de Noronha","author":"Blog da Feira","date":"11\/03\/2023","format":false,"excerpt":"A Uni\u00e3o e o governo de Pernambuco assinaram um acordo para dividir a responsabilidade pela administra\u00e7\u00e3o do arquip\u00e9lago de Fernando de Noronha. Localizado a cerca de 545 quil\u00f4metros da costa brasileira, o conjunto de 21 ilhas, ilhotas e rochedos tem cerca de 26 km\u00b2, \u00e9 considerado um Patrim\u00f4nio Natural Mundial\u2026","rel":"","context":"Em &quot;Geral&quot;","block_context":{"text":"Geral","link":"https:\/\/blogdafeira.com.br\/home\/categoria\/geral\/"},"img":{"alt_text":"","src":"https:\/\/i0.wp.com\/blogdafeira.com.br\/home\/wp-content\/uploads\/2023\/03\/arquivo_abr_160720195313.jpg?resize=350%2C200&ssl=1","width":350,"height":200,"srcset":"https:\/\/i0.wp.com\/blogdafeira.com.br\/home\/wp-content\/uploads\/2023\/03\/arquivo_abr_160720195313.jpg?resize=350%2C200&ssl=1 1x, https:\/\/i0.wp.com\/blogdafeira.com.br\/home\/wp-content\/uploads\/2023\/03\/arquivo_abr_160720195313.jpg?resize=525%2C300&ssl=1 1.5x, https:\/\/i0.wp.com\/blogdafeira.com.br\/home\/wp-content\/uploads\/2023\/03\/arquivo_abr_160720195313.jpg?resize=700%2C400&ssl=1 2x, https:\/\/i0.wp.com\/blogdafeira.com.br\/home\/wp-content\/uploads\/2023\/03\/arquivo_abr_160720195313.jpg?resize=1050%2C600&ssl=1 3x"},"classes":[]}],"_links":{"self":[{"href":"https:\/\/blogdafeira.com.br\/home\/wp-json\/wp\/v2\/posts\/16345","targetHints":{"allow":["GET"]}}],"collection":[{"href":"https:\/\/blogdafeira.com.br\/home\/wp-json\/wp\/v2\/posts"}],"about":[{"href":"https:\/\/blogdafeira.com.br\/home\/wp-json\/wp\/v2\/types\/post"}],"author":[{"embeddable":true,"href":"https:\/\/blogdafeira.com.br\/home\/wp-json\/wp\/v2\/users\/1"}],"replies":[{"embeddable":true,"href":"https:\/\/blogdafeira.com.br\/home\/wp-json\/wp\/v2\/comments?post=16345"}],"version-history":[{"count":1,"href":"https:\/\/blogdafeira.com.br\/home\/wp-json\/wp\/v2\/posts\/16345\/revisions"}],"predecessor-version":[{"id":16346,"href":"https:\/\/blogdafeira.com.br\/home\/wp-json\/wp\/v2\/posts\/16345\/revisions\/16346"}],"wp:attachment":[{"href":"https:\/\/blogdafeira.com.br\/home\/wp-json\/wp\/v2\/media?parent=16345"}],"wp:term":[{"taxonomy":"category","embeddable":true,"href":"https:\/\/blogdafeira.com.br\/home\/wp-json\/wp\/v2\/categories?post=16345"},{"taxonomy":"post_tag","embeddable":true,"href":"https:\/\/blogdafeira.com.br\/home\/wp-json\/wp\/v2\/tags?post=16345"}],"curies":[{"name":"wp","href":"https:\/\/api.w.org\/{rel}","templated":true}]}}