{"id":16675,"date":"2015-09-15T23:31:04","date_gmt":"2015-09-16T02:31:04","guid":{"rendered":"http:\/\/blogdafeira.com.br\/home\/?p=16675"},"modified":"2015-09-15T23:34:16","modified_gmt":"2015-09-16T02:34:16","slug":"dom-zanoni-ouviu-as-criticas-da-urbanista-fatima-silva-ao-brt-de-feira","status":"publish","type":"post","link":"https:\/\/blogdafeira.com.br\/home\/2015\/09\/15\/dom-zanoni-ouviu-as-criticas-da-urbanista-fatima-silva-ao-brt-de-feira\/","title":{"rendered":"Dom Zanoni ouviu as cr\u00edticas da urbanista F\u00e1tima Silva ao BRT de Feira"},"content":{"rendered":"<div id=\"blogd-2122355893\" class=\"blogd-fim-do-post-mobile blogd-entity-placement\" style=\"margin-left: auto;margin-right: auto;text-align: center;\"><a href=\"https:\/\/www.sefaz.feiradesantana.ba.gov.br\/\" target=\"_blank\" aria-label=\"728&#215;90 (6)\"><img loading=\"lazy\" decoding=\"async\" src=\"https:\/\/blogdafeira.com.br\/home\/wp-content\/uploads\/2026\/03\/728x90-6.gif\" alt=\"\"  class=\"no-lazyload\" width=\"728\" height=\"90\"  style=\"display: inline-block;\" \/><\/a><\/div><p>O arcebispo-auxiliar de Feira de Santana, dom Zanoni, estava na primeira fila do audit\u00f3rio, ao lado do reitor da Universidade Estadual, Evandro Nascimento que se ausentou antes do t\u00e9rmino da apresenta\u00e7\u00e3o da urbanista F\u00e1tima Silva sobre o BRT de Feira de Santana, ter\u00e7a-feira (15) \u00e0 noite.<\/p><div id=\"blogd-3637765446\" class=\"blogd-conteudo-2-mobile blogd-entity-placement\"><a href=\"https:\/\/feirenses.com.br\/\" target=\"_blank\" aria-label=\"feirenses\"><img loading=\"lazy\" decoding=\"async\" src=\"https:\/\/blogdafeira.com.br\/home\/wp-content\/uploads\/2026\/04\/feirenses.png\" alt=\"\"  srcset=\"https:\/\/blogdafeira.com.br\/home\/wp-content\/uploads\/2026\/04\/feirenses.png 300w, https:\/\/blogdafeira.com.br\/home\/wp-content\/uploads\/2026\/04\/feirenses-170x45.png 170w, https:\/\/blogdafeira.com.br\/home\/wp-content\/uploads\/2026\/04\/feirenses-280x74.png 280w\" sizes=\"(max-width: 300px) 100vw, 300px\" class=\"no-lazyload\" width=\"300\" height=\"79\"  style=\"display: inline-block;\" \/><\/a><\/div>\n<div id=\"blogd-2602545232\" class=\"blogd-final-post blogd-entity-placement\"><a href=\"https:\/\/www.feiradesantana.ba.leg.br\/\" target=\"_blank\" aria-label=\"BANNER-SITE-ENTREGADECHEQUE-CAMARADEFEIRA\"><img loading=\"lazy\" decoding=\"async\" src=\"https:\/\/blogdafeira.com.br\/home\/wp-content\/uploads\/2026\/03\/BANNER-SITE-ENTREGADECHEQUE-CAMARADEFEIRA.gif\" alt=\"\"  class=\"no-lazyload\" width=\"728\" height=\"90\"   \/><\/a><\/div><p>Dom Zanoni permaneceu at\u00e9 o final, quando foi instado a se posicionar sobre o assunto. Veja o que disse o futuro Arcebispo titular:<\/p>\n<p><iframe loading=\"lazy\" width=\"640\" height=\"480\" src=\"https:\/\/www.youtube.com\/embed\/U5VhoTH2CbE\" frameborder=\"0\" allowfullscreen><\/iframe><\/p>\n","protected":false},"excerpt":{"rendered":"<p>O arcebispo-auxiliar de Feira de Santana, dom Zanoni, estava na primeira fila do audit\u00f3rio, ao lado do reitor da Universidade Estadual, Evandro Nascimento que se ausentou antes do t\u00e9rmino da apresenta\u00e7\u00e3o da urbanista F\u00e1tima Silva sobre o BRT de Feira de Santana, ter\u00e7a-feira (15) \u00e0 noite. Dom Zanoni permaneceu at\u00e9 o final, quando foi instado<\/p>\n","protected":false},"author":1,"featured_media":0,"comment_status":"closed","ping_status":"closed","sticky":false,"template":"","format":"standard","meta":{"jetpack_post_was_ever_published":false,"cybocfi_hide_featured_image":"","_jetpack_newsletter_access":"","_jetpack_dont_email_post_to_subs":false,"_jetpack_newsletter_tier_id":0,"_jetpack_memberships_contains_paywalled_content":false,"_jetpack_memberships_contains_paid_content":false,"footnotes":"","jetpack_publicize_message":"","jetpack_publicize_feature_enabled":true,"jetpack_social_post_already_shared":true,"jetpack_social_options":{"image_generator_settings":{"template":"highway","default_image_id":0,"font":"","enabled":false},"version":2}},"categories":[1],"tags":[],"class_list":["post-16675","post","type-post","status-publish","format-standard","hentry","category-raiz"],"jetpack_publicize_connections":[],"jetpack_featured_media_url":"","jetpack_shortlink":"https:\/\/wp.me\/p3niVf-4kX","jetpack_sharing_enabled":true,"jetpack-related-posts":[{"id":17790,"url":"https:\/\/blogdafeira.com.br\/home\/2015\/11\/18\/novo-arcebispo-de-feira-continuidade-dinamica-ao-trabalho-de-itamar\/","url_meta":{"origin":16675,"position":0},"title":"Novo Arcebispo de Feira: &#8216;continuidade din\u00e2mica&#8217; ao trabalho de Itamar","author":"Blog da Feira","date":"18\/11\/2015","format":false,"excerpt":"\"Sou chamado a dar continuidade din\u00e2mica a este trabalho bonito \u00a0de Dom Itamar\", disse o novo Arcebispo cat\u00f3lico de Feira de Santana, dom Zanoni Castro, na mensagem que fez logo ap\u00f3s assumir a maior Arquidiocese do interior do Nordeste brasileiro. Zanoni pediu a colabora\u00e7\u00e3o de todos e fez uma b\u00ean\u00e7\u00e3o.\u2026","rel":"","context":"Em &quot;Home&quot;","block_context":{"text":"Home","link":"https:\/\/blogdafeira.com.br\/home\/categoria\/raiz\/"},"img":{"alt_text":"bispo","src":"https:\/\/i0.wp.com\/blogdafeira.com.br\/home\/wp-content\/uploads\/2014\/12\/bispo-346x230.jpg?resize=350%2C200","width":350,"height":200},"classes":[]},{"id":32195,"url":"https:\/\/blogdafeira.com.br\/home\/2019\/07\/28\/arcebispo-de-feira-citou-dom-helder-e-destacou-acoes-sociais-da-igreja-no-encerramento-da-festa-de-santanna\/","url_meta":{"origin":16675,"position":1},"title":"Arcebispo de Feira citou dom Helder e destacou a\u00e7\u00f5es sociais da igreja no encerramento da festa de Sant&#8217;Anna","author":"J\u00e2nio R\u00eago","date":"28\/07\/2019","format":false,"excerpt":"O arcebispo de Feira de Santana, dom Zanoni Demettino deu um tom progressista na homilia que fez no encerramento da festa da padroeira, Senhora Santana, na sexta-feira, dia 26. Ap\u00f3s uma prociss\u00e3o com dezenas de imagens de santos, milhares de pessoas na pra\u00e7a da Matriz ouviram as palavras de dom\u2026","rel":"","context":"Em &quot;Home&quot;","block_context":{"text":"Home","link":"https:\/\/blogdafeira.com.br\/home\/categoria\/raiz\/"},"img":{"alt_text":"","src":"https:\/\/i0.wp.com\/blogdafeira.com.br\/home\/wp-content\/uploads\/2019\/07\/IMG-20190727-WA0003.jpg?resize=350%2C200","width":350,"height":200,"srcset":"https:\/\/i0.wp.com\/blogdafeira.com.br\/home\/wp-content\/uploads\/2019\/07\/IMG-20190727-WA0003.jpg?resize=350%2C200 1x, https:\/\/i0.wp.com\/blogdafeira.com.br\/home\/wp-content\/uploads\/2019\/07\/IMG-20190727-WA0003.jpg?resize=525%2C300 1.5x, https:\/\/i0.wp.com\/blogdafeira.com.br\/home\/wp-content\/uploads\/2019\/07\/IMG-20190727-WA0003.jpg?resize=700%2C400 2x"},"classes":[]},{"id":17776,"url":"https:\/\/blogdafeira.com.br\/home\/2015\/11\/18\/vaticano-oficializa-dom-zanoni-como-o-novo-arcebispo-de-feira-de-santanna\/","url_meta":{"origin":16675,"position":2},"title":"Vaticano oficializa Dom Zanoni como o novo Arcebispo de Feira de Sant&#8217;Anna","author":"Blog da Feira","date":"18\/11\/2015","format":false,"excerpt":"A Nunciatura Apost\u00f3lica no Brasil comunicou na manh\u00e3 de hoje, 18 de novembro, que o papa Francisco acolheu o pedido de ren\u00fancia apresentado pelo bispo da arquidiocese de Feira de Santana (BA), dom Itamar Vian, de acordo com o c\u00e2non 401, par\u00e1grafo 1, do C\u00f3digo de Direito Can\u00f4nico. No mesmo\u2026","rel":"","context":"Em &quot;Home&quot;","block_context":{"text":"Home","link":"https:\/\/blogdafeira.com.br\/home\/categoria\/raiz\/"},"img":{"alt_text":"zanoni","src":"https:\/\/i0.wp.com\/blogdafeira.com.br\/home\/wp-content\/uploads\/2015\/11\/zanoni.jpg?resize=350%2C200","width":350,"height":200,"srcset":"https:\/\/i0.wp.com\/blogdafeira.com.br\/home\/wp-content\/uploads\/2015\/11\/zanoni.jpg?resize=350%2C200 1x, https:\/\/i0.wp.com\/blogdafeira.com.br\/home\/wp-content\/uploads\/2015\/11\/zanoni.jpg?resize=525%2C300 1.5x"},"classes":[]},{"id":15809,"url":"https:\/\/blogdafeira.com.br\/home\/2015\/07\/27\/dom-zanoni-assume-o-arcebispado-de-feira-de-santana-em-setembro\/","url_meta":{"origin":16675,"position":3},"title":"Dom Zanoni assume o Arcebispado de Feira de Santana em setembro","author":"Blog da Feira","date":"27\/07\/2015","format":false,"excerpt":"Dom Zanoni Demettino\u00a0Castro assume o Arcebispado de Feira de Santana nos pr\u00f3ximos dias, em cerim\u00f4nia oficial provavelmente no m\u00eas de setembro, ap\u00f3s a aposentadoria can\u00f4nica do atual arcebispo, dom Itamar Vian no final do m\u00eas de agosto. Itamar veio para Feira em 1995,substituir Dom Silv\u00e9rio. Antes ele era Bispo na\u2026","rel":"","context":"Em &quot;Home&quot;","block_context":{"text":"Home","link":"https:\/\/blogdafeira.com.br\/home\/categoria\/raiz\/"},"img":{"alt_text":"bispo","src":"https:\/\/i0.wp.com\/blogdafeira.com.br\/home\/wp-content\/uploads\/2014\/12\/bispo.jpg?resize=350%2C200","width":350,"height":200,"srcset":"https:\/\/i0.wp.com\/blogdafeira.com.br\/home\/wp-content\/uploads\/2014\/12\/bispo.jpg?resize=350%2C200 1x, https:\/\/i0.wp.com\/blogdafeira.com.br\/home\/wp-content\/uploads\/2014\/12\/bispo.jpg?resize=525%2C300 1.5x, https:\/\/i0.wp.com\/blogdafeira.com.br\/home\/wp-content\/uploads\/2014\/12\/bispo.jpg?resize=700%2C400 2x"},"classes":[]},{"id":16227,"url":"https:\/\/blogdafeira.com.br\/home\/2015\/08\/19\/dom-itamar-vai-abrir-dialogo-com-ronaldo-sobre-brt\/","url_meta":{"origin":16675,"position":4},"title":"Dom Itamar vai abrir di\u00e1logo com Ronaldo sobre BRT","author":"Blog da Feira","date":"19\/08\/2015","format":false,"excerpt":"\u00a0O Arcebispo de Feira de \u00a0Santana, dom Itamar Vian, comprometeu-se a intermediar um di\u00e1logo entre o Prefeito de Feira,Jos\u00e9 Ronaldo(DEM), e o movimento contr\u00e1rio \u00e0 implanta\u00e7\u00e3o do BRT NA avenida Get\u00falio Vargas. Itamar recebeu um grupo de manifestantes hoje pela manh\u00e3, na CDL.O Arcebispo acabara de participar de uma reuni\u00e3o\u2026","rel":"","context":"Em &quot;Home&quot;","block_context":{"text":"Home","link":"https:\/\/blogdafeira.com.br\/home\/categoria\/raiz\/"},"img":{"alt_text":"IMG_20150819_114417441","src":"https:\/\/i0.wp.com\/blogdafeira.com.br\/home\/wp-content\/uploads\/2015\/08\/IMG_20150819_114417441.jpg?resize=350%2C200","width":350,"height":200,"srcset":"https:\/\/i0.wp.com\/blogdafeira.com.br\/home\/wp-content\/uploads\/2015\/08\/IMG_20150819_114417441.jpg?resize=350%2C200 1x, https:\/\/i0.wp.com\/blogdafeira.com.br\/home\/wp-content\/uploads\/2015\/08\/IMG_20150819_114417441.jpg?resize=525%2C300 1.5x, https:\/\/i0.wp.com\/blogdafeira.com.br\/home\/wp-content\/uploads\/2015\/08\/IMG_20150819_114417441.jpg?resize=700%2C400 2x, https:\/\/i0.wp.com\/blogdafeira.com.br\/home\/wp-content\/uploads\/2015\/08\/IMG_20150819_114417441.jpg?resize=1050%2C600 3x, https:\/\/i0.wp.com\/blogdafeira.com.br\/home\/wp-content\/uploads\/2015\/08\/IMG_20150819_114417441.jpg?resize=1400%2C800 4x"},"classes":[]},{"id":48606,"url":"https:\/\/blogdafeira.com.br\/home\/2021\/11\/19\/dom-zanoni-e-bispos-da-cnbb-entregam-carta-a-rui-sobre-covid19-e-carnaval\/","url_meta":{"origin":16675,"position":5},"title":"Dom Zanoni e bispos da CNBB entregam carta a Rui sobre Covid19 e  Carnaval","author":"Blog da Feira","date":"19\/11\/2021","format":false,"excerpt":"\"A vida do povo baiano foi o tema do nosso encontro com o governador Rui Costa\", disse Dom Zanoni Demettino Castro, arcebispo de Feira de Santana, que fez parte da comiss\u00e3o de bispos integrantes da Regional Nordeste 3, que entregaram, ontem, quinta-feira,18, ao governador da Bahia, uma carta na qual\u2026","rel":"","context":"Em &quot;Bahia&quot;","block_context":{"text":"Bahia","link":"https:\/\/blogdafeira.com.br\/home\/categoria\/bahia\/"},"img":{"alt_text":"","src":"https:\/\/i0.wp.com\/blogdafeira.com.br\/home\/wp-content\/uploads\/2021\/11\/Screenshot_20211118-2336252.png?resize=350%2C200&ssl=1","width":350,"height":200,"srcset":"https:\/\/i0.wp.com\/blogdafeira.com.br\/home\/wp-content\/uploads\/2021\/11\/Screenshot_20211118-2336252.png?resize=350%2C200&ssl=1 1x, https:\/\/i0.wp.com\/blogdafeira.com.br\/home\/wp-content\/uploads\/2021\/11\/Screenshot_20211118-2336252.png?resize=525%2C300&ssl=1 1.5x, https:\/\/i0.wp.com\/blogdafeira.com.br\/home\/wp-content\/uploads\/2021\/11\/Screenshot_20211118-2336252.png?resize=700%2C400&ssl=1 2x"},"classes":[]}],"_links":{"self":[{"href":"https:\/\/blogdafeira.com.br\/home\/wp-json\/wp\/v2\/posts\/16675","targetHints":{"allow":["GET"]}}],"collection":[{"href":"https:\/\/blogdafeira.com.br\/home\/wp-json\/wp\/v2\/posts"}],"about":[{"href":"https:\/\/blogdafeira.com.br\/home\/wp-json\/wp\/v2\/types\/post"}],"author":[{"embeddable":true,"href":"https:\/\/blogdafeira.com.br\/home\/wp-json\/wp\/v2\/users\/1"}],"replies":[{"embeddable":true,"href":"https:\/\/blogdafeira.com.br\/home\/wp-json\/wp\/v2\/comments?post=16675"}],"version-history":[{"count":5,"href":"https:\/\/blogdafeira.com.br\/home\/wp-json\/wp\/v2\/posts\/16675\/revisions"}],"predecessor-version":[{"id":16681,"href":"https:\/\/blogdafeira.com.br\/home\/wp-json\/wp\/v2\/posts\/16675\/revisions\/16681"}],"wp:attachment":[{"href":"https:\/\/blogdafeira.com.br\/home\/wp-json\/wp\/v2\/media?parent=16675"}],"wp:term":[{"taxonomy":"category","embeddable":true,"href":"https:\/\/blogdafeira.com.br\/home\/wp-json\/wp\/v2\/categories?post=16675"},{"taxonomy":"post_tag","embeddable":true,"href":"https:\/\/blogdafeira.com.br\/home\/wp-json\/wp\/v2\/tags?post=16675"}],"curies":[{"name":"wp","href":"https:\/\/api.w.org\/{rel}","templated":true}]}}