{"id":16842,"date":"2015-09-28T06:42:27","date_gmt":"2015-09-28T09:42:27","guid":{"rendered":"http:\/\/blogdafeira.com.br\/home\/?p=16842"},"modified":"2015-09-28T06:42:27","modified_gmt":"2015-09-28T09:42:27","slug":"vice-lider-do-pt-na-camara-faz-seminario-em-feira-e-critica-brt","status":"publish","type":"post","link":"https:\/\/blogdafeira.com.br\/home\/2015\/09\/28\/vice-lider-do-pt-na-camara-faz-seminario-em-feira-e-critica-brt\/","title":{"rendered":"Vice l\u00edder do PT na C\u00e2mara faz semin\u00e1rio em Feira e critica BRT"},"content":{"rendered":"<div id=\"blogd-2037642294\" class=\"blogd-fim-do-post-mobile blogd-entity-placement\" style=\"margin-left: auto;margin-right: auto;text-align: center;\"><a href=\"https:\/\/www.sefaz.feiradesantana.ba.gov.br\/\" target=\"_blank\" aria-label=\"728&#215;90 (6)\"><img loading=\"lazy\" decoding=\"async\" src=\"https:\/\/blogdafeira.com.br\/home\/wp-content\/uploads\/2026\/03\/728x90-6.gif\" alt=\"\"  class=\"no-lazyload\" width=\"728\" height=\"90\"  style=\"display: inline-block;\" \/><\/a><\/div><p>As cr\u00edticas ao projeto do BRT de Feira de Santana, previsto para ser implantado na avenida Get\u00falio Vargas com a constru\u00e7\u00e3o de duas &#8216;trincheiras&#8217; em dois cruzamentos de ve\u00edculos privados, chegaram finalmente \u00e0 C\u00e2mara dos Deputados.<\/p><div id=\"blogd-3778719372\" class=\"blogd-conteudo-2-mobile blogd-entity-placement\"><a href=\"https:\/\/feirenses.com.br\/\" target=\"_blank\" aria-label=\"feirenses\"><img loading=\"lazy\" decoding=\"async\" src=\"https:\/\/blogdafeira.com.br\/home\/wp-content\/uploads\/2026\/04\/feirenses.png\" alt=\"\"  srcset=\"https:\/\/blogdafeira.com.br\/home\/wp-content\/uploads\/2026\/04\/feirenses.png 300w, https:\/\/blogdafeira.com.br\/home\/wp-content\/uploads\/2026\/04\/feirenses-170x45.png 170w, https:\/\/blogdafeira.com.br\/home\/wp-content\/uploads\/2026\/04\/feirenses-280x74.png 280w\" sizes=\"(max-width: 300px) 100vw, 300px\" class=\"no-lazyload\" width=\"300\" height=\"79\"  style=\"display: inline-block;\" \/><\/a><\/div>\n<p>No \u00faltimo final de semana a deputado federal Moema Gramacho realizou um semin\u00e1rio sobre o assunto, na Universidade Estadual de Feira de Santana, cujas conclus\u00f5es ser\u00e3o levadas por ela \u00e0 C\u00e2mara dos Deputados, em Bras\u00edlia, provavelmente esta semana.<\/p>\n<div id=\"blogd-3341251279\" class=\"blogd-final-post blogd-entity-placement\"><a href=\"https:\/\/www.feiradesantana.ba.leg.br\/\" target=\"_blank\" aria-label=\"BANNER-SITE-ENTREGADECHEQUE-CAMARADEFEIRA\"><img loading=\"lazy\" decoding=\"async\" src=\"https:\/\/blogdafeira.com.br\/home\/wp-content\/uploads\/2026\/03\/BANNER-SITE-ENTREGADECHEQUE-CAMARADEFEIRA.gif\" alt=\"\"  class=\"no-lazyload\" width=\"728\" height=\"90\"   \/><\/a><\/div><p>Ex-prefeita de Lauro de Freitas, Gramacho est\u00e1 na vice-lideran\u00e7a do Partido dos Tralhadores (PT) na C\u00e2mara.<\/p>\n","protected":false},"excerpt":{"rendered":"<p>As cr\u00edticas ao projeto do BRT de Feira de Santana, previsto para ser implantado na avenida Get\u00falio Vargas com a constru\u00e7\u00e3o de duas &#8216;trincheiras&#8217; em dois cruzamentos de ve\u00edculos privados, chegaram finalmente \u00e0 C\u00e2mara dos Deputados. No \u00faltimo final de semana a deputado federal Moema Gramacho realizou um semin\u00e1rio sobre o assunto, na Universidade Estadual<\/p>\n","protected":false},"author":1,"featured_media":0,"comment_status":"closed","ping_status":"closed","sticky":false,"template":"","format":"standard","meta":{"jetpack_post_was_ever_published":false,"cybocfi_hide_featured_image":"","_jetpack_newsletter_access":"","_jetpack_dont_email_post_to_subs":false,"_jetpack_newsletter_tier_id":0,"_jetpack_memberships_contains_paywalled_content":false,"_jetpack_memberships_contains_paid_content":false,"footnotes":"","jetpack_publicize_message":"","jetpack_publicize_feature_enabled":true,"jetpack_social_post_already_shared":true,"jetpack_social_options":{"image_generator_settings":{"template":"highway","default_image_id":0,"font":"","enabled":false},"version":2}},"categories":[1],"tags":[],"class_list":["post-16842","post","type-post","status-publish","format-standard","hentry","category-raiz"],"jetpack_publicize_connections":[],"jetpack_featured_media_url":"","jetpack_shortlink":"https:\/\/wp.me\/p3niVf-4nE","jetpack_sharing_enabled":true,"jetpack-related-posts":[{"id":16279,"url":"https:\/\/blogdafeira.com.br\/home\/2015\/08\/21\/reitor-da-uefs-busca-recursos-de-emendas-parlamentares-em-brasilia\/","url_meta":{"origin":16842,"position":0},"title":"Reitor da UEFS busca recursos de emendas parlamentares em Bras\u00edlia","author":"Blog da Feira","date":"21\/08\/2015","format":false,"excerpt":"O reitor Evandro do Nascimento Silva, da Universidade Estadual de Feira de Santana passou dois dias em Bras\u00edlia, esta semana, fazendo gest\u00f5es junto a parlamentares baianos na C\u00e2mara e no Senado Federal por emendas or\u00e7ament\u00e1rias que beneficiem a UEFS. O professor Evandro levou alguns projetos que foram acolhidos para an\u00e1lise\u2026","rel":"","context":"Em &quot;Home&quot;","block_context":{"text":"Home","link":"https:\/\/blogdafeira.com.br\/home\/categoria\/raiz\/"},"img":{"alt_text":"evandrto","src":"https:\/\/i0.wp.com\/blogdafeira.com.br\/home\/wp-content\/uploads\/2015\/08\/evandrto.jpg?resize=350%2C200","width":350,"height":200,"srcset":"https:\/\/i0.wp.com\/blogdafeira.com.br\/home\/wp-content\/uploads\/2015\/08\/evandrto.jpg?resize=350%2C200 1x, https:\/\/i0.wp.com\/blogdafeira.com.br\/home\/wp-content\/uploads\/2015\/08\/evandrto.jpg?resize=525%2C300 1.5x"},"classes":[]},{"id":34475,"url":"https:\/\/blogdafeira.com.br\/home\/2019\/12\/14\/luizinho-da-mersan-cotado-para-ser-o-vice-de-ze-neto-na-eleicao-em-feira-de-santana-proximo-ano\/","url_meta":{"origin":16842,"position":1},"title":"&#8216;Luizinho da Mersan&#8217; cotado para ser o vice de Z\u00e9 Neto na elei\u00e7\u00e3o em Feira de Santana pr\u00f3ximo ano","author":"J\u00e2nio R\u00eago","date":"14\/12\/2019","format":false,"excerpt":"O atual presidente da CDL de Feira de Santana, empres\u00e1rio Luiz Merc\u00eas, conhecido como 'Luizinho da Mersan', \u00e9 um nome cotado para ser o candidato a vice do deputado federal Z\u00e9 Neto, pr\u00e9 candidato do PT a Prefeito de Feira de Santana. A ideia do PT baiano \u00e9 aplicar em\u2026","rel":"","context":"Em &quot;Home&quot;","block_context":{"text":"Home","link":"https:\/\/blogdafeira.com.br\/home\/categoria\/raiz\/"},"img":{"alt_text":"","src":"https:\/\/i0.wp.com\/blogdafeira.com.br\/home\/wp-content\/uploads\/2019\/12\/download-8-346x258.jpeg?resize=350%2C200","width":350,"height":200},"classes":[]},{"id":2805,"url":"https:\/\/blogdafeira.com.br\/home\/2013\/06\/19\/vereadores-aprovam-projeto-para-emprestimo-do-brt-de-feira\/","url_meta":{"origin":16842,"position":2},"title":"Vereadores aprovam projeto para  empr\u00e9stimo do BRT de Feira","author":"Blog da Feira","date":"19\/06\/2013","format":false,"excerpt":"O empr\u00e9stimo de 98 milh\u00f5es de reais para implanta\u00e7\u00e3o do BRT em Feira de Santana foi aprovado nesta quarta-feira, na C\u00e2mara de Vereadores de Feira de Santana. Apesar de criticar o \u2018regime de urg\u00eancia\u2019 para vota\u00e7\u00e3o do projeto e algumas cr\u00edticas ao atual sistema de transporte p\u00fablico, os tr\u00eas vereadores\u2026","rel":"","context":"Em &quot;Cidade&quot;","block_context":{"text":"Cidade","link":"https:\/\/blogdafeira.com.br\/home\/categoria\/cidade\/"},"img":{"alt_text":"","src":"","width":0,"height":0},"classes":[]},{"id":29535,"url":"https:\/\/blogdafeira.com.br\/home\/2018\/05\/02\/brt-de-feira-volta-ao-debate-na-camara-e-vereadores-querem-audiencia-publica\/","url_meta":{"origin":16842,"position":3},"title":"BRT de Feira volta ao debate na C\u00e2mara e vereadores querem audi\u00eancia p\u00fablica","author":"Blog da Feira","date":"02\/05\/2018","format":false,"excerpt":"O vereador Alberto Nery (PT) levantou o tema e foi apoiado pelo colega Roberto Tourinho (PV): eles querem uma nova discuss\u00e3o sobre o BRT de Feira de Santana e propuseram uma audi\u00eancia p\u00fablica. Nery relatou uma situa\u00e7\u00e3o econ\u00f4mica critica das empresas que operam o atual sistema de transporte e ir\u00e3o\u2026","rel":"","context":"Em &quot;Home&quot;","block_context":{"text":"Home","link":"https:\/\/blogdafeira.com.br\/home\/categoria\/raiz\/"},"img":{"alt_text":"","src":"https:\/\/i0.wp.com\/blogdafeira.com.br\/home\/wp-content\/uploads\/2018\/05\/IMG_33222-1024x838.jpg?resize=350%2C200","width":350,"height":200,"srcset":"https:\/\/i0.wp.com\/blogdafeira.com.br\/home\/wp-content\/uploads\/2018\/05\/IMG_33222-1024x838.jpg?resize=350%2C200 1x, https:\/\/i0.wp.com\/blogdafeira.com.br\/home\/wp-content\/uploads\/2018\/05\/IMG_33222-1024x838.jpg?resize=525%2C300 1.5x, https:\/\/i0.wp.com\/blogdafeira.com.br\/home\/wp-content\/uploads\/2018\/05\/IMG_33222-1024x838.jpg?resize=700%2C400 2x"},"classes":[]},{"id":30802,"url":"https:\/\/blogdafeira.com.br\/home\/2019\/02\/20\/ze-neto-esta-forte-em-brasilia-e-ganha-a-vice-lideranca-do-pt-na-camara-dos-deputados\/","url_meta":{"origin":16842,"position":4},"title":"Z\u00e9 Neto est\u00e1 forte em Bras\u00edlia e ganha a vice-lideran\u00e7a do PT na C\u00e2mara dos Deputados","author":"J\u00e2nio R\u00eago","date":"20\/02\/2019","format":false,"excerpt":"O primeiro mandato de deputado federal de Z\u00e9 Neto come\u00e7a com 'o p\u00e9 direito'. O ex-lider dos governos petistas na Bahia ganhou a vice-lideran\u00e7a do partido na C\u00e2mara dos Deputados, em Bras\u00edlia. Na tarde de ontem o deputado Paulo Pimenta (PT-RS), l\u00edder da bancada, fez o an\u00fancio. Para a escolha\u2026","rel":"","context":"Em &quot;Home&quot;","block_context":{"text":"Home","link":"https:\/\/blogdafeira.com.br\/home\/categoria\/raiz\/"},"img":{"alt_text":"","src":"","width":0,"height":0},"classes":[]},{"id":25007,"url":"https:\/\/blogdafeira.com.br\/home\/2016\/12\/21\/deputado-jorge-solla-articula-movimento-mudar-pra-valer-no-pt-da-bahia\/","url_meta":{"origin":16842,"position":5},"title":"Deputado Jorge Solla articula movimento &#8216;Mudar pra Valer&#8217; no PT da Bahia","author":"Blog da Feira","date":"21\/12\/2016","format":false,"excerpt":"O deputado federal Jorge Solla, ex-secret\u00e1rio estadual de Sa\u00fade (na foto, com o deputado estadual Z\u00e9 Neto) e o deputado estadual Marcelino Galo, ex-presidente do PT baiano, s\u00e3o os principais articuladores do \u00a0movimento 'Mudar pra Valer', institucionalizado ontem em um semin\u00e1rio em Salvador, e que tem o objetivo de disputar\u2026","rel":"","context":"Em &quot;Home&quot;","block_context":{"text":"Home","link":"https:\/\/blogdafeira.com.br\/home\/categoria\/raiz\/"},"img":{"alt_text":"Z\u00e9-Neo-e-Jorge-Solla","src":"https:\/\/i0.wp.com\/blogdafeira.com.br\/home\/wp-content\/uploads\/2013\/11\/Z%C3%A9-Neo-e-Jorge-Solla.jpg?resize=350%2C200","width":350,"height":200,"srcset":"https:\/\/i0.wp.com\/blogdafeira.com.br\/home\/wp-content\/uploads\/2013\/11\/Z%C3%A9-Neo-e-Jorge-Solla.jpg?resize=350%2C200 1x, https:\/\/i0.wp.com\/blogdafeira.com.br\/home\/wp-content\/uploads\/2013\/11\/Z%C3%A9-Neo-e-Jorge-Solla.jpg?resize=525%2C300 1.5x"},"classes":[]}],"_links":{"self":[{"href":"https:\/\/blogdafeira.com.br\/home\/wp-json\/wp\/v2\/posts\/16842","targetHints":{"allow":["GET"]}}],"collection":[{"href":"https:\/\/blogdafeira.com.br\/home\/wp-json\/wp\/v2\/posts"}],"about":[{"href":"https:\/\/blogdafeira.com.br\/home\/wp-json\/wp\/v2\/types\/post"}],"author":[{"embeddable":true,"href":"https:\/\/blogdafeira.com.br\/home\/wp-json\/wp\/v2\/users\/1"}],"replies":[{"embeddable":true,"href":"https:\/\/blogdafeira.com.br\/home\/wp-json\/wp\/v2\/comments?post=16842"}],"version-history":[{"count":4,"href":"https:\/\/blogdafeira.com.br\/home\/wp-json\/wp\/v2\/posts\/16842\/revisions"}],"predecessor-version":[{"id":16849,"href":"https:\/\/blogdafeira.com.br\/home\/wp-json\/wp\/v2\/posts\/16842\/revisions\/16849"}],"wp:attachment":[{"href":"https:\/\/blogdafeira.com.br\/home\/wp-json\/wp\/v2\/media?parent=16842"}],"wp:term":[{"taxonomy":"category","embeddable":true,"href":"https:\/\/blogdafeira.com.br\/home\/wp-json\/wp\/v2\/categories?post=16842"},{"taxonomy":"post_tag","embeddable":true,"href":"https:\/\/blogdafeira.com.br\/home\/wp-json\/wp\/v2\/tags?post=16842"}],"curies":[{"name":"wp","href":"https:\/\/api.w.org\/{rel}","templated":true}]}}