{"id":16989,"date":"2015-10-08T01:29:50","date_gmt":"2015-10-08T04:29:50","guid":{"rendered":"http:\/\/blogdafeira.com.br\/home\/?p=16989"},"modified":"2015-10-08T01:29:50","modified_gmt":"2015-10-08T04:29:50","slug":"prefeito-de-feira-cobre-de-elogios-a-cef-e-a-presidente-miriam-belchior","status":"publish","type":"post","link":"https:\/\/blogdafeira.com.br\/home\/2015\/10\/08\/prefeito-de-feira-cobre-de-elogios-a-cef-e-a-presidente-miriam-belchior\/","title":{"rendered":"Prefeito de Feira cobre de elogios a CEF e a presidente Miriam Belchior"},"content":{"rendered":"<div id=\"blogd-2174365188\" class=\"blogd-fim-do-post-mobile blogd-entity-placement\" style=\"margin-left: auto;margin-right: auto;text-align: center;\"><a href=\"https:\/\/www.sefaz.feiradesantana.ba.gov.br\/\" target=\"_blank\" aria-label=\"728&#215;90 (6)\"><img loading=\"lazy\" decoding=\"async\" src=\"https:\/\/blogdafeira.com.br\/home\/wp-content\/uploads\/2026\/03\/728x90-6.gif\" alt=\"\"  class=\"no-lazyload\" width=\"728\" height=\"90\"  style=\"display: inline-block;\" \/><\/a><\/div><p><img loading=\"lazy\" decoding=\"async\" class=\"aligncenter size-full wp-image-16990\" src=\"http:\/\/blogdafeira.com.br\/home\/wp-content\/uploads\/2015\/10\/Minha-Casa-Parque-da-Cidade-Entrega-Chave-Fotos-Washington-Nery-07-10-115-11.jpg\" alt=\"Minha Casa-Parque da Cidade-Entrega-Chave-Fotos-Washington Nery-07-10-115 (11)\" width=\"709\" height=\"473\" srcset=\"https:\/\/blogdafeira.com.br\/home\/wp-content\/uploads\/2015\/10\/Minha-Casa-Parque-da-Cidade-Entrega-Chave-Fotos-Washington-Nery-07-10-115-11.jpg 709w, https:\/\/blogdafeira.com.br\/home\/wp-content\/uploads\/2015\/10\/Minha-Casa-Parque-da-Cidade-Entrega-Chave-Fotos-Washington-Nery-07-10-115-11-170x113.jpg 170w, https:\/\/blogdafeira.com.br\/home\/wp-content\/uploads\/2015\/10\/Minha-Casa-Parque-da-Cidade-Entrega-Chave-Fotos-Washington-Nery-07-10-115-11-346x231.jpg 346w\" sizes=\"auto, (max-width: 709px) 100vw, 709px\" \/>O prefeito de Feira de Santana, \u00a0Jos\u00e9 Ronaldo (DEM) cobriu de elogios a \u00a0presidente da Caixa Econ\u00f4mica Federal, Miriam Belchior, na tarde desta quarta-feira, 7, durante solenidade de entrega de empreendimentos do Minha Casa, Minha Vida, no conjunto Feira VII.<\/p><div id=\"blogd-2884552929\" class=\"blogd-conteudo-2-mobile blogd-entity-placement\"><a href=\"https:\/\/feirenses.com.br\/\" target=\"_blank\" aria-label=\"feirenses\"><img loading=\"lazy\" decoding=\"async\" src=\"https:\/\/blogdafeira.com.br\/home\/wp-content\/uploads\/2026\/04\/feirenses.png\" alt=\"\"  srcset=\"https:\/\/blogdafeira.com.br\/home\/wp-content\/uploads\/2026\/04\/feirenses.png 300w, https:\/\/blogdafeira.com.br\/home\/wp-content\/uploads\/2026\/04\/feirenses-170x45.png 170w, https:\/\/blogdafeira.com.br\/home\/wp-content\/uploads\/2026\/04\/feirenses-280x74.png 280w\" sizes=\"(max-width: 300px) 100vw, 300px\" class=\"no-lazyload\" width=\"300\" height=\"79\"  style=\"display: inline-block;\" \/><\/a><\/div>\n<p>Ele acentuou a &#8220;<em>experi\u00eancia&#8221;<\/em>\u00a0adquirida por Miriam Belchior no per\u00edodo que foi ministra do Planejamento e disse que ela \u00e9 pessoa de &#8216;<em>prest\u00edgio e conhecimento<\/em>&#8220;.<\/p>\n<p>H\u00e1 uma semana, a Caixa Econ\u00f4mica Federal recebeu ordens do Minist\u00e9rio das Cidades para suspender repasse de recursos para obra do projeto de BRT da Prefeitura.\u00a0<a href=\"http:\/\/www.feiradesantana.ba.gov.br\/noticias.asp?idn=13280&amp;materia=Em-evento-do-Minha-Casa-prefeito-elogia-Caixa.html\" target=\"_blank\">O elogio de Ronaldo \u00e0 institui\u00e7\u00e3o foi relevado pelo site da Prefeitura<strong>. <\/strong>(clique).<\/a><\/p>\n<p>Foram contempladas com a casa pr\u00f3pria 732 fam\u00edlias, no empreendimento Residencial Parque da Cidade. Na agenda do Prefeito n\u00e3o constava a participa\u00e7\u00e3o dele no evento. O governador da Bahia, que encontra-se na Europa, foi representado pelo deputado Z\u00e9 Neto e pelo secret\u00e1rio de Desenvolvimento Urbano, Carlos Martins.<\/p>\n<p>Tamb\u00e9m estiveram presentes o superintendente nacional da Caixa Econ\u00f4mica para regi\u00e3o Nordeste, Luiz Ant\u00f4nio de Souza, do superintendente regional em Feira de Santana, Salvador Cels\u00f3n, al\u00e9m do secret\u00e1rio municipal de Habita\u00e7\u00e3o, Sandro Ricardo.<\/p>\n<div id=\"blogd-740866462\" class=\"blogd-final-post blogd-entity-placement\"><a href=\"https:\/\/www.feiradesantana.ba.leg.br\/\" target=\"_blank\" aria-label=\"BANNER-SITE-ENTREGADECHEQUE-CAMARADEFEIRA\"><img loading=\"lazy\" decoding=\"async\" src=\"https:\/\/blogdafeira.com.br\/home\/wp-content\/uploads\/2026\/03\/BANNER-SITE-ENTREGADECHEQUE-CAMARADEFEIRA.gif\" alt=\"\"  class=\"no-lazyload\" width=\"728\" height=\"90\"   \/><\/a><\/div><p><a href=\"https:\/\/www.facebook.com\/washington.nery.3?fref=ts\" target=\"_blank\">Foto de Washington Nery<\/a><\/p>\n","protected":false},"excerpt":{"rendered":"<p>O prefeito de Feira de Santana, \u00a0Jos\u00e9 Ronaldo (DEM) cobriu de elogios a \u00a0presidente da Caixa Econ\u00f4mica Federal, Miriam Belchior, na tarde desta quarta-feira, 7, durante solenidade de entrega de empreendimentos do Minha Casa, Minha Vida, no conjunto Feira VII. Ele acentuou a &#8220;experi\u00eancia&#8221;\u00a0adquirida por Miriam Belchior no per\u00edodo que foi ministra do Planejamento e<\/p>\n","protected":false},"author":1,"featured_media":0,"comment_status":"closed","ping_status":"closed","sticky":false,"template":"","format":"standard","meta":{"jetpack_post_was_ever_published":false,"cybocfi_hide_featured_image":"","_jetpack_newsletter_access":"","_jetpack_dont_email_post_to_subs":false,"_jetpack_newsletter_tier_id":0,"_jetpack_memberships_contains_paywalled_content":false,"_jetpack_memberships_contains_paid_content":false,"footnotes":"","jetpack_publicize_message":"","jetpack_publicize_feature_enabled":true,"jetpack_social_post_already_shared":true,"jetpack_social_options":{"image_generator_settings":{"template":"highway","default_image_id":0,"font":"","enabled":false},"version":2}},"categories":[1],"tags":[],"class_list":["post-16989","post","type-post","status-publish","format-standard","hentry","category-raiz"],"jetpack_publicize_connections":[],"jetpack_featured_media_url":"","jetpack_shortlink":"https:\/\/wp.me\/p3niVf-4q1","jetpack_sharing_enabled":true,"jetpack-related-posts":[{"id":26780,"url":"https:\/\/blogdafeira.com.br\/home\/2017\/05\/02\/belchior-na-voz-de-asa-filho-e-convidados-na-cidade-da-cultura-em-feira-nesta-quinta\/","url_meta":{"origin":16989,"position":0},"title":"Belchior na voz de Asa Filho e convidados na Cidade da Cultura em Feira nesta quinta","author":"Blog da Feira","date":"02\/05\/2017","format":false,"excerpt":"","rel":"","context":"Em &quot;Home&quot;","block_context":{"text":"Home","link":"https:\/\/blogdafeira.com.br\/home\/categoria\/raiz\/"},"img":{"alt_text":"img-20170502-wa0045","src":"https:\/\/i0.wp.com\/blogdafeira.com.br\/home\/wp-content\/uploads\/2017\/05\/IMG-20170502-WA0045.jpg?resize=350%2C200","width":350,"height":200,"srcset":"https:\/\/i0.wp.com\/blogdafeira.com.br\/home\/wp-content\/uploads\/2017\/05\/IMG-20170502-WA0045.jpg?resize=350%2C200 1x, https:\/\/i0.wp.com\/blogdafeira.com.br\/home\/wp-content\/uploads\/2017\/05\/IMG-20170502-WA0045.jpg?resize=525%2C300 1.5x, https:\/\/i0.wp.com\/blogdafeira.com.br\/home\/wp-content\/uploads\/2017\/05\/IMG-20170502-WA0045.jpg?resize=700%2C400 2x"},"classes":[]},{"id":26744,"url":"https:\/\/blogdafeira.com.br\/home\/2017\/04\/30\/kareen-mendes-fez-homenagem-a-belchior-em-mais-uma-jam-na-cuca-em-feira\/","url_meta":{"origin":16989,"position":1},"title":"Kareen Mendes fez homenagem a Belchior em mais uma &#8216;Jam na Cuca&#8217; em Feira","author":"Blog da Feira","date":"30\/04\/2017","format":false,"excerpt":"De volta \u00a0ao palco de arena do Centro Universit\u00e1rio de Cultura e Arte |(CUCA), o projeto 'Jam na Cuca', de m\u00fasica instrumental, abriu uma janela para a cantora Kareen Mendes fazer uma \u00a0homenagem p\u00f3stuma ao\u00a0m\u00fasico e compositor cearense Belchior, falecido neste fim de semana. Kareen Mendes \u00e9 uma reconhecida artista\u2026","rel":"","context":"Em &quot;Home&quot;","block_context":{"text":"Home","link":"https:\/\/blogdafeira.com.br\/home\/categoria\/raiz\/"},"img":{"alt_text":"img_20170430_192451785","src":"https:\/\/i0.wp.com\/blogdafeira.com.br\/home\/wp-content\/uploads\/2017\/04\/IMG_20170430_192451785-1024x853.jpg?resize=350%2C200","width":350,"height":200,"srcset":"https:\/\/i0.wp.com\/blogdafeira.com.br\/home\/wp-content\/uploads\/2017\/04\/IMG_20170430_192451785-1024x853.jpg?resize=350%2C200 1x, https:\/\/i0.wp.com\/blogdafeira.com.br\/home\/wp-content\/uploads\/2017\/04\/IMG_20170430_192451785-1024x853.jpg?resize=525%2C300 1.5x, https:\/\/i0.wp.com\/blogdafeira.com.br\/home\/wp-content\/uploads\/2017\/04\/IMG_20170430_192451785-1024x853.jpg?resize=700%2C400 2x"},"classes":[]},{"id":4825,"url":"https:\/\/blogdafeira.com.br\/home\/2013\/09\/06\/prefeito-de-feira-elogia-vice-ao-comentar-hipotese-de-sair-candidato-em-2014\/","url_meta":{"origin":16989,"position":2},"title":"Prefeito de Feira elogia vice ao comentar hip\u00f3tese de sair candidato em 2014","author":"Blog da Feira","date":"06\/09\/2013","format":false,"excerpt":"O prefeito de Feira, Jos\u00e9 Ronaldo (DEM), derramou elogios \u00e0 capacidade administrativa e pol\u00edtica de Luciano Ribeiro (PMDB), seu vice, ao ser indagado sobre a possibilidade de sair da Prefeitura para ser candidato a governo da Bahia em 2014 e deixar o vice no cargo. Embora afirmando, taxativamente, que vai\u2026","rel":"","context":"Em &quot;Home&quot;","block_context":{"text":"Home","link":"https:\/\/blogdafeira.com.br\/home\/categoria\/raiz\/"},"img":{"alt_text":"Caixa _ o novo agente financeiro da Prefeitura  foto Silvio Tito (4)","src":"https:\/\/i0.wp.com\/blogdafeira.com.br\/home\/wp-content\/uploads\/2013\/09\/Caixa-_-o-novo-agente-financeiro-da-Prefeitura-foto-Silvio-Tito-4.jpg?resize=350%2C200","width":350,"height":200,"srcset":"https:\/\/i0.wp.com\/blogdafeira.com.br\/home\/wp-content\/uploads\/2013\/09\/Caixa-_-o-novo-agente-financeiro-da-Prefeitura-foto-Silvio-Tito-4.jpg?resize=350%2C200 1x, https:\/\/i0.wp.com\/blogdafeira.com.br\/home\/wp-content\/uploads\/2013\/09\/Caixa-_-o-novo-agente-financeiro-da-Prefeitura-foto-Silvio-Tito-4.jpg?resize=525%2C300 1.5x"},"classes":[]},{"id":31571,"url":"https:\/\/blogdafeira.com.br\/home\/2019\/06\/03\/vereadores-governistas-de-feira-foram-desconvidados-para-reuniao-de-colbert-com-presidente-da-caixa\/","url_meta":{"origin":16989,"position":3},"title":"Vereadores governistas de Feira foram &#8216;desconvidados&#8217; para reuni\u00e3o de Colbert com presidente da Caixa","author":"J\u00e2nio R\u00eago","date":"03\/06\/2019","format":false,"excerpt":"\u00a0 A bancada de vereadores governistas ficou calada, ouvindo hoje o vereador Z\u00e9 Fil\u00e9 ( v\u00eddeo) debochar do fato ocorrido com seus colegas governistas, no domingo, no Pa\u00e7o Municipal, quando foram 'convidados' a sair do recinto onde ser realizaria uma reuni\u00e3o, a portas fechadas, entre o prefeito de Feira de\u2026","rel":"","context":"Em &quot;Home&quot;","block_context":{"text":"Home","link":"https:\/\/blogdafeira.com.br\/home\/categoria\/raiz\/"},"img":{"alt_text":"","src":"","width":0,"height":0},"classes":[]},{"id":1700,"url":"https:\/\/blogdafeira.com.br\/home\/2013\/05\/17\/otto-alencar-fez-discurso-de-candidato-na-visita-de-kassab-a-feira\/","url_meta":{"origin":16989,"position":4},"title":"Otto Alencar fez discurso de candidato na visita de Kassab a Feira","author":"Blog da Feira","date":"17\/05\/2013","format":false,"excerpt":"O discurso do vice-governador Otto Alencar hoje em Feira de Santana, no encontro com o ex-prefeito paulistano Gilberto Kassab \u00a0foi de candidato. N\u00e3o faltou nem aquela tradicional ressalva: \u2018S\u00f3 n\u00e3o posso ser candidato de mim mesmo\u2019 - disse Otto.. Logo em seguida, Kassab, como j\u00e1 havia feito anteriormente o deputado\u2026","rel":"","context":"Em &quot;Cidade&quot;","block_context":{"text":"Cidade","link":"https:\/\/blogdafeira.com.br\/home\/categoria\/cidade\/"},"img":{"alt_text":"Cassab em Feira de Santana (11) (1)","src":"https:\/\/i0.wp.com\/blogdafeira.com.br\/home\/wp-content\/uploads\/2013\/05\/Cassab-em-Feira-de-Santana-11-1.jpg?resize=350%2C200","width":350,"height":200,"srcset":"https:\/\/i0.wp.com\/blogdafeira.com.br\/home\/wp-content\/uploads\/2013\/05\/Cassab-em-Feira-de-Santana-11-1.jpg?resize=350%2C200 1x, https:\/\/i0.wp.com\/blogdafeira.com.br\/home\/wp-content\/uploads\/2013\/05\/Cassab-em-Feira-de-Santana-11-1.jpg?resize=525%2C300 1.5x"},"classes":[]},{"id":72156,"url":"https:\/\/blogdafeira.com.br\/home\/2026\/04\/29\/jeronimo-visita-ministerios-e-reune-se-com-wagner-e-lula-no-palacio-da-alvorada\/","url_meta":{"origin":16989,"position":5},"title":"Jer\u00f4nimo visita minist\u00e9rios e re\u00fane-se com Wagner e Lula no Pal\u00e1cio da Alvorada","author":"Blog da Feira","date":"29\/04\/2026","format":false,"excerpt":"Cumprindo agenda em Bras\u00edlia, nesta quarta-feira (29), o governador da Bahia, Jer\u00f4nimo Rodrigues participou de uma s\u00e9rie de reuni\u00f5es com representantes do Governo Federal e do Judici\u00e1rio, tratando de temas de interesse do estado. Acompanhado de secret\u00e1rios e gestores estaduais, o primeiro compromisso foi no Minist\u00e9rio dos Transportes, em audi\u00eancia\u2026","rel":"","context":"Em &quot;Destaques&quot;","block_context":{"text":"Destaques","link":"https:\/\/blogdafeira.com.br\/home\/categoria\/destaques\/"},"img":{"alt_text":"","src":"https:\/\/i0.wp.com\/blogdafeira.com.br\/home\/wp-content\/uploads\/2026\/04\/IMG-20260429-WA0149.jpg?resize=350%2C200&ssl=1","width":350,"height":200,"srcset":"https:\/\/i0.wp.com\/blogdafeira.com.br\/home\/wp-content\/uploads\/2026\/04\/IMG-20260429-WA0149.jpg?resize=350%2C200&ssl=1 1x, https:\/\/i0.wp.com\/blogdafeira.com.br\/home\/wp-content\/uploads\/2026\/04\/IMG-20260429-WA0149.jpg?resize=525%2C300&ssl=1 1.5x, https:\/\/i0.wp.com\/blogdafeira.com.br\/home\/wp-content\/uploads\/2026\/04\/IMG-20260429-WA0149.jpg?resize=700%2C400&ssl=1 2x, https:\/\/i0.wp.com\/blogdafeira.com.br\/home\/wp-content\/uploads\/2026\/04\/IMG-20260429-WA0149.jpg?resize=1050%2C600&ssl=1 3x"},"classes":[]}],"_links":{"self":[{"href":"https:\/\/blogdafeira.com.br\/home\/wp-json\/wp\/v2\/posts\/16989","targetHints":{"allow":["GET"]}}],"collection":[{"href":"https:\/\/blogdafeira.com.br\/home\/wp-json\/wp\/v2\/posts"}],"about":[{"href":"https:\/\/blogdafeira.com.br\/home\/wp-json\/wp\/v2\/types\/post"}],"author":[{"embeddable":true,"href":"https:\/\/blogdafeira.com.br\/home\/wp-json\/wp\/v2\/users\/1"}],"replies":[{"embeddable":true,"href":"https:\/\/blogdafeira.com.br\/home\/wp-json\/wp\/v2\/comments?post=16989"}],"version-history":[{"count":1,"href":"https:\/\/blogdafeira.com.br\/home\/wp-json\/wp\/v2\/posts\/16989\/revisions"}],"predecessor-version":[{"id":16991,"href":"https:\/\/blogdafeira.com.br\/home\/wp-json\/wp\/v2\/posts\/16989\/revisions\/16991"}],"wp:attachment":[{"href":"https:\/\/blogdafeira.com.br\/home\/wp-json\/wp\/v2\/media?parent=16989"}],"wp:term":[{"taxonomy":"category","embeddable":true,"href":"https:\/\/blogdafeira.com.br\/home\/wp-json\/wp\/v2\/categories?post=16989"},{"taxonomy":"post_tag","embeddable":true,"href":"https:\/\/blogdafeira.com.br\/home\/wp-json\/wp\/v2\/tags?post=16989"}],"curies":[{"name":"wp","href":"https:\/\/api.w.org\/{rel}","templated":true}]}}