{"id":17499,"date":"2015-11-03T08:42:00","date_gmt":"2015-11-03T11:42:00","guid":{"rendered":"http:\/\/blogdafeira.com.br\/home\/?p=17499"},"modified":"2015-11-03T08:42:00","modified_gmt":"2015-11-03T11:42:00","slug":"mercado-de-arte-popular-de-feira-de-santana-pode-ser-reaberto-no-natal","status":"publish","type":"post","link":"https:\/\/blogdafeira.com.br\/home\/2015\/11\/03\/mercado-de-arte-popular-de-feira-de-santana-pode-ser-reaberto-no-natal\/","title":{"rendered":"Mercado de Arte Popular de Feira de Santana pode ser reaberto no Natal"},"content":{"rendered":"<p><img loading=\"lazy\" decoding=\"async\" class=\"aligncenter size-full wp-image-17500\" src=\"http:\/\/blogdafeira.com.br\/home\/wp-content\/uploads\/2015\/11\/ronado-no-map.jpg\" alt=\"ronado no map\" width=\"800\" height=\"600\" srcset=\"https:\/\/blogdafeira.com.br\/home\/wp-content\/uploads\/2015\/11\/ronado-no-map.jpg 800w, https:\/\/blogdafeira.com.br\/home\/wp-content\/uploads\/2015\/11\/ronado-no-map-170x128.jpg 170w, https:\/\/blogdafeira.com.br\/home\/wp-content\/uploads\/2015\/11\/ronado-no-map-346x260.jpg 346w\" sizes=\"auto, (max-width: 800px) 100vw, 800px\" \/><\/p>\n<div id=\"blogd-10490233\" class=\"blogd-fim-do-post-mobile blogd-entity-placement\" style=\"margin-left: auto;margin-right: auto;text-align: center;\"><a href=\"https:\/\/www.sefaz.feiradesantana.ba.gov.br\/\" target=\"_blank\" aria-label=\"728&#215;90 (6)\"><img loading=\"lazy\" decoding=\"async\" src=\"https:\/\/blogdafeira.com.br\/home\/wp-content\/uploads\/2026\/03\/728x90-6.gif\" alt=\"\"  class=\"no-lazyload\" width=\"728\" height=\"90\"  style=\"display: inline-block;\" \/><\/a><\/div><p>Sem alarde e \u00a0sem a presen\u00e7a \u00a0da imprensa, o prefeito de Feira de Santana, Jos\u00e9 Ronaldo (DEM) fez uma visita \u00e0s obras do Mercado de Arte Popular na sexta-feira e em poucas palavras registrou a visita em sua p\u00e1gina no facebook:<a href=\"http:\/\/porsimas.blogspot.com.br\/2015\/10\/o-alcaide-esteve-no-map-sozinho.html\" target=\"_blank\"> &#8220;<em>est\u00e1 ficando lindo&#8221;.<\/em><\/a><\/p><div id=\"blogd-1168213557\" class=\"blogd-conteudo-2-mobile blogd-entity-placement\"><a href=\"https:\/\/feirenses.com.br\/\" target=\"_blank\" aria-label=\"feirenses\"><img loading=\"lazy\" decoding=\"async\" src=\"https:\/\/blogdafeira.com.br\/home\/wp-content\/uploads\/2026\/04\/feirenses.png\" alt=\"\"  srcset=\"https:\/\/blogdafeira.com.br\/home\/wp-content\/uploads\/2026\/04\/feirenses.png 300w, https:\/\/blogdafeira.com.br\/home\/wp-content\/uploads\/2026\/04\/feirenses-170x45.png 170w, https:\/\/blogdafeira.com.br\/home\/wp-content\/uploads\/2026\/04\/feirenses-280x74.png 280w\" sizes=\"(max-width: 300px) 100vw, 300px\" class=\"no-lazyload\" width=\"300\" height=\"79\"  style=\"display: inline-block;\" \/><\/a><\/div>\n<p>Pelo que se v\u00ea pelas fotos divulgadas, quase n\u00e3o h\u00e1 mais nada a fazer na reforma do MAP a n\u00e3o ser a pintura das paredes internas e externas. Em menos de um m\u00eas o Mercado dever\u00e1 estar pronto e poder\u00e1 ser entregue aos comerciantes e \u00e0 popula\u00e7\u00e3o antes do Natal e festas de fim de ano.<\/p>\n<div id=\"blogd-908967037\" class=\"blogd-final-post blogd-entity-placement\"><a href=\"https:\/\/www.feiradesantana.ba.leg.br\/\" target=\"_blank\" aria-label=\"BANNER-SITE-ENTREGADECHEQUE-CAMARADEFEIRA\"><img loading=\"lazy\" decoding=\"async\" src=\"https:\/\/blogdafeira.com.br\/home\/wp-content\/uploads\/2026\/03\/BANNER-SITE-ENTREGADECHEQUE-CAMARADEFEIRA.gif\" alt=\"\"  class=\"no-lazyload\" width=\"728\" height=\"90\"   \/><\/a><\/div><p>A reforma do MAP se arrasta h\u00e1 \u00a0dois anos. Os comerciantes foram relocados para um galp\u00e3o na avenida Ol\u00edmpio Vital.<\/p>\n","protected":false},"excerpt":{"rendered":"<p>Sem alarde e \u00a0sem a presen\u00e7a \u00a0da imprensa, o prefeito de Feira de Santana, Jos\u00e9 Ronaldo (DEM) fez uma visita \u00e0s obras do Mercado de Arte Popular na sexta-feira e em poucas palavras registrou a visita em sua p\u00e1gina no facebook: &#8220;est\u00e1 ficando lindo&#8221;. Pelo que se v\u00ea pelas fotos divulgadas, quase n\u00e3o h\u00e1 mais<\/p>\n","protected":false},"author":1,"featured_media":0,"comment_status":"closed","ping_status":"closed","sticky":false,"template":"","format":"standard","meta":{"jetpack_post_was_ever_published":false,"cybocfi_hide_featured_image":"","_jetpack_newsletter_access":"","_jetpack_dont_email_post_to_subs":false,"_jetpack_newsletter_tier_id":0,"_jetpack_memberships_contains_paywalled_content":false,"_jetpack_memberships_contains_paid_content":false,"footnotes":"","jetpack_publicize_message":"","jetpack_publicize_feature_enabled":true,"jetpack_social_post_already_shared":true,"jetpack_social_options":{"image_generator_settings":{"template":"highway","default_image_id":0,"font":"","enabled":false},"version":2}},"categories":[1],"tags":[],"class_list":["post-17499","post","type-post","status-publish","format-standard","hentry","category-raiz"],"jetpack_publicize_connections":[],"jetpack_featured_media_url":"","jetpack_shortlink":"https:\/\/wp.me\/p3niVf-4yf","jetpack_sharing_enabled":true,"jetpack-related-posts":[{"id":7640,"url":"https:\/\/blogdafeira.com.br\/home\/2013\/12\/23\/mercado-de-arte-popular-fecha-para-reforma-no-proximo-dia-5\/","url_meta":{"origin":17499,"position":0},"title":"Mercado de Arte Popular de Feira fecha para reforma no pr\u00f3ximo dia 5","author":"Blog da Feira","date":"23\/12\/2013","format":false,"excerpt":"No pr\u00f3ximo dia 5 de janeiro o Mercado de Arte Popular, \u00a0no centro de Feira de Santana, vai fechar para o in\u00edcio de reformas no pr\u00e9dio. Os comerciantes est\u00e3o sendo transferidos para um galp\u00e3o na avenida Ol\u00edmpio Vital (pr\u00f3ximo \u00e0 Esta\u00e7\u00e3o de Transbordo) (foto). Neste final de semana o 'novo'\u2026","rel":"","context":"Em &quot;Home&quot;","block_context":{"text":"Home","link":"https:\/\/blogdafeira.com.br\/home\/categoria\/raiz\/"},"img":{"alt_text":"map","src":"https:\/\/i0.wp.com\/blogdafeira.com.br\/home\/wp-content\/uploads\/2013\/12\/map.jpg?resize=350%2C200","width":350,"height":200,"srcset":"https:\/\/i0.wp.com\/blogdafeira.com.br\/home\/wp-content\/uploads\/2013\/12\/map.jpg?resize=350%2C200 1x, https:\/\/i0.wp.com\/blogdafeira.com.br\/home\/wp-content\/uploads\/2013\/12\/map.jpg?resize=525%2C300 1.5x"},"classes":[]},{"id":5542,"url":"https:\/\/blogdafeira.com.br\/home\/2013\/10\/12\/reforma-do-mercado-de-arte-popular-de-feira-sem-data-para-comecar\/","url_meta":{"origin":17499,"position":1},"title":"Reforma do Mercado de Arte Popular de Feira sem data para come\u00e7ar","author":"Blog da Feira","date":"12\/10\/2013","format":false,"excerpt":"A reforma do Mercado de Arte Popular de Feira de Santana, anunciada no in\u00edcio do ano pelo prefeito de Feira, Jos\u00e9 Ronaldo, ainda n\u00e3o tem data certa para come\u00e7ar. A 'ordem' para realizar a licita\u00e7\u00e3o tamb\u00e9m j\u00e1 foi anunciada h\u00e1 alguns meses pelo Governo de Feira mas n\u00e3o existe nenhuma\u2026","rel":"","context":"Em &quot;Home&quot;","block_context":{"text":"Home","link":"https:\/\/blogdafeira.com.br\/home\/categoria\/raiz\/"},"img":{"alt_text":"DSC09092","src":"https:\/\/i0.wp.com\/blogdafeira.com.br\/home\/wp-content\/uploads\/2013\/10\/DSC09092.jpg?resize=350%2C200","width":350,"height":200,"srcset":"https:\/\/i0.wp.com\/blogdafeira.com.br\/home\/wp-content\/uploads\/2013\/10\/DSC09092.jpg?resize=350%2C200 1x, https:\/\/i0.wp.com\/blogdafeira.com.br\/home\/wp-content\/uploads\/2013\/10\/DSC09092.jpg?resize=525%2C300 1.5x"},"classes":[]},{"id":66545,"url":"https:\/\/blogdafeira.com.br\/home\/2025\/04\/04\/comerciantes-vao-a-ze-neto-e-pedem-que-jeronimo-coloque-ar-condicionado-no-mercado-de-arte-popular\/","url_meta":{"origin":17499,"position":2},"title":"Comerciantes v\u00e3o a Z\u00e9 Neto e pedem que Jer\u00f4nimo coloque ar-condicionado no Mercado de Arte Popular","author":"Blog da Feira","date":"04\/04\/2025","format":false,"excerpt":"Uma comiss\u00e3o de permission\u00e1rios do Mercado de Arte Popular de Feira de Santana foi ao escrit\u00f3rio do deputado federal Z\u00e9 Neto pedir a interfer\u00eancia do governo do Estado da Bahia, no sentido de climatizar aquele equipamento hist\u00f3rico e central da cidade. O MAP \u00e9 um equipamento sob a gest\u00e3o municipal\u2026","rel":"","context":"Em &quot;Cidade&quot;","block_context":{"text":"Cidade","link":"https:\/\/blogdafeira.com.br\/home\/categoria\/cidade\/"},"img":{"alt_text":"","src":"https:\/\/i0.wp.com\/blogdafeira.com.br\/home\/wp-content\/uploads\/2025\/04\/Screenshot_20250404-1223082.png?resize=350%2C200&ssl=1","width":350,"height":200,"srcset":"https:\/\/i0.wp.com\/blogdafeira.com.br\/home\/wp-content\/uploads\/2025\/04\/Screenshot_20250404-1223082.png?resize=350%2C200&ssl=1 1x, https:\/\/i0.wp.com\/blogdafeira.com.br\/home\/wp-content\/uploads\/2025\/04\/Screenshot_20250404-1223082.png?resize=525%2C300&ssl=1 1.5x, https:\/\/i0.wp.com\/blogdafeira.com.br\/home\/wp-content\/uploads\/2025\/04\/Screenshot_20250404-1223082.png?resize=700%2C400&ssl=1 2x, https:\/\/i0.wp.com\/blogdafeira.com.br\/home\/wp-content\/uploads\/2025\/04\/Screenshot_20250404-1223082.png?resize=1050%2C600&ssl=1 3x"},"classes":[]},{"id":11487,"url":"https:\/\/blogdafeira.com.br\/home\/2014\/07\/22\/reforma-do-mercado-de-arte-popular-de-feira-sem-data-pra-terminar\/","url_meta":{"origin":17499,"position":3},"title":"Reforma do Mercado de Arte Popular de Feira sem data pra terminar","author":"Blog da Feira","date":"22\/07\/2014","format":false,"excerpt":"O prazo para o t\u00e9rmino da obra de reformas no Mercado de Arte Popular em Feira de Santana era de 6 meses, que encerrou-se no \u00faltimo dia 20. Os comerciantes, artes\u00e3os e artistas que trabalhavam no MAP est\u00e3o provisoriamente instalados em um grande galp\u00e3o na Ladeira da avenida Ol\u00edmpio Vital,\u2026","rel":"","context":"Em &quot;Home&quot;","block_context":{"text":"Home","link":"https:\/\/blogdafeira.com.br\/home\/categoria\/raiz\/"},"img":{"alt_text":"mercado","src":"https:\/\/i0.wp.com\/blogdafeira.com.br\/home\/wp-content\/uploads\/2014\/07\/mercado1.jpg?resize=350%2C200","width":350,"height":200,"srcset":"https:\/\/i0.wp.com\/blogdafeira.com.br\/home\/wp-content\/uploads\/2014\/07\/mercado1.jpg?resize=350%2C200 1x, https:\/\/i0.wp.com\/blogdafeira.com.br\/home\/wp-content\/uploads\/2014\/07\/mercado1.jpg?resize=525%2C300 1.5x"},"classes":[]},{"id":27009,"url":"https:\/\/blogdafeira.com.br\/home\/2017\/06\/05\/edvaldo-lima-critica-na-camara-medidas-da-administracao-do-map-de-feira\/","url_meta":{"origin":17499,"position":4},"title":"Edvaldo Lima critica na C\u00e2mara medidas da administra\u00e7\u00e3o do MAP de Feira","author":"Blog da Feira","date":"05\/06\/2017","format":false,"excerpt":"O vereador Edvaldo Lima (PP) foi hoje \u00e0 tribuna da C\u00e2mara de Vereadores de Feira de Santana e fez \u00a0cr\u00edticas \u00e0 administra\u00e7\u00e3o do Mercado de Arte Popular |(MAP) de Feira de Santana no tocante ao uso do sanit\u00e1rio pelos concession\u00e1rios de boxes e \u00e0 rigidez \u00a0com que a Associa\u00e7\u00e3o dos\u2026","rel":"","context":"Em &quot;Home&quot;","block_context":{"text":"Home","link":"https:\/\/blogdafeira.com.br\/home\/categoria\/raiz\/"},"img":{"alt_text":"edvaldo-lima__foto_franklin-doria-2","src":"https:\/\/i0.wp.com\/blogdafeira.com.br\/home\/wp-content\/uploads\/2017\/06\/Edvaldo-Lima__Foto_Franklin-Doria-2-1024x683.jpg?resize=350%2C200","width":350,"height":200,"srcset":"https:\/\/i0.wp.com\/blogdafeira.com.br\/home\/wp-content\/uploads\/2017\/06\/Edvaldo-Lima__Foto_Franklin-Doria-2-1024x683.jpg?resize=350%2C200 1x, https:\/\/i0.wp.com\/blogdafeira.com.br\/home\/wp-content\/uploads\/2017\/06\/Edvaldo-Lima__Foto_Franklin-Doria-2-1024x683.jpg?resize=525%2C300 1.5x, https:\/\/i0.wp.com\/blogdafeira.com.br\/home\/wp-content\/uploads\/2017\/06\/Edvaldo-Lima__Foto_Franklin-Doria-2-1024x683.jpg?resize=700%2C400 2x"},"classes":[]},{"id":12637,"url":"https:\/\/blogdafeira.com.br\/home\/2014\/09\/30\/nasce-novo-mercado-de-arte-em-feira-acabou-se-o-telhado-de-zinco\/","url_meta":{"origin":17499,"position":5},"title":"Nasce novo Mercado de Arte em Feira: acabou-se o &#8216;telhado de zinco&#8217;","author":"Blog da Feira","date":"30\/09\/2014","format":false,"excerpt":"O conden\u00e1vel 'telhado de zinco' do Mercado de Arte Popular de Feira de Santana foi ao ch\u00e3o esta semana. As obras de restaura\u00e7\u00e3o do pr\u00e9dio constru\u00eddo em 1914 e onde funcionou o Mercado Municipal \u00a0da Cidade come\u00e7aram no in\u00edcio deste ano. A cobertura, colocada na \u00faltima reforma feita h\u00e1 cerca\u2026","rel":"","context":"Em &quot;Home&quot;","block_context":{"text":"Home","link":"https:\/\/blogdafeira.com.br\/home\/categoria\/raiz\/"},"img":{"alt_text":"","src":"","width":0,"height":0},"classes":[]}],"_links":{"self":[{"href":"https:\/\/blogdafeira.com.br\/home\/wp-json\/wp\/v2\/posts\/17499","targetHints":{"allow":["GET"]}}],"collection":[{"href":"https:\/\/blogdafeira.com.br\/home\/wp-json\/wp\/v2\/posts"}],"about":[{"href":"https:\/\/blogdafeira.com.br\/home\/wp-json\/wp\/v2\/types\/post"}],"author":[{"embeddable":true,"href":"https:\/\/blogdafeira.com.br\/home\/wp-json\/wp\/v2\/users\/1"}],"replies":[{"embeddable":true,"href":"https:\/\/blogdafeira.com.br\/home\/wp-json\/wp\/v2\/comments?post=17499"}],"version-history":[{"count":1,"href":"https:\/\/blogdafeira.com.br\/home\/wp-json\/wp\/v2\/posts\/17499\/revisions"}],"predecessor-version":[{"id":17501,"href":"https:\/\/blogdafeira.com.br\/home\/wp-json\/wp\/v2\/posts\/17499\/revisions\/17501"}],"wp:attachment":[{"href":"https:\/\/blogdafeira.com.br\/home\/wp-json\/wp\/v2\/media?parent=17499"}],"wp:term":[{"taxonomy":"category","embeddable":true,"href":"https:\/\/blogdafeira.com.br\/home\/wp-json\/wp\/v2\/categories?post=17499"},{"taxonomy":"post_tag","embeddable":true,"href":"https:\/\/blogdafeira.com.br\/home\/wp-json\/wp\/v2\/tags?post=17499"}],"curies":[{"name":"wp","href":"https:\/\/api.w.org\/{rel}","templated":true}]}}