{"id":17641,"date":"2015-11-10T22:18:35","date_gmt":"2015-11-11T01:18:35","guid":{"rendered":"http:\/\/blogdafeira.com.br\/home\/?p=17641"},"modified":"2015-11-10T22:18:35","modified_gmt":"2015-11-11T01:18:35","slug":"eleicao-na-euterpe-feirense-e-dia-28-mas-roquinho-nao-e-candidato","status":"publish","type":"post","link":"https:\/\/blogdafeira.com.br\/home\/2015\/11\/10\/eleicao-na-euterpe-feirense-e-dia-28-mas-roquinho-nao-e-candidato\/","title":{"rendered":"Elei\u00e7\u00e3o na Euterpe Feirense \u00e9 dia 28 mas Roquinho n\u00e3o \u00e9 candidato"},"content":{"rendered":"<div id=\"blogd-1011273858\" class=\"blogd-fim-do-post-mobile blogd-entity-placement\" style=\"margin-left: auto;margin-right: auto;text-align: center;\"><a href=\"https:\/\/www.sefaz.feiradesantana.ba.gov.br\/\" target=\"_blank\" aria-label=\"728&#215;90 (6)\"><img loading=\"lazy\" decoding=\"async\" src=\"https:\/\/blogdafeira.com.br\/home\/wp-content\/uploads\/2026\/03\/728x90-6.gif\" alt=\"\"  class=\"no-lazyload\" width=\"728\" height=\"90\"  style=\"display: inline-block;\" \/><\/a><\/div><p><img loading=\"lazy\" decoding=\"async\" class=\"alignleft size-full wp-image-17643\" src=\"http:\/\/blogdafeira.com.br\/home\/wp-content\/uploads\/2015\/11\/janio-regonroquinho.jpg\" alt=\"janio regonroquinho\" width=\"336\" height=\"362\" srcset=\"https:\/\/blogdafeira.com.br\/home\/wp-content\/uploads\/2015\/11\/janio-regonroquinho.jpg 336w, https:\/\/blogdafeira.com.br\/home\/wp-content\/uploads\/2015\/11\/janio-regonroquinho-139x150.jpg 139w, https:\/\/blogdafeira.com.br\/home\/wp-content\/uploads\/2015\/11\/janio-regonroquinho-278x300.jpg 278w\" sizes=\"auto, (max-width: 336px) 100vw, 336px\" \/>Jos\u00e9 Roque Fran\u00e7a de Oliveira, o Roquinho do Carburador, n\u00e3o ser\u00e1 candidato \u00e0 reelei\u00e7\u00e3o para a Presid\u00eancia da Filarm\u00f4nica Euterpe Feirense, o clube social em atividade mais antigo de Feira de Santana.<\/p><div id=\"blogd-3014641635\" class=\"blogd-conteudo-2-mobile blogd-entity-placement\"><a href=\"https:\/\/feirenses.com.br\/\" target=\"_blank\" aria-label=\"feirenses\"><img loading=\"lazy\" decoding=\"async\" src=\"https:\/\/blogdafeira.com.br\/home\/wp-content\/uploads\/2026\/04\/feirenses.png\" alt=\"\"  srcset=\"https:\/\/blogdafeira.com.br\/home\/wp-content\/uploads\/2026\/04\/feirenses.png 300w, https:\/\/blogdafeira.com.br\/home\/wp-content\/uploads\/2026\/04\/feirenses-170x45.png 170w, https:\/\/blogdafeira.com.br\/home\/wp-content\/uploads\/2026\/04\/feirenses-280x74.png 280w\" sizes=\"(max-width: 300px) 100vw, 300px\" class=\"no-lazyload\" width=\"300\" height=\"79\"  style=\"display: inline-block;\" \/><\/a><\/div>\n<p>A elei\u00e7\u00e3o para a sucess\u00e3o de Roquinho vai acontecer no pr\u00f3ximo dia 28. O edital dever\u00e1 ser publicado ainda esta semana, a partir do que come\u00e7am as inscri\u00e7\u00f5es de candidaturas.<\/p>\n<p>Figura muito popular em Feira, Roquinho j\u00e1 est\u00e1 no terceiro mandato \u00e0 frente de clube e \u00e9 apontado como respons\u00e1vel pela revitaliza\u00e7\u00e3o que a Euterpe Feirense viveu nestes anos.<\/p>\n<p>Entre muitas \u00a0realiza\u00e7\u00f5es de Roquinho est\u00e1 uma que ele faz quest\u00e3o de destacar: a cria\u00e7\u00e3o de uma<strong><a href=\"http:\/\/blogdafeira.com.br\/home\/2014\/10\/01\/roquinho-do-carburador-realiza-sonho-da-escola-de-musica-euterpe-feirense\/\" target=\"_blank\"> Escolinha de M\u00fasica para crian\u00e7as<\/a>\u00a0<\/strong>que tem o nome do m\u00fasico &#8216;Caixinha&#8217;,\u00a0 Waldiro da Silva Santana.<\/p>\n<div id=\"blogd-3547423707\" class=\"blogd-final-post blogd-entity-placement\"><a href=\"https:\/\/www.feiradesantana.ba.leg.br\/\" target=\"_blank\" aria-label=\"BANNER-SITE-ENTREGADECHEQUE-CAMARADEFEIRA\"><img loading=\"lazy\" decoding=\"async\" src=\"https:\/\/blogdafeira.com.br\/home\/wp-content\/uploads\/2026\/03\/BANNER-SITE-ENTREGADECHEQUE-CAMARADEFEIRA.gif\" alt=\"\"  class=\"no-lazyload\" width=\"728\" height=\"90\"   \/><\/a><\/div><p>A Filarm\u00f4nica Euterpe Feirense tem hoje uma situa\u00e7\u00e3o patrimonial considerada est\u00e1vel e \u00e9 dona duas sedes sociais, uma no centro da cidade e outra \u00e0s margens do Anel do Contorno, vizinha \u00e0 Lagoa Grande que est\u00e1 sendo urbanizada.<\/p>\n","protected":false},"excerpt":{"rendered":"<p>Jos\u00e9 Roque Fran\u00e7a de Oliveira, o Roquinho do Carburador, n\u00e3o ser\u00e1 candidato \u00e0 reelei\u00e7\u00e3o para a Presid\u00eancia da Filarm\u00f4nica Euterpe Feirense, o clube social em atividade mais antigo de Feira de Santana. A elei\u00e7\u00e3o para a sucess\u00e3o de Roquinho vai acontecer no pr\u00f3ximo dia 28. O edital dever\u00e1 ser publicado ainda esta semana, a partir<\/p>\n","protected":false},"author":1,"featured_media":0,"comment_status":"closed","ping_status":"closed","sticky":false,"template":"","format":"standard","meta":{"jetpack_post_was_ever_published":false,"cybocfi_hide_featured_image":"","_jetpack_newsletter_access":"","_jetpack_dont_email_post_to_subs":false,"_jetpack_newsletter_tier_id":0,"_jetpack_memberships_contains_paywalled_content":false,"_jetpack_memberships_contains_paid_content":false,"footnotes":"","jetpack_publicize_message":"","jetpack_publicize_feature_enabled":true,"jetpack_social_post_already_shared":true,"jetpack_social_options":{"image_generator_settings":{"template":"highway","default_image_id":0,"font":"","enabled":false},"version":2}},"categories":[1],"tags":[],"class_list":["post-17641","post","type-post","status-publish","format-standard","hentry","category-raiz"],"jetpack_publicize_connections":[],"jetpack_featured_media_url":"","jetpack_shortlink":"https:\/\/wp.me\/p3niVf-4Ax","jetpack_sharing_enabled":true,"jetpack-related-posts":[{"id":12659,"url":"https:\/\/blogdafeira.com.br\/home\/2014\/10\/01\/roquinho-do-carburador-realiza-sonho-da-escola-de-musica-euterpe-feirense\/","url_meta":{"origin":17641,"position":0},"title":"Roquinho do Carburador realiza sonho da Escola de M\u00fasica Euterpe Feirense","author":"Blog da Feira","date":"01\/10\/2014","format":false,"excerpt":"Quase ningu\u00e9m o conhece pelo nome completo de Jos\u00e9 Roque Fran\u00e7a de Oliveira, \u00e9 Roquinho do Carburador, apelido que indica sua profiss\u00e3o e atividade comercial. Roquinho (na foto abaixo com camisa vermelha) \u00e9 o presidente da tradicional Sociedade Filarm\u00f4nica Euterpe Feirense, um clube social que atravessa os tempos e a\u2026","rel":"","context":"Em &quot;Home&quot;","block_context":{"text":"Home","link":"https:\/\/blogdafeira.com.br\/home\/categoria\/raiz\/"},"img":{"alt_text":"Euterpe 13 (1)","src":"https:\/\/i0.wp.com\/blogdafeira.com.br\/home\/wp-content\/uploads\/2014\/10\/Euterpe-13-1-1024x682.jpg?resize=350%2C200","width":350,"height":200,"srcset":"https:\/\/i0.wp.com\/blogdafeira.com.br\/home\/wp-content\/uploads\/2014\/10\/Euterpe-13-1-1024x682.jpg?resize=350%2C200 1x, https:\/\/i0.wp.com\/blogdafeira.com.br\/home\/wp-content\/uploads\/2014\/10\/Euterpe-13-1-1024x682.jpg?resize=525%2C300 1.5x"},"classes":[]},{"id":12589,"url":"https:\/\/blogdafeira.com.br\/home\/2014\/09\/28\/encontro-de-figuras-populares-de-feira-no-tradicional-euterpe-feirense\/","url_meta":{"origin":17641,"position":1},"title":"Encontro de Figuras Populares :no tradicional Euterpe Feirense","author":"Blog da Feira","date":"28\/09\/2014","format":false,"excerpt":"O prefeito de Feira n\u00e3o foi mas mandou Luciano Ribeiro, o vice, velho conhecido de todos os que fazem, h\u00e1 13 anos, o Encontro de Figuras Populares de Feira de Santana. O Encontro \u00e9 uma movimenta\u00e7\u00e3o do fotojornalista Reginaldo Tracaj\u00e1, ex A Tarde, ex- Feira Hoje, ex-O Globo e que\u2026","rel":"","context":"Em &quot;Home&quot;","block_context":{"text":"Home","link":"https:\/\/blogdafeira.com.br\/home\/categoria\/raiz\/"},"img":{"alt_text":"","src":"","width":0,"height":0},"classes":[]},{"id":23622,"url":"https:\/\/blogdafeira.com.br\/home\/2016\/09\/20\/filarmonica-euterpe-feirense-um-clube-social-as-margens-da-lagoa-grande\/","url_meta":{"origin":17641,"position":2},"title":"Filarm\u00f4nica Euterpe Feirense, um clube social \u00e0s margens da Lagoa Grande","author":"Blog da Feira","date":"20\/09\/2016","format":false,"excerpt":"Uma 'velha senhora' de 95 anos e muito querida em Feira de Santana \u00e9 uma das grandes benefici\u00e1rias das obras de revitaliza\u00e7\u00e3o da Lagoa Grande: a\u00a0\u00a0Sociedade Filarm\u00f4nica Euterpe Feirense, fundada em 1921. \u00danica das filarm\u00f4nicas que se mantem como entidade jur\u00eddica em funcionamento pleno, a Euterpe Feirense \u00e9\u00a0propriet\u00e1ria de duas\u2026","rel":"","context":"Em &quot;Home&quot;","block_context":{"text":"Home","link":"https:\/\/blogdafeira.com.br\/home\/categoria\/raiz\/"},"img":{"alt_text":"IMG_20160920_132201","src":"https:\/\/i0.wp.com\/blogdafeira.com.br\/home\/wp-content\/uploads\/2016\/09\/IMG_20160920_132201-1024x576.jpg?resize=350%2C200","width":350,"height":200,"srcset":"https:\/\/i0.wp.com\/blogdafeira.com.br\/home\/wp-content\/uploads\/2016\/09\/IMG_20160920_132201-1024x576.jpg?resize=350%2C200 1x, https:\/\/i0.wp.com\/blogdafeira.com.br\/home\/wp-content\/uploads\/2016\/09\/IMG_20160920_132201-1024x576.jpg?resize=525%2C300 1.5x, https:\/\/i0.wp.com\/blogdafeira.com.br\/home\/wp-content\/uploads\/2016\/09\/IMG_20160920_132201-1024x576.jpg?resize=700%2C400 2x"},"classes":[]},{"id":49389,"url":"https:\/\/blogdafeira.com.br\/home\/2021\/12\/14\/angelo-lembra-os-100-anos-da-euterpe-na-assembleia-legislativa\/","url_meta":{"origin":17641,"position":3},"title":"Angelo lembra na Assembleia Legislativa os 100 anos da Euterpe Feirense","author":"Blog da Feira","date":"14\/12\/2021","format":false,"excerpt":"O deputado Angelo Ameida (PSB) homenageou a Filarm\u00f4nica Euterpe Feirense pelos 100 anos de funda\u00e7\u00e3o. Angelo\u00a0 apresentou uma Mo\u00e7\u00e3o de Congratula\u00e7\u00f5es na Assembleia Legislativa da Bahia Fundada em 13 de dezembro de 1921, a Filarm\u00f4nica Euterpe Feirense completou 100 anos de hist\u00f3ria nessa ter\u00e7a-feira (13). Clube social que promove cidadania,\u2026","rel":"","context":"Em &quot;Home&quot;","block_context":{"text":"Home","link":"https:\/\/blogdafeira.com.br\/home\/categoria\/raiz\/"},"img":{"alt_text":"","src":"https:\/\/i0.wp.com\/blogdafeira.com.br\/home\/wp-content\/uploads\/2021\/12\/Ascom-Angelo-Almeida-4-scaled.jpg?resize=350%2C200&ssl=1","width":350,"height":200,"srcset":"https:\/\/i0.wp.com\/blogdafeira.com.br\/home\/wp-content\/uploads\/2021\/12\/Ascom-Angelo-Almeida-4-scaled.jpg?resize=350%2C200&ssl=1 1x, https:\/\/i0.wp.com\/blogdafeira.com.br\/home\/wp-content\/uploads\/2021\/12\/Ascom-Angelo-Almeida-4-scaled.jpg?resize=525%2C300&ssl=1 1.5x, https:\/\/i0.wp.com\/blogdafeira.com.br\/home\/wp-content\/uploads\/2021\/12\/Ascom-Angelo-Almeida-4-scaled.jpg?resize=700%2C400&ssl=1 2x, https:\/\/i0.wp.com\/blogdafeira.com.br\/home\/wp-content\/uploads\/2021\/12\/Ascom-Angelo-Almeida-4-scaled.jpg?resize=1050%2C600&ssl=1 3x, https:\/\/i0.wp.com\/blogdafeira.com.br\/home\/wp-content\/uploads\/2021\/12\/Ascom-Angelo-Almeida-4-scaled.jpg?resize=1400%2C800&ssl=1 4x"},"classes":[]},{"id":24821,"url":"https:\/\/blogdafeira.com.br\/home\/2016\/12\/08\/euterpe-feirense-mostra-aos-socios-planejamento-estrategico-para-2017\/","url_meta":{"origin":17641,"position":4},"title":"Euterpe Feirense mostra aos s\u00f3cios &#8216;Planejamento Estrat\u00e9gico&#8217; para 2017","author":"Blog da Feira","date":"08\/12\/2016","format":false,"excerpt":"A Diretoria da Socieadade Filarm\u00f4nica Euterpe Feirense vai mostrar aos s\u00f3cios da entidade, em assembleia geral no pr\u00f3xino dia 13, o \u2018Planejamento Estrat\u00e9gico\u2019 para os pr\u00f3ximos anos, elaborado em conjunto com o \u00a0Centro de Educa\u00e7\u00e3o Tecnol\u00f3gica de Feira de Santana (Ceteb). Conforme edital assinado pelo presidente Iram\u00e1 Lima e publicado\u2026","rel":"","context":"Em &quot;Home&quot;","block_context":{"text":"Home","link":"https:\/\/blogdafeira.com.br\/home\/categoria\/raiz\/"},"img":{"alt_text":"IMG_20160920_132201","src":"https:\/\/i0.wp.com\/blogdafeira.com.br\/home\/wp-content\/uploads\/2016\/09\/IMG_20160920_132201-1024x576.jpg?resize=350%2C200","width":350,"height":200,"srcset":"https:\/\/i0.wp.com\/blogdafeira.com.br\/home\/wp-content\/uploads\/2016\/09\/IMG_20160920_132201-1024x576.jpg?resize=350%2C200 1x, https:\/\/i0.wp.com\/blogdafeira.com.br\/home\/wp-content\/uploads\/2016\/09\/IMG_20160920_132201-1024x576.jpg?resize=525%2C300 1.5x, https:\/\/i0.wp.com\/blogdafeira.com.br\/home\/wp-content\/uploads\/2016\/09\/IMG_20160920_132201-1024x576.jpg?resize=700%2C400 2x"},"classes":[]},{"id":61098,"url":"https:\/\/blogdafeira.com.br\/home\/2024\/02\/09\/clube-com-103-anos-promove-o-carnaval-em-feira-euterpe-feirense\/","url_meta":{"origin":17641,"position":5},"title":"Clube com 103 anos promove o Carnaval em Feira: Euterpe Feirense","author":"Blog da Feira","date":"09\/02\/2024","format":false,"excerpt":"A Euterpe Feirense, uma sociedade filarm\u00f4nica e clube, com 103 anos de\u00a0 criada, \u00e9 a \u00fanica entidade recreativa de Feira a promover o Carnaval na cidade. A festa da 'Euterpinha', como \u00e9 carinhosamente chamada por muita gente, vai acontecer\u00a0 em dois dias - 11 e 13 - na 'sede de\u2026","rel":"","context":"Em &quot;Cidade&quot;","block_context":{"text":"Cidade","link":"https:\/\/blogdafeira.com.br\/home\/categoria\/cidade\/"},"img":{"alt_text":"","src":"https:\/\/i0.wp.com\/blogdafeira.com.br\/home\/wp-content\/uploads\/2024\/02\/Screenshot_20240209-094856-1.png?resize=350%2C200&ssl=1","width":350,"height":200,"srcset":"https:\/\/i0.wp.com\/blogdafeira.com.br\/home\/wp-content\/uploads\/2024\/02\/Screenshot_20240209-094856-1.png?resize=350%2C200&ssl=1 1x, https:\/\/i0.wp.com\/blogdafeira.com.br\/home\/wp-content\/uploads\/2024\/02\/Screenshot_20240209-094856-1.png?resize=525%2C300&ssl=1 1.5x, https:\/\/i0.wp.com\/blogdafeira.com.br\/home\/wp-content\/uploads\/2024\/02\/Screenshot_20240209-094856-1.png?resize=700%2C400&ssl=1 2x, https:\/\/i0.wp.com\/blogdafeira.com.br\/home\/wp-content\/uploads\/2024\/02\/Screenshot_20240209-094856-1.png?resize=1050%2C600&ssl=1 3x"},"classes":[]}],"_links":{"self":[{"href":"https:\/\/blogdafeira.com.br\/home\/wp-json\/wp\/v2\/posts\/17641","targetHints":{"allow":["GET"]}}],"collection":[{"href":"https:\/\/blogdafeira.com.br\/home\/wp-json\/wp\/v2\/posts"}],"about":[{"href":"https:\/\/blogdafeira.com.br\/home\/wp-json\/wp\/v2\/types\/post"}],"author":[{"embeddable":true,"href":"https:\/\/blogdafeira.com.br\/home\/wp-json\/wp\/v2\/users\/1"}],"replies":[{"embeddable":true,"href":"https:\/\/blogdafeira.com.br\/home\/wp-json\/wp\/v2\/comments?post=17641"}],"version-history":[{"count":4,"href":"https:\/\/blogdafeira.com.br\/home\/wp-json\/wp\/v2\/posts\/17641\/revisions"}],"predecessor-version":[{"id":17646,"href":"https:\/\/blogdafeira.com.br\/home\/wp-json\/wp\/v2\/posts\/17641\/revisions\/17646"}],"wp:attachment":[{"href":"https:\/\/blogdafeira.com.br\/home\/wp-json\/wp\/v2\/media?parent=17641"}],"wp:term":[{"taxonomy":"category","embeddable":true,"href":"https:\/\/blogdafeira.com.br\/home\/wp-json\/wp\/v2\/categories?post=17641"},{"taxonomy":"post_tag","embeddable":true,"href":"https:\/\/blogdafeira.com.br\/home\/wp-json\/wp\/v2\/tags?post=17641"}],"curies":[{"name":"wp","href":"https:\/\/api.w.org\/{rel}","templated":true}]}}