{"id":17767,"date":"2015-11-17T22:27:13","date_gmt":"2015-11-18T01:27:13","guid":{"rendered":"http:\/\/blogdafeira.com.br\/home\/?p=17767"},"modified":"2015-11-17T22:27:13","modified_gmt":"2015-11-18T01:27:13","slug":"prefeitura-de-feira-leva-assistencia-social-ao-beco-da-energia-nesta-quarta","status":"publish","type":"post","link":"https:\/\/blogdafeira.com.br\/home\/2015\/11\/17\/prefeitura-de-feira-leva-assistencia-social-ao-beco-da-energia-nesta-quarta\/","title":{"rendered":"Prefeitura de Feira leva assist\u00eancia social ao Beco da Energia nesta quarta"},"content":{"rendered":"<div id=\"blogd-584241550\" class=\"blogd-fim-do-post-mobile blogd-entity-placement\" style=\"margin-left: auto;margin-right: auto;text-align: center;\"><a href=\"https:\/\/www.sefaz.feiradesantana.ba.gov.br\/\" target=\"_blank\" aria-label=\"728&#215;90 (6)\"><img loading=\"lazy\" decoding=\"async\" src=\"https:\/\/blogdafeira.com.br\/home\/wp-content\/uploads\/2026\/03\/728x90-6.gif\" alt=\"\"  class=\"no-lazyload\" width=\"728\" height=\"90\"  style=\"display: inline-block;\" \/><\/a><\/div><p><img loading=\"lazy\" decoding=\"async\" class=\"aligncenter size-full wp-image-17769\" src=\"http:\/\/blogdafeira.com.br\/home\/wp-content\/uploads\/2015\/11\/beco-prefeitura.jpg\" alt=\"beco prefeitura\" width=\"653\" height=\"574\" srcset=\"https:\/\/blogdafeira.com.br\/home\/wp-content\/uploads\/2015\/11\/beco-prefeitura.jpg 653w, https:\/\/blogdafeira.com.br\/home\/wp-content\/uploads\/2015\/11\/beco-prefeitura-170x150.jpg 170w, https:\/\/blogdafeira.com.br\/home\/wp-content\/uploads\/2015\/11\/beco-prefeitura-341x300.jpg 341w\" sizes=\"auto, (max-width: 653px) 100vw, 653px\" \/>Diversos servi\u00e7os s\u00f3cio-assistenciais e de sa\u00fade ser\u00e3o ofertados para mulheres profissionais do sexo em situa\u00e7\u00e3o de risco e vulnerabilidade social que atuam no centro de Feira de Santana. A iniciativa vai acontecer durante esta quarta-feira, 18, manh\u00e3 e tarde, no Beco da Energia.<\/p><div id=\"blogd-1846176574\" class=\"blogd-conteudo-2-mobile blogd-entity-placement\"><a href=\"https:\/\/feirenses.com.br\/\" target=\"_blank\" aria-label=\"feirenses\"><img loading=\"lazy\" decoding=\"async\" src=\"https:\/\/blogdafeira.com.br\/home\/wp-content\/uploads\/2026\/04\/feirenses.png\" alt=\"\"  srcset=\"https:\/\/blogdafeira.com.br\/home\/wp-content\/uploads\/2026\/04\/feirenses.png 300w, https:\/\/blogdafeira.com.br\/home\/wp-content\/uploads\/2026\/04\/feirenses-170x45.png 170w, https:\/\/blogdafeira.com.br\/home\/wp-content\/uploads\/2026\/04\/feirenses-280x74.png 280w\" sizes=\"(max-width: 300px) 100vw, 300px\" class=\"no-lazyload\" width=\"300\" height=\"79\"  style=\"display: inline-block;\" \/><\/a><\/div>\n<p>A a\u00e7\u00e3o est\u00e1 sendo coordenada pela Divis\u00e3o de Minorias da Secretaria Municipal de Desenvolvimento Social, em parceria com a Secretaria de Sa\u00fade, Movimento O Beco \u00e9 Nosso, e Espa\u00e7o Viva Mulher.<\/p>\n<p>Ser\u00e3o ofertados atendimentos destinados ao Bolsa Fam\u00edlia, encaminhamentos para regularizar documenta\u00e7\u00e3o, palestras sobre previd\u00eancia, acesso a trabalho e renda, al\u00e9m de aferi\u00e7\u00e3o de press\u00e3o arterial, e orienta\u00e7\u00f5es sobre sa\u00fade bucal e preven\u00e7\u00e3o de DSTs e Aids.<\/p>\n<div id=\"blogd-662983752\" class=\"blogd-final-post blogd-entity-placement\"><a href=\"https:\/\/www.feiradesantana.ba.leg.br\/\" target=\"_blank\" aria-label=\"BANNER-SITE-ENTREGADECHEQUE-CAMARADEFEIRA\"><img loading=\"lazy\" decoding=\"async\" src=\"https:\/\/blogdafeira.com.br\/home\/wp-content\/uploads\/2026\/03\/BANNER-SITE-ENTREGADECHEQUE-CAMARADEFEIRA.gif\" alt=\"\"  class=\"no-lazyload\" width=\"728\" height=\"90\"   \/><\/a><\/div><p>A a\u00e7\u00e3o deve alcan\u00e7ar cerca de 60 mulheres. O chefe da Divis\u00e3o de Promo\u00e7\u00e3o dos Direitos das Minorias, F\u00e1bio Ribeiro, considera que a iniciativa atende a um p\u00fablico carente de pol\u00edticas p\u00fablicas.<\/p>\n","protected":false},"excerpt":{"rendered":"<p>Diversos servi\u00e7os s\u00f3cio-assistenciais e de sa\u00fade ser\u00e3o ofertados para mulheres profissionais do sexo em situa\u00e7\u00e3o de risco e vulnerabilidade social que atuam no centro de Feira de Santana. A iniciativa vai acontecer durante esta quarta-feira, 18, manh\u00e3 e tarde, no Beco da Energia. A a\u00e7\u00e3o est\u00e1 sendo coordenada pela Divis\u00e3o de Minorias da Secretaria Municipal<\/p>\n","protected":false},"author":1,"featured_media":0,"comment_status":"closed","ping_status":"closed","sticky":false,"template":"","format":"standard","meta":{"jetpack_post_was_ever_published":false,"cybocfi_hide_featured_image":"","_jetpack_newsletter_access":"","_jetpack_dont_email_post_to_subs":false,"_jetpack_newsletter_tier_id":0,"_jetpack_memberships_contains_paywalled_content":false,"_jetpack_memberships_contains_paid_content":false,"footnotes":"","jetpack_publicize_message":"","jetpack_publicize_feature_enabled":true,"jetpack_social_post_already_shared":true,"jetpack_social_options":{"image_generator_settings":{"template":"highway","default_image_id":0,"font":"","enabled":false},"version":2}},"categories":[1],"tags":[],"class_list":["post-17767","post","type-post","status-publish","format-standard","hentry","category-raiz"],"jetpack_publicize_connections":[],"jetpack_featured_media_url":"","jetpack_shortlink":"https:\/\/wp.me\/p3niVf-4Cz","jetpack_sharing_enabled":true,"jetpack-related-posts":[{"id":41157,"url":"https:\/\/blogdafeira.com.br\/home\/2020\/10\/14\/nucleo-de-lgbtqia-faz-oficina-de-maquiagem-no-beco-da-energia\/","url_meta":{"origin":17767,"position":0},"title":"N\u00facleo LGBTQIA+  faz oficina de maquiagem no Beco da Energia","author":"Blog da Feira","date":"14\/10\/2020","format":false,"excerpt":"Nesta quinta-feira, 15, a partir das 09h da manh\u00e3, a Prefeitura de Feira de Santana por meio do n\u00facleo de\u00a0 LGBTQIA+ da Secretaria de Desenvolvimento Social, promove mais uma a\u00e7\u00e3o no Beco da Energia , oferecendo alguns servi\u00e7os e entretenimentos\u00a0 para as mulheres que vivem e\u00a0 trabalham no Beco al\u00e9m\u2026","rel":"","context":"Em &quot;Cidade&quot;","block_context":{"text":"Cidade","link":"https:\/\/blogdafeira.com.br\/home\/categoria\/cidade\/"},"img":{"alt_text":"","src":"https:\/\/i0.wp.com\/blogdafeira.com.br\/home\/wp-content\/uploads\/2020\/10\/FB_IMG_1602672824710.jpg?resize=350%2C200&ssl=1","width":350,"height":200,"srcset":"https:\/\/i0.wp.com\/blogdafeira.com.br\/home\/wp-content\/uploads\/2020\/10\/FB_IMG_1602672824710.jpg?resize=350%2C200&ssl=1 1x, https:\/\/i0.wp.com\/blogdafeira.com.br\/home\/wp-content\/uploads\/2020\/10\/FB_IMG_1602672824710.jpg?resize=525%2C300&ssl=1 1.5x, https:\/\/i0.wp.com\/blogdafeira.com.br\/home\/wp-content\/uploads\/2020\/10\/FB_IMG_1602672824710.jpg?resize=700%2C400&ssl=1 2x"},"classes":[]},{"id":43647,"url":"https:\/\/blogdafeira.com.br\/home\/2021\/02\/26\/projeto-vai-revitalizar-paineis-ao-ar-livre-do-beco-da-energia\/","url_meta":{"origin":17767,"position":1},"title":"Projeto vai revitalizar pain\u00e9is ao ar livre do Beco da Energia","author":"Blog da Feira","date":"26\/02\/2021","format":false,"excerpt":"O movimento \u201cO Beco \u00e9 Nosso\u201d, a maior e mais importante interven\u00e7\u00e3o art\u00edstica urbana da Bahia entre 2015 e 2018, est\u00e1 de volta, agora em um novo formato por conta da pandemia e das restri\u00e7\u00f5es impostas pela crise sanit\u00e1ria em nosso pa\u00eds. Desta vez, a principal motiva\u00e7\u00e3o do movimento \u00e9\u2026","rel":"","context":"Em &quot;Cultura&quot;","block_context":{"text":"Cultura","link":"https:\/\/blogdafeira.com.br\/home\/categoria\/cultura\/"},"img":{"alt_text":"","src":"https:\/\/i0.wp.com\/blogdafeira.com.br\/home\/wp-content\/uploads\/2021\/02\/CARD-O-Beco-continua-Nosso.jpg?resize=350%2C200&ssl=1","width":350,"height":200,"srcset":"https:\/\/i0.wp.com\/blogdafeira.com.br\/home\/wp-content\/uploads\/2021\/02\/CARD-O-Beco-continua-Nosso.jpg?resize=350%2C200&ssl=1 1x, https:\/\/i0.wp.com\/blogdafeira.com.br\/home\/wp-content\/uploads\/2021\/02\/CARD-O-Beco-continua-Nosso.jpg?resize=525%2C300&ssl=1 1.5x"},"classes":[]},{"id":18147,"url":"https:\/\/blogdafeira.com.br\/home\/2015\/12\/07\/acao-da-pm-no-beco-da-energia-em-feira-gera-controversias\/","url_meta":{"origin":17767,"position":2},"title":"A\u00e7\u00e3o da PM no Beco da Energia em Feira gera controv\u00e9rsias","author":"Blog da Feira","date":"07\/12\/2015","format":false,"excerpt":"Uma pol\u00eamica sobre o acerto ou n\u00e3o da r\u00e1pida a\u00e7\u00e3o da Pol\u00edcia Militar no Beco da Energia, neste \u00faltimo domingo, ocupa os coment\u00e1rios de uma postagem de um v\u00eddeo no facebook(CLIQUE AQUI)\u00a0mostrando a a\u00e7\u00e3o da PM no local onde se desenrola quase todos os domingos um evento cultural e art\u00edstico.\u2026","rel":"","context":"Em &quot;Home&quot;","block_context":{"text":"Home","link":"https:\/\/blogdafeira.com.br\/home\/categoria\/raiz\/"},"img":{"alt_text":"BECO DA ENERGIA PM","src":"https:\/\/i0.wp.com\/blogdafeira.com.br\/home\/wp-content\/uploads\/2015\/12\/BECO-DA-ENERGIA-PM.jpg?resize=350%2C200","width":350,"height":200},"classes":[]},{"id":26891,"url":"https:\/\/blogdafeira.com.br\/home\/2017\/05\/12\/ii-lavagem-do-beco-da-energia-em-feira-de-santana-e-neste-sabado\/","url_meta":{"origin":17767,"position":3},"title":"II Lavagem do Beco da Energia em Feira de Santana \u00e9 neste s\u00e1bado","author":"Blog da Feira","date":"12\/05\/2017","format":false,"excerpt":"Em um ambiente de alegria, artes e homenagens a segunda lavagem do Beco da Energia homenageia o artista feirense, Adelson Brito, e traz grandes atra\u00e7\u00f5es das diversas linguagens art\u00edsticas para fazer a festa no pr\u00f3ximo s\u00e1bado, 13, a partir das 13h. No palco se apresentar\u00e3o: o grupo afro Pomba de\u2026","rel":"","context":"Em &quot;Home&quot;","block_context":{"text":"Home","link":"https:\/\/blogdafeira.com.br\/home\/categoria\/raiz\/"},"img":{"alt_text":"fb_img_1491864546702","src":"https:\/\/i0.wp.com\/blogdafeira.com.br\/home\/wp-content\/uploads\/2017\/04\/FB_IMG_1491864546702-819x1024.jpg?resize=350%2C200","width":350,"height":200,"srcset":"https:\/\/i0.wp.com\/blogdafeira.com.br\/home\/wp-content\/uploads\/2017\/04\/FB_IMG_1491864546702-819x1024.jpg?resize=350%2C200 1x, https:\/\/i0.wp.com\/blogdafeira.com.br\/home\/wp-content\/uploads\/2017\/04\/FB_IMG_1491864546702-819x1024.jpg?resize=525%2C300 1.5x, https:\/\/i0.wp.com\/blogdafeira.com.br\/home\/wp-content\/uploads\/2017\/04\/FB_IMG_1491864546702-819x1024.jpg?resize=700%2C400 2x"},"classes":[]},{"id":26036,"url":"https:\/\/blogdafeira.com.br\/home\/2017\/03\/14\/projeto-obecoenosso-no-areal-em-santa-barbara-comeca-o-circula-beco\/","url_meta":{"origin":17767,"position":4},"title":"Projeto #obeco\u00e9nosso no Areal em Santa B\u00e1rbara; come\u00e7a o &#8220;Circula Beco&#8217;","author":"Blog da Feira","date":"14\/03\/2017","format":false,"excerpt":"Come\u00e7am esta semana, em Santa B\u00e1rbara, as a\u00e7\u00f5es do \u201cProjeto Circula Beco\u201d, uma extens\u00e3o do projeto \u00a0#obeco\u00e9nosso, que tem como 'sede' o Beco da Energia em Feira de Santana e se tornou uma das mais importantes produ\u00e7\u00f5es culturais de rua da Bahia. Entre os dias 15 e 17 (de quarta\u2026","rel":"","context":"Em &quot;Home&quot;","block_context":{"text":"Home","link":"https:\/\/blogdafeira.com.br\/home\/categoria\/raiz\/"},"img":{"alt_text":"FB_IMG_1467740511695","src":"https:\/\/i0.wp.com\/blogdafeira.com.br\/home\/wp-content\/uploads\/2016\/07\/FB_IMG_1467740511695-1024x771.jpg?resize=350%2C200","width":350,"height":200,"srcset":"https:\/\/i0.wp.com\/blogdafeira.com.br\/home\/wp-content\/uploads\/2016\/07\/FB_IMG_1467740511695-1024x771.jpg?resize=350%2C200 1x, https:\/\/i0.wp.com\/blogdafeira.com.br\/home\/wp-content\/uploads\/2016\/07\/FB_IMG_1467740511695-1024x771.jpg?resize=525%2C300 1.5x, https:\/\/i0.wp.com\/blogdafeira.com.br\/home\/wp-content\/uploads\/2016\/07\/FB_IMG_1467740511695-1024x771.jpg?resize=700%2C400 2x"},"classes":[]},{"id":20956,"url":"https:\/\/blogdafeira.com.br\/home\/2016\/04\/22\/beco-da-energia-em-clima-de-micareta-neste-domingo-em-feira\/","url_meta":{"origin":17767,"position":5},"title":"Beco da Energia em clima de Micareta neste domingo em Feira","author":"Blog da Feira","date":"22\/04\/2016","format":false,"excerpt":"As v\u00e9speras da abertura da Micareta de Feira de Santana, o movimento \u201cO Beco \u00e9 Nosso\u201d promove mais uma interven\u00e7\u00e3o repleta de arte e divers\u00e3o para o p\u00fablico em geral, neste domingo (24), a partir das 9 horas, no Beco da Energia, no cora\u00e7\u00e3o do centro comercial da cidade, entre\u2026","rel":"","context":"Em &quot;Home&quot;","block_context":{"text":"Home","link":"https:\/\/blogdafeira.com.br\/home\/categoria\/raiz\/"},"img":{"alt_text":"O Beco \u00e9 Nosso - Banner","src":"https:\/\/i0.wp.com\/blogdafeira.com.br\/home\/wp-content\/uploads\/2016\/04\/O-Beco-%C3%A9-Nosso-Banner-212x300.jpg?resize=350%2C200","width":350,"height":200},"classes":[]}],"_links":{"self":[{"href":"https:\/\/blogdafeira.com.br\/home\/wp-json\/wp\/v2\/posts\/17767","targetHints":{"allow":["GET"]}}],"collection":[{"href":"https:\/\/blogdafeira.com.br\/home\/wp-json\/wp\/v2\/posts"}],"about":[{"href":"https:\/\/blogdafeira.com.br\/home\/wp-json\/wp\/v2\/types\/post"}],"author":[{"embeddable":true,"href":"https:\/\/blogdafeira.com.br\/home\/wp-json\/wp\/v2\/users\/1"}],"replies":[{"embeddable":true,"href":"https:\/\/blogdafeira.com.br\/home\/wp-json\/wp\/v2\/comments?post=17767"}],"version-history":[{"count":2,"href":"https:\/\/blogdafeira.com.br\/home\/wp-json\/wp\/v2\/posts\/17767\/revisions"}],"predecessor-version":[{"id":17770,"href":"https:\/\/blogdafeira.com.br\/home\/wp-json\/wp\/v2\/posts\/17767\/revisions\/17770"}],"wp:attachment":[{"href":"https:\/\/blogdafeira.com.br\/home\/wp-json\/wp\/v2\/media?parent=17767"}],"wp:term":[{"taxonomy":"category","embeddable":true,"href":"https:\/\/blogdafeira.com.br\/home\/wp-json\/wp\/v2\/categories?post=17767"},{"taxonomy":"post_tag","embeddable":true,"href":"https:\/\/blogdafeira.com.br\/home\/wp-json\/wp\/v2\/tags?post=17767"}],"curies":[{"name":"wp","href":"https:\/\/api.w.org\/{rel}","templated":true}]}}